{"id":4278,"date":"2025-06-20T07:50:00","date_gmt":"2025-06-20T05:50:00","guid":{"rendered":"https:\/\/www.svalbard.fr\/actualites\/?p=4278"},"modified":"2025-06-19T09:22:37","modified_gmt":"2025-06-19T07:22:37","slug":"for-a-hevne-seg-pa-leietakeren-omgjor-han-boligen-pa-en-radikal-mate","status":"publish","type":"post","link":"https:\/\/www.svalbard.fr\/actualites\/no\/for-a-hevne-seg-pa-leietakeren-omgjor-han-boligen-pa-en-radikal-mate\/","title":{"rendered":"For \u00e5 hevne seg p\u00e5 leietakeren, omgj\u00f8r han boligen p\u00e5 en radikal m\u00e5te"},"content":{"rendered":"\n<p><em><strong>Forholdet mellom utleiere og leietakere kan til tider bli anspent, spesielt n\u00e5r det oppst\u00e5r konflikter knyttet til ubetalte husleier eller uenigheter om kontraktsvilk\u00e5r. Dette ble tydelig i Forbach, Moselle, hvor en utleier, som var lei av flere \u00e5r med ubetalte husleier, valgte en radikal metode for \u00e5 hevne seg p\u00e5 leietakeren.<\/strong><\/em><\/p>\n\n\n\n<!--more-->\n\n\n\n<h2 class=\"wp-block-heading\">En ekstrem handling: Eksemplet fra Forbach<\/h2>\n\n\n\n<p>N\u00e5r en utleier opplever gjentatte frustrasjoner knyttet til manglende betaling, kan t\u00e5lmodigheten raskt forvandle seg til ekstreme tiltak. Dette skjedde i Forbach, hvor utleieren tok beslutningen om \u00e5 demontere alle <strong>vinduer<\/strong> i leiligheten han leide ut. I juli tok han bort samtlige vinduer, bortsett fra ett i rommet hvor leietakeren fortsatt bodde. Denne handlingen var ikke en direkte <strong>utkastelse<\/strong>, men gjorde boligen n\u00e6rmest ubeboelig, og viste hvor desperat og frustrert utleieren hadde blitt.<\/p>\n\n\n\n<h2 class=\"wp-block-heading\">Leietakerens forsvar: Et bilateralt konfliktbilde<\/h2>\n\n\n\n<p>Fra leietakerens side ble saken st\u00f8ttet av en <strong>bolighjelpsorganisasjon<\/strong>, som p\u00e5pekte at situasjonen delvis skyldtes utleierens brudd p\u00e5 sine forpliktelser. If\u00f8lge organisasjonen skulle flere reparasjoner v\u00e6re utf\u00f8rt, blant annet p\u00e5 taket og oppvarmingen, men disse l\u00f8ftene ble aldri innfridd. \u00ab\u00a0Vi er ikke uansvarlige leietakere. Vi har startet en <strong>rettslig prosess<\/strong> for at en dommer skal avgj\u00f8re saken,\u00a0\u00bb uttalte visepresidenten i organisasjonen. Dette viser at konflikten ikke var ensidig, og at begge parter anklaget hverandre for \u00e5 ikke ha overholdt kontraktens vilk\u00e5r.<\/p>\n\n\n\n<h2 class=\"wp-block-heading\">Juridiske implikasjoner: En risikofylt strategi<\/h2>\n\n\n\n<p>Utleierens beslutning om \u00e5 fjerne vinduene belyser et viktig tema: lovligheten av slike handlinger. I Frankrike finnes det tydelige <strong>prosedyrer<\/strong> for \u00e5 h\u00e5ndtere saker med manglende betaling, og i tilfelle av utkastelse, finnes det spesifikke juridiske steg som m\u00e5 f\u00f8lges. Men disse prosessene kan ta tid, og etterlater utleierne i en utfordrende situasjon. <strong>Maria Rossi<\/strong>, ekspert p\u00e5 <strong>eiendomslovgivning<\/strong>, p\u00e5peker at slike unilaterale handlinger ikke bare skaper etiske problemer, men kan ogs\u00e5 f\u00f8re til juridiske motangrep for kontraktsbrudd og materielle skader. Slike handlinger kan ogs\u00e5 \u00f8delegge forholdet mellom partene permanent, og gj\u00f8re det vanskeligere \u00e5 l\u00f8se konflikten p\u00e5 en konstruktiv m\u00e5te.<\/p>\n\n\n\n<h2 class=\"wp-block-heading\">De \u00f8konomiske utfordringene for utleiere<\/h2>\n\n\n\n<p>En av faktorene bak utleierens ekstreme handlinger er den \u00f8konomiske belastningen. N\u00e5r husleien ikke blir betalt, sitter utleieren alene med alle kostnader knyttet til <strong>vedlikehold<\/strong> og <strong>forvaltning<\/strong>. Dette kan skape et frustrerende onde, og som vi ser i dette tilfellet, kan manglende betaling f\u00f8re til drastiske reaksjoner.<\/p>\n\n\n\n<h2 class=\"wp-block-heading\">Alternative l\u00f8sninger for \u00e5 unng\u00e5 eskalering av konflikter<\/h2>\n\n\n\n<p>Denne typen situasjoner understreker viktigheten av \u00e5 finne balanserte og lovlige l\u00f8sninger for \u00e5 h\u00e5ndtere konflikter mellom utleiere og leietakere. <strong>Giuseppe Verdi<\/strong>, en eiendomskonsulent, understreker at <strong>mekling<\/strong> og <strong>dialog<\/strong> er avgj\u00f8rende for \u00e5 forebygge slike konflikter. Det finnes flere l\u00f8sninger for \u00e5 h\u00e5ndtere uenigheter p\u00e5 en mer konstruktiv m\u00e5te:<\/p>\n\n\n\n<ol type=\"1\">\n<li><strong>Profesjonell mekling<\/strong>: \u00c5 involvere en mekler kan bidra til \u00e5 lette kommunikasjonen og finne l\u00f8sninger begge parter kan godta.<\/li>\n\n\n\n<li><strong>Klarhet i kontraktene<\/strong>: S\u00f8rg for at kontraktene er tydelige p\u00e5 hvilke forpliktelser hver part har, inkludert n\u00f8dvendige reparasjoner, for \u00e5 unng\u00e5 misforst\u00e5elser.<\/li>\n\n\n\n<li><strong>Juridisk hjelp<\/strong>: B\u00e5de utleiere og leietakere b\u00f8r s\u00f8ke juridisk r\u00e5dgivning for \u00e5 forst\u00e5 sine rettigheter og handle i samsvar med loven.<\/li>\n\n\n\n<li><strong>Fleksible betalingsplaner<\/strong>: Tilby midlertidige l\u00f8sninger for leietakere som sliter med betalingene, som for eksempel fleksible betalingsplaner.<\/li>\n<\/ol>\n\n\n\n<h2 class=\"wp-block-heading\">Konklusjon: Viktigheten av \u00e5 respektere begge parters rettigheter<\/h2>\n\n\n\n<p>Saken i Forbach viser hvordan det er viktig \u00e5 opprettholde en balanse mellom utleierens behov og leietakerens rettigheter. Selv om frustrasjon kan f\u00f8re til ekstreme handlinger, er det viktig \u00e5 tenke p\u00e5 de juridiske og \u00f8konomiske konsekvensene av slike handlinger. For utleiere er det viktig \u00e5 ta en <strong>proaktiv<\/strong> tiln\u00e6rming, samtidig som man f\u00f8lger gjeldende lover. Leietakere, p\u00e5 sin side, b\u00f8r ogs\u00e5 s\u00f8rge for \u00e5 kommunisere klart og samarbeide om l\u00f8sninger hvis problemer oppst\u00e5r. Det er gjennom ansvarlighet og respekt for lovverket at man kan unng\u00e5 dyre og skadelige konflikter for begge parter.<\/p>\n","protected":false},"excerpt":{"rendered":"<p>Forholdet mellom utleiere og leietakere kan til tider bli anspent, spesielt n\u00e5r det oppst\u00e5r konflikter knyttet til ubetalte husleier eller uenigheter om kontraktsvilk\u00e5r. Dette ble<\/p>\n","protected":false},"author":3,"featured_media":4279,"comment_status":"closed","ping_status":"closed","sticky":false,"template":"","format":"standard","meta":{"footnotes":""},"categories":[4557],"tags":[],"yoast_head":"<!-- This site is optimized with the Yoast SEO plugin v21.0 - https:\/\/yoast.com\/wordpress\/plugins\/seo\/ -->\n<title>For \u00e5 hevne seg p\u00e5 leietakeren, omgj\u00f8r han boligen p\u00e5 en radikal m\u00e5te<\/title>\n<meta name=\"robots\" content=\"index, follow, max-snippet:-1, max-image-preview:large, max-video-preview:-1\" \/>\n<link rel=\"canonical\" href=\"https:\/\/www.svalbard.fr\/actualites\/no\/for-a-hevne-seg-pa-leietakeren-omgjor-han-boligen-pa-en-radikal-mate\/\" \/>\n<meta property=\"og:locale\" content=\"fr_FR\" \/>\n<meta property=\"og:type\" content=\"article\" \/>\n<meta property=\"og:title\" content=\"For \u00e5 hevne seg p\u00e5 leietakeren, omgj\u00f8r han boligen p\u00e5 en radikal m\u00e5te\" \/>\n<meta property=\"og:description\" content=\"Forholdet mellom utleiere og leietakere kan til tider bli anspent, spesielt n\u00e5r det oppst\u00e5r konflikter knyttet til ubetalte husleier eller uenigheter om kontraktsvilk\u00e5r. Dette ble\" \/>\n<meta property=\"og:url\" content=\"https:\/\/www.svalbard.fr\/actualites\/no\/for-a-hevne-seg-pa-leietakeren-omgjor-han-boligen-pa-en-radikal-mate\/\" \/>\n<meta property=\"og:site_name\" content=\"www.Svalbard.fr\" \/>\n<meta property=\"article:published_time\" content=\"2025-06-20T05:50:00+00:00\" \/>\n<meta property=\"article:modified_time\" content=\"2025-06-19T07:22:37+00:00\" \/>\n<meta property=\"og:image\" content=\"https:\/\/www.svalbard.fr\/actualites\/wp-content\/uploads\/2025\/06\/Pour-se-venger-de-son-locataire-1.jpeg\" \/>\n\t<meta property=\"og:image:width\" content=\"1200\" \/>\n\t<meta property=\"og:image:height\" content=\"629\" \/>\n\t<meta property=\"og:image:type\" content=\"image\/jpeg\" \/>\n<meta name=\"author\" content=\"Guillaume Chen\" \/>\n<meta name=\"twitter:card\" content=\"summary_large_image\" \/>\n<meta name=\"twitter:label1\" content=\"\u00c9crit par\" \/>\n\t<meta name=\"twitter:data1\" content=\"Guillaume Chen\" \/>\n\t<meta name=\"twitter:label2\" content=\"Dur\u00e9e de lecture estim\u00e9e\" \/>\n\t<meta name=\"twitter:data2\" content=\"4 minutes\" \/>\n<script type=\"application\/ld+json\" class=\"yoast-schema-graph\">{\"@context\":\"https:\/\/schema.org\",\"@graph\":[{\"@type\":\"Article\",\"@id\":\"https:\/\/www.svalbard.fr\/actualites\/no\/for-a-hevne-seg-pa-leietakeren-omgjor-han-boligen-pa-en-radikal-mate\/#article\",\"isPartOf\":{\"@id\":\"https:\/\/www.svalbard.fr\/actualites\/no\/for-a-hevne-seg-pa-leietakeren-omgjor-han-boligen-pa-en-radikal-mate\/\"},\"author\":{\"name\":\"Guillaume Chen\",\"@id\":\"https:\/\/www.svalbard.fr\/actualites\/#\/schema\/person\/b9d185560b94bff7322d37cb676ee545\"},\"headline\":\"For \u00e5 hevne seg p\u00e5 leietakeren, omgj\u00f8r han boligen p\u00e5 en radikal m\u00e5te\",\"datePublished\":\"2025-06-20T05:50:00+00:00\",\"dateModified\":\"2025-06-19T07:22:37+00:00\",\"mainEntityOfPage\":{\"@id\":\"https:\/\/www.svalbard.fr\/actualites\/no\/for-a-hevne-seg-pa-leietakeren-omgjor-han-boligen-pa-en-radikal-mate\/\"},\"wordCount\":649,\"publisher\":{\"@id\":\"https:\/\/www.svalbard.fr\/actualites\/#organization\"},\"articleSection\":[\"Trender\"],\"inLanguage\":\"fr-FR\"},{\"@type\":\"WebPage\",\"@id\":\"https:\/\/www.svalbard.fr\/actualites\/no\/for-a-hevne-seg-pa-leietakeren-omgjor-han-boligen-pa-en-radikal-mate\/\",\"url\":\"https:\/\/www.svalbard.fr\/actualites\/no\/for-a-hevne-seg-pa-leietakeren-omgjor-han-boligen-pa-en-radikal-mate\/\",\"name\":\"For \u00e5 hevne seg p\u00e5 leietakeren, omgj\u00f8r han boligen p\u00e5 en radikal m\u00e5te\",\"isPartOf\":{\"@id\":\"https:\/\/www.svalbard.fr\/actualites\/#website\"},\"datePublished\":\"2025-06-20T05:50:00+00:00\",\"dateModified\":\"2025-06-19T07:22:37+00:00\",\"breadcrumb\":{\"@id\":\"https:\/\/www.svalbard.fr\/actualites\/no\/for-a-hevne-seg-pa-leietakeren-omgjor-han-boligen-pa-en-radikal-mate\/#breadcrumb\"},\"inLanguage\":\"fr-FR\",\"potentialAction\":[{\"@type\":\"ReadAction\",\"target\":[\"https:\/\/www.svalbard.fr\/actualites\/no\/for-a-hevne-seg-pa-leietakeren-omgjor-han-boligen-pa-en-radikal-mate\/\"]}]},{\"@type\":\"BreadcrumbList\",\"@id\":\"https:\/\/www.svalbard.fr\/actualites\/no\/for-a-hevne-seg-pa-leietakeren-omgjor-han-boligen-pa-en-radikal-mate\/#breadcrumb\",\"itemListElement\":[{\"@type\":\"ListItem\",\"position\":1,\"name\":\"Accueil\",\"item\":\"https:\/\/www.svalbard.fr\/actualites\/\"},{\"@type\":\"ListItem\",\"position\":2,\"name\":\"For \u00e5 hevne seg p\u00e5 leietakeren, omgj\u00f8r han boligen p\u00e5 en radikal m\u00e5te\"}]},{\"@type\":\"WebSite\",\"@id\":\"https:\/\/www.svalbard.fr\/actualites\/#website\",\"url\":\"https:\/\/www.svalbard.fr\/actualites\/\",\"name\":\"www.Svalbard.fr\",\"description\":\"\",\"publisher\":{\"@id\":\"https:\/\/www.svalbard.fr\/actualites\/#organization\"},\"potentialAction\":[{\"@type\":\"SearchAction\",\"target\":{\"@type\":\"EntryPoint\",\"urlTemplate\":\"https:\/\/www.svalbard.fr\/actualites\/?s={search_term_string}\"},\"query-input\":\"required name=search_term_string\"}],\"inLanguage\":\"fr-FR\"},{\"@type\":\"Organization\",\"@id\":\"https:\/\/www.svalbard.fr\/actualites\/#organization\",\"name\":\"www.Svalbard.fr\",\"url\":\"https:\/\/www.svalbard.fr\/actualites\/\",\"logo\":{\"@type\":\"ImageObject\",\"inLanguage\":\"fr-FR\",\"@id\":\"https:\/\/www.svalbard.fr\/actualites\/#\/schema\/logo\/image\/\",\"url\":\"https:\/\/www.svalbard.fr\/actualites\/wp-content\/uploads\/2023\/09\/head-nom.jpg\",\"contentUrl\":\"https:\/\/www.svalbard.fr\/actualites\/wp-content\/uploads\/2023\/09\/head-nom.jpg\",\"width\":264,\"height\":35,\"caption\":\"www.Svalbard.fr\"},\"image\":{\"@id\":\"https:\/\/www.svalbard.fr\/actualites\/#\/schema\/logo\/image\/\"}},{\"@type\":\"Person\",\"@id\":\"https:\/\/www.svalbard.fr\/actualites\/#\/schema\/person\/b9d185560b94bff7322d37cb676ee545\",\"name\":\"Guillaume Chen\",\"image\":{\"@type\":\"ImageObject\",\"inLanguage\":\"fr-FR\",\"@id\":\"https:\/\/www.svalbard.fr\/actualites\/#\/schema\/person\/image\/\",\"url\":\"https:\/\/secure.gravatar.com\/avatar\/0c3f9c94586035b795ad4049a06fb048?s=96&d=mm&r=g\",\"contentUrl\":\"https:\/\/secure.gravatar.com\/avatar\/0c3f9c94586035b795ad4049a06fb048?s=96&d=mm&r=g\",\"caption\":\"Guillaume Chen\"},\"sameAs\":[\"https:\/\/www.svalbard.fr\/\"]}]}<\/script>\n<!-- \/ Yoast SEO plugin. -->","yoast_head_json":{"title":"For \u00e5 hevne seg p\u00e5 leietakeren, omgj\u00f8r han boligen p\u00e5 en radikal m\u00e5te","robots":{"index":"index","follow":"follow","max-snippet":"max-snippet:-1","max-image-preview":"max-image-preview:large","max-video-preview":"max-video-preview:-1"},"canonical":"https:\/\/www.svalbard.fr\/actualites\/no\/for-a-hevne-seg-pa-leietakeren-omgjor-han-boligen-pa-en-radikal-mate\/","og_locale":"fr_FR","og_type":"article","og_title":"For \u00e5 hevne seg p\u00e5 leietakeren, omgj\u00f8r han boligen p\u00e5 en radikal m\u00e5te","og_description":"Forholdet mellom utleiere og leietakere kan til tider bli anspent, spesielt n\u00e5r det oppst\u00e5r konflikter knyttet til ubetalte husleier eller uenigheter om kontraktsvilk\u00e5r. Dette ble","og_url":"https:\/\/www.svalbard.fr\/actualites\/no\/for-a-hevne-seg-pa-leietakeren-omgjor-han-boligen-pa-en-radikal-mate\/","og_site_name":"www.Svalbard.fr","article_published_time":"2025-06-20T05:50:00+00:00","article_modified_time":"2025-06-19T07:22:37+00:00","og_image":[{"width":1200,"height":629,"url":"https:\/\/www.svalbard.fr\/actualites\/wp-content\/uploads\/2025\/06\/Pour-se-venger-de-son-locataire-1.jpeg","type":"image\/jpeg"}],"author":"Guillaume Chen","twitter_card":"summary_large_image","twitter_misc":{"\u00c9crit par":"Guillaume Chen","Dur\u00e9e de lecture estim\u00e9e":"4 minutes"},"schema":{"@context":"https:\/\/schema.org","@graph":[{"@type":"Article","@id":"https:\/\/www.svalbard.fr\/actualites\/no\/for-a-hevne-seg-pa-leietakeren-omgjor-han-boligen-pa-en-radikal-mate\/#article","isPartOf":{"@id":"https:\/\/www.svalbard.fr\/actualites\/no\/for-a-hevne-seg-pa-leietakeren-omgjor-han-boligen-pa-en-radikal-mate\/"},"author":{"name":"Guillaume Chen","@id":"https:\/\/www.svalbard.fr\/actualites\/#\/schema\/person\/b9d185560b94bff7322d37cb676ee545"},"headline":"For \u00e5 hevne seg p\u00e5 leietakeren, omgj\u00f8r han boligen p\u00e5 en radikal m\u00e5te","datePublished":"2025-06-20T05:50:00+00:00","dateModified":"2025-06-19T07:22:37+00:00","mainEntityOfPage":{"@id":"https:\/\/www.svalbard.fr\/actualites\/no\/for-a-hevne-seg-pa-leietakeren-omgjor-han-boligen-pa-en-radikal-mate\/"},"wordCount":649,"publisher":{"@id":"https:\/\/www.svalbard.fr\/actualites\/#organization"},"articleSection":["Trender"],"inLanguage":"fr-FR"},{"@type":"WebPage","@id":"https:\/\/www.svalbard.fr\/actualites\/no\/for-a-hevne-seg-pa-leietakeren-omgjor-han-boligen-pa-en-radikal-mate\/","url":"https:\/\/www.svalbard.fr\/actualites\/no\/for-a-hevne-seg-pa-leietakeren-omgjor-han-boligen-pa-en-radikal-mate\/","name":"For \u00e5 hevne seg p\u00e5 leietakeren, omgj\u00f8r han boligen p\u00e5 en radikal m\u00e5te","isPartOf":{"@id":"https:\/\/www.svalbard.fr\/actualites\/#website"},"datePublished":"2025-06-20T05:50:00+00:00","dateModified":"2025-06-19T07:22:37+00:00","breadcrumb":{"@id":"https:\/\/www.svalbard.fr\/actualites\/no\/for-a-hevne-seg-pa-leietakeren-omgjor-han-boligen-pa-en-radikal-mate\/#breadcrumb"},"inLanguage":"fr-FR","potentialAction":[{"@type":"ReadAction","target":["https:\/\/www.svalbard.fr\/actualites\/no\/for-a-hevne-seg-pa-leietakeren-omgjor-han-boligen-pa-en-radikal-mate\/"]}]},{"@type":"BreadcrumbList","@id":"https:\/\/www.svalbard.fr\/actualites\/no\/for-a-hevne-seg-pa-leietakeren-omgjor-han-boligen-pa-en-radikal-mate\/#breadcrumb","itemListElement":[{"@type":"ListItem","position":1,"name":"Accueil","item":"https:\/\/www.svalbard.fr\/actualites\/"},{"@type":"ListItem","position":2,"name":"For \u00e5 hevne seg p\u00e5 leietakeren, omgj\u00f8r han boligen p\u00e5 en radikal m\u00e5te"}]},{"@type":"WebSite","@id":"https:\/\/www.svalbard.fr\/actualites\/#website","url":"https:\/\/www.svalbard.fr\/actualites\/","name":"www.Svalbard.fr","description":"","publisher":{"@id":"https:\/\/www.svalbard.fr\/actualites\/#organization"},"potentialAction":[{"@type":"SearchAction","target":{"@type":"EntryPoint","urlTemplate":"https:\/\/www.svalbard.fr\/actualites\/?s={search_term_string}"},"query-input":"required name=search_term_string"}],"inLanguage":"fr-FR"},{"@type":"Organization","@id":"https:\/\/www.svalbard.fr\/actualites\/#organization","name":"www.Svalbard.fr","url":"https:\/\/www.svalbard.fr\/actualites\/","logo":{"@type":"ImageObject","inLanguage":"fr-FR","@id":"https:\/\/www.svalbard.fr\/actualites\/#\/schema\/logo\/image\/","url":"https:\/\/www.svalbard.fr\/actualites\/wp-content\/uploads\/2023\/09\/head-nom.jpg","contentUrl":"https:\/\/www.svalbard.fr\/actualites\/wp-content\/uploads\/2023\/09\/head-nom.jpg","width":264,"height":35,"caption":"www.Svalbard.fr"},"image":{"@id":"https:\/\/www.svalbard.fr\/actualites\/#\/schema\/logo\/image\/"}},{"@type":"Person","@id":"https:\/\/www.svalbard.fr\/actualites\/#\/schema\/person\/b9d185560b94bff7322d37cb676ee545","name":"Guillaume Chen","image":{"@type":"ImageObject","inLanguage":"fr-FR","@id":"https:\/\/www.svalbard.fr\/actualites\/#\/schema\/person\/image\/","url":"https:\/\/secure.gravatar.com\/avatar\/0c3f9c94586035b795ad4049a06fb048?s=96&d=mm&r=g","contentUrl":"https:\/\/secure.gravatar.com\/avatar\/0c3f9c94586035b795ad4049a06fb048?s=96&d=mm&r=g","caption":"Guillaume Chen"},"sameAs":["https:\/\/www.svalbard.fr\/"]}]}},"_links":{"self":[{"href":"https:\/\/www.svalbard.fr\/actualites\/wp-json\/wp\/v2\/posts\/4278"}],"collection":[{"href":"https:\/\/www.svalbard.fr\/actualites\/wp-json\/wp\/v2\/posts"}],"about":[{"href":"https:\/\/www.svalbard.fr\/actualites\/wp-json\/wp\/v2\/types\/post"}],"author":[{"embeddable":true,"href":"https:\/\/www.svalbard.fr\/actualites\/wp-json\/wp\/v2\/users\/3"}],"replies":[{"embeddable":true,"href":"https:\/\/www.svalbard.fr\/actualites\/wp-json\/wp\/v2\/comments?post=4278"}],"version-history":[{"count":1,"href":"https:\/\/www.svalbard.fr\/actualites\/wp-json\/wp\/v2\/posts\/4278\/revisions"}],"predecessor-version":[{"id":4282,"href":"https:\/\/www.svalbard.fr\/actualites\/wp-json\/wp\/v2\/posts\/4278\/revisions\/4282"}],"wp:featuredmedia":[{"embeddable":true,"href":"https:\/\/www.svalbard.fr\/actualites\/wp-json\/wp\/v2\/media\/4279"}],"wp:attachment":[{"href":"https:\/\/www.svalbard.fr\/actualites\/wp-json\/wp\/v2\/media?parent=4278"}],"wp:term":[{"taxonomy":"category","embeddable":true,"href":"https:\/\/www.svalbard.fr\/actualites\/wp-json\/wp\/v2\/categories?post=4278"},{"taxonomy":"post_tag","embeddable":true,"href":"https:\/\/www.svalbard.fr\/actualites\/wp-json\/wp\/v2\/tags?post=4278"}],"curies":[{"name":"wp","href":"https:\/\/api.w.org\/{rel}","templated":true}]}}