{"id":4311,"date":"2025-06-22T10:30:00","date_gmt":"2025-06-22T08:30:00","guid":{"rendered":"https:\/\/www.svalbard.fr\/actualites\/?p=4311"},"modified":"2025-06-20T14:00:03","modified_gmt":"2025-06-20T12:00:03","slug":"le-defi-de-la-pauvrete-au-maghreb-enjeux-et-perspectives-pour-lalgerie-le-maroc-et-la-tunisie-2","status":"publish","type":"post","link":"https:\/\/www.svalbard.fr\/actualites\/le-defi-de-la-pauvrete-au-maghreb-enjeux-et-perspectives-pour-lalgerie-le-maroc-et-la-tunisie-2\/","title":{"rendered":"Le d\u00e9fi de la pauvret\u00e9 au Maghreb : enjeux et perspectives pour l&rsquo;Alg\u00e9rie, le Maroc et la Tunisie"},"content":{"rendered":"\n<p><strong><em>La pauvret\u00e9 au Maghreb est un probl\u00e8me qui touche non seulement les gouvernements, mais aussi les populations de cette r\u00e9gion en pleine mutation. L\u2019Alg\u00e9rie, le Maroc et la Tunisie, bien que partageant une histoire commune, font face \u00e0 des r\u00e9alit\u00e9s \u00e9conomiques et sociales vari\u00e9es. Pour comprendre ces d\u00e9fis, il est essentiel d\u2019examiner des indicateurs comme l\u2019Indice mondial de la mis\u00e8re (HAMI) et le Rapport mondial sur le bonheur 2023, qui nous offrent une image plus pr\u00e9cise de la pression \u00e9conomique et du bien-\u00eatre ressenti par les citoyens.<\/em><\/strong><\/p>\n\n\n\n<!--more-->\n\n\n\n<h2 class=\"wp-block-heading\">Comprendre la pauvret\u00e9 \u00e0 travers le prisme du HAMI<\/h2>\n\n\n\n<p>L\u2019<strong>Indice mondial de la mis\u00e8re (HAMI)<\/strong> est un indicateur pr\u00e9cieux pour \u00e9valuer la situation \u00e9conomique d\u2019un pays. Cet indice mesure les difficult\u00e9s \u00e9conomiques en prenant en compte trois crit\u00e8res essentiels :<\/p>\n\n\n\n<ul>\n<li><strong>Le taux de ch\u00f4mage<\/strong><\/li>\n\n\n\n<li><strong>Le taux d\u2019inflation<\/strong><\/li>\n\n\n\n<li><strong>Le co\u00fbt du cr\u00e9dit bancaire<\/strong><\/li>\n<\/ul>\n\n\n\n<p>En additionnant ces facteurs, et en ajustant selon la croissance du <strong>PIB par habitant<\/strong>, cet indice permet de dresser un portrait de la <strong>d\u00e9tresse \u00e9conomique<\/strong> d\u2019un pays. Un score \u00e9lev\u00e9 signifie que la population souffre davantage, tandis qu\u2019un score faible sugg\u00e8re une situation plus stable.<\/p>\n\n\n\n<h2 class=\"wp-block-heading\">Classement des pays du Maghreb dans le HAMI<\/h2>\n\n\n\n<p>En 2023, l\u2019<strong>Alg\u00e9rie<\/strong> a progress\u00e9 dans le classement mondial, occupant d\u00e9sormais la <strong>41\u1d49 place<\/strong> avec un score de <strong>50,2<\/strong>. Cette am\u00e9lioration est en grande partie due \u00e0 une gestion plus efficace du ch\u00f4mage et de l\u2019inflation, m\u00eame si des <strong>d\u00e9fis structurels<\/strong> demeurent. Ce recul dans les classements n\u2019enl\u00e8ve rien aux r\u00e9alit\u00e9s sur le terrain, o\u00f9 l\u2019in\u00e9galit\u00e9 reste un enjeu majeur.<\/p>\n\n\n\n<p>Le <strong>Maroc<\/strong>, avec un score de <strong>36,56<\/strong>, se situe \u00e0 la <strong>68\u1d49 place<\/strong>, affichant une stabilit\u00e9 \u00e9conomique relative, bien que l\u2019on constate une dissociation entre cette <strong>croissance \u00e9conomique<\/strong> et le <strong>bien-\u00eatre per\u00e7u<\/strong> par les citoyens. Les in\u00e9galit\u00e9s sociales, notamment au niveau de l\u2019<a href=\"https:\/\/www.svalbard.fr\/actualites\/85-000-offres-demploi-en-suisse-avec-des-salaires-jusqua-6-500-e-les-secteurs-qui-recrutent\/\"><strong>emploi<\/strong><\/a>, restent des freins \u00e0 une v\u00e9ritable <strong>\u00e9volution<\/strong> du pays.<\/p>\n\n\n\n<p>Quant \u00e0 la <strong>Tunisie<\/strong>, elle se place \u00e0 la <strong>43\u1d49 place<\/strong> avec un score de <strong>46,90<\/strong>. Le pays porte encore les cicatrices de l\u2019instabilit\u00e9 post-r\u00e9volutionnaire, ce qui impacte directement la <strong>qualit\u00e9 de vie<\/strong> des Tunisiens, notamment en termes de ch\u00f4mage et de pouvoir d\u2019achat.<\/p>\n\n\n\n<h2 class=\"wp-block-heading\">Le bien-\u00eatre per\u00e7u : un autre indicateur cl\u00e9<\/h2>\n\n\n\n<p>Alors que le HAMI se concentre sur les aspects \u00e9conomiques, le <strong>Rapport mondial sur le bonheur 2023<\/strong> apporte une perspective diff\u00e9rente en mesurant le <strong>bien-\u00eatre subjectif<\/strong> des citoyens. Cet indice prend en compte des crit\u00e8res tels que :<\/p>\n\n\n\n<ul>\n<li><strong>L\u2019esp\u00e9rance de vie<\/strong><\/li>\n\n\n\n<li><strong>Le soutien social<\/strong><\/li>\n\n\n\n<li><strong>Le niveau de satisfaction globale<\/strong><\/li>\n\n\n\n<li><strong>Le sentiment de s\u00e9curit\u00e9 \u00e9conomique<\/strong><\/li>\n<\/ul>\n\n\n\n<p>Dans ce classement, <strong>l\u2019Alg\u00e9rie<\/strong> est class\u00e9e \u00e0 la <strong>81\u1d49 place<\/strong>, devant le <strong>Maroc<\/strong> (100\u1d49 place) et la <strong>Tunisie<\/strong> (110\u1d49 place). Cela montre que, malgr\u00e9 des progr\u00e8s \u00e9conomiques, la <strong>qualit\u00e9 de vie<\/strong> per\u00e7ue varie grandement d\u2019un pays \u00e0 l\u2019autre.<\/p>\n\n\n\n<h2 class=\"wp-block-heading\">Analyse par pays : entre espoirs et d\u00e9fis<\/h2>\n\n\n\n<h3 class=\"wp-block-heading\">L\u2019Alg\u00e9rie : des progr\u00e8s visibles, mais encore fragiles<\/h3>\n\n\n\n<p>L\u2019Alg\u00e9rie a su maintenir un \u00e9quilibre entre sa croissance \u00e9conomique et le bien-\u00eatre de sa population. Son positionnement parmi les <strong>pays les plus heureux d\u2019Afrique<\/strong> t\u00e9moigne de cette dynamique positive. Cependant, <strong>l\u2019inflation<\/strong> et les <strong>in\u00e9galit\u00e9s de revenus<\/strong> restent des enjeux cruciaux. Par exemple, la r\u00e9partition des ressources et l\u2019acc\u00e8s aux <strong>services de base<\/strong> ne sont pas \u00e9quitablement r\u00e9partis, ce qui nuit \u00e0 l\u2019inclusion sociale.<\/p>\n\n\n\n<h3 class=\"wp-block-heading\">Le Maroc : une croissance \u00e9conomique qui ne se traduit pas en bien-\u00eatre<\/h3>\n\n\n\n<p>Malgr\u00e9 une stabilit\u00e9 \u00e9conomique relative, le <strong>Maroc<\/strong> peine \u00e0 traduire sa <strong>croissance<\/strong> en <strong>am\u00e9lioration concr\u00e8te<\/strong> du bien-\u00eatre pour ses citoyens. Le pays est confront\u00e9 \u00e0 une <strong>r\u00e9partition in\u00e9gale des richesses<\/strong> et \u00e0 des d\u00e9fis li\u00e9s au march\u00e9 du travail, ce qui explique son classement plus bas dans le rapport sur le bonheur. De nombreux Marocains, notamment dans les zones rurales, se sentent exclus des bienfaits de la croissance \u00e9conomique, ce qui g\u00e9n\u00e8re un <strong>sentiment d\u2019injustice<\/strong> sociale.<\/p>\n\n\n\n<h3 class=\"wp-block-heading\">La Tunisie : un pays en qu\u00eate de stabilit\u00e9<\/h3>\n\n\n\n<p>La <strong>Tunisie<\/strong>, apr\u00e8s sa r\u00e9volution de 2011, lutte pour retrouver une stabilit\u00e9 \u00e9conomique et sociale. Bien que des efforts aient \u00e9t\u00e9 faits pour moderniser le pays, la situation reste <strong>fragile<\/strong>. Le ch\u00f4mage, notamment chez les jeunes, et l&rsquo;<strong>incertitude politique<\/strong> affectent la qualit\u00e9 de vie des citoyens. Le <strong>pessimisme<\/strong> exprim\u00e9 dans le classement du bonheur refl\u00e8te cette instabilit\u00e9 persistante et l&rsquo;incapacit\u00e9 \u00e0 g\u00e9n\u00e9rer des opportunit\u00e9s \u00e9conomiques pour la majorit\u00e9 de la population.<\/p>\n\n\n\n<h2 class=\"wp-block-heading\">Quels enseignements tirer pour l\u2019avenir ?<\/h2>\n\n\n\n<p>Les donn\u00e9es \u00e9conomiques et sociales montrent que <strong>la pauvret\u00e9 au Maghreb ne se r\u00e9sume pas seulement \u00e0 la croissance \u00e9conomique<\/strong>. Il ne suffit pas d\u2019augmenter le <strong>PIB<\/strong> pour am\u00e9liorer la vie des citoyens. Voici quelques enseignements cl\u00e9s pour l&rsquo;avenir :<\/p>\n\n\n\n<h3 class=\"wp-block-heading\">Encourager une croissance inclusive<\/h3>\n\n\n\n<p>La <strong>croissance<\/strong> doit b\u00e9n\u00e9ficier \u00e0 l\u2019ensemble de la population. Les politiques publiques doivent viser \u00e0 <strong>r\u00e9duire les in\u00e9galit\u00e9s<\/strong> et \u00e0 garantir que les <strong>progr\u00e8s \u00e9conomiques<\/strong> se traduisent par des <strong>am\u00e9liorations r\u00e9elles<\/strong> du niveau de vie, en particulier pour les populations les plus vuln\u00e9rables.<\/p>\n\n\n\n<h3 class=\"wp-block-heading\">Investir dans l\u2019emploi et l\u2019\u00e9ducation<\/h3>\n\n\n\n<p>Le <strong>ch\u00f4mage<\/strong> reste un probl\u00e8me majeur, surtout pour les jeunes. La <strong>cr\u00e9ation d\u2019emplois<\/strong> et l\u2019<strong>am\u00e9lioration de l\u2019acc\u00e8s \u00e0 l\u2019\u00e9ducation<\/strong> sont des leviers essentiels pour r\u00e9duire les <strong>disparit\u00e9s sociales<\/strong> et am\u00e9liorer le bien-\u00eatre des citoyens.<\/p>\n\n\n\n<h3 class=\"wp-block-heading\">R\u00e9duire les in\u00e9galit\u00e9s r\u00e9gionales<\/h3>\n\n\n\n<p>Les <strong>disparit\u00e9s<\/strong> entre les zones urbaines et rurales sont particuli\u00e8rement marqu\u00e9es dans ces trois pays. Un effort pour <strong>r\u00e9duire ces \u00e9carts<\/strong> est n\u00e9cessaire afin de favoriser un <strong>d\u00e9veloppement harmonieux<\/strong> et de <strong>lutter contre la pauvret\u00e9<\/strong> de mani\u00e8re plus efficace.<\/p>\n\n\n\n<h2 class=\"wp-block-heading\">Conclusion : un d\u00e9fi \u00e0 relever ensemble<\/h2>\n\n\n\n<p>L\u2019avenir de l\u2019Alg\u00e9rie, du Maroc et de la Tunisie repose sur leur capacit\u00e9 \u00e0 transformer leurs <strong>progr\u00e8s \u00e9conomiques<\/strong> en <strong>bien-\u00eatre r\u00e9el<\/strong> pour leurs citoyens. Si des politiques publiques \u00e9quilibr\u00e9es sont mises en place, ces pays pourraient non seulement r\u00e9duire la pauvret\u00e9, mais aussi garantir un <strong><a href=\"https:\/\/www.svalbard.fr\/actualites\/batteries-lfp-la-solution-pour-lavenir-electrique-de-mercedes-benz\/\">avenir<\/a> <\/strong>plus <strong>stable<\/strong> et <strong>prosper<\/strong>. Le d\u00e9fi est immense, mais les <strong>perspectives restent prometteuses<\/strong> pour un <strong>Maghreb plus solidaire<\/strong> et r\u00e9silient.<\/p>\n","protected":false},"excerpt":{"rendered":"<p>La pauvret\u00e9 au Maghreb est un probl\u00e8me qui touche non seulement les gouvernements, mais aussi les populations de cette r\u00e9gion en pleine mutation. L\u2019Alg\u00e9rie, le<\/p>\n","protected":false},"author":3,"featured_media":4312,"comment_status":"closed","ping_status":"closed","sticky":false,"template":"","format":"standard","meta":{"footnotes":""},"categories":[1725],"tags":[],"yoast_head":"<!-- This site is optimized with the Yoast SEO plugin v21.0 - https:\/\/yoast.com\/wordpress\/plugins\/seo\/ -->\n<title>Le d\u00e9fi de la pauvret\u00e9 au Maghreb : enjeux et perspectives pour l&#039;Alg\u00e9rie, le Maroc et la Tunisie<\/title>\n<meta name=\"robots\" content=\"index, follow, max-snippet:-1, max-image-preview:large, max-video-preview:-1\" \/>\n<link rel=\"canonical\" href=\"https:\/\/www.svalbard.fr\/actualites\/le-defi-de-la-pauvrete-au-maghreb-enjeux-et-perspectives-pour-lalgerie-le-maroc-et-la-tunisie-2\/\" \/>\n<meta property=\"og:locale\" content=\"fr_FR\" \/>\n<meta property=\"og:type\" content=\"article\" \/>\n<meta property=\"og:title\" content=\"Le d\u00e9fi de la pauvret\u00e9 au Maghreb : enjeux et perspectives pour l&#039;Alg\u00e9rie, le Maroc et la Tunisie\" \/>\n<meta property=\"og:description\" content=\"La pauvret\u00e9 au Maghreb est un probl\u00e8me qui touche non seulement les gouvernements, mais aussi les populations de cette r\u00e9gion en pleine mutation. L\u2019Alg\u00e9rie, le\" \/>\n<meta property=\"og:url\" content=\"https:\/\/www.svalbard.fr\/actualites\/le-defi-de-la-pauvrete-au-maghreb-enjeux-et-perspectives-pour-lalgerie-le-maroc-et-la-tunisie-2\/\" \/>\n<meta property=\"og:site_name\" content=\"www.Svalbard.fr\" \/>\n<meta property=\"article:published_time\" content=\"2025-06-22T08:30:00+00:00\" \/>\n<meta property=\"article:modified_time\" content=\"2025-06-20T12:00:03+00:00\" \/>\n<meta property=\"og:image\" content=\"https:\/\/www.svalbard.fr\/actualites\/wp-content\/uploads\/2025\/06\/Le-defi-de-la-pauvrete-au-Maghreb.jpg\" \/>\n\t<meta property=\"og:image:width\" content=\"1200\" \/>\n\t<meta property=\"og:image:height\" content=\"675\" \/>\n\t<meta property=\"og:image:type\" content=\"image\/jpeg\" \/>\n<meta name=\"author\" content=\"Guillaume Chen\" \/>\n<meta name=\"twitter:card\" content=\"summary_large_image\" \/>\n<meta name=\"twitter:label1\" content=\"\u00c9crit par\" \/>\n\t<meta name=\"twitter:data1\" content=\"Guillaume Chen\" \/>\n\t<meta name=\"twitter:label2\" content=\"Dur\u00e9e de lecture estim\u00e9e\" \/>\n\t<meta name=\"twitter:data2\" content=\"5 minutes\" \/>\n<script type=\"application\/ld+json\" class=\"yoast-schema-graph\">{\"@context\":\"https:\/\/schema.org\",\"@graph\":[{\"@type\":\"Article\",\"@id\":\"https:\/\/www.svalbard.fr\/actualites\/le-defi-de-la-pauvrete-au-maghreb-enjeux-et-perspectives-pour-lalgerie-le-maroc-et-la-tunisie-2\/#article\",\"isPartOf\":{\"@id\":\"https:\/\/www.svalbard.fr\/actualites\/le-defi-de-la-pauvrete-au-maghreb-enjeux-et-perspectives-pour-lalgerie-le-maroc-et-la-tunisie-2\/\"},\"author\":{\"name\":\"Guillaume Chen\",\"@id\":\"https:\/\/www.svalbard.fr\/actualites\/#\/schema\/person\/b9d185560b94bff7322d37cb676ee545\"},\"headline\":\"Le d\u00e9fi de la pauvret\u00e9 au Maghreb : enjeux et perspectives pour l&rsquo;Alg\u00e9rie, le Maroc et la Tunisie\",\"datePublished\":\"2025-06-22T08:30:00+00:00\",\"dateModified\":\"2025-06-20T12:00:03+00:00\",\"mainEntityOfPage\":{\"@id\":\"https:\/\/www.svalbard.fr\/actualites\/le-defi-de-la-pauvrete-au-maghreb-enjeux-et-perspectives-pour-lalgerie-le-maroc-et-la-tunisie-2\/\"},\"wordCount\":1076,\"publisher\":{\"@id\":\"https:\/\/www.svalbard.fr\/actualites\/#organization\"},\"articleSection\":[\"Tendances\"],\"inLanguage\":\"fr-FR\"},{\"@type\":\"WebPage\",\"@id\":\"https:\/\/www.svalbard.fr\/actualites\/le-defi-de-la-pauvrete-au-maghreb-enjeux-et-perspectives-pour-lalgerie-le-maroc-et-la-tunisie-2\/\",\"url\":\"https:\/\/www.svalbard.fr\/actualites\/le-defi-de-la-pauvrete-au-maghreb-enjeux-et-perspectives-pour-lalgerie-le-maroc-et-la-tunisie-2\/\",\"name\":\"Le d\u00e9fi de la pauvret\u00e9 au Maghreb : enjeux et perspectives pour l'Alg\u00e9rie, le Maroc et la Tunisie\",\"isPartOf\":{\"@id\":\"https:\/\/www.svalbard.fr\/actualites\/#website\"},\"datePublished\":\"2025-06-22T08:30:00+00:00\",\"dateModified\":\"2025-06-20T12:00:03+00:00\",\"breadcrumb\":{\"@id\":\"https:\/\/www.svalbard.fr\/actualites\/le-defi-de-la-pauvrete-au-maghreb-enjeux-et-perspectives-pour-lalgerie-le-maroc-et-la-tunisie-2\/#breadcrumb\"},\"inLanguage\":\"fr-FR\",\"potentialAction\":[{\"@type\":\"ReadAction\",\"target\":[\"https:\/\/www.svalbard.fr\/actualites\/le-defi-de-la-pauvrete-au-maghreb-enjeux-et-perspectives-pour-lalgerie-le-maroc-et-la-tunisie-2\/\"]}]},{\"@type\":\"BreadcrumbList\",\"@id\":\"https:\/\/www.svalbard.fr\/actualites\/le-defi-de-la-pauvrete-au-maghreb-enjeux-et-perspectives-pour-lalgerie-le-maroc-et-la-tunisie-2\/#breadcrumb\",\"itemListElement\":[{\"@type\":\"ListItem\",\"position\":1,\"name\":\"Accueil\",\"item\":\"https:\/\/www.svalbard.fr\/actualites\/\"},{\"@type\":\"ListItem\",\"position\":2,\"name\":\"Le d\u00e9fi de la pauvret\u00e9 au Maghreb : enjeux et perspectives pour l&rsquo;Alg\u00e9rie, le Maroc et la Tunisie\"}]},{\"@type\":\"WebSite\",\"@id\":\"https:\/\/www.svalbard.fr\/actualites\/#website\",\"url\":\"https:\/\/www.svalbard.fr\/actualites\/\",\"name\":\"www.Svalbard.fr\",\"description\":\"\",\"publisher\":{\"@id\":\"https:\/\/www.svalbard.fr\/actualites\/#organization\"},\"potentialAction\":[{\"@type\":\"SearchAction\",\"target\":{\"@type\":\"EntryPoint\",\"urlTemplate\":\"https:\/\/www.svalbard.fr\/actualites\/?s={search_term_string}\"},\"query-input\":\"required name=search_term_string\"}],\"inLanguage\":\"fr-FR\"},{\"@type\":\"Organization\",\"@id\":\"https:\/\/www.svalbard.fr\/actualites\/#organization\",\"name\":\"www.Svalbard.fr\",\"url\":\"https:\/\/www.svalbard.fr\/actualites\/\",\"logo\":{\"@type\":\"ImageObject\",\"inLanguage\":\"fr-FR\",\"@id\":\"https:\/\/www.svalbard.fr\/actualites\/#\/schema\/logo\/image\/\",\"url\":\"https:\/\/www.svalbard.fr\/actualites\/wp-content\/uploads\/2023\/09\/head-nom.jpg\",\"contentUrl\":\"https:\/\/www.svalbard.fr\/actualites\/wp-content\/uploads\/2023\/09\/head-nom.jpg\",\"width\":264,\"height\":35,\"caption\":\"www.Svalbard.fr\"},\"image\":{\"@id\":\"https:\/\/www.svalbard.fr\/actualites\/#\/schema\/logo\/image\/\"}},{\"@type\":\"Person\",\"@id\":\"https:\/\/www.svalbard.fr\/actualites\/#\/schema\/person\/b9d185560b94bff7322d37cb676ee545\",\"name\":\"Guillaume Chen\",\"image\":{\"@type\":\"ImageObject\",\"inLanguage\":\"fr-FR\",\"@id\":\"https:\/\/www.svalbard.fr\/actualites\/#\/schema\/person\/image\/\",\"url\":\"https:\/\/secure.gravatar.com\/avatar\/0c3f9c94586035b795ad4049a06fb048?s=96&d=mm&r=g\",\"contentUrl\":\"https:\/\/secure.gravatar.com\/avatar\/0c3f9c94586035b795ad4049a06fb048?s=96&d=mm&r=g\",\"caption\":\"Guillaume Chen\"},\"sameAs\":[\"https:\/\/www.svalbard.fr\/\"]}]}<\/script>\n<!-- \/ Yoast SEO plugin. -->","yoast_head_json":{"title":"Le d\u00e9fi de la pauvret\u00e9 au Maghreb : enjeux et perspectives pour l'Alg\u00e9rie, le Maroc et la Tunisie","robots":{"index":"index","follow":"follow","max-snippet":"max-snippet:-1","max-image-preview":"max-image-preview:large","max-video-preview":"max-video-preview:-1"},"canonical":"https:\/\/www.svalbard.fr\/actualites\/le-defi-de-la-pauvrete-au-maghreb-enjeux-et-perspectives-pour-lalgerie-le-maroc-et-la-tunisie-2\/","og_locale":"fr_FR","og_type":"article","og_title":"Le d\u00e9fi de la pauvret\u00e9 au Maghreb : enjeux et perspectives pour l'Alg\u00e9rie, le Maroc et la Tunisie","og_description":"La pauvret\u00e9 au Maghreb est un probl\u00e8me qui touche non seulement les gouvernements, mais aussi les populations de cette r\u00e9gion en pleine mutation. L\u2019Alg\u00e9rie, le","og_url":"https:\/\/www.svalbard.fr\/actualites\/le-defi-de-la-pauvrete-au-maghreb-enjeux-et-perspectives-pour-lalgerie-le-maroc-et-la-tunisie-2\/","og_site_name":"www.Svalbard.fr","article_published_time":"2025-06-22T08:30:00+00:00","article_modified_time":"2025-06-20T12:00:03+00:00","og_image":[{"width":1200,"height":675,"url":"https:\/\/www.svalbard.fr\/actualites\/wp-content\/uploads\/2025\/06\/Le-defi-de-la-pauvrete-au-Maghreb.jpg","type":"image\/jpeg"}],"author":"Guillaume Chen","twitter_card":"summary_large_image","twitter_misc":{"\u00c9crit par":"Guillaume Chen","Dur\u00e9e de lecture estim\u00e9e":"5 minutes"},"schema":{"@context":"https:\/\/schema.org","@graph":[{"@type":"Article","@id":"https:\/\/www.svalbard.fr\/actualites\/le-defi-de-la-pauvrete-au-maghreb-enjeux-et-perspectives-pour-lalgerie-le-maroc-et-la-tunisie-2\/#article","isPartOf":{"@id":"https:\/\/www.svalbard.fr\/actualites\/le-defi-de-la-pauvrete-au-maghreb-enjeux-et-perspectives-pour-lalgerie-le-maroc-et-la-tunisie-2\/"},"author":{"name":"Guillaume Chen","@id":"https:\/\/www.svalbard.fr\/actualites\/#\/schema\/person\/b9d185560b94bff7322d37cb676ee545"},"headline":"Le d\u00e9fi de la pauvret\u00e9 au Maghreb : enjeux et perspectives pour l&rsquo;Alg\u00e9rie, le Maroc et la Tunisie","datePublished":"2025-06-22T08:30:00+00:00","dateModified":"2025-06-20T12:00:03+00:00","mainEntityOfPage":{"@id":"https:\/\/www.svalbard.fr\/actualites\/le-defi-de-la-pauvrete-au-maghreb-enjeux-et-perspectives-pour-lalgerie-le-maroc-et-la-tunisie-2\/"},"wordCount":1076,"publisher":{"@id":"https:\/\/www.svalbard.fr\/actualites\/#organization"},"articleSection":["Tendances"],"inLanguage":"fr-FR"},{"@type":"WebPage","@id":"https:\/\/www.svalbard.fr\/actualites\/le-defi-de-la-pauvrete-au-maghreb-enjeux-et-perspectives-pour-lalgerie-le-maroc-et-la-tunisie-2\/","url":"https:\/\/www.svalbard.fr\/actualites\/le-defi-de-la-pauvrete-au-maghreb-enjeux-et-perspectives-pour-lalgerie-le-maroc-et-la-tunisie-2\/","name":"Le d\u00e9fi de la pauvret\u00e9 au Maghreb : enjeux et perspectives pour l'Alg\u00e9rie, le Maroc et la Tunisie","isPartOf":{"@id":"https:\/\/www.svalbard.fr\/actualites\/#website"},"datePublished":"2025-06-22T08:30:00+00:00","dateModified":"2025-06-20T12:00:03+00:00","breadcrumb":{"@id":"https:\/\/www.svalbard.fr\/actualites\/le-defi-de-la-pauvrete-au-maghreb-enjeux-et-perspectives-pour-lalgerie-le-maroc-et-la-tunisie-2\/#breadcrumb"},"inLanguage":"fr-FR","potentialAction":[{"@type":"ReadAction","target":["https:\/\/www.svalbard.fr\/actualites\/le-defi-de-la-pauvrete-au-maghreb-enjeux-et-perspectives-pour-lalgerie-le-maroc-et-la-tunisie-2\/"]}]},{"@type":"BreadcrumbList","@id":"https:\/\/www.svalbard.fr\/actualites\/le-defi-de-la-pauvrete-au-maghreb-enjeux-et-perspectives-pour-lalgerie-le-maroc-et-la-tunisie-2\/#breadcrumb","itemListElement":[{"@type":"ListItem","position":1,"name":"Accueil","item":"https:\/\/www.svalbard.fr\/actualites\/"},{"@type":"ListItem","position":2,"name":"Le d\u00e9fi de la pauvret\u00e9 au Maghreb : enjeux et perspectives pour l&rsquo;Alg\u00e9rie, le Maroc et la Tunisie"}]},{"@type":"WebSite","@id":"https:\/\/www.svalbard.fr\/actualites\/#website","url":"https:\/\/www.svalbard.fr\/actualites\/","name":"www.Svalbard.fr","description":"","publisher":{"@id":"https:\/\/www.svalbard.fr\/actualites\/#organization"},"potentialAction":[{"@type":"SearchAction","target":{"@type":"EntryPoint","urlTemplate":"https:\/\/www.svalbard.fr\/actualites\/?s={search_term_string}"},"query-input":"required name=search_term_string"}],"inLanguage":"fr-FR"},{"@type":"Organization","@id":"https:\/\/www.svalbard.fr\/actualites\/#organization","name":"www.Svalbard.fr","url":"https:\/\/www.svalbard.fr\/actualites\/","logo":{"@type":"ImageObject","inLanguage":"fr-FR","@id":"https:\/\/www.svalbard.fr\/actualites\/#\/schema\/logo\/image\/","url":"https:\/\/www.svalbard.fr\/actualites\/wp-content\/uploads\/2023\/09\/head-nom.jpg","contentUrl":"https:\/\/www.svalbard.fr\/actualites\/wp-content\/uploads\/2023\/09\/head-nom.jpg","width":264,"height":35,"caption":"www.Svalbard.fr"},"image":{"@id":"https:\/\/www.svalbard.fr\/actualites\/#\/schema\/logo\/image\/"}},{"@type":"Person","@id":"https:\/\/www.svalbard.fr\/actualites\/#\/schema\/person\/b9d185560b94bff7322d37cb676ee545","name":"Guillaume Chen","image":{"@type":"ImageObject","inLanguage":"fr-FR","@id":"https:\/\/www.svalbard.fr\/actualites\/#\/schema\/person\/image\/","url":"https:\/\/secure.gravatar.com\/avatar\/0c3f9c94586035b795ad4049a06fb048?s=96&d=mm&r=g","contentUrl":"https:\/\/secure.gravatar.com\/avatar\/0c3f9c94586035b795ad4049a06fb048?s=96&d=mm&r=g","caption":"Guillaume Chen"},"sameAs":["https:\/\/www.svalbard.fr\/"]}]}},"_links":{"self":[{"href":"https:\/\/www.svalbard.fr\/actualites\/wp-json\/wp\/v2\/posts\/4311"}],"collection":[{"href":"https:\/\/www.svalbard.fr\/actualites\/wp-json\/wp\/v2\/posts"}],"about":[{"href":"https:\/\/www.svalbard.fr\/actualites\/wp-json\/wp\/v2\/types\/post"}],"author":[{"embeddable":true,"href":"https:\/\/www.svalbard.fr\/actualites\/wp-json\/wp\/v2\/users\/3"}],"replies":[{"embeddable":true,"href":"https:\/\/www.svalbard.fr\/actualites\/wp-json\/wp\/v2\/comments?post=4311"}],"version-history":[{"count":1,"href":"https:\/\/www.svalbard.fr\/actualites\/wp-json\/wp\/v2\/posts\/4311\/revisions"}],"predecessor-version":[{"id":4313,"href":"https:\/\/www.svalbard.fr\/actualites\/wp-json\/wp\/v2\/posts\/4311\/revisions\/4313"}],"wp:featuredmedia":[{"embeddable":true,"href":"https:\/\/www.svalbard.fr\/actualites\/wp-json\/wp\/v2\/media\/4312"}],"wp:attachment":[{"href":"https:\/\/www.svalbard.fr\/actualites\/wp-json\/wp\/v2\/media?parent=4311"}],"wp:term":[{"taxonomy":"category","embeddable":true,"href":"https:\/\/www.svalbard.fr\/actualites\/wp-json\/wp\/v2\/categories?post=4311"},{"taxonomy":"post_tag","embeddable":true,"href":"https:\/\/www.svalbard.fr\/actualites\/wp-json\/wp\/v2\/tags?post=4311"}],"curies":[{"name":"wp","href":"https:\/\/api.w.org\/{rel}","templated":true}]}}