{"id":4336,"date":"2025-06-25T07:50:00","date_gmt":"2025-06-25T05:50:00","guid":{"rendered":"https:\/\/www.svalbard.fr\/actualites\/?p=4336"},"modified":"2025-06-23T09:50:39","modified_gmt":"2025-06-23T07:50:39","slug":"denne-minnemynten-er-blant-de-dyreste-pa-markedet","status":"publish","type":"post","link":"https:\/\/www.svalbard.fr\/actualites\/no\/denne-minnemynten-er-blant-de-dyreste-pa-markedet\/","title":{"rendered":"Denne minnemynten er blant de dyreste p\u00e5 markedet"},"content":{"rendered":"\n<p><strong><em>Verden av myntsamling er langt mer enn en enkel hobby. Det er et sted der historie, kultur og \u00f8konomi veves sammen p\u00e5 fascinerende vis. Mange samlere jakter p\u00e5 sjeldne objekter som b\u00e6rer b\u00e5de \u00f8konomisk og emosjonell verdi.<\/em><\/strong><\/p>\n\n\n\n<!--more-->\n\n\n\n<h2 class=\"wp-block-heading\"><strong>Numismatikk: n\u00e5r historie m\u00f8ter investering<\/strong><\/h2>\n\n\n\n<p>En av de mest omtalte objektene innenfor denne verden er en hypotetisk <strong>minnemynt<\/strong> fra perioden <strong>1985-2015<\/strong>. Selv om denne spesifikke mynten aldri har eksistert, illustrerer den hva som gj\u00f8r enkelte mynter til dr\u00f8mmeobjekter for <a href=\"https:\/\/www.svalbard.fr\/actualites\/no\/norsk-mynt-solgt-for-over-19-millioner-kroner-samlere-i-ekstase\/\"><strong>samlere<\/strong><\/a> verden over.<\/p>\n\n\n\n<h2 class=\"wp-block-heading\"><strong>Et kunstverk av en minnemynt<\/strong><\/h2>\n\n\n\n<p>Om denne minnemynten hadde blitt laget, ville den trolig hatt et s\u00e6rdeles gjennomarbeidet design. Tenk deg et preg fullt av symboler fra <strong>moderne europeisk historie<\/strong>: viktige traktater, politiske reformer eller sentrale \u00f8yeblikk i <strong>EU-samarbeidet<\/strong>. Slike detaljer gir en mynt en aura av prestisje.<\/p>\n\n\n\n<p>En begrenset utgivelse, kanskje bare noen f\u00e5 hundre eller tusen eksemplarer, ville gjort mynten til et ekte samlerobjekt. Og dersom den i tillegg hadde sm\u00e5 <strong>pregingsfeil<\/strong>, ville verdien raskt kunne skyte i v\u00e6ret, slik det ofte skjer i numismatikken.<\/p>\n\n\n\n<h2 class=\"wp-block-heading\"><strong>Historie og skj\u00f8nnhet: oppskriften p\u00e5 suksess<\/strong><\/h2>\n\n\n\n<p>Kombinasjonen av et forseggjort visuelt uttrykk og en sterk historisk forankring er n\u00f8kkelen til \u00e5 gj\u00f8re en mynt ettertraktet. Myntens tilknytning til sentrale hendelser i <strong>EU-historien<\/strong>, som utvidelser, reformer eller finansielle avtaler, ville forsterket dens appell betraktelig. N\u00e5r ettersp\u00f8rselen m\u00f8ter et knapt tilbud, oppst\u00e5r det en perfekt storm for h\u00f8ye auksjonspriser.<\/p>\n\n\n\n<h2 class=\"wp-block-heading\"><strong>Hva bestemmer en mynts verdi?<\/strong><\/h2>\n\n\n\n<p>I <strong>myntsamlerverdenen<\/strong> er det flere faktorer som avgj\u00f8r en mynts verdi:<\/p>\n\n\n\n<ul>\n<li><strong>Raritet<\/strong>: Jo f\u00e6rre eksemplarer som finnes, desto h\u00f8yere verdi.<\/li>\n\n\n\n<li><strong>Bevaringsgrad<\/strong>: Mynter i perfekt tilstand er alltid mer verdifulle.<\/li>\n\n\n\n<li><strong>Markedets ettersp\u00f8rsel<\/strong>: Popul\u00e6re motiver eller temaer kan trigge auksjonskamper.<\/li>\n\n\n\n<li><strong>Historisk betydning<\/strong>: Mynter knyttet til viktige hendelser f\u00e5r ofte en ekstra emosjonell verdi.<\/li>\n<\/ul>\n\n\n\n<p>Om denne hypotetiske <strong>1985-2015-mynten<\/strong> hadde eksistert, ville alle disse faktorene spilt inn og gjort den til et prestisjeobjekt for de mest dedikerte samlerne.<\/p>\n\n\n\n<h2 class=\"wp-block-heading\"><strong>Gode r\u00e5d for nye samlere<\/strong><\/h2>\n\n\n\n<p>Dersom du vurderer \u00e5 kaste deg ut i myntsamlingens verden, er det viktig med solid kunnskap. Allier deg med <strong>eksperter<\/strong> som kan autentisere og vurdere mynter. V\u00e6r oppmerksom p\u00e5 <strong>forfalskninger<\/strong>, som dessverre forekommer i markedet. Kjenn til hva som skaper verdi, og bygg samlingen din med b\u00e5de hjertet og hodet.<\/p>\n\n\n\n<p>\u00c5 f\u00f8lge med p\u00e5 auksjoner, delta p\u00e5 <strong>numismatiske messer<\/strong> og lese faglitteratur kan hjelpe deg \u00e5 oppdage skjulte skatter \u2013 og kanskje gj\u00f8re et kupp.<\/p>\n\n\n\n<h2 class=\"wp-block-heading\"><strong>Numismatikk: en investering i kulturarv<\/strong><\/h2>\n\n\n\n<p>Selv om v\u00e5r hypotetiske minnemynt kun eksisterer i fantasien, finnes det utallige eksempler p\u00e5 ekte sjeldenheter som har gjort samlere b\u00e5de kunnskapsrike og \u00f8konomisk bel\u00f8nnet. Numismatikk handler ikke bare om penger \u2013 det er ogs\u00e5 en m\u00e5te \u00e5 bevare og hylle v\u00e5r felles historie p\u00e5. Og hvem vet? Kanskje ligger din fremtidige <strong>skatt<\/strong> allerede i et glemt skrin p\u00e5 loftet.<\/p>\n","protected":false},"excerpt":{"rendered":"<p>Verden av myntsamling er langt mer enn en enkel hobby. Det er et sted der historie, kultur og \u00f8konomi veves sammen p\u00e5 fascinerende vis. Mange<\/p>\n","protected":false},"author":3,"featured_media":4337,"comment_status":"closed","ping_status":"closed","sticky":false,"template":"","format":"standard","meta":{"footnotes":""},"categories":[4557],"tags":[],"yoast_head":"<!-- This site is optimized with the Yoast SEO plugin v21.0 - https:\/\/yoast.com\/wordpress\/plugins\/seo\/ -->\n<title>Denne minnemynten er blant de dyreste p\u00e5 markedet<\/title>\n<meta name=\"robots\" content=\"index, follow, max-snippet:-1, max-image-preview:large, max-video-preview:-1\" \/>\n<link rel=\"canonical\" href=\"https:\/\/www.svalbard.fr\/actualites\/no\/denne-minnemynten-er-blant-de-dyreste-pa-markedet\/\" \/>\n<meta property=\"og:locale\" content=\"fr_FR\" \/>\n<meta property=\"og:type\" content=\"article\" \/>\n<meta property=\"og:title\" content=\"Denne minnemynten er blant de dyreste p\u00e5 markedet\" \/>\n<meta property=\"og:description\" content=\"Verden av myntsamling er langt mer enn en enkel hobby. Det er et sted der historie, kultur og \u00f8konomi veves sammen p\u00e5 fascinerende vis. Mange\" \/>\n<meta property=\"og:url\" content=\"https:\/\/www.svalbard.fr\/actualites\/no\/denne-minnemynten-er-blant-de-dyreste-pa-markedet\/\" \/>\n<meta property=\"og:site_name\" content=\"www.Svalbard.fr\" \/>\n<meta property=\"article:published_time\" content=\"2025-06-25T05:50:00+00:00\" \/>\n<meta property=\"article:modified_time\" content=\"2025-06-23T07:50:39+00:00\" \/>\n<meta property=\"og:image\" content=\"https:\/\/www.svalbard.fr\/actualites\/wp-content\/uploads\/2025\/06\/piece-commemorative-1.jpg\" \/>\n\t<meta property=\"og:image:width\" content=\"1200\" \/>\n\t<meta property=\"og:image:height\" content=\"800\" \/>\n\t<meta property=\"og:image:type\" content=\"image\/jpeg\" \/>\n<meta name=\"author\" content=\"Guillaume Chen\" \/>\n<meta name=\"twitter:card\" content=\"summary_large_image\" \/>\n<meta name=\"twitter:label1\" content=\"\u00c9crit par\" \/>\n\t<meta name=\"twitter:data1\" content=\"Guillaume Chen\" \/>\n\t<meta name=\"twitter:label2\" content=\"Dur\u00e9e de lecture estim\u00e9e\" \/>\n\t<meta name=\"twitter:data2\" content=\"3 minutes\" \/>\n<script type=\"application\/ld+json\" class=\"yoast-schema-graph\">{\"@context\":\"https:\/\/schema.org\",\"@graph\":[{\"@type\":\"Article\",\"@id\":\"https:\/\/www.svalbard.fr\/actualites\/no\/denne-minnemynten-er-blant-de-dyreste-pa-markedet\/#article\",\"isPartOf\":{\"@id\":\"https:\/\/www.svalbard.fr\/actualites\/no\/denne-minnemynten-er-blant-de-dyreste-pa-markedet\/\"},\"author\":{\"name\":\"Guillaume Chen\",\"@id\":\"https:\/\/www.svalbard.fr\/actualites\/#\/schema\/person\/b9d185560b94bff7322d37cb676ee545\"},\"headline\":\"Denne minnemynten er blant de dyreste p\u00e5 markedet\",\"datePublished\":\"2025-06-25T05:50:00+00:00\",\"dateModified\":\"2025-06-23T07:50:39+00:00\",\"mainEntityOfPage\":{\"@id\":\"https:\/\/www.svalbard.fr\/actualites\/no\/denne-minnemynten-er-blant-de-dyreste-pa-markedet\/\"},\"wordCount\":481,\"publisher\":{\"@id\":\"https:\/\/www.svalbard.fr\/actualites\/#organization\"},\"articleSection\":[\"Trender\"],\"inLanguage\":\"fr-FR\"},{\"@type\":\"WebPage\",\"@id\":\"https:\/\/www.svalbard.fr\/actualites\/no\/denne-minnemynten-er-blant-de-dyreste-pa-markedet\/\",\"url\":\"https:\/\/www.svalbard.fr\/actualites\/no\/denne-minnemynten-er-blant-de-dyreste-pa-markedet\/\",\"name\":\"Denne minnemynten er blant de dyreste p\u00e5 markedet\",\"isPartOf\":{\"@id\":\"https:\/\/www.svalbard.fr\/actualites\/#website\"},\"datePublished\":\"2025-06-25T05:50:00+00:00\",\"dateModified\":\"2025-06-23T07:50:39+00:00\",\"breadcrumb\":{\"@id\":\"https:\/\/www.svalbard.fr\/actualites\/no\/denne-minnemynten-er-blant-de-dyreste-pa-markedet\/#breadcrumb\"},\"inLanguage\":\"fr-FR\",\"potentialAction\":[{\"@type\":\"ReadAction\",\"target\":[\"https:\/\/www.svalbard.fr\/actualites\/no\/denne-minnemynten-er-blant-de-dyreste-pa-markedet\/\"]}]},{\"@type\":\"BreadcrumbList\",\"@id\":\"https:\/\/www.svalbard.fr\/actualites\/no\/denne-minnemynten-er-blant-de-dyreste-pa-markedet\/#breadcrumb\",\"itemListElement\":[{\"@type\":\"ListItem\",\"position\":1,\"name\":\"Accueil\",\"item\":\"https:\/\/www.svalbard.fr\/actualites\/\"},{\"@type\":\"ListItem\",\"position\":2,\"name\":\"Denne minnemynten er blant de dyreste p\u00e5 markedet\"}]},{\"@type\":\"WebSite\",\"@id\":\"https:\/\/www.svalbard.fr\/actualites\/#website\",\"url\":\"https:\/\/www.svalbard.fr\/actualites\/\",\"name\":\"www.Svalbard.fr\",\"description\":\"\",\"publisher\":{\"@id\":\"https:\/\/www.svalbard.fr\/actualites\/#organization\"},\"potentialAction\":[{\"@type\":\"SearchAction\",\"target\":{\"@type\":\"EntryPoint\",\"urlTemplate\":\"https:\/\/www.svalbard.fr\/actualites\/?s={search_term_string}\"},\"query-input\":\"required name=search_term_string\"}],\"inLanguage\":\"fr-FR\"},{\"@type\":\"Organization\",\"@id\":\"https:\/\/www.svalbard.fr\/actualites\/#organization\",\"name\":\"www.Svalbard.fr\",\"url\":\"https:\/\/www.svalbard.fr\/actualites\/\",\"logo\":{\"@type\":\"ImageObject\",\"inLanguage\":\"fr-FR\",\"@id\":\"https:\/\/www.svalbard.fr\/actualites\/#\/schema\/logo\/image\/\",\"url\":\"https:\/\/www.svalbard.fr\/actualites\/wp-content\/uploads\/2023\/09\/head-nom.jpg\",\"contentUrl\":\"https:\/\/www.svalbard.fr\/actualites\/wp-content\/uploads\/2023\/09\/head-nom.jpg\",\"width\":264,\"height\":35,\"caption\":\"www.Svalbard.fr\"},\"image\":{\"@id\":\"https:\/\/www.svalbard.fr\/actualites\/#\/schema\/logo\/image\/\"}},{\"@type\":\"Person\",\"@id\":\"https:\/\/www.svalbard.fr\/actualites\/#\/schema\/person\/b9d185560b94bff7322d37cb676ee545\",\"name\":\"Guillaume Chen\",\"image\":{\"@type\":\"ImageObject\",\"inLanguage\":\"fr-FR\",\"@id\":\"https:\/\/www.svalbard.fr\/actualites\/#\/schema\/person\/image\/\",\"url\":\"https:\/\/secure.gravatar.com\/avatar\/0c3f9c94586035b795ad4049a06fb048?s=96&d=mm&r=g\",\"contentUrl\":\"https:\/\/secure.gravatar.com\/avatar\/0c3f9c94586035b795ad4049a06fb048?s=96&d=mm&r=g\",\"caption\":\"Guillaume Chen\"},\"sameAs\":[\"https:\/\/www.svalbard.fr\/\"]}]}<\/script>\n<!-- \/ Yoast SEO plugin. -->","yoast_head_json":{"title":"Denne minnemynten er blant de dyreste p\u00e5 markedet","robots":{"index":"index","follow":"follow","max-snippet":"max-snippet:-1","max-image-preview":"max-image-preview:large","max-video-preview":"max-video-preview:-1"},"canonical":"https:\/\/www.svalbard.fr\/actualites\/no\/denne-minnemynten-er-blant-de-dyreste-pa-markedet\/","og_locale":"fr_FR","og_type":"article","og_title":"Denne minnemynten er blant de dyreste p\u00e5 markedet","og_description":"Verden av myntsamling er langt mer enn en enkel hobby. Det er et sted der historie, kultur og \u00f8konomi veves sammen p\u00e5 fascinerende vis. Mange","og_url":"https:\/\/www.svalbard.fr\/actualites\/no\/denne-minnemynten-er-blant-de-dyreste-pa-markedet\/","og_site_name":"www.Svalbard.fr","article_published_time":"2025-06-25T05:50:00+00:00","article_modified_time":"2025-06-23T07:50:39+00:00","og_image":[{"width":1200,"height":800,"url":"https:\/\/www.svalbard.fr\/actualites\/wp-content\/uploads\/2025\/06\/piece-commemorative-1.jpg","type":"image\/jpeg"}],"author":"Guillaume Chen","twitter_card":"summary_large_image","twitter_misc":{"\u00c9crit par":"Guillaume Chen","Dur\u00e9e de lecture estim\u00e9e":"3 minutes"},"schema":{"@context":"https:\/\/schema.org","@graph":[{"@type":"Article","@id":"https:\/\/www.svalbard.fr\/actualites\/no\/denne-minnemynten-er-blant-de-dyreste-pa-markedet\/#article","isPartOf":{"@id":"https:\/\/www.svalbard.fr\/actualites\/no\/denne-minnemynten-er-blant-de-dyreste-pa-markedet\/"},"author":{"name":"Guillaume Chen","@id":"https:\/\/www.svalbard.fr\/actualites\/#\/schema\/person\/b9d185560b94bff7322d37cb676ee545"},"headline":"Denne minnemynten er blant de dyreste p\u00e5 markedet","datePublished":"2025-06-25T05:50:00+00:00","dateModified":"2025-06-23T07:50:39+00:00","mainEntityOfPage":{"@id":"https:\/\/www.svalbard.fr\/actualites\/no\/denne-minnemynten-er-blant-de-dyreste-pa-markedet\/"},"wordCount":481,"publisher":{"@id":"https:\/\/www.svalbard.fr\/actualites\/#organization"},"articleSection":["Trender"],"inLanguage":"fr-FR"},{"@type":"WebPage","@id":"https:\/\/www.svalbard.fr\/actualites\/no\/denne-minnemynten-er-blant-de-dyreste-pa-markedet\/","url":"https:\/\/www.svalbard.fr\/actualites\/no\/denne-minnemynten-er-blant-de-dyreste-pa-markedet\/","name":"Denne minnemynten er blant de dyreste p\u00e5 markedet","isPartOf":{"@id":"https:\/\/www.svalbard.fr\/actualites\/#website"},"datePublished":"2025-06-25T05:50:00+00:00","dateModified":"2025-06-23T07:50:39+00:00","breadcrumb":{"@id":"https:\/\/www.svalbard.fr\/actualites\/no\/denne-minnemynten-er-blant-de-dyreste-pa-markedet\/#breadcrumb"},"inLanguage":"fr-FR","potentialAction":[{"@type":"ReadAction","target":["https:\/\/www.svalbard.fr\/actualites\/no\/denne-minnemynten-er-blant-de-dyreste-pa-markedet\/"]}]},{"@type":"BreadcrumbList","@id":"https:\/\/www.svalbard.fr\/actualites\/no\/denne-minnemynten-er-blant-de-dyreste-pa-markedet\/#breadcrumb","itemListElement":[{"@type":"ListItem","position":1,"name":"Accueil","item":"https:\/\/www.svalbard.fr\/actualites\/"},{"@type":"ListItem","position":2,"name":"Denne minnemynten er blant de dyreste p\u00e5 markedet"}]},{"@type":"WebSite","@id":"https:\/\/www.svalbard.fr\/actualites\/#website","url":"https:\/\/www.svalbard.fr\/actualites\/","name":"www.Svalbard.fr","description":"","publisher":{"@id":"https:\/\/www.svalbard.fr\/actualites\/#organization"},"potentialAction":[{"@type":"SearchAction","target":{"@type":"EntryPoint","urlTemplate":"https:\/\/www.svalbard.fr\/actualites\/?s={search_term_string}"},"query-input":"required name=search_term_string"}],"inLanguage":"fr-FR"},{"@type":"Organization","@id":"https:\/\/www.svalbard.fr\/actualites\/#organization","name":"www.Svalbard.fr","url":"https:\/\/www.svalbard.fr\/actualites\/","logo":{"@type":"ImageObject","inLanguage":"fr-FR","@id":"https:\/\/www.svalbard.fr\/actualites\/#\/schema\/logo\/image\/","url":"https:\/\/www.svalbard.fr\/actualites\/wp-content\/uploads\/2023\/09\/head-nom.jpg","contentUrl":"https:\/\/www.svalbard.fr\/actualites\/wp-content\/uploads\/2023\/09\/head-nom.jpg","width":264,"height":35,"caption":"www.Svalbard.fr"},"image":{"@id":"https:\/\/www.svalbard.fr\/actualites\/#\/schema\/logo\/image\/"}},{"@type":"Person","@id":"https:\/\/www.svalbard.fr\/actualites\/#\/schema\/person\/b9d185560b94bff7322d37cb676ee545","name":"Guillaume Chen","image":{"@type":"ImageObject","inLanguage":"fr-FR","@id":"https:\/\/www.svalbard.fr\/actualites\/#\/schema\/person\/image\/","url":"https:\/\/secure.gravatar.com\/avatar\/0c3f9c94586035b795ad4049a06fb048?s=96&d=mm&r=g","contentUrl":"https:\/\/secure.gravatar.com\/avatar\/0c3f9c94586035b795ad4049a06fb048?s=96&d=mm&r=g","caption":"Guillaume Chen"},"sameAs":["https:\/\/www.svalbard.fr\/"]}]}},"_links":{"self":[{"href":"https:\/\/www.svalbard.fr\/actualites\/wp-json\/wp\/v2\/posts\/4336"}],"collection":[{"href":"https:\/\/www.svalbard.fr\/actualites\/wp-json\/wp\/v2\/posts"}],"about":[{"href":"https:\/\/www.svalbard.fr\/actualites\/wp-json\/wp\/v2\/types\/post"}],"author":[{"embeddable":true,"href":"https:\/\/www.svalbard.fr\/actualites\/wp-json\/wp\/v2\/users\/3"}],"replies":[{"embeddable":true,"href":"https:\/\/www.svalbard.fr\/actualites\/wp-json\/wp\/v2\/comments?post=4336"}],"version-history":[{"count":1,"href":"https:\/\/www.svalbard.fr\/actualites\/wp-json\/wp\/v2\/posts\/4336\/revisions"}],"predecessor-version":[{"id":4338,"href":"https:\/\/www.svalbard.fr\/actualites\/wp-json\/wp\/v2\/posts\/4336\/revisions\/4338"}],"wp:featuredmedia":[{"embeddable":true,"href":"https:\/\/www.svalbard.fr\/actualites\/wp-json\/wp\/v2\/media\/4337"}],"wp:attachment":[{"href":"https:\/\/www.svalbard.fr\/actualites\/wp-json\/wp\/v2\/media?parent=4336"}],"wp:term":[{"taxonomy":"category","embeddable":true,"href":"https:\/\/www.svalbard.fr\/actualites\/wp-json\/wp\/v2\/categories?post=4336"},{"taxonomy":"post_tag","embeddable":true,"href":"https:\/\/www.svalbard.fr\/actualites\/wp-json\/wp\/v2\/tags?post=4336"}],"curies":[{"name":"wp","href":"https:\/\/api.w.org\/{rel}","templated":true}]}}