{"id":4389,"date":"2025-06-27T10:30:00","date_gmt":"2025-06-27T08:30:00","guid":{"rendered":"https:\/\/www.svalbard.fr\/actualites\/?p=4389"},"modified":"2025-06-24T09:15:54","modified_gmt":"2025-06-24T07:15:54","slug":"le-nouveau-geant-des-airs-capable-de-transporter-des-eoliennes-mondiales","status":"publish","type":"post","link":"https:\/\/www.svalbard.fr\/actualites\/le-nouveau-geant-des-airs-capable-de-transporter-des-eoliennes-mondiales\/","title":{"rendered":"Le nouveau g\u00e9ant des airs : capable de transporter des \u00e9oliennes mondiales !"},"content":{"rendered":"\n<p><strong><em>Dans le monde de l\u2019aviation, une nouvelle prouesse attire l&rsquo;attention : un avion con\u00e7u pour transporter des <\/em><\/strong><strong><em>pales d\u2019\u00e9oliennes<\/em><\/strong><strong><em> g\u00e9antes, parfois aussi longues qu&rsquo;un terrain de football. Une innovation qui pourrait bien red\u00e9finir la mani\u00e8re dont les parcs \u00e9oliens sont install\u00e9s et r\u00e9volutionner le secteur de l&rsquo;\u00e9nergie renouvelable, en apportant une solution aux d\u00e9fis logistiques li\u00e9s au transport routier complexe et co\u00fbteux.<\/em><\/strong><\/p>\n\n\n\n<!--more-->\n\n\n\n<h2 class=\"wp-block-heading\">Un d\u00e9fi majeur pour le secteur \u00e9olien<\/h2>\n\n\n\n<p>Avec la <strong>croissance exponentielle de la demande<\/strong> en <a href=\"https:\/\/www.svalbard.fr\/actualites\/cette-invention-americaine-resout-enfin-le-plus-gros-probleme-des-energies-renouvelables\/\"><strong>\u00e9nergie renouvelable<\/strong><\/a>, les turbines \u00e9oliennes deviennent de plus en plus grandes. Certaines pales atteignent d\u00e9sormais des longueurs impressionnantes de 121 m\u00e8tres. Mais ce gigantisme pose un v\u00e9ritable casse-t\u00eate pour leur <strong>transport<\/strong> vers les sites d\u2019installation. Entre les ponts, les virages serr\u00e9s, et les tunnels, la logistique se transforme en un d\u00e9fi redoutable pour l\u2019industrie. Un ing\u00e9nieur m\u2019avait confi\u00e9 lors d\u2019une conf\u00e9rence environnementale \u00e0 quel point le transport des pales \u00e9tait souvent plus compliqu\u00e9 que l\u2019installation elle-m\u00eame. Chaque trajet \u00e9tait une bataille contre les <strong>contraintes g\u00e9ographiques<\/strong> et les infrastructures vieillissantes.<\/p>\n\n\n\n<h2 class=\"wp-block-heading\">Radia et la conception du WindRunner<\/h2>\n\n\n\n<p>Pour r\u00e9pondre \u00e0 ce besoin urgent, la startup <strong>Radia<\/strong>, bas\u00e9e au Colorado, a con\u00e7u une solution audacieuse : le <strong>WindRunner<\/strong>. Cet avion, con\u00e7u sp\u00e9cifiquement pour transporter des pales d\u2019\u00e9oliennes g\u00e9antes, a d\u00e9j\u00e0 fait ses preuves. Il peut transporter une pale de 105 m\u00e8tres ou jusqu&rsquo;\u00e0 trois pales de 85 m\u00e8tres en une seule mission. Ce mod\u00e8le est une v\u00e9ritable bouff\u00e9e d\u2019air frais pour les fabricants et les installateurs, qui peuvent d\u00e9sormais contourner les limitations du transport terrestre.<\/p>\n\n\n\n<figure class=\"wp-block-embed is-type-video is-provider-youtube wp-block-embed-youtube wp-embed-aspect-16-9 wp-has-aspect-ratio\"><div class=\"wp-block-embed__wrapper\">\n<iframe loading=\"lazy\" title=\"Voici le nouveau colosse des airs : une capacit\u00e9 de 12 Boeing 747 et plus grand qu\u2019un stade de foot\" width=\"1200\" height=\"675\" src=\"https:\/\/www.youtube.com\/embed\/q1GPk9GF-zg?feature=oembed\" frameborder=\"0\" allow=\"accelerometer; autoplay; clipboard-write; encrypted-media; gyroscope; picture-in-picture; web-share\" referrerpolicy=\"strict-origin-when-cross-origin\" allowfullscreen><\/iframe>\n<\/div><\/figure>\n\n\n\n<h2 class=\"wp-block-heading\">Des caract\u00e9ristiques techniques hors norme<\/h2>\n\n\n\n<p>Le WindRunner ne ressemble \u00e0 aucun autre appareil. Avec des dimensions qui d\u00e9passent celles d\u2019un terrain de football et une capacit\u00e9 de cargaison \u00e9quivalente \u00e0 celle de <strong>12 Boeing 747 r\u00e9unis<\/strong>, cet avion est tout simplement colossal. Il poss\u00e8de un syst\u00e8me ing\u00e9nieux qui permet de relever son nez pour faciliter le <strong>chargement<\/strong> et le <strong>d\u00e9chargement<\/strong> de ces g\u00e9ants de la nature. Je me souviens d\u2019une visite dans un hangar, il y a quelques ann\u00e9es, o\u00f9 j\u2019avais \u00e9t\u00e9 impressionn\u00e9 par la taille d\u2019un cargo militaire. Mais ici, le WindRunner pousse encore plus loin les limites de l\u2019<strong>ing\u00e9nierie <a href=\"https:\/\/www.svalbard.fr\/actualites\/le-revenu-dun-ingenieur-en-aeronautique-ce-que-vous-devez-savoir-en-2025\/\">a\u00e9ronautique<\/a><\/strong>.<\/p>\n\n\n\n<figure class=\"wp-block-embed is-type-video is-provider-youtube wp-block-embed-youtube wp-embed-aspect-16-9 wp-has-aspect-ratio\"><div class=\"wp-block-embed__wrapper\">\n<iframe loading=\"lazy\" title=\"Wind Runner - The World&#039;s Largest Aircraft\" width=\"1200\" height=\"675\" src=\"https:\/\/www.youtube.com\/embed\/Wvf80kd5L6U?feature=oembed\" frameborder=\"0\" allow=\"accelerometer; autoplay; clipboard-write; encrypted-media; gyroscope; picture-in-picture; web-share\" referrerpolicy=\"strict-origin-when-cross-origin\" allowfullscreen><\/iframe>\n<\/div><\/figure>\n\n\n\n<h2 class=\"wp-block-heading\">Un atout strat\u00e9gique pour l\u2019\u00e9nergie \u00e9olienne<\/h2>\n\n\n\n<p>Au-del\u00e0 de sa taille, le WindRunner r\u00e9pond \u00e0 une question strat\u00e9gique dans le secteur de l\u2019<strong>\u00e9nergie \u00e9olienne<\/strong> : comment faciliter l\u2019installation des parcs \u00e9oliens dans des zones recul\u00e9es ou difficiles d\u2019acc\u00e8s ? Cette avanc\u00e9e pourrait encourager l&rsquo;implantation de nouvelles fermes \u00e9oliennes, notamment dans des r\u00e9gions o\u00f9 les infrastructures routi\u00e8res sont insuffisantes. Des experts du <strong>Global Wind Energy Council<\/strong> affirment que cette innovation pourrait stimuler la production d\u2019\u00e9nergie dans des zones sous-exploit\u00e9es, en particulier dans des r\u00e9gions d&rsquo;<strong>Afrique<\/strong> et d&rsquo;<strong>Asie<\/strong>.<\/p>\n\n\n\n<h2 class=\"wp-block-heading\">Des r\u00e9percussions consid\u00e9rables sur la production \u00e9nerg\u00e9tique<\/h2>\n\n\n\n<p>Les capacit\u00e9s du WindRunner ont un potentiel consid\u00e9rable pour transformer le secteur de l\u2019\u00e9nergie \u00e9olienne. En permettant de <strong>transporter<\/strong> des composants essentiels dans des zones peu am\u00e9nag\u00e9es, cet avion pourrait bien ouvrir de nouvelles portes pour la production d\u2019<strong>\u00e9nergie verte<\/strong>. Dans certaines r\u00e9gions du monde, comme en Afrique ou en Asie, le transport des grandes structures a frein\u00e9 le d\u00e9ploiement de turbines. La capacit\u00e9 du WindRunner \u00e0 op\u00e9rer sur des pistes moins d\u00e9velopp\u00e9es offre des <strong>perspectives int\u00e9ressantes<\/strong> pour r\u00e9pondre \u00e0 la demande mondiale d\u2019\u00e9nergie renouvelable.<\/p>\n\n\n\n<h2 class=\"wp-block-heading\">Un pas de plus vers un futur plus vert<\/h2>\n\n\n\n<p>Le WindRunner n\u2019est pas qu\u2019un simple <strong>avion hors normes<\/strong>, c\u2019est un acteur cl\u00e9 dans la transition \u00e9nerg\u00e9tique. Il permet de rendre l\u2019\u00e9nergie \u00e9olienne plus accessible, plus rapide \u00e0 d\u00e9ployer et plus rentable \u00e0 mettre en \u0153uvre. \u00c0 une \u00e9poque o\u00f9 la lutte contre le <strong>changement climatique<\/strong> est urgente, chaque <strong>avanc\u00e9e technologique<\/strong> comme celle-ci nous rapproche d\u2019un avenir plus respectueux de l\u2019environnement. En facilitant l\u2019extension de l\u2019\u00e9nergie \u00e9olienne, Radia contribue \u00e0 l\u2019essor d\u2019une <strong>\u00e9nergie propre<\/strong> et durable pour le futur.<\/p>\n","protected":false},"excerpt":{"rendered":"<p>Dans le monde de l\u2019aviation, une nouvelle prouesse attire l&rsquo;attention : un avion con\u00e7u pour transporter des pales d\u2019\u00e9oliennes g\u00e9antes, parfois aussi longues qu&rsquo;un terrain<\/p>\n","protected":false},"author":3,"featured_media":4390,"comment_status":"closed","ping_status":"closed","sticky":false,"template":"","format":"standard","meta":{"footnotes":""},"categories":[1725],"tags":[],"yoast_head":"<!-- This site is optimized with the Yoast SEO plugin v21.0 - https:\/\/yoast.com\/wordpress\/plugins\/seo\/ -->\n<title>Le nouveau g\u00e9ant des airs : capable de transporter des \u00e9oliennes mondiales !<\/title>\n<meta name=\"robots\" content=\"index, follow, max-snippet:-1, max-image-preview:large, max-video-preview:-1\" \/>\n<link rel=\"canonical\" href=\"https:\/\/www.svalbard.fr\/actualites\/le-nouveau-geant-des-airs-capable-de-transporter-des-eoliennes-mondiales\/\" \/>\n<meta property=\"og:locale\" content=\"fr_FR\" \/>\n<meta property=\"og:type\" content=\"article\" \/>\n<meta property=\"og:title\" content=\"Le nouveau g\u00e9ant des airs : capable de transporter des \u00e9oliennes mondiales !\" \/>\n<meta property=\"og:description\" content=\"Dans le monde de l\u2019aviation, une nouvelle prouesse attire l&rsquo;attention : un avion con\u00e7u pour transporter des pales d\u2019\u00e9oliennes g\u00e9antes, parfois aussi longues qu&rsquo;un terrain\" \/>\n<meta property=\"og:url\" content=\"https:\/\/www.svalbard.fr\/actualites\/le-nouveau-geant-des-airs-capable-de-transporter-des-eoliennes-mondiales\/\" \/>\n<meta property=\"og:site_name\" content=\"www.Svalbard.fr\" \/>\n<meta property=\"article:published_time\" content=\"2025-06-27T08:30:00+00:00\" \/>\n<meta property=\"article:modified_time\" content=\"2025-06-24T07:15:54+00:00\" \/>\n<meta property=\"og:image\" content=\"https:\/\/www.svalbard.fr\/actualites\/wp-content\/uploads\/2025\/06\/Le-nouveau-geant-des-airs.jpg\" \/>\n\t<meta property=\"og:image:width\" content=\"1200\" \/>\n\t<meta property=\"og:image:height\" content=\"800\" \/>\n\t<meta property=\"og:image:type\" content=\"image\/jpeg\" \/>\n<meta name=\"author\" content=\"Guillaume Chen\" \/>\n<meta name=\"twitter:card\" content=\"summary_large_image\" \/>\n<meta name=\"twitter:label1\" content=\"\u00c9crit par\" \/>\n\t<meta name=\"twitter:data1\" content=\"Guillaume Chen\" \/>\n\t<meta name=\"twitter:label2\" content=\"Dur\u00e9e de lecture estim\u00e9e\" \/>\n\t<meta name=\"twitter:data2\" content=\"4 minutes\" \/>\n<script type=\"application\/ld+json\" class=\"yoast-schema-graph\">{\"@context\":\"https:\/\/schema.org\",\"@graph\":[{\"@type\":\"Article\",\"@id\":\"https:\/\/www.svalbard.fr\/actualites\/le-nouveau-geant-des-airs-capable-de-transporter-des-eoliennes-mondiales\/#article\",\"isPartOf\":{\"@id\":\"https:\/\/www.svalbard.fr\/actualites\/le-nouveau-geant-des-airs-capable-de-transporter-des-eoliennes-mondiales\/\"},\"author\":{\"name\":\"Guillaume Chen\",\"@id\":\"https:\/\/www.svalbard.fr\/actualites\/#\/schema\/person\/b9d185560b94bff7322d37cb676ee545\"},\"headline\":\"Le nouveau g\u00e9ant des airs : capable de transporter des \u00e9oliennes mondiales !\",\"datePublished\":\"2025-06-27T08:30:00+00:00\",\"dateModified\":\"2025-06-24T07:15:54+00:00\",\"mainEntityOfPage\":{\"@id\":\"https:\/\/www.svalbard.fr\/actualites\/le-nouveau-geant-des-airs-capable-de-transporter-des-eoliennes-mondiales\/\"},\"wordCount\":725,\"publisher\":{\"@id\":\"https:\/\/www.svalbard.fr\/actualites\/#organization\"},\"articleSection\":[\"Tendances\"],\"inLanguage\":\"fr-FR\"},{\"@type\":\"WebPage\",\"@id\":\"https:\/\/www.svalbard.fr\/actualites\/le-nouveau-geant-des-airs-capable-de-transporter-des-eoliennes-mondiales\/\",\"url\":\"https:\/\/www.svalbard.fr\/actualites\/le-nouveau-geant-des-airs-capable-de-transporter-des-eoliennes-mondiales\/\",\"name\":\"Le nouveau g\u00e9ant des airs : capable de transporter des \u00e9oliennes mondiales !\",\"isPartOf\":{\"@id\":\"https:\/\/www.svalbard.fr\/actualites\/#website\"},\"datePublished\":\"2025-06-27T08:30:00+00:00\",\"dateModified\":\"2025-06-24T07:15:54+00:00\",\"breadcrumb\":{\"@id\":\"https:\/\/www.svalbard.fr\/actualites\/le-nouveau-geant-des-airs-capable-de-transporter-des-eoliennes-mondiales\/#breadcrumb\"},\"inLanguage\":\"fr-FR\",\"potentialAction\":[{\"@type\":\"ReadAction\",\"target\":[\"https:\/\/www.svalbard.fr\/actualites\/le-nouveau-geant-des-airs-capable-de-transporter-des-eoliennes-mondiales\/\"]}]},{\"@type\":\"BreadcrumbList\",\"@id\":\"https:\/\/www.svalbard.fr\/actualites\/le-nouveau-geant-des-airs-capable-de-transporter-des-eoliennes-mondiales\/#breadcrumb\",\"itemListElement\":[{\"@type\":\"ListItem\",\"position\":1,\"name\":\"Accueil\",\"item\":\"https:\/\/www.svalbard.fr\/actualites\/\"},{\"@type\":\"ListItem\",\"position\":2,\"name\":\"Le nouveau g\u00e9ant des airs : capable de transporter des \u00e9oliennes mondiales !\"}]},{\"@type\":\"WebSite\",\"@id\":\"https:\/\/www.svalbard.fr\/actualites\/#website\",\"url\":\"https:\/\/www.svalbard.fr\/actualites\/\",\"name\":\"www.Svalbard.fr\",\"description\":\"\",\"publisher\":{\"@id\":\"https:\/\/www.svalbard.fr\/actualites\/#organization\"},\"potentialAction\":[{\"@type\":\"SearchAction\",\"target\":{\"@type\":\"EntryPoint\",\"urlTemplate\":\"https:\/\/www.svalbard.fr\/actualites\/?s={search_term_string}\"},\"query-input\":\"required name=search_term_string\"}],\"inLanguage\":\"fr-FR\"},{\"@type\":\"Organization\",\"@id\":\"https:\/\/www.svalbard.fr\/actualites\/#organization\",\"name\":\"www.Svalbard.fr\",\"url\":\"https:\/\/www.svalbard.fr\/actualites\/\",\"logo\":{\"@type\":\"ImageObject\",\"inLanguage\":\"fr-FR\",\"@id\":\"https:\/\/www.svalbard.fr\/actualites\/#\/schema\/logo\/image\/\",\"url\":\"https:\/\/www.svalbard.fr\/actualites\/wp-content\/uploads\/2023\/09\/head-nom.jpg\",\"contentUrl\":\"https:\/\/www.svalbard.fr\/actualites\/wp-content\/uploads\/2023\/09\/head-nom.jpg\",\"width\":264,\"height\":35,\"caption\":\"www.Svalbard.fr\"},\"image\":{\"@id\":\"https:\/\/www.svalbard.fr\/actualites\/#\/schema\/logo\/image\/\"}},{\"@type\":\"Person\",\"@id\":\"https:\/\/www.svalbard.fr\/actualites\/#\/schema\/person\/b9d185560b94bff7322d37cb676ee545\",\"name\":\"Guillaume Chen\",\"image\":{\"@type\":\"ImageObject\",\"inLanguage\":\"fr-FR\",\"@id\":\"https:\/\/www.svalbard.fr\/actualites\/#\/schema\/person\/image\/\",\"url\":\"https:\/\/secure.gravatar.com\/avatar\/0c3f9c94586035b795ad4049a06fb048?s=96&d=mm&r=g\",\"contentUrl\":\"https:\/\/secure.gravatar.com\/avatar\/0c3f9c94586035b795ad4049a06fb048?s=96&d=mm&r=g\",\"caption\":\"Guillaume Chen\"},\"sameAs\":[\"https:\/\/www.svalbard.fr\/\"]}]}<\/script>\n<!-- \/ Yoast SEO plugin. -->","yoast_head_json":{"title":"Le nouveau g\u00e9ant des airs : capable de transporter des \u00e9oliennes mondiales !","robots":{"index":"index","follow":"follow","max-snippet":"max-snippet:-1","max-image-preview":"max-image-preview:large","max-video-preview":"max-video-preview:-1"},"canonical":"https:\/\/www.svalbard.fr\/actualites\/le-nouveau-geant-des-airs-capable-de-transporter-des-eoliennes-mondiales\/","og_locale":"fr_FR","og_type":"article","og_title":"Le nouveau g\u00e9ant des airs : capable de transporter des \u00e9oliennes mondiales !","og_description":"Dans le monde de l\u2019aviation, une nouvelle prouesse attire l&rsquo;attention : un avion con\u00e7u pour transporter des pales d\u2019\u00e9oliennes g\u00e9antes, parfois aussi longues qu&rsquo;un terrain","og_url":"https:\/\/www.svalbard.fr\/actualites\/le-nouveau-geant-des-airs-capable-de-transporter-des-eoliennes-mondiales\/","og_site_name":"www.Svalbard.fr","article_published_time":"2025-06-27T08:30:00+00:00","article_modified_time":"2025-06-24T07:15:54+00:00","og_image":[{"width":1200,"height":800,"url":"https:\/\/www.svalbard.fr\/actualites\/wp-content\/uploads\/2025\/06\/Le-nouveau-geant-des-airs.jpg","type":"image\/jpeg"}],"author":"Guillaume Chen","twitter_card":"summary_large_image","twitter_misc":{"\u00c9crit par":"Guillaume Chen","Dur\u00e9e de lecture estim\u00e9e":"4 minutes"},"schema":{"@context":"https:\/\/schema.org","@graph":[{"@type":"Article","@id":"https:\/\/www.svalbard.fr\/actualites\/le-nouveau-geant-des-airs-capable-de-transporter-des-eoliennes-mondiales\/#article","isPartOf":{"@id":"https:\/\/www.svalbard.fr\/actualites\/le-nouveau-geant-des-airs-capable-de-transporter-des-eoliennes-mondiales\/"},"author":{"name":"Guillaume Chen","@id":"https:\/\/www.svalbard.fr\/actualites\/#\/schema\/person\/b9d185560b94bff7322d37cb676ee545"},"headline":"Le nouveau g\u00e9ant des airs : capable de transporter des \u00e9oliennes mondiales !","datePublished":"2025-06-27T08:30:00+00:00","dateModified":"2025-06-24T07:15:54+00:00","mainEntityOfPage":{"@id":"https:\/\/www.svalbard.fr\/actualites\/le-nouveau-geant-des-airs-capable-de-transporter-des-eoliennes-mondiales\/"},"wordCount":725,"publisher":{"@id":"https:\/\/www.svalbard.fr\/actualites\/#organization"},"articleSection":["Tendances"],"inLanguage":"fr-FR"},{"@type":"WebPage","@id":"https:\/\/www.svalbard.fr\/actualites\/le-nouveau-geant-des-airs-capable-de-transporter-des-eoliennes-mondiales\/","url":"https:\/\/www.svalbard.fr\/actualites\/le-nouveau-geant-des-airs-capable-de-transporter-des-eoliennes-mondiales\/","name":"Le nouveau g\u00e9ant des airs : capable de transporter des \u00e9oliennes mondiales !","isPartOf":{"@id":"https:\/\/www.svalbard.fr\/actualites\/#website"},"datePublished":"2025-06-27T08:30:00+00:00","dateModified":"2025-06-24T07:15:54+00:00","breadcrumb":{"@id":"https:\/\/www.svalbard.fr\/actualites\/le-nouveau-geant-des-airs-capable-de-transporter-des-eoliennes-mondiales\/#breadcrumb"},"inLanguage":"fr-FR","potentialAction":[{"@type":"ReadAction","target":["https:\/\/www.svalbard.fr\/actualites\/le-nouveau-geant-des-airs-capable-de-transporter-des-eoliennes-mondiales\/"]}]},{"@type":"BreadcrumbList","@id":"https:\/\/www.svalbard.fr\/actualites\/le-nouveau-geant-des-airs-capable-de-transporter-des-eoliennes-mondiales\/#breadcrumb","itemListElement":[{"@type":"ListItem","position":1,"name":"Accueil","item":"https:\/\/www.svalbard.fr\/actualites\/"},{"@type":"ListItem","position":2,"name":"Le nouveau g\u00e9ant des airs : capable de transporter des \u00e9oliennes mondiales !"}]},{"@type":"WebSite","@id":"https:\/\/www.svalbard.fr\/actualites\/#website","url":"https:\/\/www.svalbard.fr\/actualites\/","name":"www.Svalbard.fr","description":"","publisher":{"@id":"https:\/\/www.svalbard.fr\/actualites\/#organization"},"potentialAction":[{"@type":"SearchAction","target":{"@type":"EntryPoint","urlTemplate":"https:\/\/www.svalbard.fr\/actualites\/?s={search_term_string}"},"query-input":"required name=search_term_string"}],"inLanguage":"fr-FR"},{"@type":"Organization","@id":"https:\/\/www.svalbard.fr\/actualites\/#organization","name":"www.Svalbard.fr","url":"https:\/\/www.svalbard.fr\/actualites\/","logo":{"@type":"ImageObject","inLanguage":"fr-FR","@id":"https:\/\/www.svalbard.fr\/actualites\/#\/schema\/logo\/image\/","url":"https:\/\/www.svalbard.fr\/actualites\/wp-content\/uploads\/2023\/09\/head-nom.jpg","contentUrl":"https:\/\/www.svalbard.fr\/actualites\/wp-content\/uploads\/2023\/09\/head-nom.jpg","width":264,"height":35,"caption":"www.Svalbard.fr"},"image":{"@id":"https:\/\/www.svalbard.fr\/actualites\/#\/schema\/logo\/image\/"}},{"@type":"Person","@id":"https:\/\/www.svalbard.fr\/actualites\/#\/schema\/person\/b9d185560b94bff7322d37cb676ee545","name":"Guillaume Chen","image":{"@type":"ImageObject","inLanguage":"fr-FR","@id":"https:\/\/www.svalbard.fr\/actualites\/#\/schema\/person\/image\/","url":"https:\/\/secure.gravatar.com\/avatar\/0c3f9c94586035b795ad4049a06fb048?s=96&d=mm&r=g","contentUrl":"https:\/\/secure.gravatar.com\/avatar\/0c3f9c94586035b795ad4049a06fb048?s=96&d=mm&r=g","caption":"Guillaume Chen"},"sameAs":["https:\/\/www.svalbard.fr\/"]}]}},"_links":{"self":[{"href":"https:\/\/www.svalbard.fr\/actualites\/wp-json\/wp\/v2\/posts\/4389"}],"collection":[{"href":"https:\/\/www.svalbard.fr\/actualites\/wp-json\/wp\/v2\/posts"}],"about":[{"href":"https:\/\/www.svalbard.fr\/actualites\/wp-json\/wp\/v2\/types\/post"}],"author":[{"embeddable":true,"href":"https:\/\/www.svalbard.fr\/actualites\/wp-json\/wp\/v2\/users\/3"}],"replies":[{"embeddable":true,"href":"https:\/\/www.svalbard.fr\/actualites\/wp-json\/wp\/v2\/comments?post=4389"}],"version-history":[{"count":1,"href":"https:\/\/www.svalbard.fr\/actualites\/wp-json\/wp\/v2\/posts\/4389\/revisions"}],"predecessor-version":[{"id":4391,"href":"https:\/\/www.svalbard.fr\/actualites\/wp-json\/wp\/v2\/posts\/4389\/revisions\/4391"}],"wp:featuredmedia":[{"embeddable":true,"href":"https:\/\/www.svalbard.fr\/actualites\/wp-json\/wp\/v2\/media\/4390"}],"wp:attachment":[{"href":"https:\/\/www.svalbard.fr\/actualites\/wp-json\/wp\/v2\/media?parent=4389"}],"wp:term":[{"taxonomy":"category","embeddable":true,"href":"https:\/\/www.svalbard.fr\/actualites\/wp-json\/wp\/v2\/categories?post=4389"},{"taxonomy":"post_tag","embeddable":true,"href":"https:\/\/www.svalbard.fr\/actualites\/wp-json\/wp\/v2\/tags?post=4389"}],"curies":[{"name":"wp","href":"https:\/\/api.w.org\/{rel}","templated":true}]}}