{"id":4403,"date":"2025-06-30T07:50:00","date_gmt":"2025-06-30T05:50:00","guid":{"rendered":"https:\/\/www.svalbard.fr\/actualites\/?p=4403"},"modified":"2025-06-27T12:55:59","modified_gmt":"2025-06-27T10:55:59","slug":"han-ville-hevne-seg-pa-leieboeren-forvandlet-boligen-pa-sjokkerende-vis","status":"publish","type":"post","link":"https:\/\/www.svalbard.fr\/actualites\/no\/han-ville-hevne-seg-pa-leieboeren-forvandlet-boligen-pa-sjokkerende-vis\/","title":{"rendered":"Han ville hevne seg p\u00e5 leieboeren \u2013 forvandlet boligen p\u00e5 sjokkerende vis"},"content":{"rendered":"\n<p><strong><em>Forholdet mellom utleier og leieboer kan v\u00e6re skj\u00f8rt. N\u00e5r det oppst\u00e5r uenigheter om ubetalt husleie eller manglende vedlikehold, kan konflikten eskalere p\u00e5 uventede m\u00e5ter. I en sm\u00e5by i \u00d8st-Frankrike ble t\u00e5lmodigheten til en utleier satt p\u00e5 pr\u00f8ve \u2013 med et overraskende og kontroversielt resultat.<\/em><\/strong><\/p>\n\n\n\n<!--more-->\n\n\n\n<h2 class=\"wp-block-heading\">En drastisk handling i Forbach<\/h2>\n\n\n\n<p>Det finnes grenser for hva folk finner seg i. I Forbach, en kommune i Moselle-regionen, fikk en <strong>frustrert utleier<\/strong> nok etter flere \u00e5r med ubetalte husleier. I stedet for \u00e5 g\u00e5 rettens vei, valgte han en metode som sjokkerte nabolaget: Han begynte \u00e5 demontere vinduene i leiligheten han leide ut \u2013 \u00e9n etter \u00e9n. Til slutt sto kun ett vindu igjen, i rommet hvor leieboeren fortsatt bodde.<\/p>\n\n\n\n<p>Som en som har v\u00e6rt leieboer i gamle byg\u00e5rder uten oppvarming om vinteren, kan jeg bare forestille meg hvor kaldt og ulevelig dette m\u00e5 ha v\u00e6rt. Det var riktignok ikke en fysisk utkastelse, men <strong>det ble praktisk talt umulig \u00e5 bo i leiligheten<\/strong>, noe som tydelig viser hvor desperat og sint utleieren m\u00e5 ha v\u00e6rt.<\/p>\n\n\n\n<h2 class=\"wp-block-heading\">Leieboerens versjon: Et delt ansvar<\/h2>\n\n\n\n<p>Men som i de fleste konflikter, har ogs\u00e5 denne to sider. Leieboeren fikk st\u00f8tte fra en lokal <strong>boligorganisasjon<\/strong>, som mente at grunnen til betalingsproblemene var utleiers egne fors\u00f8mmelser. If\u00f8lge dem ble det lovet <strong>n\u00f8dvendige reparasjoner<\/strong> \u2013 som nytt tak og fungerende varme \u2013 men lite eller ingenting ble gjort.<\/p>\n\n\n\n<p>\u00abVi er ikke uansvarlige leieboere. Vi har faktisk g\u00e5tt rettens vei for \u00e5 f\u00e5 en l\u00f8sning,\u00bb uttalte en representant for foreningen. Dette illustrerer hvordan begge parter mente den andre ikke oppfylte sine forpliktelser \u2013 og hvordan konflikten ble en slags stillingskrig, uten verken varme eller tillit.<\/p>\n\n\n\n<h2 class=\"wp-block-heading\">N\u00e5r hevn blir juridisk risikabelt<\/h2>\n\n\n\n<p>Det \u00e5 fjerne vinduer kan virke som en form for sivil ulydighet, men det er langt fra uproblematisk. I Frankrike \u2013 som i Norge \u2013 finnes det klare <strong>lover og prosedyrer<\/strong> for hvordan man h\u00e5ndterer manglende husleie og eventuelle utkastelser. Selv om systemet kan oppleves som tregt, er det eneste lovlige alternativ.<\/p>\n\n\n\n<p>Maria Rossi, ekspert p\u00e5 eiendomsjus, sier at slike ensidige handlinger ikke bare <strong>bryter loven<\/strong>, men ogs\u00e5 \u00e5pner for <strong>s\u00f8ksm\u00e5l<\/strong> fra leieboerens side. Utleier risikerer \u00e5 m\u00e5tte betale erstatning for b\u00e5de materielle skader og brudd p\u00e5 kontrakten.<\/p>\n\n\n\n<h2 class=\"wp-block-heading\">\u00d8konomisk press p\u00e5 utleiere<\/h2>\n\n\n\n<p>Det er lett \u00e5 tenke at utleiere alltid har makten i slike forhold, men virkeligheten er ofte mer nyansert. N\u00e5r husleien uteblir, m\u00e5 utleier fortsatt dekke <strong>felleskostnader, vedlikehold og eventuelle l\u00e5n<\/strong>. I dette tilfellet f\u00f8rte den \u00f8konomiske belastningen til en handling som b\u00e5de var drastisk og feilsl\u00e5tt.<\/p>\n\n\n\n<p>Mange sm\u00e5 utleiere \u2013 spesielt de som leier ut \u00e9n eller to boliger som tilleggsinntekt \u2013 har ikke <strong>\u00f8konomisk buffer<\/strong> til \u00e5 h\u00e5ndtere langvarige konflikter. Dette kan bidra til frustrasjon og uheldige avgj\u00f8relser, som vi s\u00e5 i Forbach.<\/p>\n\n\n\n<h2 class=\"wp-block-heading\">Veien ut av konfliktene \u2013 uten drama<\/h2>\n\n\n\n<p>Historien viser hvor viktig det er med <strong>dialog og l\u00f8sninger<\/strong> f\u00f8r situasjonen spisser seg til. If\u00f8lge boligkonsulent Giuseppe Verdi finnes det flere m\u00e5ter \u00e5 forebygge slike konflikter:<\/p>\n\n\n\n<ol type=\"1\">\n<li><strong>Mekling:<\/strong> En profesjonell tredjepart kan hjelpe begge parter med \u00e5 kommunisere og finne kompromisser.<\/li>\n\n\n\n<li><strong>Tydelige kontrakter:<\/strong> Alt fra vedlikeholdsansvar til betalingsfrister b\u00f8r v\u00e6re klart formulert.<\/li>\n\n\n\n<li><strong>Juridisk r\u00e5dgivning:<\/strong> \u00c5 ha en advokat med p\u00e5 laget kan gj\u00f8re det lettere \u00e5 forst\u00e5 rettighetene sine og unng\u00e5 feilgrep.<\/li>\n\n\n\n<li><strong>Fleksible betalingsordninger:<\/strong> Midlertidige l\u00f8sninger kan hjelpe leieboere som havner i \u00f8konomisk knipe \u2013 og spare utleier for problemer p\u00e5 sikt.<\/li>\n<\/ol>\n\n\n\n<h2 class=\"wp-block-heading\">En n\u00f8dvendig balanse mellom plikter og rettigheter<\/h2>\n\n\n\n<p>Forbach-saken minner oss om at et <strong>balansert leieforhold krever gjensidig respekt<\/strong>. Utleiere b\u00f8r v\u00e6re varsomme med drastiske grep, ikke minst fordi de kan f\u00f8re til <strong>rettslige etterspill og \u00f8delagte relasjoner<\/strong>. Samtidig har ogs\u00e5 leieboere et ansvar for \u00e5 <strong>kommunisere problemer<\/strong> og s\u00f8ke hjelp tidlig.<\/p>\n\n\n\n<p>I bunn og grunn handler dette ikke bare om kontrakter og paragrafer \u2013 men om mennesker som skal bo og mennesker som skal f\u00e5 \u00f8konomien til \u00e5 g\u00e5 rundt. Med respekt, tydelighet og vilje til dialog kan de fleste konflikter faktisk l\u00f8ses \u2013 f\u00f8r noen begynner \u00e5 skru ut vinduer.<\/p>\n","protected":false},"excerpt":{"rendered":"<p>Forholdet mellom utleier og leieboer kan v\u00e6re skj\u00f8rt. N\u00e5r det oppst\u00e5r uenigheter om ubetalt husleie eller manglende vedlikehold, kan konflikten eskalere p\u00e5 uventede m\u00e5ter. I<\/p>\n","protected":false},"author":3,"featured_media":4404,"comment_status":"closed","ping_status":"closed","sticky":false,"template":"","format":"standard","meta":{"footnotes":""},"categories":[4557],"tags":[],"yoast_head":"<!-- This site is optimized with the Yoast SEO plugin v21.0 - https:\/\/yoast.com\/wordpress\/plugins\/seo\/ -->\n<title>Han ville hevne seg p\u00e5 leieboeren \u2013 forvandlet boligen p\u00e5 sjokkerende vis<\/title>\n<meta name=\"robots\" content=\"index, follow, max-snippet:-1, max-image-preview:large, max-video-preview:-1\" \/>\n<link rel=\"canonical\" href=\"https:\/\/www.svalbard.fr\/actualites\/no\/han-ville-hevne-seg-pa-leieboeren-forvandlet-boligen-pa-sjokkerende-vis\/\" \/>\n<meta property=\"og:locale\" content=\"fr_FR\" \/>\n<meta property=\"og:type\" content=\"article\" \/>\n<meta property=\"og:title\" content=\"Han ville hevne seg p\u00e5 leieboeren \u2013 forvandlet boligen p\u00e5 sjokkerende vis\" \/>\n<meta property=\"og:description\" content=\"Forholdet mellom utleier og leieboer kan v\u00e6re skj\u00f8rt. N\u00e5r det oppst\u00e5r uenigheter om ubetalt husleie eller manglende vedlikehold, kan konflikten eskalere p\u00e5 uventede m\u00e5ter. I\" \/>\n<meta property=\"og:url\" content=\"https:\/\/www.svalbard.fr\/actualites\/no\/han-ville-hevne-seg-pa-leieboeren-forvandlet-boligen-pa-sjokkerende-vis\/\" \/>\n<meta property=\"og:site_name\" content=\"www.Svalbard.fr\" \/>\n<meta property=\"article:published_time\" content=\"2025-06-30T05:50:00+00:00\" \/>\n<meta property=\"article:modified_time\" content=\"2025-06-27T10:55:59+00:00\" \/>\n<meta property=\"og:image\" content=\"https:\/\/www.svalbard.fr\/actualites\/wp-content\/uploads\/2025\/06\/Pour-se-venger-de-son-locataire-2.jpeg\" \/>\n\t<meta property=\"og:image:width\" content=\"1200\" \/>\n\t<meta property=\"og:image:height\" content=\"629\" \/>\n\t<meta property=\"og:image:type\" content=\"image\/jpeg\" \/>\n<meta name=\"author\" content=\"Guillaume Chen\" \/>\n<meta name=\"twitter:card\" content=\"summary_large_image\" \/>\n<meta name=\"twitter:label1\" content=\"\u00c9crit par\" \/>\n\t<meta name=\"twitter:data1\" content=\"Guillaume Chen\" \/>\n\t<meta name=\"twitter:label2\" content=\"Dur\u00e9e de lecture estim\u00e9e\" \/>\n\t<meta name=\"twitter:data2\" content=\"4 minutes\" \/>\n<script type=\"application\/ld+json\" class=\"yoast-schema-graph\">{\"@context\":\"https:\/\/schema.org\",\"@graph\":[{\"@type\":\"Article\",\"@id\":\"https:\/\/www.svalbard.fr\/actualites\/no\/han-ville-hevne-seg-pa-leieboeren-forvandlet-boligen-pa-sjokkerende-vis\/#article\",\"isPartOf\":{\"@id\":\"https:\/\/www.svalbard.fr\/actualites\/no\/han-ville-hevne-seg-pa-leieboeren-forvandlet-boligen-pa-sjokkerende-vis\/\"},\"author\":{\"name\":\"Guillaume Chen\",\"@id\":\"https:\/\/www.svalbard.fr\/actualites\/#\/schema\/person\/b9d185560b94bff7322d37cb676ee545\"},\"headline\":\"Han ville hevne seg p\u00e5 leieboeren \u2013 forvandlet boligen p\u00e5 sjokkerende vis\",\"datePublished\":\"2025-06-30T05:50:00+00:00\",\"dateModified\":\"2025-06-27T10:55:59+00:00\",\"mainEntityOfPage\":{\"@id\":\"https:\/\/www.svalbard.fr\/actualites\/no\/han-ville-hevne-seg-pa-leieboeren-forvandlet-boligen-pa-sjokkerende-vis\/\"},\"wordCount\":683,\"publisher\":{\"@id\":\"https:\/\/www.svalbard.fr\/actualites\/#organization\"},\"articleSection\":[\"Trender\"],\"inLanguage\":\"fr-FR\"},{\"@type\":\"WebPage\",\"@id\":\"https:\/\/www.svalbard.fr\/actualites\/no\/han-ville-hevne-seg-pa-leieboeren-forvandlet-boligen-pa-sjokkerende-vis\/\",\"url\":\"https:\/\/www.svalbard.fr\/actualites\/no\/han-ville-hevne-seg-pa-leieboeren-forvandlet-boligen-pa-sjokkerende-vis\/\",\"name\":\"Han ville hevne seg p\u00e5 leieboeren \u2013 forvandlet boligen p\u00e5 sjokkerende vis\",\"isPartOf\":{\"@id\":\"https:\/\/www.svalbard.fr\/actualites\/#website\"},\"datePublished\":\"2025-06-30T05:50:00+00:00\",\"dateModified\":\"2025-06-27T10:55:59+00:00\",\"breadcrumb\":{\"@id\":\"https:\/\/www.svalbard.fr\/actualites\/no\/han-ville-hevne-seg-pa-leieboeren-forvandlet-boligen-pa-sjokkerende-vis\/#breadcrumb\"},\"inLanguage\":\"fr-FR\",\"potentialAction\":[{\"@type\":\"ReadAction\",\"target\":[\"https:\/\/www.svalbard.fr\/actualites\/no\/han-ville-hevne-seg-pa-leieboeren-forvandlet-boligen-pa-sjokkerende-vis\/\"]}]},{\"@type\":\"BreadcrumbList\",\"@id\":\"https:\/\/www.svalbard.fr\/actualites\/no\/han-ville-hevne-seg-pa-leieboeren-forvandlet-boligen-pa-sjokkerende-vis\/#breadcrumb\",\"itemListElement\":[{\"@type\":\"ListItem\",\"position\":1,\"name\":\"Accueil\",\"item\":\"https:\/\/www.svalbard.fr\/actualites\/\"},{\"@type\":\"ListItem\",\"position\":2,\"name\":\"Han ville hevne seg p\u00e5 leieboeren \u2013 forvandlet boligen p\u00e5 sjokkerende vis\"}]},{\"@type\":\"WebSite\",\"@id\":\"https:\/\/www.svalbard.fr\/actualites\/#website\",\"url\":\"https:\/\/www.svalbard.fr\/actualites\/\",\"name\":\"www.Svalbard.fr\",\"description\":\"\",\"publisher\":{\"@id\":\"https:\/\/www.svalbard.fr\/actualites\/#organization\"},\"potentialAction\":[{\"@type\":\"SearchAction\",\"target\":{\"@type\":\"EntryPoint\",\"urlTemplate\":\"https:\/\/www.svalbard.fr\/actualites\/?s={search_term_string}\"},\"query-input\":\"required name=search_term_string\"}],\"inLanguage\":\"fr-FR\"},{\"@type\":\"Organization\",\"@id\":\"https:\/\/www.svalbard.fr\/actualites\/#organization\",\"name\":\"www.Svalbard.fr\",\"url\":\"https:\/\/www.svalbard.fr\/actualites\/\",\"logo\":{\"@type\":\"ImageObject\",\"inLanguage\":\"fr-FR\",\"@id\":\"https:\/\/www.svalbard.fr\/actualites\/#\/schema\/logo\/image\/\",\"url\":\"https:\/\/www.svalbard.fr\/actualites\/wp-content\/uploads\/2023\/09\/head-nom.jpg\",\"contentUrl\":\"https:\/\/www.svalbard.fr\/actualites\/wp-content\/uploads\/2023\/09\/head-nom.jpg\",\"width\":264,\"height\":35,\"caption\":\"www.Svalbard.fr\"},\"image\":{\"@id\":\"https:\/\/www.svalbard.fr\/actualites\/#\/schema\/logo\/image\/\"}},{\"@type\":\"Person\",\"@id\":\"https:\/\/www.svalbard.fr\/actualites\/#\/schema\/person\/b9d185560b94bff7322d37cb676ee545\",\"name\":\"Guillaume Chen\",\"image\":{\"@type\":\"ImageObject\",\"inLanguage\":\"fr-FR\",\"@id\":\"https:\/\/www.svalbard.fr\/actualites\/#\/schema\/person\/image\/\",\"url\":\"https:\/\/secure.gravatar.com\/avatar\/0c3f9c94586035b795ad4049a06fb048?s=96&d=mm&r=g\",\"contentUrl\":\"https:\/\/secure.gravatar.com\/avatar\/0c3f9c94586035b795ad4049a06fb048?s=96&d=mm&r=g\",\"caption\":\"Guillaume Chen\"},\"sameAs\":[\"https:\/\/www.svalbard.fr\/\"]}]}<\/script>\n<!-- \/ Yoast SEO plugin. -->","yoast_head_json":{"title":"Han ville hevne seg p\u00e5 leieboeren \u2013 forvandlet boligen p\u00e5 sjokkerende vis","robots":{"index":"index","follow":"follow","max-snippet":"max-snippet:-1","max-image-preview":"max-image-preview:large","max-video-preview":"max-video-preview:-1"},"canonical":"https:\/\/www.svalbard.fr\/actualites\/no\/han-ville-hevne-seg-pa-leieboeren-forvandlet-boligen-pa-sjokkerende-vis\/","og_locale":"fr_FR","og_type":"article","og_title":"Han ville hevne seg p\u00e5 leieboeren \u2013 forvandlet boligen p\u00e5 sjokkerende vis","og_description":"Forholdet mellom utleier og leieboer kan v\u00e6re skj\u00f8rt. N\u00e5r det oppst\u00e5r uenigheter om ubetalt husleie eller manglende vedlikehold, kan konflikten eskalere p\u00e5 uventede m\u00e5ter. I","og_url":"https:\/\/www.svalbard.fr\/actualites\/no\/han-ville-hevne-seg-pa-leieboeren-forvandlet-boligen-pa-sjokkerende-vis\/","og_site_name":"www.Svalbard.fr","article_published_time":"2025-06-30T05:50:00+00:00","article_modified_time":"2025-06-27T10:55:59+00:00","og_image":[{"width":1200,"height":629,"url":"https:\/\/www.svalbard.fr\/actualites\/wp-content\/uploads\/2025\/06\/Pour-se-venger-de-son-locataire-2.jpeg","type":"image\/jpeg"}],"author":"Guillaume Chen","twitter_card":"summary_large_image","twitter_misc":{"\u00c9crit par":"Guillaume Chen","Dur\u00e9e de lecture estim\u00e9e":"4 minutes"},"schema":{"@context":"https:\/\/schema.org","@graph":[{"@type":"Article","@id":"https:\/\/www.svalbard.fr\/actualites\/no\/han-ville-hevne-seg-pa-leieboeren-forvandlet-boligen-pa-sjokkerende-vis\/#article","isPartOf":{"@id":"https:\/\/www.svalbard.fr\/actualites\/no\/han-ville-hevne-seg-pa-leieboeren-forvandlet-boligen-pa-sjokkerende-vis\/"},"author":{"name":"Guillaume Chen","@id":"https:\/\/www.svalbard.fr\/actualites\/#\/schema\/person\/b9d185560b94bff7322d37cb676ee545"},"headline":"Han ville hevne seg p\u00e5 leieboeren \u2013 forvandlet boligen p\u00e5 sjokkerende vis","datePublished":"2025-06-30T05:50:00+00:00","dateModified":"2025-06-27T10:55:59+00:00","mainEntityOfPage":{"@id":"https:\/\/www.svalbard.fr\/actualites\/no\/han-ville-hevne-seg-pa-leieboeren-forvandlet-boligen-pa-sjokkerende-vis\/"},"wordCount":683,"publisher":{"@id":"https:\/\/www.svalbard.fr\/actualites\/#organization"},"articleSection":["Trender"],"inLanguage":"fr-FR"},{"@type":"WebPage","@id":"https:\/\/www.svalbard.fr\/actualites\/no\/han-ville-hevne-seg-pa-leieboeren-forvandlet-boligen-pa-sjokkerende-vis\/","url":"https:\/\/www.svalbard.fr\/actualites\/no\/han-ville-hevne-seg-pa-leieboeren-forvandlet-boligen-pa-sjokkerende-vis\/","name":"Han ville hevne seg p\u00e5 leieboeren \u2013 forvandlet boligen p\u00e5 sjokkerende vis","isPartOf":{"@id":"https:\/\/www.svalbard.fr\/actualites\/#website"},"datePublished":"2025-06-30T05:50:00+00:00","dateModified":"2025-06-27T10:55:59+00:00","breadcrumb":{"@id":"https:\/\/www.svalbard.fr\/actualites\/no\/han-ville-hevne-seg-pa-leieboeren-forvandlet-boligen-pa-sjokkerende-vis\/#breadcrumb"},"inLanguage":"fr-FR","potentialAction":[{"@type":"ReadAction","target":["https:\/\/www.svalbard.fr\/actualites\/no\/han-ville-hevne-seg-pa-leieboeren-forvandlet-boligen-pa-sjokkerende-vis\/"]}]},{"@type":"BreadcrumbList","@id":"https:\/\/www.svalbard.fr\/actualites\/no\/han-ville-hevne-seg-pa-leieboeren-forvandlet-boligen-pa-sjokkerende-vis\/#breadcrumb","itemListElement":[{"@type":"ListItem","position":1,"name":"Accueil","item":"https:\/\/www.svalbard.fr\/actualites\/"},{"@type":"ListItem","position":2,"name":"Han ville hevne seg p\u00e5 leieboeren \u2013 forvandlet boligen p\u00e5 sjokkerende vis"}]},{"@type":"WebSite","@id":"https:\/\/www.svalbard.fr\/actualites\/#website","url":"https:\/\/www.svalbard.fr\/actualites\/","name":"www.Svalbard.fr","description":"","publisher":{"@id":"https:\/\/www.svalbard.fr\/actualites\/#organization"},"potentialAction":[{"@type":"SearchAction","target":{"@type":"EntryPoint","urlTemplate":"https:\/\/www.svalbard.fr\/actualites\/?s={search_term_string}"},"query-input":"required name=search_term_string"}],"inLanguage":"fr-FR"},{"@type":"Organization","@id":"https:\/\/www.svalbard.fr\/actualites\/#organization","name":"www.Svalbard.fr","url":"https:\/\/www.svalbard.fr\/actualites\/","logo":{"@type":"ImageObject","inLanguage":"fr-FR","@id":"https:\/\/www.svalbard.fr\/actualites\/#\/schema\/logo\/image\/","url":"https:\/\/www.svalbard.fr\/actualites\/wp-content\/uploads\/2023\/09\/head-nom.jpg","contentUrl":"https:\/\/www.svalbard.fr\/actualites\/wp-content\/uploads\/2023\/09\/head-nom.jpg","width":264,"height":35,"caption":"www.Svalbard.fr"},"image":{"@id":"https:\/\/www.svalbard.fr\/actualites\/#\/schema\/logo\/image\/"}},{"@type":"Person","@id":"https:\/\/www.svalbard.fr\/actualites\/#\/schema\/person\/b9d185560b94bff7322d37cb676ee545","name":"Guillaume Chen","image":{"@type":"ImageObject","inLanguage":"fr-FR","@id":"https:\/\/www.svalbard.fr\/actualites\/#\/schema\/person\/image\/","url":"https:\/\/secure.gravatar.com\/avatar\/0c3f9c94586035b795ad4049a06fb048?s=96&d=mm&r=g","contentUrl":"https:\/\/secure.gravatar.com\/avatar\/0c3f9c94586035b795ad4049a06fb048?s=96&d=mm&r=g","caption":"Guillaume Chen"},"sameAs":["https:\/\/www.svalbard.fr\/"]}]}},"_links":{"self":[{"href":"https:\/\/www.svalbard.fr\/actualites\/wp-json\/wp\/v2\/posts\/4403"}],"collection":[{"href":"https:\/\/www.svalbard.fr\/actualites\/wp-json\/wp\/v2\/posts"}],"about":[{"href":"https:\/\/www.svalbard.fr\/actualites\/wp-json\/wp\/v2\/types\/post"}],"author":[{"embeddable":true,"href":"https:\/\/www.svalbard.fr\/actualites\/wp-json\/wp\/v2\/users\/3"}],"replies":[{"embeddable":true,"href":"https:\/\/www.svalbard.fr\/actualites\/wp-json\/wp\/v2\/comments?post=4403"}],"version-history":[{"count":1,"href":"https:\/\/www.svalbard.fr\/actualites\/wp-json\/wp\/v2\/posts\/4403\/revisions"}],"predecessor-version":[{"id":4405,"href":"https:\/\/www.svalbard.fr\/actualites\/wp-json\/wp\/v2\/posts\/4403\/revisions\/4405"}],"wp:featuredmedia":[{"embeddable":true,"href":"https:\/\/www.svalbard.fr\/actualites\/wp-json\/wp\/v2\/media\/4404"}],"wp:attachment":[{"href":"https:\/\/www.svalbard.fr\/actualites\/wp-json\/wp\/v2\/media?parent=4403"}],"wp:term":[{"taxonomy":"category","embeddable":true,"href":"https:\/\/www.svalbard.fr\/actualites\/wp-json\/wp\/v2\/categories?post=4403"},{"taxonomy":"post_tag","embeddable":true,"href":"https:\/\/www.svalbard.fr\/actualites\/wp-json\/wp\/v2\/tags?post=4403"}],"curies":[{"name":"wp","href":"https:\/\/api.w.org\/{rel}","templated":true}]}}