{"id":4406,"date":"2025-06-27T15:33:35","date_gmt":"2025-06-27T13:33:35","guid":{"rendered":"https:\/\/www.svalbard.fr\/actualites\/fils-de-la-future-reine-de-la-norvege-face-a-des-accusations-de-viol-et-dagression-sexuelle\/"},"modified":"2025-06-27T15:33:37","modified_gmt":"2025-06-27T13:33:37","slug":"fils-de-la-future-reine-de-la-norvege-face-a-des-accusations-de-viol-et-dagression-sexuelle","status":"publish","type":"post","link":"https:\/\/www.svalbard.fr\/actualites\/fils-de-la-future-reine-de-la-norvege-face-a-des-accusations-de-viol-et-dagression-sexuelle\/","title":{"rendered":"Fils de la future reine de la Norv\u00e8ge face \u00e0 des accusations de viol et d&#39;agression sexuelle"},"content":{"rendered":"<div>\n<p>Marius Borg Hoiby, le fils de la future reine de la Norv\u00e8ge, fait face \u00e0 plusieurs chefs d&#39;accusation, notamment du viol, des agressions sexuelles et des l\u00e9sions corporelles. Le fils de Crown Princess Mette-Marit d&#39;une relation ant\u00e9rieure a re\u00e7u ses accusations de la police d&#39;Oslo apr\u00e8s une enqu\u00eate de plusieurs mois sur une affaire qui impliquait un nombre de victimes pr\u00e9sum\u00e9es \u00e0 deux chiffres.<\/p>\n<p>Hoiby est le beau-fils de l&#39;h\u00e9ritier du tr\u00f4ne, le prince h\u00e9ritier Haakon, et est sous surveillance depuis qu&#39;il a \u00e9t\u00e9 arr\u00eat\u00e9 \u00e0 plusieurs reprises en 2024 au milieu d&#39;all\u00e9gations de viol et d&#39;accusations pr\u00e9liminaires de l\u00e9sions corporelles et de dommages criminels.<\/p>\n<p>Les preuves dans l&#39;affaire ont \u00e9t\u00e9 tir\u00e9es de sources, notamment des SMS, des preuves des t\u00e9moins et des perquisitions polici\u00e8res, a-t-il d\u00e9clar\u00e9.<\/p>\n<\/div>\n<div>\n<p>L&#39;avocat de la police d&#39;Oslo, Andreas Kruszewski, a d\u00e9clar\u00e9 que Hoiby \u00e9tait coop\u00e9rative lors de l&#39;interrogatoire de la police, qui a maintenant pris fin.<\/p>\n<p>Les accusations comprenaient un cas de viol impliquant des rapports sexuels et deux cas de viol sans rapports sexuels, quatre cas d&#39;agression sexuelle et deux cas de l\u00e9sions corporelles, a d\u00e9clar\u00e9 M. Kruszewksi lors d&#39;une conf\u00e9rence de presse.<\/p>\n<p>\u00ab\u00a0Je ne peux pas entrer dans les d\u00e9tails du nombre de victimes dans l&#39;affaire au-del\u00e0 de confirmer qu&#39;il s&#39;agit d&#39;un num\u00e9ro \u00e0 deux chiffres\u00a0\u00bb, a-t-il d\u00e9clar\u00e9.<\/p>\n<p>L&#39;avocat de la d\u00e9fense Petar Sekulic, dans un e-mail \u00e0 l&#39;Associated Press, a d\u00e9clar\u00e9 que Hoiby \u00abprenait absolument les accusations tr\u00e8s au s\u00e9rieux, mais ne reconna\u00eet aucun acte r\u00e9pr\u00e9hensible dans la plupart des cas, en particulier les cas concernant les abus sexuels et la violence\u00bb.<\/p>\n<\/div>\n<div>\n<p>Hoiby vivait auparavant avec sa m\u00e8re et son beau-p\u00e8re et leurs deux enfants, la princesse Ingrid Alexandra et le prince Sverre Magnus, mais vit maintenant dans une maison s\u00e9par\u00e9e \u00e0 proximit\u00e9, selon M. Sekulic.<\/p>\n<p>Hoiby reste libre en attendant un \u00e9ventuel proc\u00e8s et a droit \u00e0 une pr\u00e9somption d&#39;innocence jusqu&#39;\u00e0 ce qu&#39;un tribunal soit autrement.<\/p>\n<p>La future reine de la Norv\u00e8ge, la princesse de la Couronne Mette-Marit, a fait la une des journaux en 2001 lorsqu&#39;elle a \u00e9pous\u00e9 le prince h\u00e9ritier Haakon, car elle \u00e9tait une m\u00e8re c\u00e9libataire qui avait v\u00e9cu avec un compagnon qui avait \u00e9t\u00e9 condamn\u00e9 pour drogue.<\/p>\n<\/div>\n","protected":false},"excerpt":{"rendered":"<p>Marius Borg Hoiby, le fils de la future reine de la Norv\u00e8ge, fait face \u00e0 plusieurs chefs d&#39;accusation, notamment du viol, des agressions sexuelles et<\/p>\n","protected":false},"author":1,"featured_media":4407,"comment_status":"closed","ping_status":"","sticky":false,"template":"","format":"standard","meta":{"footnotes":""},"categories":[2277],"tags":[4801,1494,8,157,4799,4671,6,1234,4803,1850],"yoast_head":"<!-- This site is optimized with the Yoast SEO plugin v21.0 - https:\/\/yoast.com\/wordpress\/plugins\/seo\/ -->\n<title>Fils de la future reine de la Norv\u00e8ge face \u00e0 des accusations de viol et d&#039;agression sexuelle<\/title>\n<meta name=\"robots\" content=\"index, follow, max-snippet:-1, max-image-preview:large, max-video-preview:-1\" \/>\n<link rel=\"canonical\" href=\"https:\/\/www.svalbard.fr\/actualites\/fils-de-la-future-reine-de-la-norvege-face-a-des-accusations-de-viol-et-dagression-sexuelle\/\" \/>\n<meta property=\"og:locale\" content=\"fr_FR\" \/>\n<meta property=\"og:type\" content=\"article\" \/>\n<meta property=\"og:title\" content=\"Fils de la future reine de la Norv\u00e8ge face \u00e0 des accusations de viol et d&#039;agression sexuelle\" \/>\n<meta property=\"og:description\" content=\"Marius Borg Hoiby, le fils de la future reine de la Norv\u00e8ge, fait face \u00e0 plusieurs chefs d&#039;accusation, notamment du viol, des agressions sexuelles et\" \/>\n<meta property=\"og:url\" content=\"https:\/\/www.svalbard.fr\/actualites\/fils-de-la-future-reine-de-la-norvege-face-a-des-accusations-de-viol-et-dagression-sexuelle\/\" \/>\n<meta property=\"og:site_name\" content=\"www.Svalbard.fr\" \/>\n<meta property=\"article:published_time\" content=\"2025-06-27T13:33:35+00:00\" \/>\n<meta property=\"article:modified_time\" content=\"2025-06-27T13:33:37+00:00\" \/>\n<meta property=\"og:image\" content=\"https:\/\/www.svalbard.fr\/actualites\/wp-content\/uploads\/2025\/06\/Fils-de-la-future-reine-de-la-Norvege-face-a.jpg\" \/>\n\t<meta property=\"og:image:width\" content=\"1200\" \/>\n\t<meta property=\"og:image:height\" content=\"630\" \/>\n\t<meta property=\"og:image:type\" content=\"image\/jpeg\" \/>\n<meta name=\"author\" content=\"Hilmar\" \/>\n<meta name=\"twitter:card\" content=\"summary_large_image\" \/>\n<meta name=\"twitter:label1\" content=\"\u00c9crit par\" \/>\n\t<meta name=\"twitter:data1\" content=\"Hilmar\" \/>\n\t<meta name=\"twitter:label2\" content=\"Dur\u00e9e de lecture estim\u00e9e\" \/>\n\t<meta name=\"twitter:data2\" content=\"2 minutes\" \/>\n<script type=\"application\/ld+json\" class=\"yoast-schema-graph\">{\"@context\":\"https:\/\/schema.org\",\"@graph\":[{\"@type\":\"Article\",\"@id\":\"https:\/\/www.svalbard.fr\/actualites\/fils-de-la-future-reine-de-la-norvege-face-a-des-accusations-de-viol-et-dagression-sexuelle\/#article\",\"isPartOf\":{\"@id\":\"https:\/\/www.svalbard.fr\/actualites\/fils-de-la-future-reine-de-la-norvege-face-a-des-accusations-de-viol-et-dagression-sexuelle\/\"},\"author\":{\"name\":\"Hilmar\",\"@id\":\"https:\/\/www.svalbard.fr\/actualites\/#\/schema\/person\/a2f937d5712222366738fae98755c600\"},\"headline\":\"Fils de la future reine de la Norv\u00e8ge face \u00e0 des accusations de viol et d&#39;agression sexuelle\",\"datePublished\":\"2025-06-27T13:33:35+00:00\",\"dateModified\":\"2025-06-27T13:33:37+00:00\",\"mainEntityOfPage\":{\"@id\":\"https:\/\/www.svalbard.fr\/actualites\/fils-de-la-future-reine-de-la-norvege-face-a-des-accusations-de-viol-et-dagression-sexuelle\/\"},\"wordCount\":436,\"publisher\":{\"@id\":\"https:\/\/www.svalbard.fr\/actualites\/#organization\"},\"keywords\":[\"accusations\",\"d39agression\",\"des\",\"face\",\"Fils\",\"Future\",\"Norv\u00e8ge\",\"reine\",\"sexuelle\",\"viol\"],\"inLanguage\":\"fr-FR\"},{\"@type\":\"WebPage\",\"@id\":\"https:\/\/www.svalbard.fr\/actualites\/fils-de-la-future-reine-de-la-norvege-face-a-des-accusations-de-viol-et-dagression-sexuelle\/\",\"url\":\"https:\/\/www.svalbard.fr\/actualites\/fils-de-la-future-reine-de-la-norvege-face-a-des-accusations-de-viol-et-dagression-sexuelle\/\",\"name\":\"Fils de la future reine de la Norv\u00e8ge face \u00e0 des accusations de viol et d&#39;agression sexuelle\",\"isPartOf\":{\"@id\":\"https:\/\/www.svalbard.fr\/actualites\/#website\"},\"datePublished\":\"2025-06-27T13:33:35+00:00\",\"dateModified\":\"2025-06-27T13:33:37+00:00\",\"breadcrumb\":{\"@id\":\"https:\/\/www.svalbard.fr\/actualites\/fils-de-la-future-reine-de-la-norvege-face-a-des-accusations-de-viol-et-dagression-sexuelle\/#breadcrumb\"},\"inLanguage\":\"fr-FR\",\"potentialAction\":[{\"@type\":\"ReadAction\",\"target\":[\"https:\/\/www.svalbard.fr\/actualites\/fils-de-la-future-reine-de-la-norvege-face-a-des-accusations-de-viol-et-dagression-sexuelle\/\"]}]},{\"@type\":\"BreadcrumbList\",\"@id\":\"https:\/\/www.svalbard.fr\/actualites\/fils-de-la-future-reine-de-la-norvege-face-a-des-accusations-de-viol-et-dagression-sexuelle\/#breadcrumb\",\"itemListElement\":[{\"@type\":\"ListItem\",\"position\":1,\"name\":\"Accueil\",\"item\":\"https:\/\/www.svalbard.fr\/actualites\/\"},{\"@type\":\"ListItem\",\"position\":2,\"name\":\"Fils de la future reine de la Norv\u00e8ge face \u00e0 des accusations de viol et d&#39;agression sexuelle\"}]},{\"@type\":\"WebSite\",\"@id\":\"https:\/\/www.svalbard.fr\/actualites\/#website\",\"url\":\"https:\/\/www.svalbard.fr\/actualites\/\",\"name\":\"www.Svalbard.fr\",\"description\":\"\",\"publisher\":{\"@id\":\"https:\/\/www.svalbard.fr\/actualites\/#organization\"},\"potentialAction\":[{\"@type\":\"SearchAction\",\"target\":{\"@type\":\"EntryPoint\",\"urlTemplate\":\"https:\/\/www.svalbard.fr\/actualites\/?s={search_term_string}\"},\"query-input\":\"required name=search_term_string\"}],\"inLanguage\":\"fr-FR\"},{\"@type\":\"Organization\",\"@id\":\"https:\/\/www.svalbard.fr\/actualites\/#organization\",\"name\":\"www.Svalbard.fr\",\"url\":\"https:\/\/www.svalbard.fr\/actualites\/\",\"logo\":{\"@type\":\"ImageObject\",\"inLanguage\":\"fr-FR\",\"@id\":\"https:\/\/www.svalbard.fr\/actualites\/#\/schema\/logo\/image\/\",\"url\":\"https:\/\/www.svalbard.fr\/actualites\/wp-content\/uploads\/2023\/09\/head-nom.jpg\",\"contentUrl\":\"https:\/\/www.svalbard.fr\/actualites\/wp-content\/uploads\/2023\/09\/head-nom.jpg\",\"width\":264,\"height\":35,\"caption\":\"www.Svalbard.fr\"},\"image\":{\"@id\":\"https:\/\/www.svalbard.fr\/actualites\/#\/schema\/logo\/image\/\"}},{\"@type\":\"Person\",\"@id\":\"https:\/\/www.svalbard.fr\/actualites\/#\/schema\/person\/a2f937d5712222366738fae98755c600\",\"name\":\"Hilmar\",\"image\":{\"@type\":\"ImageObject\",\"inLanguage\":\"fr-FR\",\"@id\":\"https:\/\/www.svalbard.fr\/actualites\/#\/schema\/person\/image\/\",\"url\":\"https:\/\/secure.gravatar.com\/avatar\/4daa437093476dbc32da415c112b6512?s=96&d=mm&r=g\",\"contentUrl\":\"https:\/\/secure.gravatar.com\/avatar\/4daa437093476dbc32da415c112b6512?s=96&d=mm&r=g\",\"caption\":\"Hilmar\"},\"description\":\"Hilmar est un passionn\u00e9 des r\u00e9gions polaires, sp\u00e9cialis\u00e9 dans la r\u00e9daction d'articles sur le Spitzberg et autres destinations arctiques. Il apporte son expertise et sa passion pour l'Arctique au sein de l'\u00e9quipe de r\u00e9daction de Svalbard depuis de nombreuses ann\u00e9es.\",\"sameAs\":[\"https:\/\/www.svalbard.fr\/\"]}]}<\/script>\n<!-- \/ Yoast SEO plugin. -->","yoast_head_json":{"title":"Fils de la future reine de la Norv\u00e8ge face \u00e0 des accusations de viol et d&#39;agression sexuelle","robots":{"index":"index","follow":"follow","max-snippet":"max-snippet:-1","max-image-preview":"max-image-preview:large","max-video-preview":"max-video-preview:-1"},"canonical":"https:\/\/www.svalbard.fr\/actualites\/fils-de-la-future-reine-de-la-norvege-face-a-des-accusations-de-viol-et-dagression-sexuelle\/","og_locale":"fr_FR","og_type":"article","og_title":"Fils de la future reine de la Norv\u00e8ge face \u00e0 des accusations de viol et d&#39;agression sexuelle","og_description":"Marius Borg Hoiby, le fils de la future reine de la Norv\u00e8ge, fait face \u00e0 plusieurs chefs d&#39;accusation, notamment du viol, des agressions sexuelles et","og_url":"https:\/\/www.svalbard.fr\/actualites\/fils-de-la-future-reine-de-la-norvege-face-a-des-accusations-de-viol-et-dagression-sexuelle\/","og_site_name":"www.Svalbard.fr","article_published_time":"2025-06-27T13:33:35+00:00","article_modified_time":"2025-06-27T13:33:37+00:00","og_image":[{"width":1200,"height":630,"url":"https:\/\/www.svalbard.fr\/actualites\/wp-content\/uploads\/2025\/06\/Fils-de-la-future-reine-de-la-Norvege-face-a.jpg","type":"image\/jpeg"}],"author":"Hilmar","twitter_card":"summary_large_image","twitter_misc":{"\u00c9crit par":"Hilmar","Dur\u00e9e de lecture estim\u00e9e":"2 minutes"},"schema":{"@context":"https:\/\/schema.org","@graph":[{"@type":"Article","@id":"https:\/\/www.svalbard.fr\/actualites\/fils-de-la-future-reine-de-la-norvege-face-a-des-accusations-de-viol-et-dagression-sexuelle\/#article","isPartOf":{"@id":"https:\/\/www.svalbard.fr\/actualites\/fils-de-la-future-reine-de-la-norvege-face-a-des-accusations-de-viol-et-dagression-sexuelle\/"},"author":{"name":"Hilmar","@id":"https:\/\/www.svalbard.fr\/actualites\/#\/schema\/person\/a2f937d5712222366738fae98755c600"},"headline":"Fils de la future reine de la Norv\u00e8ge face \u00e0 des accusations de viol et d&#39;agression sexuelle","datePublished":"2025-06-27T13:33:35+00:00","dateModified":"2025-06-27T13:33:37+00:00","mainEntityOfPage":{"@id":"https:\/\/www.svalbard.fr\/actualites\/fils-de-la-future-reine-de-la-norvege-face-a-des-accusations-de-viol-et-dagression-sexuelle\/"},"wordCount":436,"publisher":{"@id":"https:\/\/www.svalbard.fr\/actualites\/#organization"},"keywords":["accusations","d39agression","des","face","Fils","Future","Norv\u00e8ge","reine","sexuelle","viol"],"inLanguage":"fr-FR"},{"@type":"WebPage","@id":"https:\/\/www.svalbard.fr\/actualites\/fils-de-la-future-reine-de-la-norvege-face-a-des-accusations-de-viol-et-dagression-sexuelle\/","url":"https:\/\/www.svalbard.fr\/actualites\/fils-de-la-future-reine-de-la-norvege-face-a-des-accusations-de-viol-et-dagression-sexuelle\/","name":"Fils de la future reine de la Norv\u00e8ge face \u00e0 des accusations de viol et d&#39;agression sexuelle","isPartOf":{"@id":"https:\/\/www.svalbard.fr\/actualites\/#website"},"datePublished":"2025-06-27T13:33:35+00:00","dateModified":"2025-06-27T13:33:37+00:00","breadcrumb":{"@id":"https:\/\/www.svalbard.fr\/actualites\/fils-de-la-future-reine-de-la-norvege-face-a-des-accusations-de-viol-et-dagression-sexuelle\/#breadcrumb"},"inLanguage":"fr-FR","potentialAction":[{"@type":"ReadAction","target":["https:\/\/www.svalbard.fr\/actualites\/fils-de-la-future-reine-de-la-norvege-face-a-des-accusations-de-viol-et-dagression-sexuelle\/"]}]},{"@type":"BreadcrumbList","@id":"https:\/\/www.svalbard.fr\/actualites\/fils-de-la-future-reine-de-la-norvege-face-a-des-accusations-de-viol-et-dagression-sexuelle\/#breadcrumb","itemListElement":[{"@type":"ListItem","position":1,"name":"Accueil","item":"https:\/\/www.svalbard.fr\/actualites\/"},{"@type":"ListItem","position":2,"name":"Fils de la future reine de la Norv\u00e8ge face \u00e0 des accusations de viol et d&#39;agression sexuelle"}]},{"@type":"WebSite","@id":"https:\/\/www.svalbard.fr\/actualites\/#website","url":"https:\/\/www.svalbard.fr\/actualites\/","name":"www.Svalbard.fr","description":"","publisher":{"@id":"https:\/\/www.svalbard.fr\/actualites\/#organization"},"potentialAction":[{"@type":"SearchAction","target":{"@type":"EntryPoint","urlTemplate":"https:\/\/www.svalbard.fr\/actualites\/?s={search_term_string}"},"query-input":"required name=search_term_string"}],"inLanguage":"fr-FR"},{"@type":"Organization","@id":"https:\/\/www.svalbard.fr\/actualites\/#organization","name":"www.Svalbard.fr","url":"https:\/\/www.svalbard.fr\/actualites\/","logo":{"@type":"ImageObject","inLanguage":"fr-FR","@id":"https:\/\/www.svalbard.fr\/actualites\/#\/schema\/logo\/image\/","url":"https:\/\/www.svalbard.fr\/actualites\/wp-content\/uploads\/2023\/09\/head-nom.jpg","contentUrl":"https:\/\/www.svalbard.fr\/actualites\/wp-content\/uploads\/2023\/09\/head-nom.jpg","width":264,"height":35,"caption":"www.Svalbard.fr"},"image":{"@id":"https:\/\/www.svalbard.fr\/actualites\/#\/schema\/logo\/image\/"}},{"@type":"Person","@id":"https:\/\/www.svalbard.fr\/actualites\/#\/schema\/person\/a2f937d5712222366738fae98755c600","name":"Hilmar","image":{"@type":"ImageObject","inLanguage":"fr-FR","@id":"https:\/\/www.svalbard.fr\/actualites\/#\/schema\/person\/image\/","url":"https:\/\/secure.gravatar.com\/avatar\/4daa437093476dbc32da415c112b6512?s=96&d=mm&r=g","contentUrl":"https:\/\/secure.gravatar.com\/avatar\/4daa437093476dbc32da415c112b6512?s=96&d=mm&r=g","caption":"Hilmar"},"description":"Hilmar est un passionn\u00e9 des r\u00e9gions polaires, sp\u00e9cialis\u00e9 dans la r\u00e9daction d'articles sur le Spitzberg et autres destinations arctiques. Il apporte son expertise et sa passion pour l'Arctique au sein de l'\u00e9quipe de r\u00e9daction de Svalbard depuis de nombreuses ann\u00e9es.","sameAs":["https:\/\/www.svalbard.fr\/"]}]}},"_links":{"self":[{"href":"https:\/\/www.svalbard.fr\/actualites\/wp-json\/wp\/v2\/posts\/4406"}],"collection":[{"href":"https:\/\/www.svalbard.fr\/actualites\/wp-json\/wp\/v2\/posts"}],"about":[{"href":"https:\/\/www.svalbard.fr\/actualites\/wp-json\/wp\/v2\/types\/post"}],"author":[{"embeddable":true,"href":"https:\/\/www.svalbard.fr\/actualites\/wp-json\/wp\/v2\/users\/1"}],"replies":[{"embeddable":true,"href":"https:\/\/www.svalbard.fr\/actualites\/wp-json\/wp\/v2\/comments?post=4406"}],"version-history":[{"count":1,"href":"https:\/\/www.svalbard.fr\/actualites\/wp-json\/wp\/v2\/posts\/4406\/revisions"}],"predecessor-version":[{"id":4408,"href":"https:\/\/www.svalbard.fr\/actualites\/wp-json\/wp\/v2\/posts\/4406\/revisions\/4408"}],"wp:featuredmedia":[{"embeddable":true,"href":"https:\/\/www.svalbard.fr\/actualites\/wp-json\/wp\/v2\/media\/4407"}],"wp:attachment":[{"href":"https:\/\/www.svalbard.fr\/actualites\/wp-json\/wp\/v2\/media?parent=4406"}],"wp:term":[{"taxonomy":"category","embeddable":true,"href":"https:\/\/www.svalbard.fr\/actualites\/wp-json\/wp\/v2\/categories?post=4406"},{"taxonomy":"post_tag","embeddable":true,"href":"https:\/\/www.svalbard.fr\/actualites\/wp-json\/wp\/v2\/tags?post=4406"}],"curies":[{"name":"wp","href":"https:\/\/api.w.org\/{rel}","templated":true}]}}