{"id":4418,"date":"2025-06-29T08:30:00","date_gmt":"2025-06-29T06:30:00","guid":{"rendered":"https:\/\/www.svalbard.fr\/actualites\/?p=4418"},"modified":"2025-06-27T16:09:52","modified_gmt":"2025-06-27T14:09:52","slug":"ces-pieces-de-1e-portugaises-valent-bien-plus-que-leur-valeur-faciale","status":"publish","type":"post","link":"https:\/\/www.svalbard.fr\/actualites\/ces-pieces-de-1e-portugaises-valent-bien-plus-que-leur-valeur-faciale\/","title":{"rendered":"Ces pi\u00e8ces de 1\u20ac portugaises valent bien plus que leur valeur faciale"},"content":{"rendered":"\n<p><strong><em>Je me souviens de mon premier voyage \u00e0 Lisbonne en 2010 : sur le quai du m\u00e9tro, j\u2019ai re\u00e7u en guise de pourboire une pi\u00e8ce d\u2019un euro diff\u00e9rente de celles de mon pays. Curieux, j\u2019ai vite d\u00e9couvert que ces pi\u00e8ces sont frapp\u00e9es par l\u2019<\/em><\/strong><strong><em>Imprensa Nacional \u2013 Casa da Moeda<\/em><\/strong><strong><em> (INCM) depuis l\u2019entr\u00e9e du Portugal dans la zone euro en 2002. Derri\u00e8re ce simple rondel m\u00e9tallique se cache toute une aventure mon\u00e9taire : fin de l\u2019escudo, adoption de la monnaie unique, et naissance d\u2019objets de collection pour les passionn\u00e9s de <\/em><\/strong><strong><em>numismatique<\/em><\/strong><strong><em>.<\/em><\/strong><\/p>\n\n\n\n<!--more-->\n\n\n\n<h2 class=\"wp-block-heading\">Les pi\u00e8ces de 1 \u20ac portugaises les plus recherch\u00e9es<\/h2>\n\n\n\n<p>Comme bien souvent, ce sont les ann\u00e9es atypiques qui attirent l\u2019\u0153il du collectionneur : 2003, 2004, 2005, ou encore 2007. J\u2019ai un ami qui, lors d\u2019un vide-grenier \u00e0 Porto, est tomb\u00e9 sur une pi\u00e8ce de 2007 en \u00e9tat quasi parfait ; il l\u2019a \u00e9chang\u00e9e \u00e0 peine quelques centimes au march\u00e9 et l\u2019a revendue quelques jours plus tard 6 \u20ac ! Dans un \u00e9tat courant, ces exemplaires se n\u00e9gocient g\u00e9n\u00e9ralement autour de 2 \u20ac, soit le double de leur <strong>valeur faciale<\/strong>, mais un exemplaire sans la moindre rayure peut atteindre \u2013 pour peu qu\u2019on le rep\u00e8re \u2013 un joli pactole.<\/p>\n\n\n\n<h2 class=\"wp-block-heading\">Comparaison avec d\u2019autres pi\u00e8ces de 1 \u20ac<\/h2>\n\n\n\n<p>\u00c0 c\u00f4t\u00e9 des <a href=\"https:\/\/www.svalbard.fr\/actualites\/2024-les-pieces-de-2e-rares-qui-valent-une-veritable-fortune\/\"><strong>pi\u00e8ces <\/strong><\/a>portugaises, certaines monnaies de pays comme Monaco ou le Vatican flirtent avec des cotes vertigineuses : 115 \u00e0 120 \u20ac pour certains mill\u00e9simes de Monaco (2006, 2011). Si vous esp\u00e9riez fr\u00f4ler ces sommets, attention : les pi\u00e8ces portugaises restent plus modestes. Elles offrent toutefois un excellent point d\u2019entr\u00e9e pour tout n\u00e9ophyte souhaitant allier plaisir de la chasse aux tr\u00e9sors et budget raisonnable.<\/p>\n\n\n\n<h2 class=\"wp-block-heading\">D\u2019autres pi\u00e8ces portugaises de valeur<\/h2>\n\n\n\n<p>Au-del\u00e0 du simple euro, le Portugal a c\u00e9l\u00e9br\u00e9 plusieurs \u00e9v\u00e9nements nationaux : la pr\u00e9sidence portugaise du Conseil de l\u2019Union europ\u00e9enne en 2007, les 500 ans du contact avec le Timor en 2015 ou encore Guimar\u00e3es, capitale europ\u00e9enne de la culture en 2012. Chaque \u00e9dition, tir\u00e9e en quantit\u00e9 <strong>limit\u00e9<\/strong>, se n\u00e9gocie entre 4 \u20ac et 6 \u20ac en \u00e9tat neuf. Lors d\u2019une brocante \u00e0 Coimbra, j\u2019ai d\u00e9nich\u00e9 la pi\u00e8ce \u00ab Guimar\u00e3es 2012 \u00bb \u00e0 3 \u20ac : deux semaines plus tard, elle valait d\u00e9j\u00e0 6 \u20ac dans les cercles de collectionneurs.<\/p>\n\n\n\n<h2 class=\"wp-block-heading\">Les pi\u00e8ces en argent et or : de v\u00e9ritables tr\u00e9sors<\/h2>\n\n\n\n<p>Pour les amateurs les plus exigeants, le Portugal propose des s\u00e9ries comm\u00e9moratives en argent et en or. La pi\u00e8ce de 5 \u20ac en argent des 150 ans du timbre postal (2003) ou celle grav\u00e9e du logo UNESCO (2004) ne comptent souvent qu\u2019un stock limit\u00e9 \u00e0 10 000 exemplaires. Un cousin, fervent collectionneur, a acquis une pi\u00e8ce en or \u00e0 la boutique officielle de l\u2019INCM ; aujourd\u2019hui, elle d\u00e9passe plusieurs centaines d\u2019euros sur le <strong><a href=\"https:\/\/www.svalbard.fr\/actualites\/cette-piece-commemorative-figure-parmi-les-plus-cheres-du-marche\/\">march\u00e9 <\/a><\/strong>sp\u00e9cialis\u00e9, gr\u00e2ce \u00e0 un \u00e9tat dit <strong>Fleur de Coin<\/strong> et un design \u00e9l\u00e9gant.<\/p>\n\n\n\n<h2 class=\"wp-block-heading\">Conclusion : chasse au tr\u00e9sor dans votre porte-monnaie<\/h2>\n\n\n\n<p>En fouillant r\u00e9guli\u00e8rement votre porte-monnaie, gardez un \u0153il sur les mill\u00e9simes atypiques et l\u2019\u00e9tat de vos pi\u00e8ces : une l\u00e9g\u00e8re diff\u00e9rence de frappe ou une rayure en moins peut repr\u00e9senter une <strong>valeur ajout\u00e9e<\/strong> insoup\u00e7onn\u00e9e. Qui sait ? La prochaine fois que vous paierez votre caf\u00e9, vous pourriez d\u00e9nicher une pi\u00e8ce <strong>rare<\/strong> qui transformera un geste anodin en d\u00e9couverte passionnante. Pensez \u00e0 conditionner vos trouvailles dans des pochettes adapt\u00e9es et, si le c\u0153ur vous en dit, confrontez-vous \u00e0 un expert pour valider votre jackpot !<\/p>\n","protected":false},"excerpt":{"rendered":"<p>Je me souviens de mon premier voyage \u00e0 Lisbonne en 2010 : sur le quai du m\u00e9tro, j\u2019ai re\u00e7u en guise de pourboire une pi\u00e8ce<\/p>\n","protected":false},"author":3,"featured_media":4419,"comment_status":"closed","ping_status":"closed","sticky":false,"template":"","format":"standard","meta":{"footnotes":""},"categories":[1725],"tags":[],"yoast_head":"<!-- This site is optimized with the Yoast SEO plugin v21.0 - https:\/\/yoast.com\/wordpress\/plugins\/seo\/ -->\n<title>Ces pi\u00e8ces de 1\u20ac portugaises valent bien plus que leur valeur faciale<\/title>\n<meta name=\"robots\" content=\"index, follow, max-snippet:-1, max-image-preview:large, max-video-preview:-1\" \/>\n<link rel=\"canonical\" href=\"https:\/\/www.svalbard.fr\/actualites\/ces-pieces-de-1e-portugaises-valent-bien-plus-que-leur-valeur-faciale\/\" \/>\n<meta property=\"og:locale\" content=\"fr_FR\" \/>\n<meta property=\"og:type\" content=\"article\" \/>\n<meta property=\"og:title\" content=\"Ces pi\u00e8ces de 1\u20ac portugaises valent bien plus que leur valeur faciale\" \/>\n<meta property=\"og:description\" content=\"Je me souviens de mon premier voyage \u00e0 Lisbonne en 2010 : sur le quai du m\u00e9tro, j\u2019ai re\u00e7u en guise de pourboire une pi\u00e8ce\" \/>\n<meta property=\"og:url\" content=\"https:\/\/www.svalbard.fr\/actualites\/ces-pieces-de-1e-portugaises-valent-bien-plus-que-leur-valeur-faciale\/\" \/>\n<meta property=\"og:site_name\" content=\"www.Svalbard.fr\" \/>\n<meta property=\"article:published_time\" content=\"2025-06-29T06:30:00+00:00\" \/>\n<meta property=\"article:modified_time\" content=\"2025-06-27T14:09:52+00:00\" \/>\n<meta property=\"og:image\" content=\"https:\/\/www.svalbard.fr\/actualites\/wp-content\/uploads\/2025\/06\/Ces-pieces-de-1E-portugaises.jpg\" \/>\n\t<meta property=\"og:image:width\" content=\"1200\" \/>\n\t<meta property=\"og:image:height\" content=\"675\" \/>\n\t<meta property=\"og:image:type\" content=\"image\/jpeg\" \/>\n<meta name=\"author\" content=\"Guillaume Chen\" \/>\n<meta name=\"twitter:card\" content=\"summary_large_image\" \/>\n<meta name=\"twitter:label1\" content=\"\u00c9crit par\" \/>\n\t<meta name=\"twitter:data1\" content=\"Guillaume Chen\" \/>\n\t<meta name=\"twitter:label2\" content=\"Dur\u00e9e de lecture estim\u00e9e\" \/>\n\t<meta name=\"twitter:data2\" content=\"3 minutes\" \/>\n<script type=\"application\/ld+json\" class=\"yoast-schema-graph\">{\"@context\":\"https:\/\/schema.org\",\"@graph\":[{\"@type\":\"Article\",\"@id\":\"https:\/\/www.svalbard.fr\/actualites\/ces-pieces-de-1e-portugaises-valent-bien-plus-que-leur-valeur-faciale\/#article\",\"isPartOf\":{\"@id\":\"https:\/\/www.svalbard.fr\/actualites\/ces-pieces-de-1e-portugaises-valent-bien-plus-que-leur-valeur-faciale\/\"},\"author\":{\"name\":\"Guillaume Chen\",\"@id\":\"https:\/\/www.svalbard.fr\/actualites\/#\/schema\/person\/b9d185560b94bff7322d37cb676ee545\"},\"headline\":\"Ces pi\u00e8ces de 1\u20ac portugaises valent bien plus que leur valeur faciale\",\"datePublished\":\"2025-06-29T06:30:00+00:00\",\"dateModified\":\"2025-06-27T14:09:52+00:00\",\"mainEntityOfPage\":{\"@id\":\"https:\/\/www.svalbard.fr\/actualites\/ces-pieces-de-1e-portugaises-valent-bien-plus-que-leur-valeur-faciale\/\"},\"wordCount\":593,\"publisher\":{\"@id\":\"https:\/\/www.svalbard.fr\/actualites\/#organization\"},\"articleSection\":[\"Tendances\"],\"inLanguage\":\"fr-FR\"},{\"@type\":\"WebPage\",\"@id\":\"https:\/\/www.svalbard.fr\/actualites\/ces-pieces-de-1e-portugaises-valent-bien-plus-que-leur-valeur-faciale\/\",\"url\":\"https:\/\/www.svalbard.fr\/actualites\/ces-pieces-de-1e-portugaises-valent-bien-plus-que-leur-valeur-faciale\/\",\"name\":\"Ces pi\u00e8ces de 1\u20ac portugaises valent bien plus que leur valeur faciale\",\"isPartOf\":{\"@id\":\"https:\/\/www.svalbard.fr\/actualites\/#website\"},\"datePublished\":\"2025-06-29T06:30:00+00:00\",\"dateModified\":\"2025-06-27T14:09:52+00:00\",\"breadcrumb\":{\"@id\":\"https:\/\/www.svalbard.fr\/actualites\/ces-pieces-de-1e-portugaises-valent-bien-plus-que-leur-valeur-faciale\/#breadcrumb\"},\"inLanguage\":\"fr-FR\",\"potentialAction\":[{\"@type\":\"ReadAction\",\"target\":[\"https:\/\/www.svalbard.fr\/actualites\/ces-pieces-de-1e-portugaises-valent-bien-plus-que-leur-valeur-faciale\/\"]}]},{\"@type\":\"BreadcrumbList\",\"@id\":\"https:\/\/www.svalbard.fr\/actualites\/ces-pieces-de-1e-portugaises-valent-bien-plus-que-leur-valeur-faciale\/#breadcrumb\",\"itemListElement\":[{\"@type\":\"ListItem\",\"position\":1,\"name\":\"Accueil\",\"item\":\"https:\/\/www.svalbard.fr\/actualites\/\"},{\"@type\":\"ListItem\",\"position\":2,\"name\":\"Ces pi\u00e8ces de 1\u20ac portugaises valent bien plus que leur valeur faciale\"}]},{\"@type\":\"WebSite\",\"@id\":\"https:\/\/www.svalbard.fr\/actualites\/#website\",\"url\":\"https:\/\/www.svalbard.fr\/actualites\/\",\"name\":\"www.Svalbard.fr\",\"description\":\"\",\"publisher\":{\"@id\":\"https:\/\/www.svalbard.fr\/actualites\/#organization\"},\"potentialAction\":[{\"@type\":\"SearchAction\",\"target\":{\"@type\":\"EntryPoint\",\"urlTemplate\":\"https:\/\/www.svalbard.fr\/actualites\/?s={search_term_string}\"},\"query-input\":\"required name=search_term_string\"}],\"inLanguage\":\"fr-FR\"},{\"@type\":\"Organization\",\"@id\":\"https:\/\/www.svalbard.fr\/actualites\/#organization\",\"name\":\"www.Svalbard.fr\",\"url\":\"https:\/\/www.svalbard.fr\/actualites\/\",\"logo\":{\"@type\":\"ImageObject\",\"inLanguage\":\"fr-FR\",\"@id\":\"https:\/\/www.svalbard.fr\/actualites\/#\/schema\/logo\/image\/\",\"url\":\"https:\/\/www.svalbard.fr\/actualites\/wp-content\/uploads\/2023\/09\/head-nom.jpg\",\"contentUrl\":\"https:\/\/www.svalbard.fr\/actualites\/wp-content\/uploads\/2023\/09\/head-nom.jpg\",\"width\":264,\"height\":35,\"caption\":\"www.Svalbard.fr\"},\"image\":{\"@id\":\"https:\/\/www.svalbard.fr\/actualites\/#\/schema\/logo\/image\/\"}},{\"@type\":\"Person\",\"@id\":\"https:\/\/www.svalbard.fr\/actualites\/#\/schema\/person\/b9d185560b94bff7322d37cb676ee545\",\"name\":\"Guillaume Chen\",\"image\":{\"@type\":\"ImageObject\",\"inLanguage\":\"fr-FR\",\"@id\":\"https:\/\/www.svalbard.fr\/actualites\/#\/schema\/person\/image\/\",\"url\":\"https:\/\/secure.gravatar.com\/avatar\/0c3f9c94586035b795ad4049a06fb048?s=96&d=mm&r=g\",\"contentUrl\":\"https:\/\/secure.gravatar.com\/avatar\/0c3f9c94586035b795ad4049a06fb048?s=96&d=mm&r=g\",\"caption\":\"Guillaume Chen\"},\"sameAs\":[\"https:\/\/www.svalbard.fr\/\"]}]}<\/script>\n<!-- \/ Yoast SEO plugin. -->","yoast_head_json":{"title":"Ces pi\u00e8ces de 1\u20ac portugaises valent bien plus que leur valeur faciale","robots":{"index":"index","follow":"follow","max-snippet":"max-snippet:-1","max-image-preview":"max-image-preview:large","max-video-preview":"max-video-preview:-1"},"canonical":"https:\/\/www.svalbard.fr\/actualites\/ces-pieces-de-1e-portugaises-valent-bien-plus-que-leur-valeur-faciale\/","og_locale":"fr_FR","og_type":"article","og_title":"Ces pi\u00e8ces de 1\u20ac portugaises valent bien plus que leur valeur faciale","og_description":"Je me souviens de mon premier voyage \u00e0 Lisbonne en 2010 : sur le quai du m\u00e9tro, j\u2019ai re\u00e7u en guise de pourboire une pi\u00e8ce","og_url":"https:\/\/www.svalbard.fr\/actualites\/ces-pieces-de-1e-portugaises-valent-bien-plus-que-leur-valeur-faciale\/","og_site_name":"www.Svalbard.fr","article_published_time":"2025-06-29T06:30:00+00:00","article_modified_time":"2025-06-27T14:09:52+00:00","og_image":[{"width":1200,"height":675,"url":"https:\/\/www.svalbard.fr\/actualites\/wp-content\/uploads\/2025\/06\/Ces-pieces-de-1E-portugaises.jpg","type":"image\/jpeg"}],"author":"Guillaume Chen","twitter_card":"summary_large_image","twitter_misc":{"\u00c9crit par":"Guillaume Chen","Dur\u00e9e de lecture estim\u00e9e":"3 minutes"},"schema":{"@context":"https:\/\/schema.org","@graph":[{"@type":"Article","@id":"https:\/\/www.svalbard.fr\/actualites\/ces-pieces-de-1e-portugaises-valent-bien-plus-que-leur-valeur-faciale\/#article","isPartOf":{"@id":"https:\/\/www.svalbard.fr\/actualites\/ces-pieces-de-1e-portugaises-valent-bien-plus-que-leur-valeur-faciale\/"},"author":{"name":"Guillaume Chen","@id":"https:\/\/www.svalbard.fr\/actualites\/#\/schema\/person\/b9d185560b94bff7322d37cb676ee545"},"headline":"Ces pi\u00e8ces de 1\u20ac portugaises valent bien plus que leur valeur faciale","datePublished":"2025-06-29T06:30:00+00:00","dateModified":"2025-06-27T14:09:52+00:00","mainEntityOfPage":{"@id":"https:\/\/www.svalbard.fr\/actualites\/ces-pieces-de-1e-portugaises-valent-bien-plus-que-leur-valeur-faciale\/"},"wordCount":593,"publisher":{"@id":"https:\/\/www.svalbard.fr\/actualites\/#organization"},"articleSection":["Tendances"],"inLanguage":"fr-FR"},{"@type":"WebPage","@id":"https:\/\/www.svalbard.fr\/actualites\/ces-pieces-de-1e-portugaises-valent-bien-plus-que-leur-valeur-faciale\/","url":"https:\/\/www.svalbard.fr\/actualites\/ces-pieces-de-1e-portugaises-valent-bien-plus-que-leur-valeur-faciale\/","name":"Ces pi\u00e8ces de 1\u20ac portugaises valent bien plus que leur valeur faciale","isPartOf":{"@id":"https:\/\/www.svalbard.fr\/actualites\/#website"},"datePublished":"2025-06-29T06:30:00+00:00","dateModified":"2025-06-27T14:09:52+00:00","breadcrumb":{"@id":"https:\/\/www.svalbard.fr\/actualites\/ces-pieces-de-1e-portugaises-valent-bien-plus-que-leur-valeur-faciale\/#breadcrumb"},"inLanguage":"fr-FR","potentialAction":[{"@type":"ReadAction","target":["https:\/\/www.svalbard.fr\/actualites\/ces-pieces-de-1e-portugaises-valent-bien-plus-que-leur-valeur-faciale\/"]}]},{"@type":"BreadcrumbList","@id":"https:\/\/www.svalbard.fr\/actualites\/ces-pieces-de-1e-portugaises-valent-bien-plus-que-leur-valeur-faciale\/#breadcrumb","itemListElement":[{"@type":"ListItem","position":1,"name":"Accueil","item":"https:\/\/www.svalbard.fr\/actualites\/"},{"@type":"ListItem","position":2,"name":"Ces pi\u00e8ces de 1\u20ac portugaises valent bien plus que leur valeur faciale"}]},{"@type":"WebSite","@id":"https:\/\/www.svalbard.fr\/actualites\/#website","url":"https:\/\/www.svalbard.fr\/actualites\/","name":"www.Svalbard.fr","description":"","publisher":{"@id":"https:\/\/www.svalbard.fr\/actualites\/#organization"},"potentialAction":[{"@type":"SearchAction","target":{"@type":"EntryPoint","urlTemplate":"https:\/\/www.svalbard.fr\/actualites\/?s={search_term_string}"},"query-input":"required name=search_term_string"}],"inLanguage":"fr-FR"},{"@type":"Organization","@id":"https:\/\/www.svalbard.fr\/actualites\/#organization","name":"www.Svalbard.fr","url":"https:\/\/www.svalbard.fr\/actualites\/","logo":{"@type":"ImageObject","inLanguage":"fr-FR","@id":"https:\/\/www.svalbard.fr\/actualites\/#\/schema\/logo\/image\/","url":"https:\/\/www.svalbard.fr\/actualites\/wp-content\/uploads\/2023\/09\/head-nom.jpg","contentUrl":"https:\/\/www.svalbard.fr\/actualites\/wp-content\/uploads\/2023\/09\/head-nom.jpg","width":264,"height":35,"caption":"www.Svalbard.fr"},"image":{"@id":"https:\/\/www.svalbard.fr\/actualites\/#\/schema\/logo\/image\/"}},{"@type":"Person","@id":"https:\/\/www.svalbard.fr\/actualites\/#\/schema\/person\/b9d185560b94bff7322d37cb676ee545","name":"Guillaume Chen","image":{"@type":"ImageObject","inLanguage":"fr-FR","@id":"https:\/\/www.svalbard.fr\/actualites\/#\/schema\/person\/image\/","url":"https:\/\/secure.gravatar.com\/avatar\/0c3f9c94586035b795ad4049a06fb048?s=96&d=mm&r=g","contentUrl":"https:\/\/secure.gravatar.com\/avatar\/0c3f9c94586035b795ad4049a06fb048?s=96&d=mm&r=g","caption":"Guillaume Chen"},"sameAs":["https:\/\/www.svalbard.fr\/"]}]}},"_links":{"self":[{"href":"https:\/\/www.svalbard.fr\/actualites\/wp-json\/wp\/v2\/posts\/4418"}],"collection":[{"href":"https:\/\/www.svalbard.fr\/actualites\/wp-json\/wp\/v2\/posts"}],"about":[{"href":"https:\/\/www.svalbard.fr\/actualites\/wp-json\/wp\/v2\/types\/post"}],"author":[{"embeddable":true,"href":"https:\/\/www.svalbard.fr\/actualites\/wp-json\/wp\/v2\/users\/3"}],"replies":[{"embeddable":true,"href":"https:\/\/www.svalbard.fr\/actualites\/wp-json\/wp\/v2\/comments?post=4418"}],"version-history":[{"count":1,"href":"https:\/\/www.svalbard.fr\/actualites\/wp-json\/wp\/v2\/posts\/4418\/revisions"}],"predecessor-version":[{"id":4420,"href":"https:\/\/www.svalbard.fr\/actualites\/wp-json\/wp\/v2\/posts\/4418\/revisions\/4420"}],"wp:featuredmedia":[{"embeddable":true,"href":"https:\/\/www.svalbard.fr\/actualites\/wp-json\/wp\/v2\/media\/4419"}],"wp:attachment":[{"href":"https:\/\/www.svalbard.fr\/actualites\/wp-json\/wp\/v2\/media?parent=4418"}],"wp:term":[{"taxonomy":"category","embeddable":true,"href":"https:\/\/www.svalbard.fr\/actualites\/wp-json\/wp\/v2\/categories?post=4418"},{"taxonomy":"post_tag","embeddable":true,"href":"https:\/\/www.svalbard.fr\/actualites\/wp-json\/wp\/v2\/tags?post=4418"}],"curies":[{"name":"wp","href":"https:\/\/api.w.org\/{rel}","templated":true}]}}