{"id":4427,"date":"2025-06-30T08:30:00","date_gmt":"2025-06-30T06:30:00","guid":{"rendered":"https:\/\/www.svalbard.fr\/actualites\/?p=4427"},"modified":"2025-06-27T16:20:09","modified_gmt":"2025-06-27T14:20:09","slug":"le-defi-de-la-pauvrete-au-maghreb-quels-enjeux-pour-lalgerie-le-maroc-et-la-tunisie-2","status":"publish","type":"post","link":"https:\/\/www.svalbard.fr\/actualites\/le-defi-de-la-pauvrete-au-maghreb-quels-enjeux-pour-lalgerie-le-maroc-et-la-tunisie-2\/","title":{"rendered":"Le d\u00e9fi de la pauvret\u00e9 au Maghreb : quels enjeux pour l&rsquo;Alg\u00e9rie, le Maroc et la Tunisie ?"},"content":{"rendered":"\n<p><strong><em>Lors de mon dernier voyage \u00e0 T\u00e9touan, j\u2019ai crois\u00e9 une famille install\u00e9e dans une petite ruelle, dont le sourire contrastait avec la duret\u00e9 quotidienne de la vie. Cette rencontre m\u2019a rappel\u00e9 que la <\/em><\/strong><strong><em>pauvret\u00e9<\/em><\/strong><strong><em> reste un <\/em><\/strong><strong><em>d\u00e9fi majeur<\/em><\/strong><strong><em> pour des millions de Maghr\u00e9bins, chacun confront\u00e9 \u00e0 des r\u00e9alit\u00e9s tr\u00e8s diff\u00e9rentes selon qu\u2019il vit \u00e0 Alger, Rabat ou Tunis.<\/em><\/strong><\/p>\n\n\n\n<!--more-->\n\n\n\n<h2 class=\"wp-block-heading\">Les indicateurs cl\u00e9s du HAMI<\/h2>\n\n\n\n<p>L\u2019Indice mondial de la mis\u00e8re (HAMI) est <strong>un outil statistique<\/strong> fond\u00e9 sur trois param\u00e8tres : le <strong>taux de ch\u00f4mage<\/strong>, l\u2019inflation et le co\u00fbt du cr\u00e9dit <a href=\"https:\/\/www.svalbard.fr\/actualites\/finances-quel-est-lage-limite-pour-obtenir-un-pret-bancaire\/\"><strong>bancaire<\/strong><\/a>. \u00c0 ce total on soustrait la croissance annuelle du PIB par habitant, pour obtenir un score : plus il est \u00e9lev\u00e9, plus la \u00ab mis\u00e8re \u00bb y est forte. Ce calcul permet de dresser un portrait chiffr\u00e9 et comparatif des difficult\u00e9s \u00e9conomiques qui p\u00e8sent sur chaque pays, et guide les d\u00e9cideurs dans leurs strat\u00e9gies de lutte contre la pr\u00e9carit\u00e9.<\/p>\n\n\n\n<h2 class=\"wp-block-heading\">Position de l\u2019Alg\u00e9rie, du Maroc et de la Tunisie dans le HAMI<\/h2>\n\n\n\n<p>L\u2019analyse des scores HAMI pour 2023 r\u00e9v\u00e8le des \u00e9carts inattendus entre ces trois pays du Maghreb, malgr\u00e9 des contextes socio-\u00e9conomiques voisins.<\/p>\n\n\n\n<h2 class=\"wp-block-heading\">Classement de l\u2019Alg\u00e9rie<\/h2>\n\n\n\n<p>En 2023, l\u2019Alg\u00e9rie se hisse au 41\u1d49 rang mondial avec un score de 50,2, apr\u00e8s avoir \u00e9t\u00e9 25\u1d49 en 2022 (33,4). Cette am\u00e9lioration s\u2019explique notamment par une l\u00e9g\u00e8re baisse du ch\u00f4mage et une inflation mieux ma\u00eetris\u00e9e. Mon cousin enseignant \u00e0 Oran note toutefois que, derri\u00e8re ces chiffres, la pression sur les jeunes dipl\u00f4m\u00e9s reste forte, particuli\u00e8rement dans l\u2019enseignement sup\u00e9rieur.<\/p>\n\n\n\n<h2 class=\"wp-block-heading\">Classement du Maroc<\/h2>\n\n\n\n<p>Le Maroc figure \u00e0 la 68\u1d49 place (score 36,56), affichant de meilleures conditions \u00e9conomiques globales que ses voisins. Pour autant, ce positionnement \u201cfavorable\u201d ne garantit pas un sentiment de s\u00e9curit\u00e9 pour tous : dans un bistrot de Casablanca, j\u2019ai entendu de nombreux commentaires sur l\u2019absence de perspectives durables pour la <strong>jeunesse<\/strong>.<\/p>\n\n\n\n<h2 class=\"wp-block-heading\">Classement de la Tunisie<\/h2>\n\n\n\n<p>Avec un score de 46,90, la Tunisie se classe 43\u1d49. La lente reprise post-r\u00e9volution peine \u00e0 cr\u00e9er des emplois suffisants et \u00e0 stabiliser les prix. Une amie infirmi\u00e8re \u00e0 Tunis partage souvent son inqui\u00e9tude face \u00e0 la multiplication des d\u00e9parts vers l\u2019\u00e9tranger, signe d\u2019un malaise profond.<\/p>\n\n\n\n<h2 class=\"wp-block-heading\">Le bonheur au Maghreb : une autre lecture<\/h2>\n\n\n\n<p>D\u2019apr\u00e8s le Rapport mondial sur le bonheur 2023, publi\u00e9 par l\u2019ONU, l\u2019Alg\u00e9rie se place 81\u1d49, devant le Maroc (100\u1d49) et la Tunisie (110\u1d49). Ce classement repose sur des crit\u00e8res tels que le <strong>soutien social<\/strong>, l\u2019esp\u00e9rance de vie et la g\u00e9n\u00e9rosit\u00e9, offrant un regard plus subjectif sur le bien-\u00eatre quotidien.<\/p>\n\n\n\n<h2 class=\"wp-block-heading\">Alg\u00e9rie : des signes encourageants malgr\u00e9 les d\u00e9fis<\/h2>\n\n\n\n<p>L\u2019Alg\u00e9rie, tout en conservant un score HAMI mod\u00e9r\u00e9, se distingue dans le classement du bonheur. Deuxi\u00e8me pays le plus heureux d\u2019Afrique derri\u00e8re l\u2019\u00eele Maurice, elle d\u00e9montre que l\u2019\u00e9quilibre entre \u00e9conomie et bien\u2010\u00eatre est possible, m\u00eame lorsque les efforts restent inachev\u00e9s.<\/p>\n\n\n\n<h2 class=\"wp-block-heading\">Le Maroc : un paradoxe entre \u00e9conomie et bonheur<\/h2>\n\n\n\n<p>Au Maroc, la dynamique \u00e9conomique ne se traduit pas toujours par un sentiment de satisfaction. Ce <strong>paradoxe<\/strong> interroge sur la n\u00e9cessit\u00e9 d\u2019enrichir les politiques publiques \u2013 emplois, services et infrastructures \u2013 pour que la croissance profite r\u00e9ellement \u00e0 tous.<\/p>\n\n\n\n<h2 class=\"wp-block-heading\">Tunisie : une situation complexe<\/h2>\n\n\n\n<p>En Tunisie, la fracture entre une population jeune et ambitieuse et un contexte \u00e9conomique fragile se creuse. Les difficult\u00e9s d\u2019emploi et la volatilit\u00e9 des prix nourrissent une <strong>frustration<\/strong> palpable, exigeant des r\u00e9formes structurelles urgentes.<\/p>\n\n\n\n<h2 class=\"wp-block-heading\">Interpr\u00e9tation des indices : des enseignements pour l\u2019avenir<\/h2>\n\n\n\n<p>Ces indicateurs soulignent l\u2019importance de viser un v\u00e9ritable <strong>\u00e9quilibre<\/strong> : stimuler la croissance, oui, mais sans n\u00e9gliger le bien-\u00eatre des <a href=\"https:\/\/www.svalbard.fr\/actualites\/des-scientifiques-se-rendent-dans-larctique-pour-verifier-le-decompte-des-morses-par-les-citoyens-depuis-lespace\/\"><strong>citoyens<\/strong><\/a>. Les gouvernements du Maghreb devront allier investissements \u00e9conomiques et renforcement des protections sociales pour r\u00e9pondre aux aspirations de leurs populations et dessiner des perspectives durables.<\/p>\n","protected":false},"excerpt":{"rendered":"<p>Lors de mon dernier voyage \u00e0 T\u00e9touan, j\u2019ai crois\u00e9 une famille install\u00e9e dans une petite ruelle, dont le sourire contrastait avec la duret\u00e9 quotidienne de<\/p>\n","protected":false},"author":3,"featured_media":4428,"comment_status":"closed","ping_status":"closed","sticky":false,"template":"","format":"standard","meta":{"footnotes":""},"categories":[1725],"tags":[],"yoast_head":"<!-- This site is optimized with the Yoast SEO plugin v21.0 - https:\/\/yoast.com\/wordpress\/plugins\/seo\/ -->\n<title>Le d\u00e9fi de la pauvret\u00e9 au Maghreb : quels enjeux pour l&#039;Alg\u00e9rie, le Maroc et la Tunisie ?<\/title>\n<meta name=\"robots\" content=\"index, follow, max-snippet:-1, max-image-preview:large, max-video-preview:-1\" \/>\n<link rel=\"canonical\" href=\"https:\/\/www.svalbard.fr\/actualites\/le-defi-de-la-pauvrete-au-maghreb-quels-enjeux-pour-lalgerie-le-maroc-et-la-tunisie-2\/\" \/>\n<meta property=\"og:locale\" content=\"fr_FR\" \/>\n<meta property=\"og:type\" content=\"article\" \/>\n<meta property=\"og:title\" content=\"Le d\u00e9fi de la pauvret\u00e9 au Maghreb : quels enjeux pour l&#039;Alg\u00e9rie, le Maroc et la Tunisie ?\" \/>\n<meta property=\"og:description\" content=\"Lors de mon dernier voyage \u00e0 T\u00e9touan, j\u2019ai crois\u00e9 une famille install\u00e9e dans une petite ruelle, dont le sourire contrastait avec la duret\u00e9 quotidienne de\" \/>\n<meta property=\"og:url\" content=\"https:\/\/www.svalbard.fr\/actualites\/le-defi-de-la-pauvrete-au-maghreb-quels-enjeux-pour-lalgerie-le-maroc-et-la-tunisie-2\/\" \/>\n<meta property=\"og:site_name\" content=\"www.Svalbard.fr\" \/>\n<meta property=\"article:published_time\" content=\"2025-06-30T06:30:00+00:00\" \/>\n<meta property=\"article:modified_time\" content=\"2025-06-27T14:20:09+00:00\" \/>\n<meta property=\"og:image\" content=\"https:\/\/www.svalbard.fr\/actualites\/wp-content\/uploads\/2025\/06\/Le-defi-de-la-pauvrete-au-Maghreb-1.jpg\" \/>\n\t<meta property=\"og:image:width\" content=\"1200\" \/>\n\t<meta property=\"og:image:height\" content=\"675\" \/>\n\t<meta property=\"og:image:type\" content=\"image\/jpeg\" \/>\n<meta name=\"author\" content=\"Guillaume Chen\" \/>\n<meta name=\"twitter:card\" content=\"summary_large_image\" \/>\n<meta name=\"twitter:label1\" content=\"\u00c9crit par\" \/>\n\t<meta name=\"twitter:data1\" content=\"Guillaume Chen\" \/>\n\t<meta name=\"twitter:label2\" content=\"Dur\u00e9e de lecture estim\u00e9e\" \/>\n\t<meta name=\"twitter:data2\" content=\"3 minutes\" \/>\n<script type=\"application\/ld+json\" class=\"yoast-schema-graph\">{\"@context\":\"https:\/\/schema.org\",\"@graph\":[{\"@type\":\"Article\",\"@id\":\"https:\/\/www.svalbard.fr\/actualites\/le-defi-de-la-pauvrete-au-maghreb-quels-enjeux-pour-lalgerie-le-maroc-et-la-tunisie-2\/#article\",\"isPartOf\":{\"@id\":\"https:\/\/www.svalbard.fr\/actualites\/le-defi-de-la-pauvrete-au-maghreb-quels-enjeux-pour-lalgerie-le-maroc-et-la-tunisie-2\/\"},\"author\":{\"name\":\"Guillaume Chen\",\"@id\":\"https:\/\/www.svalbard.fr\/actualites\/#\/schema\/person\/b9d185560b94bff7322d37cb676ee545\"},\"headline\":\"Le d\u00e9fi de la pauvret\u00e9 au Maghreb : quels enjeux pour l&rsquo;Alg\u00e9rie, le Maroc et la Tunisie ?\",\"datePublished\":\"2025-06-30T06:30:00+00:00\",\"dateModified\":\"2025-06-27T14:20:09+00:00\",\"mainEntityOfPage\":{\"@id\":\"https:\/\/www.svalbard.fr\/actualites\/le-defi-de-la-pauvrete-au-maghreb-quels-enjeux-pour-lalgerie-le-maroc-et-la-tunisie-2\/\"},\"wordCount\":669,\"publisher\":{\"@id\":\"https:\/\/www.svalbard.fr\/actualites\/#organization\"},\"articleSection\":[\"Tendances\"],\"inLanguage\":\"fr-FR\"},{\"@type\":\"WebPage\",\"@id\":\"https:\/\/www.svalbard.fr\/actualites\/le-defi-de-la-pauvrete-au-maghreb-quels-enjeux-pour-lalgerie-le-maroc-et-la-tunisie-2\/\",\"url\":\"https:\/\/www.svalbard.fr\/actualites\/le-defi-de-la-pauvrete-au-maghreb-quels-enjeux-pour-lalgerie-le-maroc-et-la-tunisie-2\/\",\"name\":\"Le d\u00e9fi de la pauvret\u00e9 au Maghreb : quels enjeux pour l'Alg\u00e9rie, le Maroc et la Tunisie ?\",\"isPartOf\":{\"@id\":\"https:\/\/www.svalbard.fr\/actualites\/#website\"},\"datePublished\":\"2025-06-30T06:30:00+00:00\",\"dateModified\":\"2025-06-27T14:20:09+00:00\",\"breadcrumb\":{\"@id\":\"https:\/\/www.svalbard.fr\/actualites\/le-defi-de-la-pauvrete-au-maghreb-quels-enjeux-pour-lalgerie-le-maroc-et-la-tunisie-2\/#breadcrumb\"},\"inLanguage\":\"fr-FR\",\"potentialAction\":[{\"@type\":\"ReadAction\",\"target\":[\"https:\/\/www.svalbard.fr\/actualites\/le-defi-de-la-pauvrete-au-maghreb-quels-enjeux-pour-lalgerie-le-maroc-et-la-tunisie-2\/\"]}]},{\"@type\":\"BreadcrumbList\",\"@id\":\"https:\/\/www.svalbard.fr\/actualites\/le-defi-de-la-pauvrete-au-maghreb-quels-enjeux-pour-lalgerie-le-maroc-et-la-tunisie-2\/#breadcrumb\",\"itemListElement\":[{\"@type\":\"ListItem\",\"position\":1,\"name\":\"Accueil\",\"item\":\"https:\/\/www.svalbard.fr\/actualites\/\"},{\"@type\":\"ListItem\",\"position\":2,\"name\":\"Le d\u00e9fi de la pauvret\u00e9 au Maghreb : quels enjeux pour l&rsquo;Alg\u00e9rie, le Maroc et la Tunisie ?\"}]},{\"@type\":\"WebSite\",\"@id\":\"https:\/\/www.svalbard.fr\/actualites\/#website\",\"url\":\"https:\/\/www.svalbard.fr\/actualites\/\",\"name\":\"www.Svalbard.fr\",\"description\":\"\",\"publisher\":{\"@id\":\"https:\/\/www.svalbard.fr\/actualites\/#organization\"},\"potentialAction\":[{\"@type\":\"SearchAction\",\"target\":{\"@type\":\"EntryPoint\",\"urlTemplate\":\"https:\/\/www.svalbard.fr\/actualites\/?s={search_term_string}\"},\"query-input\":\"required name=search_term_string\"}],\"inLanguage\":\"fr-FR\"},{\"@type\":\"Organization\",\"@id\":\"https:\/\/www.svalbard.fr\/actualites\/#organization\",\"name\":\"www.Svalbard.fr\",\"url\":\"https:\/\/www.svalbard.fr\/actualites\/\",\"logo\":{\"@type\":\"ImageObject\",\"inLanguage\":\"fr-FR\",\"@id\":\"https:\/\/www.svalbard.fr\/actualites\/#\/schema\/logo\/image\/\",\"url\":\"https:\/\/www.svalbard.fr\/actualites\/wp-content\/uploads\/2023\/09\/head-nom.jpg\",\"contentUrl\":\"https:\/\/www.svalbard.fr\/actualites\/wp-content\/uploads\/2023\/09\/head-nom.jpg\",\"width\":264,\"height\":35,\"caption\":\"www.Svalbard.fr\"},\"image\":{\"@id\":\"https:\/\/www.svalbard.fr\/actualites\/#\/schema\/logo\/image\/\"}},{\"@type\":\"Person\",\"@id\":\"https:\/\/www.svalbard.fr\/actualites\/#\/schema\/person\/b9d185560b94bff7322d37cb676ee545\",\"name\":\"Guillaume Chen\",\"image\":{\"@type\":\"ImageObject\",\"inLanguage\":\"fr-FR\",\"@id\":\"https:\/\/www.svalbard.fr\/actualites\/#\/schema\/person\/image\/\",\"url\":\"https:\/\/secure.gravatar.com\/avatar\/0c3f9c94586035b795ad4049a06fb048?s=96&d=mm&r=g\",\"contentUrl\":\"https:\/\/secure.gravatar.com\/avatar\/0c3f9c94586035b795ad4049a06fb048?s=96&d=mm&r=g\",\"caption\":\"Guillaume Chen\"},\"sameAs\":[\"https:\/\/www.svalbard.fr\/\"]}]}<\/script>\n<!-- \/ Yoast SEO plugin. -->","yoast_head_json":{"title":"Le d\u00e9fi de la pauvret\u00e9 au Maghreb : quels enjeux pour l'Alg\u00e9rie, le Maroc et la Tunisie ?","robots":{"index":"index","follow":"follow","max-snippet":"max-snippet:-1","max-image-preview":"max-image-preview:large","max-video-preview":"max-video-preview:-1"},"canonical":"https:\/\/www.svalbard.fr\/actualites\/le-defi-de-la-pauvrete-au-maghreb-quels-enjeux-pour-lalgerie-le-maroc-et-la-tunisie-2\/","og_locale":"fr_FR","og_type":"article","og_title":"Le d\u00e9fi de la pauvret\u00e9 au Maghreb : quels enjeux pour l'Alg\u00e9rie, le Maroc et la Tunisie ?","og_description":"Lors de mon dernier voyage \u00e0 T\u00e9touan, j\u2019ai crois\u00e9 une famille install\u00e9e dans une petite ruelle, dont le sourire contrastait avec la duret\u00e9 quotidienne de","og_url":"https:\/\/www.svalbard.fr\/actualites\/le-defi-de-la-pauvrete-au-maghreb-quels-enjeux-pour-lalgerie-le-maroc-et-la-tunisie-2\/","og_site_name":"www.Svalbard.fr","article_published_time":"2025-06-30T06:30:00+00:00","article_modified_time":"2025-06-27T14:20:09+00:00","og_image":[{"width":1200,"height":675,"url":"https:\/\/www.svalbard.fr\/actualites\/wp-content\/uploads\/2025\/06\/Le-defi-de-la-pauvrete-au-Maghreb-1.jpg","type":"image\/jpeg"}],"author":"Guillaume Chen","twitter_card":"summary_large_image","twitter_misc":{"\u00c9crit par":"Guillaume Chen","Dur\u00e9e de lecture estim\u00e9e":"3 minutes"},"schema":{"@context":"https:\/\/schema.org","@graph":[{"@type":"Article","@id":"https:\/\/www.svalbard.fr\/actualites\/le-defi-de-la-pauvrete-au-maghreb-quels-enjeux-pour-lalgerie-le-maroc-et-la-tunisie-2\/#article","isPartOf":{"@id":"https:\/\/www.svalbard.fr\/actualites\/le-defi-de-la-pauvrete-au-maghreb-quels-enjeux-pour-lalgerie-le-maroc-et-la-tunisie-2\/"},"author":{"name":"Guillaume Chen","@id":"https:\/\/www.svalbard.fr\/actualites\/#\/schema\/person\/b9d185560b94bff7322d37cb676ee545"},"headline":"Le d\u00e9fi de la pauvret\u00e9 au Maghreb : quels enjeux pour l&rsquo;Alg\u00e9rie, le Maroc et la Tunisie ?","datePublished":"2025-06-30T06:30:00+00:00","dateModified":"2025-06-27T14:20:09+00:00","mainEntityOfPage":{"@id":"https:\/\/www.svalbard.fr\/actualites\/le-defi-de-la-pauvrete-au-maghreb-quels-enjeux-pour-lalgerie-le-maroc-et-la-tunisie-2\/"},"wordCount":669,"publisher":{"@id":"https:\/\/www.svalbard.fr\/actualites\/#organization"},"articleSection":["Tendances"],"inLanguage":"fr-FR"},{"@type":"WebPage","@id":"https:\/\/www.svalbard.fr\/actualites\/le-defi-de-la-pauvrete-au-maghreb-quels-enjeux-pour-lalgerie-le-maroc-et-la-tunisie-2\/","url":"https:\/\/www.svalbard.fr\/actualites\/le-defi-de-la-pauvrete-au-maghreb-quels-enjeux-pour-lalgerie-le-maroc-et-la-tunisie-2\/","name":"Le d\u00e9fi de la pauvret\u00e9 au Maghreb : quels enjeux pour l'Alg\u00e9rie, le Maroc et la Tunisie ?","isPartOf":{"@id":"https:\/\/www.svalbard.fr\/actualites\/#website"},"datePublished":"2025-06-30T06:30:00+00:00","dateModified":"2025-06-27T14:20:09+00:00","breadcrumb":{"@id":"https:\/\/www.svalbard.fr\/actualites\/le-defi-de-la-pauvrete-au-maghreb-quels-enjeux-pour-lalgerie-le-maroc-et-la-tunisie-2\/#breadcrumb"},"inLanguage":"fr-FR","potentialAction":[{"@type":"ReadAction","target":["https:\/\/www.svalbard.fr\/actualites\/le-defi-de-la-pauvrete-au-maghreb-quels-enjeux-pour-lalgerie-le-maroc-et-la-tunisie-2\/"]}]},{"@type":"BreadcrumbList","@id":"https:\/\/www.svalbard.fr\/actualites\/le-defi-de-la-pauvrete-au-maghreb-quels-enjeux-pour-lalgerie-le-maroc-et-la-tunisie-2\/#breadcrumb","itemListElement":[{"@type":"ListItem","position":1,"name":"Accueil","item":"https:\/\/www.svalbard.fr\/actualites\/"},{"@type":"ListItem","position":2,"name":"Le d\u00e9fi de la pauvret\u00e9 au Maghreb : quels enjeux pour l&rsquo;Alg\u00e9rie, le Maroc et la Tunisie ?"}]},{"@type":"WebSite","@id":"https:\/\/www.svalbard.fr\/actualites\/#website","url":"https:\/\/www.svalbard.fr\/actualites\/","name":"www.Svalbard.fr","description":"","publisher":{"@id":"https:\/\/www.svalbard.fr\/actualites\/#organization"},"potentialAction":[{"@type":"SearchAction","target":{"@type":"EntryPoint","urlTemplate":"https:\/\/www.svalbard.fr\/actualites\/?s={search_term_string}"},"query-input":"required name=search_term_string"}],"inLanguage":"fr-FR"},{"@type":"Organization","@id":"https:\/\/www.svalbard.fr\/actualites\/#organization","name":"www.Svalbard.fr","url":"https:\/\/www.svalbard.fr\/actualites\/","logo":{"@type":"ImageObject","inLanguage":"fr-FR","@id":"https:\/\/www.svalbard.fr\/actualites\/#\/schema\/logo\/image\/","url":"https:\/\/www.svalbard.fr\/actualites\/wp-content\/uploads\/2023\/09\/head-nom.jpg","contentUrl":"https:\/\/www.svalbard.fr\/actualites\/wp-content\/uploads\/2023\/09\/head-nom.jpg","width":264,"height":35,"caption":"www.Svalbard.fr"},"image":{"@id":"https:\/\/www.svalbard.fr\/actualites\/#\/schema\/logo\/image\/"}},{"@type":"Person","@id":"https:\/\/www.svalbard.fr\/actualites\/#\/schema\/person\/b9d185560b94bff7322d37cb676ee545","name":"Guillaume Chen","image":{"@type":"ImageObject","inLanguage":"fr-FR","@id":"https:\/\/www.svalbard.fr\/actualites\/#\/schema\/person\/image\/","url":"https:\/\/secure.gravatar.com\/avatar\/0c3f9c94586035b795ad4049a06fb048?s=96&d=mm&r=g","contentUrl":"https:\/\/secure.gravatar.com\/avatar\/0c3f9c94586035b795ad4049a06fb048?s=96&d=mm&r=g","caption":"Guillaume Chen"},"sameAs":["https:\/\/www.svalbard.fr\/"]}]}},"_links":{"self":[{"href":"https:\/\/www.svalbard.fr\/actualites\/wp-json\/wp\/v2\/posts\/4427"}],"collection":[{"href":"https:\/\/www.svalbard.fr\/actualites\/wp-json\/wp\/v2\/posts"}],"about":[{"href":"https:\/\/www.svalbard.fr\/actualites\/wp-json\/wp\/v2\/types\/post"}],"author":[{"embeddable":true,"href":"https:\/\/www.svalbard.fr\/actualites\/wp-json\/wp\/v2\/users\/3"}],"replies":[{"embeddable":true,"href":"https:\/\/www.svalbard.fr\/actualites\/wp-json\/wp\/v2\/comments?post=4427"}],"version-history":[{"count":1,"href":"https:\/\/www.svalbard.fr\/actualites\/wp-json\/wp\/v2\/posts\/4427\/revisions"}],"predecessor-version":[{"id":4429,"href":"https:\/\/www.svalbard.fr\/actualites\/wp-json\/wp\/v2\/posts\/4427\/revisions\/4429"}],"wp:featuredmedia":[{"embeddable":true,"href":"https:\/\/www.svalbard.fr\/actualites\/wp-json\/wp\/v2\/media\/4428"}],"wp:attachment":[{"href":"https:\/\/www.svalbard.fr\/actualites\/wp-json\/wp\/v2\/media?parent=4427"}],"wp:term":[{"taxonomy":"category","embeddable":true,"href":"https:\/\/www.svalbard.fr\/actualites\/wp-json\/wp\/v2\/categories?post=4427"},{"taxonomy":"post_tag","embeddable":true,"href":"https:\/\/www.svalbard.fr\/actualites\/wp-json\/wp\/v2\/tags?post=4427"}],"curies":[{"name":"wp","href":"https:\/\/api.w.org\/{rel}","templated":true}]}}