{"id":4436,"date":"2025-06-29T02:24:22","date_gmt":"2025-06-29T00:24:22","guid":{"rendered":"https:\/\/www.svalbard.fr\/actualites\/la-petite-ile-sombre-si-pres-du-pole-nord-seulement-9-personnes-y-vivent\/"},"modified":"2025-06-29T02:24:24","modified_gmt":"2025-06-29T00:24:24","slug":"la-petite-ile-sombre-si-pres-du-pole-nord-seulement-9-personnes-y-vivent","status":"publish","type":"post","link":"https:\/\/www.svalbard.fr\/actualites\/la-petite-ile-sombre-si-pres-du-pole-nord-seulement-9-personnes-y-vivent\/","title":{"rendered":"La petite \u00eele sombre si pr\u00e8s du p\u00f4le Nord seulement 9 personnes y vivent"},"content":{"rendered":"<div>\n<p data-mce-linkchecker-status=\"valid\">Bear Island est une petite \u00eele nich\u00e9e entre Spitsbergen et le Cap Nord, aux limites de la mer Norv\u00e9gienne et Barents. C&#39;est l&#39;\u00eele la plus au sud de l&#39;archipel norv\u00e9gien Svalbard.<\/p>\n<p data-mce-linkchecker-status=\"valid\">En 1596, deux explorateurs n\u00e9erlandais, Willem Barentsz et Jacob Van Hemsserck, ont d\u00e9couvert l&#39;\u00eele pendant leur exp\u00e9dition pour trouver une route de la mer du Nord vers l&#39;Asie. Ils l&#39;ont nomm\u00e9 Bear Island apr\u00e8s un ours polaire, ils ont rep\u00e9r\u00e9 la natation \u00e0 proximit\u00e9. En raison de son emplacement \u00e9loign\u00e9 et de son terrain st\u00e9rile, l&#39;\u00eele reste inhabit\u00e9e, \u00e0 l&#39;exception des neuf personnes qui travaillent dans sa station m\u00e9t\u00e9orologique et sa station de radio, Bjornoya Radio.<\/p>\n<\/div>\n<div>\n<p>La station, qui remonte \u00e0 1919, a commenc\u00e9 comme une station de radio norv\u00e9gienne avant de se d\u00e9velopper \u00e0 une station m\u00e9t\u00e9orologique. Aujourd&#39;hui, la gare, situ\u00e9e \u00e0 Herwighamna, un petit port sur la c\u00f4te nord de l&#39;\u00eele, effectue des observations m\u00e9t\u00e9orologiques et fournit des services de logistique et de t\u00e9l\u00e9communication, y compris une montre radio.<\/p>\n<p>Bear Island a vu un certain nombre d&#39;autres activit\u00e9s commerciales se d\u00e9rouler. Au cours des derniers si\u00e8cles, il a accueilli l&#39;extraction du charbon, la p\u00eache et la baleine. <\/p>\n<p>La premi\u00e8re tentative d&#39;extraction de charbon a commenc\u00e9 en 1898 mais n&#39;a pas r\u00e9ussi jusqu&#39;\u00e0 ce que Bjornoen ait op\u00e9r\u00e9 une mine de charbon dans le village de Tuheim de 1916 \u00e0 1925, ce qui a apport\u00e9 un certain succ\u00e8s, avant d&#39;\u00eatre \u00e9vacu\u00e9 et d\u00e9truit pendant la Seconde Guerre mondiale.<\/p>\n<p>Depuis 2002, l&#39;\u00eele et les eaux adjacentes ont \u00e9t\u00e9 d\u00e9clar\u00e9es de r\u00e9serve naturelle. La r\u00e9serve couvre toute l&#39;\u00eele, sauf 1,2 miles autour de la station m\u00e9t\u00e9orologique.<\/p>\n<\/div>\n<div>\n<p>L&#39;\u00eele est \u00e9galement un lieu d&#39;int\u00e9r\u00eat, en particulier pour la recherche ornithologique (l&#39;\u00e9tude des oiseaux), le norv\u00e9gien Polar Institute y effectuant des exp\u00e9ditions annuelles.<\/p>\n<p>Bien que l&#39;\u00eele soit extr\u00eamement difficile \u00e0 atteindre, il existe des opportunit\u00e9s pour les voyageurs de visiter. Le terrain difficile de l&#39;\u00eele rend difficile l&#39;atterrir sur l&#39;\u00eele.<\/p>\n<p>Sa zone nord est plate, remplie de lacs et sa r\u00e9gion sud est montagneuse. La plus haute montagne, Mysseryfjellet, mesure 1 758 pieds de haut. Par cons\u00e9quent, la principale fa\u00e7on de visiter l&#39;\u00eele est par des bateaux de navire ou de zodiaque.<\/p>\n<p>Oceanwide Expeditions offre une exp\u00e9rience de cinq nuits qui traverse le sud de Spitsberg, Bear Island et la Norv\u00e8ge, donnant aux passagers la possibilit\u00e9 de \u00ab\u00a0explorer un monde de glaciers, de pics accident\u00e9s et de superbes fjords\u00a0\u00bb.<\/p>\n<\/div>\n","protected":false},"excerpt":{"rendered":"<p>Bear Island est une petite \u00eele nich\u00e9e entre Spitsbergen et le Cap Nord, aux limites de la mer Norv\u00e9gienne et Barents. C&#39;est l&#39;\u00eele la plus<\/p>\n","protected":false},"author":1,"featured_media":4437,"comment_status":"closed","ping_status":"","sticky":false,"template":"","format":"standard","meta":{"footnotes":""},"categories":[2277],"tags":[68,321,1287,453,320,2038,421,587,976],"yoast_head":"<!-- This site is optimized with the Yoast SEO plugin v21.0 - https:\/\/yoast.com\/wordpress\/plugins\/seo\/ -->\n<title>La petite \u00eele sombre si pr\u00e8s du p\u00f4le Nord seulement 9 personnes y vivent<\/title>\n<meta name=\"robots\" content=\"index, follow, max-snippet:-1, max-image-preview:large, max-video-preview:-1\" \/>\n<link rel=\"canonical\" href=\"https:\/\/www.svalbard.fr\/actualites\/la-petite-ile-sombre-si-pres-du-pole-nord-seulement-9-personnes-y-vivent\/\" \/>\n<meta property=\"og:locale\" content=\"fr_FR\" \/>\n<meta property=\"og:type\" content=\"article\" \/>\n<meta property=\"og:title\" content=\"La petite \u00eele sombre si pr\u00e8s du p\u00f4le Nord seulement 9 personnes y vivent\" \/>\n<meta property=\"og:description\" content=\"Bear Island est une petite \u00eele nich\u00e9e entre Spitsbergen et le Cap Nord, aux limites de la mer Norv\u00e9gienne et Barents. C&#039;est l&#039;\u00eele la plus\" \/>\n<meta property=\"og:url\" content=\"https:\/\/www.svalbard.fr\/actualites\/la-petite-ile-sombre-si-pres-du-pole-nord-seulement-9-personnes-y-vivent\/\" \/>\n<meta property=\"og:site_name\" content=\"www.Svalbard.fr\" \/>\n<meta property=\"article:published_time\" content=\"2025-06-29T00:24:22+00:00\" \/>\n<meta property=\"article:modified_time\" content=\"2025-06-29T00:24:24+00:00\" \/>\n<meta property=\"og:image\" content=\"https:\/\/www.svalbard.fr\/actualites\/wp-content\/uploads\/2025\/06\/La-petite-ile-sombre-si-pres-du-pole-Nord-seulement.jpg\" \/>\n\t<meta property=\"og:image:width\" content=\"1200\" \/>\n\t<meta property=\"og:image:height\" content=\"630\" \/>\n\t<meta property=\"og:image:type\" content=\"image\/jpeg\" \/>\n<meta name=\"author\" content=\"Hilmar\" \/>\n<meta name=\"twitter:card\" content=\"summary_large_image\" \/>\n<meta name=\"twitter:label1\" content=\"\u00c9crit par\" \/>\n\t<meta name=\"twitter:data1\" content=\"Hilmar\" \/>\n\t<meta name=\"twitter:label2\" content=\"Dur\u00e9e de lecture estim\u00e9e\" \/>\n\t<meta name=\"twitter:data2\" content=\"2 minutes\" \/>\n<script type=\"application\/ld+json\" class=\"yoast-schema-graph\">{\"@context\":\"https:\/\/schema.org\",\"@graph\":[{\"@type\":\"Article\",\"@id\":\"https:\/\/www.svalbard.fr\/actualites\/la-petite-ile-sombre-si-pres-du-pole-nord-seulement-9-personnes-y-vivent\/#article\",\"isPartOf\":{\"@id\":\"https:\/\/www.svalbard.fr\/actualites\/la-petite-ile-sombre-si-pres-du-pole-nord-seulement-9-personnes-y-vivent\/\"},\"author\":{\"name\":\"Hilmar\",\"@id\":\"https:\/\/www.svalbard.fr\/actualites\/#\/schema\/person\/a2f937d5712222366738fae98755c600\"},\"headline\":\"La petite \u00eele sombre si pr\u00e8s du p\u00f4le Nord seulement 9 personnes y vivent\",\"datePublished\":\"2025-06-29T00:24:22+00:00\",\"dateModified\":\"2025-06-29T00:24:24+00:00\",\"mainEntityOfPage\":{\"@id\":\"https:\/\/www.svalbard.fr\/actualites\/la-petite-ile-sombre-si-pres-du-pole-nord-seulement-9-personnes-y-vivent\/\"},\"wordCount\":469,\"publisher\":{\"@id\":\"https:\/\/www.svalbard.fr\/actualites\/#organization\"},\"keywords\":[\"\u00eele\",\"Nord\",\"personnes\",\"petite\",\"p\u00f4le\",\"pr\u00e8s\",\"seulement\",\"Sombre\",\"vivent\"],\"inLanguage\":\"fr-FR\"},{\"@type\":\"WebPage\",\"@id\":\"https:\/\/www.svalbard.fr\/actualites\/la-petite-ile-sombre-si-pres-du-pole-nord-seulement-9-personnes-y-vivent\/\",\"url\":\"https:\/\/www.svalbard.fr\/actualites\/la-petite-ile-sombre-si-pres-du-pole-nord-seulement-9-personnes-y-vivent\/\",\"name\":\"La petite \u00eele sombre si pr\u00e8s du p\u00f4le Nord seulement 9 personnes y vivent\",\"isPartOf\":{\"@id\":\"https:\/\/www.svalbard.fr\/actualites\/#website\"},\"datePublished\":\"2025-06-29T00:24:22+00:00\",\"dateModified\":\"2025-06-29T00:24:24+00:00\",\"breadcrumb\":{\"@id\":\"https:\/\/www.svalbard.fr\/actualites\/la-petite-ile-sombre-si-pres-du-pole-nord-seulement-9-personnes-y-vivent\/#breadcrumb\"},\"inLanguage\":\"fr-FR\",\"potentialAction\":[{\"@type\":\"ReadAction\",\"target\":[\"https:\/\/www.svalbard.fr\/actualites\/la-petite-ile-sombre-si-pres-du-pole-nord-seulement-9-personnes-y-vivent\/\"]}]},{\"@type\":\"BreadcrumbList\",\"@id\":\"https:\/\/www.svalbard.fr\/actualites\/la-petite-ile-sombre-si-pres-du-pole-nord-seulement-9-personnes-y-vivent\/#breadcrumb\",\"itemListElement\":[{\"@type\":\"ListItem\",\"position\":1,\"name\":\"Accueil\",\"item\":\"https:\/\/www.svalbard.fr\/actualites\/\"},{\"@type\":\"ListItem\",\"position\":2,\"name\":\"La petite \u00eele sombre si pr\u00e8s du p\u00f4le Nord seulement 9 personnes y vivent\"}]},{\"@type\":\"WebSite\",\"@id\":\"https:\/\/www.svalbard.fr\/actualites\/#website\",\"url\":\"https:\/\/www.svalbard.fr\/actualites\/\",\"name\":\"www.Svalbard.fr\",\"description\":\"\",\"publisher\":{\"@id\":\"https:\/\/www.svalbard.fr\/actualites\/#organization\"},\"potentialAction\":[{\"@type\":\"SearchAction\",\"target\":{\"@type\":\"EntryPoint\",\"urlTemplate\":\"https:\/\/www.svalbard.fr\/actualites\/?s={search_term_string}\"},\"query-input\":\"required name=search_term_string\"}],\"inLanguage\":\"fr-FR\"},{\"@type\":\"Organization\",\"@id\":\"https:\/\/www.svalbard.fr\/actualites\/#organization\",\"name\":\"www.Svalbard.fr\",\"url\":\"https:\/\/www.svalbard.fr\/actualites\/\",\"logo\":{\"@type\":\"ImageObject\",\"inLanguage\":\"fr-FR\",\"@id\":\"https:\/\/www.svalbard.fr\/actualites\/#\/schema\/logo\/image\/\",\"url\":\"https:\/\/www.svalbard.fr\/actualites\/wp-content\/uploads\/2023\/09\/head-nom.jpg\",\"contentUrl\":\"https:\/\/www.svalbard.fr\/actualites\/wp-content\/uploads\/2023\/09\/head-nom.jpg\",\"width\":264,\"height\":35,\"caption\":\"www.Svalbard.fr\"},\"image\":{\"@id\":\"https:\/\/www.svalbard.fr\/actualites\/#\/schema\/logo\/image\/\"}},{\"@type\":\"Person\",\"@id\":\"https:\/\/www.svalbard.fr\/actualites\/#\/schema\/person\/a2f937d5712222366738fae98755c600\",\"name\":\"Hilmar\",\"image\":{\"@type\":\"ImageObject\",\"inLanguage\":\"fr-FR\",\"@id\":\"https:\/\/www.svalbard.fr\/actualites\/#\/schema\/person\/image\/\",\"url\":\"https:\/\/secure.gravatar.com\/avatar\/4daa437093476dbc32da415c112b6512?s=96&d=mm&r=g\",\"contentUrl\":\"https:\/\/secure.gravatar.com\/avatar\/4daa437093476dbc32da415c112b6512?s=96&d=mm&r=g\",\"caption\":\"Hilmar\"},\"description\":\"Hilmar est un passionn\u00e9 des r\u00e9gions polaires, sp\u00e9cialis\u00e9 dans la r\u00e9daction d'articles sur le Spitzberg et autres destinations arctiques. Il apporte son expertise et sa passion pour l'Arctique au sein de l'\u00e9quipe de r\u00e9daction de Svalbard depuis de nombreuses ann\u00e9es.\",\"sameAs\":[\"https:\/\/www.svalbard.fr\/\"]}]}<\/script>\n<!-- \/ Yoast SEO plugin. -->","yoast_head_json":{"title":"La petite \u00eele sombre si pr\u00e8s du p\u00f4le Nord seulement 9 personnes y vivent","robots":{"index":"index","follow":"follow","max-snippet":"max-snippet:-1","max-image-preview":"max-image-preview:large","max-video-preview":"max-video-preview:-1"},"canonical":"https:\/\/www.svalbard.fr\/actualites\/la-petite-ile-sombre-si-pres-du-pole-nord-seulement-9-personnes-y-vivent\/","og_locale":"fr_FR","og_type":"article","og_title":"La petite \u00eele sombre si pr\u00e8s du p\u00f4le Nord seulement 9 personnes y vivent","og_description":"Bear Island est une petite \u00eele nich\u00e9e entre Spitsbergen et le Cap Nord, aux limites de la mer Norv\u00e9gienne et Barents. C&#39;est l&#39;\u00eele la plus","og_url":"https:\/\/www.svalbard.fr\/actualites\/la-petite-ile-sombre-si-pres-du-pole-nord-seulement-9-personnes-y-vivent\/","og_site_name":"www.Svalbard.fr","article_published_time":"2025-06-29T00:24:22+00:00","article_modified_time":"2025-06-29T00:24:24+00:00","og_image":[{"width":1200,"height":630,"url":"https:\/\/www.svalbard.fr\/actualites\/wp-content\/uploads\/2025\/06\/La-petite-ile-sombre-si-pres-du-pole-Nord-seulement.jpg","type":"image\/jpeg"}],"author":"Hilmar","twitter_card":"summary_large_image","twitter_misc":{"\u00c9crit par":"Hilmar","Dur\u00e9e de lecture estim\u00e9e":"2 minutes"},"schema":{"@context":"https:\/\/schema.org","@graph":[{"@type":"Article","@id":"https:\/\/www.svalbard.fr\/actualites\/la-petite-ile-sombre-si-pres-du-pole-nord-seulement-9-personnes-y-vivent\/#article","isPartOf":{"@id":"https:\/\/www.svalbard.fr\/actualites\/la-petite-ile-sombre-si-pres-du-pole-nord-seulement-9-personnes-y-vivent\/"},"author":{"name":"Hilmar","@id":"https:\/\/www.svalbard.fr\/actualites\/#\/schema\/person\/a2f937d5712222366738fae98755c600"},"headline":"La petite \u00eele sombre si pr\u00e8s du p\u00f4le Nord seulement 9 personnes y vivent","datePublished":"2025-06-29T00:24:22+00:00","dateModified":"2025-06-29T00:24:24+00:00","mainEntityOfPage":{"@id":"https:\/\/www.svalbard.fr\/actualites\/la-petite-ile-sombre-si-pres-du-pole-nord-seulement-9-personnes-y-vivent\/"},"wordCount":469,"publisher":{"@id":"https:\/\/www.svalbard.fr\/actualites\/#organization"},"keywords":["\u00eele","Nord","personnes","petite","p\u00f4le","pr\u00e8s","seulement","Sombre","vivent"],"inLanguage":"fr-FR"},{"@type":"WebPage","@id":"https:\/\/www.svalbard.fr\/actualites\/la-petite-ile-sombre-si-pres-du-pole-nord-seulement-9-personnes-y-vivent\/","url":"https:\/\/www.svalbard.fr\/actualites\/la-petite-ile-sombre-si-pres-du-pole-nord-seulement-9-personnes-y-vivent\/","name":"La petite \u00eele sombre si pr\u00e8s du p\u00f4le Nord seulement 9 personnes y vivent","isPartOf":{"@id":"https:\/\/www.svalbard.fr\/actualites\/#website"},"datePublished":"2025-06-29T00:24:22+00:00","dateModified":"2025-06-29T00:24:24+00:00","breadcrumb":{"@id":"https:\/\/www.svalbard.fr\/actualites\/la-petite-ile-sombre-si-pres-du-pole-nord-seulement-9-personnes-y-vivent\/#breadcrumb"},"inLanguage":"fr-FR","potentialAction":[{"@type":"ReadAction","target":["https:\/\/www.svalbard.fr\/actualites\/la-petite-ile-sombre-si-pres-du-pole-nord-seulement-9-personnes-y-vivent\/"]}]},{"@type":"BreadcrumbList","@id":"https:\/\/www.svalbard.fr\/actualites\/la-petite-ile-sombre-si-pres-du-pole-nord-seulement-9-personnes-y-vivent\/#breadcrumb","itemListElement":[{"@type":"ListItem","position":1,"name":"Accueil","item":"https:\/\/www.svalbard.fr\/actualites\/"},{"@type":"ListItem","position":2,"name":"La petite \u00eele sombre si pr\u00e8s du p\u00f4le Nord seulement 9 personnes y vivent"}]},{"@type":"WebSite","@id":"https:\/\/www.svalbard.fr\/actualites\/#website","url":"https:\/\/www.svalbard.fr\/actualites\/","name":"www.Svalbard.fr","description":"","publisher":{"@id":"https:\/\/www.svalbard.fr\/actualites\/#organization"},"potentialAction":[{"@type":"SearchAction","target":{"@type":"EntryPoint","urlTemplate":"https:\/\/www.svalbard.fr\/actualites\/?s={search_term_string}"},"query-input":"required name=search_term_string"}],"inLanguage":"fr-FR"},{"@type":"Organization","@id":"https:\/\/www.svalbard.fr\/actualites\/#organization","name":"www.Svalbard.fr","url":"https:\/\/www.svalbard.fr\/actualites\/","logo":{"@type":"ImageObject","inLanguage":"fr-FR","@id":"https:\/\/www.svalbard.fr\/actualites\/#\/schema\/logo\/image\/","url":"https:\/\/www.svalbard.fr\/actualites\/wp-content\/uploads\/2023\/09\/head-nom.jpg","contentUrl":"https:\/\/www.svalbard.fr\/actualites\/wp-content\/uploads\/2023\/09\/head-nom.jpg","width":264,"height":35,"caption":"www.Svalbard.fr"},"image":{"@id":"https:\/\/www.svalbard.fr\/actualites\/#\/schema\/logo\/image\/"}},{"@type":"Person","@id":"https:\/\/www.svalbard.fr\/actualites\/#\/schema\/person\/a2f937d5712222366738fae98755c600","name":"Hilmar","image":{"@type":"ImageObject","inLanguage":"fr-FR","@id":"https:\/\/www.svalbard.fr\/actualites\/#\/schema\/person\/image\/","url":"https:\/\/secure.gravatar.com\/avatar\/4daa437093476dbc32da415c112b6512?s=96&d=mm&r=g","contentUrl":"https:\/\/secure.gravatar.com\/avatar\/4daa437093476dbc32da415c112b6512?s=96&d=mm&r=g","caption":"Hilmar"},"description":"Hilmar est un passionn\u00e9 des r\u00e9gions polaires, sp\u00e9cialis\u00e9 dans la r\u00e9daction d'articles sur le Spitzberg et autres destinations arctiques. Il apporte son expertise et sa passion pour l'Arctique au sein de l'\u00e9quipe de r\u00e9daction de Svalbard depuis de nombreuses ann\u00e9es.","sameAs":["https:\/\/www.svalbard.fr\/"]}]}},"_links":{"self":[{"href":"https:\/\/www.svalbard.fr\/actualites\/wp-json\/wp\/v2\/posts\/4436"}],"collection":[{"href":"https:\/\/www.svalbard.fr\/actualites\/wp-json\/wp\/v2\/posts"}],"about":[{"href":"https:\/\/www.svalbard.fr\/actualites\/wp-json\/wp\/v2\/types\/post"}],"author":[{"embeddable":true,"href":"https:\/\/www.svalbard.fr\/actualites\/wp-json\/wp\/v2\/users\/1"}],"replies":[{"embeddable":true,"href":"https:\/\/www.svalbard.fr\/actualites\/wp-json\/wp\/v2\/comments?post=4436"}],"version-history":[{"count":1,"href":"https:\/\/www.svalbard.fr\/actualites\/wp-json\/wp\/v2\/posts\/4436\/revisions"}],"predecessor-version":[{"id":4438,"href":"https:\/\/www.svalbard.fr\/actualites\/wp-json\/wp\/v2\/posts\/4436\/revisions\/4438"}],"wp:featuredmedia":[{"embeddable":true,"href":"https:\/\/www.svalbard.fr\/actualites\/wp-json\/wp\/v2\/media\/4437"}],"wp:attachment":[{"href":"https:\/\/www.svalbard.fr\/actualites\/wp-json\/wp\/v2\/media?parent=4436"}],"wp:term":[{"taxonomy":"category","embeddable":true,"href":"https:\/\/www.svalbard.fr\/actualites\/wp-json\/wp\/v2\/categories?post=4436"},{"taxonomy":"post_tag","embeddable":true,"href":"https:\/\/www.svalbard.fr\/actualites\/wp-json\/wp\/v2\/tags?post=4436"}],"curies":[{"name":"wp","href":"https:\/\/api.w.org\/{rel}","templated":true}]}}