{"id":4457,"date":"2025-07-01T07:50:00","date_gmt":"2025-07-01T05:50:00","guid":{"rendered":"https:\/\/www.svalbard.fr\/actualites\/?p=4457"},"modified":"2025-06-30T09:18:03","modified_gmt":"2025-06-30T07:18:03","slug":"denne-listen-avslorer-de-absurde-kravene-for-a-bli-flyvertinne","status":"publish","type":"post","link":"https:\/\/www.svalbard.fr\/actualites\/no\/denne-listen-avslorer-de-absurde-kravene-for-a-bli-flyvertinne\/","title":{"rendered":"Denne listen avsl\u00f8rer de absurde kravene for \u00e5 bli flyvertinne"},"content":{"rendered":"\n<p><strong><em>Flyvertinne-yrket har lenge blitt forbundet med glamour, eksotiske reisem\u00e5l og en spennende livsstil. Men bak denne glitrende fasaden skjuler det seg en historie preget av absurde og ofte diskriminerende krav \u2013 spesielt p\u00e5 1950-tallet.<\/em><\/strong><\/p>\n\n\n\n<!--more-->\n\n\n\n<h2 class=\"wp-block-heading\">Et dr\u00f8mmeyrke med en bismak<\/h2>\n\n\n\n<p>Flyvertinner har i flere ti\u00e5r blitt sett p\u00e5 som symboler p\u00e5 <strong>eleganse og profesjonalitet<\/strong> i lufta. Men virkeligheten, spesielt i etterkrigs\u00e5rene, var ikke fullt s\u00e5 glamor\u00f8s som reklamebildene ville ha oss til \u00e5 tro. I 1954 kunne en kvinne som dr\u00f8mte om \u00e5 jobbe i lufta m\u00f8te en sjekkliste som i dag fremst\u00e5r som direkte <strong>sjokkerende<\/strong> \u2013 b\u00e5de i omfang og innhold.<\/p>\n\n\n\n<p>Personlig husker jeg en samtale med min tante, som jobbet som flyvertinne p\u00e5 70-tallet. Hun fortalte hvordan vekt ble kontrollert jevnlig, og hvordan kollegaer kunne f\u00e5 advarsler \u2013 eller i verste fall miste <a href=\"https:\/\/www.svalbard.fr\/actualites\/no\/denne-jobben-krever-ingen-utdanning-betaler-2-200-e-mnd-og-har-50-000-ledige-stillinger\/\"><strong>jobben<\/strong><\/a> \u2013 hvis de \u00abikke lenger passet uniformen\u00bb.<\/p>\n\n\n\n<h2 class=\"wp-block-heading\">19 krav \u2013 og de fleste handlet ikke om jobben<\/h2>\n\n\n\n<p>En liste fra 1954, gjengitt av britiske <em>Mirror<\/em>, avsl\u00f8rte hele <strong>19 detaljerte kriterier<\/strong> for \u00e5 kunne kvalifisere seg som flyvertinne. Her er noen eksempler:<\/p>\n\n\n\n<ul>\n<li><strong>Ugift og ikke forlovet<\/strong><\/li>\n\n\n\n<li><strong>Alder mellom 22 og 28 \u00e5r<\/strong><\/li>\n\n\n\n<li><strong>H\u00f8yde mellom 157 og 165 cm<\/strong><\/li>\n\n\n\n<li><strong>Vekt mellom 45 og 54 kg<\/strong><\/li>\n\n\n\n<li><strong>God syn \u2013 uten briller<\/strong><\/li>\n\n\n\n<li><strong>Ingen synlige fyllinger i tennene<\/strong><\/li>\n\n\n\n<li><strong>Naturlig h\u00e5rfarge<\/strong><\/li>\n\n\n\n<li><strong>Lyshudet<\/strong><\/li>\n\n\n\n<li><strong>Slanke ben og \u00ab\u00a0vakre hender\u00a0\u00bb<\/strong><\/li>\n<\/ul>\n\n\n\n<p>I tillegg m\u00e5tte s\u00f8kerne ha h\u00f8yere utdanning, god helse og evnen til \u00e5 <strong>holde seg rolig under press<\/strong> \u2013 et punkt som fortsatt gir mening i dagens luftfart.<\/p>\n\n\n\n<p>Mest oppsiktsvekkende er kanskje punktet om at man skulle v\u00e6re \u00ab<strong>villig og klar til \u00e5 behage<\/strong>\u00bb. Det vitner om en tid da flyvertinnens rolle var like mye basert p\u00e5 utseende som p\u00e5 faglighet. If\u00f8lge Smithsonian National Air and Space Museum ble denne \u00abglamouren\u00bb <strong>aktivt markedsf\u00f8rt for \u00e5 lokke mannlige passasjerer<\/strong>.<\/p>\n\n\n\n<h2 class=\"wp-block-heading\">Har ting endret seg i dag ?<\/h2>\n\n\n\n<p>Heldigvis har luftfartsbransjen tatt store steg i riktig retning. I Norge og store deler av <a href=\"https:\/\/www.svalbard.fr\/actualites\/no\/europa-forbereder-et-slag-mot-trump-dette-kan-skje-i-2025\/\"><strong>Europa<\/strong><\/a> er det i dag <strong>ulovlig \u00e5 diskriminere<\/strong> p\u00e5 bakgrunn av <strong>kj\u00f8nn, alder, kroppsform eller sivilstatus<\/strong>, if\u00f8lge b\u00e5de Likestillings- og diskrimineringsombudet og arbeidsmilj\u00f8loven.<\/p>\n\n\n\n<p>Det stilles fortsatt visse krav til helse og fysisk form, og det er ikke uten grunn \u2013 <strong>jobben som kabinansatt kan v\u00e6re fysisk krevende<\/strong>, spesielt under n\u00f8dsituasjoner. Man m\u00e5 ha gjennomf\u00f8rt godkjente sikkerhetskurs og v\u00e6re fylt minst 18 \u00e5r for \u00e5 kunne jobbe som flyvert.<\/p>\n\n\n\n<p>Men den typen standarder som en gang dominerte \u2013 m\u00e5lt i kilo, centimeter og utseende \u2013 h\u00f8rer heldigvis fortiden til.<\/p>\n","protected":false},"excerpt":{"rendered":"<p>Flyvertinne-yrket har lenge blitt forbundet med glamour, eksotiske reisem\u00e5l og en spennende livsstil. Men bak denne glitrende fasaden skjuler det seg en historie preget av<\/p>\n","protected":false},"author":3,"featured_media":4458,"comment_status":"closed","ping_status":"closed","sticky":false,"template":"","format":"standard","meta":{"footnotes":""},"categories":[4557],"tags":[],"yoast_head":"<!-- This site is optimized with the Yoast SEO plugin v21.0 - https:\/\/yoast.com\/wordpress\/plugins\/seo\/ -->\n<title>Denne listen avsl\u00f8rer de absurde kravene for \u00e5 bli flyvertinne<\/title>\n<meta name=\"robots\" content=\"index, follow, max-snippet:-1, max-image-preview:large, max-video-preview:-1\" \/>\n<link rel=\"canonical\" href=\"https:\/\/www.svalbard.fr\/actualites\/no\/denne-listen-avslorer-de-absurde-kravene-for-a-bli-flyvertinne\/\" \/>\n<meta property=\"og:locale\" content=\"fr_FR\" \/>\n<meta property=\"og:type\" content=\"article\" \/>\n<meta property=\"og:title\" content=\"Denne listen avsl\u00f8rer de absurde kravene for \u00e5 bli flyvertinne\" \/>\n<meta property=\"og:description\" content=\"Flyvertinne-yrket har lenge blitt forbundet med glamour, eksotiske reisem\u00e5l og en spennende livsstil. Men bak denne glitrende fasaden skjuler det seg en historie preget av\" \/>\n<meta property=\"og:url\" content=\"https:\/\/www.svalbard.fr\/actualites\/no\/denne-listen-avslorer-de-absurde-kravene-for-a-bli-flyvertinne\/\" \/>\n<meta property=\"og:site_name\" content=\"www.Svalbard.fr\" \/>\n<meta property=\"article:published_time\" content=\"2025-07-01T05:50:00+00:00\" \/>\n<meta property=\"article:modified_time\" content=\"2025-06-30T07:18:03+00:00\" \/>\n<meta property=\"og:image\" content=\"https:\/\/www.svalbard.fr\/actualites\/wp-content\/uploads\/2025\/06\/avion.jpg\" \/>\n\t<meta property=\"og:image:width\" content=\"1200\" \/>\n\t<meta property=\"og:image:height\" content=\"676\" \/>\n\t<meta property=\"og:image:type\" content=\"image\/jpeg\" \/>\n<meta name=\"author\" content=\"Guillaume Chen\" \/>\n<meta name=\"twitter:card\" content=\"summary_large_image\" \/>\n<meta name=\"twitter:label1\" content=\"\u00c9crit par\" \/>\n\t<meta name=\"twitter:data1\" content=\"Guillaume Chen\" \/>\n\t<meta name=\"twitter:label2\" content=\"Dur\u00e9e de lecture estim\u00e9e\" \/>\n\t<meta name=\"twitter:data2\" content=\"3 minutes\" \/>\n<script type=\"application\/ld+json\" class=\"yoast-schema-graph\">{\"@context\":\"https:\/\/schema.org\",\"@graph\":[{\"@type\":\"Article\",\"@id\":\"https:\/\/www.svalbard.fr\/actualites\/no\/denne-listen-avslorer-de-absurde-kravene-for-a-bli-flyvertinne\/#article\",\"isPartOf\":{\"@id\":\"https:\/\/www.svalbard.fr\/actualites\/no\/denne-listen-avslorer-de-absurde-kravene-for-a-bli-flyvertinne\/\"},\"author\":{\"name\":\"Guillaume Chen\",\"@id\":\"https:\/\/www.svalbard.fr\/actualites\/#\/schema\/person\/b9d185560b94bff7322d37cb676ee545\"},\"headline\":\"Denne listen avsl\u00f8rer de absurde kravene for \u00e5 bli flyvertinne\",\"datePublished\":\"2025-07-01T05:50:00+00:00\",\"dateModified\":\"2025-06-30T07:18:03+00:00\",\"mainEntityOfPage\":{\"@id\":\"https:\/\/www.svalbard.fr\/actualites\/no\/denne-listen-avslorer-de-absurde-kravene-for-a-bli-flyvertinne\/\"},\"wordCount\":412,\"publisher\":{\"@id\":\"https:\/\/www.svalbard.fr\/actualites\/#organization\"},\"articleSection\":[\"Trender\"],\"inLanguage\":\"fr-FR\"},{\"@type\":\"WebPage\",\"@id\":\"https:\/\/www.svalbard.fr\/actualites\/no\/denne-listen-avslorer-de-absurde-kravene-for-a-bli-flyvertinne\/\",\"url\":\"https:\/\/www.svalbard.fr\/actualites\/no\/denne-listen-avslorer-de-absurde-kravene-for-a-bli-flyvertinne\/\",\"name\":\"Denne listen avsl\u00f8rer de absurde kravene for \u00e5 bli flyvertinne\",\"isPartOf\":{\"@id\":\"https:\/\/www.svalbard.fr\/actualites\/#website\"},\"datePublished\":\"2025-07-01T05:50:00+00:00\",\"dateModified\":\"2025-06-30T07:18:03+00:00\",\"breadcrumb\":{\"@id\":\"https:\/\/www.svalbard.fr\/actualites\/no\/denne-listen-avslorer-de-absurde-kravene-for-a-bli-flyvertinne\/#breadcrumb\"},\"inLanguage\":\"fr-FR\",\"potentialAction\":[{\"@type\":\"ReadAction\",\"target\":[\"https:\/\/www.svalbard.fr\/actualites\/no\/denne-listen-avslorer-de-absurde-kravene-for-a-bli-flyvertinne\/\"]}]},{\"@type\":\"BreadcrumbList\",\"@id\":\"https:\/\/www.svalbard.fr\/actualites\/no\/denne-listen-avslorer-de-absurde-kravene-for-a-bli-flyvertinne\/#breadcrumb\",\"itemListElement\":[{\"@type\":\"ListItem\",\"position\":1,\"name\":\"Accueil\",\"item\":\"https:\/\/www.svalbard.fr\/actualites\/\"},{\"@type\":\"ListItem\",\"position\":2,\"name\":\"Denne listen avsl\u00f8rer de absurde kravene for \u00e5 bli flyvertinne\"}]},{\"@type\":\"WebSite\",\"@id\":\"https:\/\/www.svalbard.fr\/actualites\/#website\",\"url\":\"https:\/\/www.svalbard.fr\/actualites\/\",\"name\":\"www.Svalbard.fr\",\"description\":\"\",\"publisher\":{\"@id\":\"https:\/\/www.svalbard.fr\/actualites\/#organization\"},\"potentialAction\":[{\"@type\":\"SearchAction\",\"target\":{\"@type\":\"EntryPoint\",\"urlTemplate\":\"https:\/\/www.svalbard.fr\/actualites\/?s={search_term_string}\"},\"query-input\":\"required name=search_term_string\"}],\"inLanguage\":\"fr-FR\"},{\"@type\":\"Organization\",\"@id\":\"https:\/\/www.svalbard.fr\/actualites\/#organization\",\"name\":\"www.Svalbard.fr\",\"url\":\"https:\/\/www.svalbard.fr\/actualites\/\",\"logo\":{\"@type\":\"ImageObject\",\"inLanguage\":\"fr-FR\",\"@id\":\"https:\/\/www.svalbard.fr\/actualites\/#\/schema\/logo\/image\/\",\"url\":\"https:\/\/www.svalbard.fr\/actualites\/wp-content\/uploads\/2023\/09\/head-nom.jpg\",\"contentUrl\":\"https:\/\/www.svalbard.fr\/actualites\/wp-content\/uploads\/2023\/09\/head-nom.jpg\",\"width\":264,\"height\":35,\"caption\":\"www.Svalbard.fr\"},\"image\":{\"@id\":\"https:\/\/www.svalbard.fr\/actualites\/#\/schema\/logo\/image\/\"}},{\"@type\":\"Person\",\"@id\":\"https:\/\/www.svalbard.fr\/actualites\/#\/schema\/person\/b9d185560b94bff7322d37cb676ee545\",\"name\":\"Guillaume Chen\",\"image\":{\"@type\":\"ImageObject\",\"inLanguage\":\"fr-FR\",\"@id\":\"https:\/\/www.svalbard.fr\/actualites\/#\/schema\/person\/image\/\",\"url\":\"https:\/\/secure.gravatar.com\/avatar\/0c3f9c94586035b795ad4049a06fb048?s=96&d=mm&r=g\",\"contentUrl\":\"https:\/\/secure.gravatar.com\/avatar\/0c3f9c94586035b795ad4049a06fb048?s=96&d=mm&r=g\",\"caption\":\"Guillaume Chen\"},\"sameAs\":[\"https:\/\/www.svalbard.fr\/\"]}]}<\/script>\n<!-- \/ Yoast SEO plugin. -->","yoast_head_json":{"title":"Denne listen avsl\u00f8rer de absurde kravene for \u00e5 bli flyvertinne","robots":{"index":"index","follow":"follow","max-snippet":"max-snippet:-1","max-image-preview":"max-image-preview:large","max-video-preview":"max-video-preview:-1"},"canonical":"https:\/\/www.svalbard.fr\/actualites\/no\/denne-listen-avslorer-de-absurde-kravene-for-a-bli-flyvertinne\/","og_locale":"fr_FR","og_type":"article","og_title":"Denne listen avsl\u00f8rer de absurde kravene for \u00e5 bli flyvertinne","og_description":"Flyvertinne-yrket har lenge blitt forbundet med glamour, eksotiske reisem\u00e5l og en spennende livsstil. Men bak denne glitrende fasaden skjuler det seg en historie preget av","og_url":"https:\/\/www.svalbard.fr\/actualites\/no\/denne-listen-avslorer-de-absurde-kravene-for-a-bli-flyvertinne\/","og_site_name":"www.Svalbard.fr","article_published_time":"2025-07-01T05:50:00+00:00","article_modified_time":"2025-06-30T07:18:03+00:00","og_image":[{"width":1200,"height":676,"url":"https:\/\/www.svalbard.fr\/actualites\/wp-content\/uploads\/2025\/06\/avion.jpg","type":"image\/jpeg"}],"author":"Guillaume Chen","twitter_card":"summary_large_image","twitter_misc":{"\u00c9crit par":"Guillaume Chen","Dur\u00e9e de lecture estim\u00e9e":"3 minutes"},"schema":{"@context":"https:\/\/schema.org","@graph":[{"@type":"Article","@id":"https:\/\/www.svalbard.fr\/actualites\/no\/denne-listen-avslorer-de-absurde-kravene-for-a-bli-flyvertinne\/#article","isPartOf":{"@id":"https:\/\/www.svalbard.fr\/actualites\/no\/denne-listen-avslorer-de-absurde-kravene-for-a-bli-flyvertinne\/"},"author":{"name":"Guillaume Chen","@id":"https:\/\/www.svalbard.fr\/actualites\/#\/schema\/person\/b9d185560b94bff7322d37cb676ee545"},"headline":"Denne listen avsl\u00f8rer de absurde kravene for \u00e5 bli flyvertinne","datePublished":"2025-07-01T05:50:00+00:00","dateModified":"2025-06-30T07:18:03+00:00","mainEntityOfPage":{"@id":"https:\/\/www.svalbard.fr\/actualites\/no\/denne-listen-avslorer-de-absurde-kravene-for-a-bli-flyvertinne\/"},"wordCount":412,"publisher":{"@id":"https:\/\/www.svalbard.fr\/actualites\/#organization"},"articleSection":["Trender"],"inLanguage":"fr-FR"},{"@type":"WebPage","@id":"https:\/\/www.svalbard.fr\/actualites\/no\/denne-listen-avslorer-de-absurde-kravene-for-a-bli-flyvertinne\/","url":"https:\/\/www.svalbard.fr\/actualites\/no\/denne-listen-avslorer-de-absurde-kravene-for-a-bli-flyvertinne\/","name":"Denne listen avsl\u00f8rer de absurde kravene for \u00e5 bli flyvertinne","isPartOf":{"@id":"https:\/\/www.svalbard.fr\/actualites\/#website"},"datePublished":"2025-07-01T05:50:00+00:00","dateModified":"2025-06-30T07:18:03+00:00","breadcrumb":{"@id":"https:\/\/www.svalbard.fr\/actualites\/no\/denne-listen-avslorer-de-absurde-kravene-for-a-bli-flyvertinne\/#breadcrumb"},"inLanguage":"fr-FR","potentialAction":[{"@type":"ReadAction","target":["https:\/\/www.svalbard.fr\/actualites\/no\/denne-listen-avslorer-de-absurde-kravene-for-a-bli-flyvertinne\/"]}]},{"@type":"BreadcrumbList","@id":"https:\/\/www.svalbard.fr\/actualites\/no\/denne-listen-avslorer-de-absurde-kravene-for-a-bli-flyvertinne\/#breadcrumb","itemListElement":[{"@type":"ListItem","position":1,"name":"Accueil","item":"https:\/\/www.svalbard.fr\/actualites\/"},{"@type":"ListItem","position":2,"name":"Denne listen avsl\u00f8rer de absurde kravene for \u00e5 bli flyvertinne"}]},{"@type":"WebSite","@id":"https:\/\/www.svalbard.fr\/actualites\/#website","url":"https:\/\/www.svalbard.fr\/actualites\/","name":"www.Svalbard.fr","description":"","publisher":{"@id":"https:\/\/www.svalbard.fr\/actualites\/#organization"},"potentialAction":[{"@type":"SearchAction","target":{"@type":"EntryPoint","urlTemplate":"https:\/\/www.svalbard.fr\/actualites\/?s={search_term_string}"},"query-input":"required name=search_term_string"}],"inLanguage":"fr-FR"},{"@type":"Organization","@id":"https:\/\/www.svalbard.fr\/actualites\/#organization","name":"www.Svalbard.fr","url":"https:\/\/www.svalbard.fr\/actualites\/","logo":{"@type":"ImageObject","inLanguage":"fr-FR","@id":"https:\/\/www.svalbard.fr\/actualites\/#\/schema\/logo\/image\/","url":"https:\/\/www.svalbard.fr\/actualites\/wp-content\/uploads\/2023\/09\/head-nom.jpg","contentUrl":"https:\/\/www.svalbard.fr\/actualites\/wp-content\/uploads\/2023\/09\/head-nom.jpg","width":264,"height":35,"caption":"www.Svalbard.fr"},"image":{"@id":"https:\/\/www.svalbard.fr\/actualites\/#\/schema\/logo\/image\/"}},{"@type":"Person","@id":"https:\/\/www.svalbard.fr\/actualites\/#\/schema\/person\/b9d185560b94bff7322d37cb676ee545","name":"Guillaume Chen","image":{"@type":"ImageObject","inLanguage":"fr-FR","@id":"https:\/\/www.svalbard.fr\/actualites\/#\/schema\/person\/image\/","url":"https:\/\/secure.gravatar.com\/avatar\/0c3f9c94586035b795ad4049a06fb048?s=96&d=mm&r=g","contentUrl":"https:\/\/secure.gravatar.com\/avatar\/0c3f9c94586035b795ad4049a06fb048?s=96&d=mm&r=g","caption":"Guillaume Chen"},"sameAs":["https:\/\/www.svalbard.fr\/"]}]}},"_links":{"self":[{"href":"https:\/\/www.svalbard.fr\/actualites\/wp-json\/wp\/v2\/posts\/4457"}],"collection":[{"href":"https:\/\/www.svalbard.fr\/actualites\/wp-json\/wp\/v2\/posts"}],"about":[{"href":"https:\/\/www.svalbard.fr\/actualites\/wp-json\/wp\/v2\/types\/post"}],"author":[{"embeddable":true,"href":"https:\/\/www.svalbard.fr\/actualites\/wp-json\/wp\/v2\/users\/3"}],"replies":[{"embeddable":true,"href":"https:\/\/www.svalbard.fr\/actualites\/wp-json\/wp\/v2\/comments?post=4457"}],"version-history":[{"count":1,"href":"https:\/\/www.svalbard.fr\/actualites\/wp-json\/wp\/v2\/posts\/4457\/revisions"}],"predecessor-version":[{"id":4459,"href":"https:\/\/www.svalbard.fr\/actualites\/wp-json\/wp\/v2\/posts\/4457\/revisions\/4459"}],"wp:featuredmedia":[{"embeddable":true,"href":"https:\/\/www.svalbard.fr\/actualites\/wp-json\/wp\/v2\/media\/4458"}],"wp:attachment":[{"href":"https:\/\/www.svalbard.fr\/actualites\/wp-json\/wp\/v2\/media?parent=4457"}],"wp:term":[{"taxonomy":"category","embeddable":true,"href":"https:\/\/www.svalbard.fr\/actualites\/wp-json\/wp\/v2\/categories?post=4457"},{"taxonomy":"post_tag","embeddable":true,"href":"https:\/\/www.svalbard.fr\/actualites\/wp-json\/wp\/v2\/tags?post=4457"}],"curies":[{"name":"wp","href":"https:\/\/api.w.org\/{rel}","templated":true}]}}