{"id":4472,"date":"2025-07-02T10:30:00","date_gmt":"2025-07-02T08:30:00","guid":{"rendered":"https:\/\/www.svalbard.fr\/actualites\/?p=4472"},"modified":"2025-07-01T07:31:27","modified_gmt":"2025-07-01T05:31:27","slug":"le-plus-grand-porte-avions-deurope-ce-geant-francais-va-tout-changer","status":"publish","type":"post","link":"https:\/\/www.svalbard.fr\/actualites\/le-plus-grand-porte-avions-deurope-ce-geant-francais-va-tout-changer\/","title":{"rendered":"Le plus grand porte-avions d\u2019Europe : ce g\u00e9ant fran\u00e7ais va tout changer"},"content":{"rendered":"\n<p><em><strong>Derri\u00e8re les t\u00f4les, les r\u00e9acteurs et les chiffres faramineux, ce nouveau monstre des mers raconte une ambition bien plus vaste : celle d\u2019une France qui veut peser, encore et toujours, sur l\u2019\u00e9chiquier mondial.<\/strong><\/em><\/p>\n\n\n\n<!--more-->\n\n\n\n<h2 class=\"wp-block-heading\">Un colosse naval hors norme<\/h2>\n\n\n\n<p>Imaginez un g\u00e9ant de 300 m\u00e8tres de long, pesant la bagatelle de 75 000 tonnes. Non, ce n\u2019est pas le pitch d\u2019un nouveau film de science-fiction, mais bien le projet tr\u00e8s r\u00e9el du futur porte-avions fran\u00e7ais. Ce mastodonte est appel\u00e9 \u00e0 prendre la rel\u00e8ve du Charles-de-Gaulle d\u2019ici 2038. Et autant dire qu\u2019il ne fera pas dans la discr\u00e9tion.<\/p>\n\n\n\n<p>Pour comparaison, le Charles-de-Gaulle affiche une \u00ab silhouette \u00bb presque timide avec ses 42 000 tonnes et 261 m\u00e8tres de long. Le nouveau venu promet une <strong>puissance de feu et de projection sans pr\u00e9c\u00e9dent<\/strong>, propuls\u00e9 par <strong>deux r\u00e9acteurs nucl\u00e9aires K22<\/strong> capables de fournir 110 000 chevaux (oui, \u00e7a fait beaucoup de chevaux sous le capot). De quoi offrir une autonomie quasi illimit\u00e9e et une flexibilit\u00e9 strat\u00e9gique \u00e0 faire p\u00e2lir d\u2019envie bien des flottes.<\/p>\n\n\n\n<h2 class=\"wp-block-heading\">Une synergie industrielle \u00e0 grande \u00e9chelle<\/h2>\n\n\n\n<p>Ce chantier titanesque n\u2019est pas l\u2019\u0153uvre d\u2019un seul g\u00e9nie isol\u00e9, mais la r\u00e9sultante d\u2019une <strong>coop\u00e9ration entre les mastodontes de l\u2019industrie fran\u00e7aise<\/strong> : Naval Group, les Chantiers de l\u2019Atlantique et TechnicAtome, tous orchestr\u00e9s par la Direction g\u00e9n\u00e9rale de l\u2019armement (DGA). Ce trio s\u2019attelle \u00e0 d\u00e9velopper <strong>les technologies de demain<\/strong>, tout en r\u00e9pondant aux exigences militaires les plus pointues.<\/p>\n\n\n\n<p>On ne parle pas ici d\u2019une simple coque flottante, mais d\u2019un condens\u00e9 de haute technologie, bourr\u00e9 de syst\u00e8mes de s\u00e9curit\u00e9, de communication et de navigation derni\u00e8re g\u00e9n\u00e9ration. Un v\u00e9ritable laboratoire flottant de la puissance militaire fran\u00e7aise.<\/p>\n\n\n\n<h2 class=\"wp-block-heading\">Une avanc\u00e9e technologique au service de la souverainet\u00e9<\/h2>\n\n\n\n<p>Parmi les grandes nouveaut\u00e9s, ce futur porte-avions sera \u00e9quip\u00e9 de <strong>catapultes \u00e9lectromagn\u00e9tiques<\/strong>, une premi\u00e8re en <a href=\"https:\/\/www.svalbard.fr\/actualites\/le-royaume-uni-surpasse-la-france-avec-une-turbine-maremotrice-record\/\"><strong>France<\/strong><\/a>. Exit la vapeur, place \u00e0 l\u2019efficacit\u00e9 \u00e9lectrique pour <strong>lancer des avions plus lourds, plus vite, plus loin<\/strong>. Ce d\u00e9tail technique change tout, notamment avec l\u2019arriv\u00e9e des appareils issus du programme franco-allemand SCAF (Syst\u00e8me de Combat A\u00e9rien du Futur).<\/p>\n\n\n\n<p>Gr\u00e2ce \u00e0 sa propulsion nucl\u00e9aire, ce navire disposera d\u2019une <strong>autonomie in\u00e9gal\u00e9e<\/strong>, cruciale pour les missions de longue dur\u00e9e. Moins de ravitaillement, plus d\u2019espace pour les avions et les troupes, et surtout une capacit\u00e9 \u00e0 intervenir rapidement, n\u2019importe o\u00f9. Autant dire que ce porte-avions deviendra l\u2019un des piliers de <strong>la dissuasion strat\u00e9gique fran\u00e7aise<\/strong>.<\/p>\n\n\n\n<h2 class=\"wp-block-heading\">Une identit\u00e9 forte pour un navire embl\u00e9matique<\/h2>\n\n\n\n<p>Le navire, actuellement en construction \u00e0 Saint-Nazaire, n\u2019a pas encore de nom officiel. Mais plusieurs pistes sont \u00e0 l\u2019\u00e9tude, dont <strong>Simone Veil<\/strong> ou <strong>Fran\u00e7ois Mitterrand<\/strong>. Choisir un nom, c\u2019est plus qu\u2019un geste symbolique : c\u2019est inscrire ce navire dans <strong>l\u2019h\u00e9ritage historique et politique fran\u00e7ais<\/strong>, comme un trait d\u2019union entre tradition et modernit\u00e9.<\/p>\n\n\n\n<h2 class=\"wp-block-heading\">Un investissement colossal\u2026 pour un retour strat\u00e9gique<\/h2>\n\n\n\n<p>\u00c9videmment, tout cela a un co\u00fbt. Et pas des moindres : <strong>plus de 5 milliards d\u2019euros<\/strong>. Mais au-del\u00e0 des chiffres, cet investissement refl\u00e8te une ambition : <strong>faire de la France un acteur incontournable de la sc\u00e8ne militaire internationale<\/strong>. C\u2019est un pari sur l\u2019avenir, un acte de foi dans la capacit\u00e9 du pays \u00e0 tenir son rang, m\u00eame dans les eaux les plus disput\u00e9es.<\/p>\n\n\n\n<p>Ce futur porte-avions n\u2019est pas juste un outil de <a href=\"https:\/\/www.svalbard.fr\/actualites\/netflix-strealise-le-film-de-guerre-parfait-qui-marque-incroyable-a-100-sur-rotten-tomatoes-2\/\"><strong>guerre<\/strong><\/a>. C\u2019est un <strong>signal fort<\/strong>, un symbole de puissance, de r\u00e9silience et d\u2019ind\u00e9pendance technologique. Il repr\u00e9sente aussi un formidable acc\u00e9l\u00e9rateur d\u2019innovation, avec des retomb\u00e9es qui pourraient d\u00e9passer le cadre strictement militaire.<\/p>\n\n\n\n<p>En somme, avec ce g\u00e9ant des mers, <strong>la France s\u2019appr\u00eate \u00e0 \u00e9crire un nouveau chapitre de sa puissance navale<\/strong>. Et m\u00eame si le grand large semble encore lointain, une chose est s\u00fbre : les moteurs sont d\u00e9j\u00e0 en marche.<\/p>\n","protected":false},"excerpt":{"rendered":"<p>Derri\u00e8re les t\u00f4les, les r\u00e9acteurs et les chiffres faramineux, ce nouveau monstre des mers raconte une ambition bien plus vaste : celle d\u2019une France qui<\/p>\n","protected":false},"author":3,"featured_media":4473,"comment_status":"closed","ping_status":"closed","sticky":false,"template":"","format":"standard","meta":{"footnotes":""},"categories":[1725],"tags":[],"yoast_head":"<!-- This site is optimized with the Yoast SEO plugin v21.0 - https:\/\/yoast.com\/wordpress\/plugins\/seo\/ -->\n<title>Le plus grand porte-avions d\u2019Europe : ce g\u00e9ant fran\u00e7ais va tout changer<\/title>\n<meta name=\"robots\" content=\"index, follow, max-snippet:-1, max-image-preview:large, max-video-preview:-1\" \/>\n<link rel=\"canonical\" href=\"https:\/\/www.svalbard.fr\/actualites\/le-plus-grand-porte-avions-deurope-ce-geant-francais-va-tout-changer\/\" \/>\n<meta property=\"og:locale\" content=\"fr_FR\" \/>\n<meta property=\"og:type\" content=\"article\" \/>\n<meta property=\"og:title\" content=\"Le plus grand porte-avions d\u2019Europe : ce g\u00e9ant fran\u00e7ais va tout changer\" \/>\n<meta property=\"og:description\" content=\"Derri\u00e8re les t\u00f4les, les r\u00e9acteurs et les chiffres faramineux, ce nouveau monstre des mers raconte une ambition bien plus vaste : celle d\u2019une France qui\" \/>\n<meta property=\"og:url\" content=\"https:\/\/www.svalbard.fr\/actualites\/le-plus-grand-porte-avions-deurope-ce-geant-francais-va-tout-changer\/\" \/>\n<meta property=\"og:site_name\" content=\"www.Svalbard.fr\" \/>\n<meta property=\"article:published_time\" content=\"2025-07-02T08:30:00+00:00\" \/>\n<meta property=\"article:modified_time\" content=\"2025-07-01T05:31:27+00:00\" \/>\n<meta property=\"og:image\" content=\"https:\/\/www.svalbard.fr\/actualites\/wp-content\/uploads\/2025\/07\/le-futur-geant-des-mers-francais.jpg\" \/>\n\t<meta property=\"og:image:width\" content=\"1200\" \/>\n\t<meta property=\"og:image:height\" content=\"800\" \/>\n\t<meta property=\"og:image:type\" content=\"image\/jpeg\" \/>\n<meta name=\"author\" content=\"Guillaume Chen\" \/>\n<meta name=\"twitter:card\" content=\"summary_large_image\" \/>\n<meta name=\"twitter:label1\" content=\"\u00c9crit par\" \/>\n\t<meta name=\"twitter:data1\" content=\"Guillaume Chen\" \/>\n\t<meta name=\"twitter:label2\" content=\"Dur\u00e9e de lecture estim\u00e9e\" \/>\n\t<meta name=\"twitter:data2\" content=\"3 minutes\" \/>\n<script type=\"application\/ld+json\" class=\"yoast-schema-graph\">{\"@context\":\"https:\/\/schema.org\",\"@graph\":[{\"@type\":\"Article\",\"@id\":\"https:\/\/www.svalbard.fr\/actualites\/le-plus-grand-porte-avions-deurope-ce-geant-francais-va-tout-changer\/#article\",\"isPartOf\":{\"@id\":\"https:\/\/www.svalbard.fr\/actualites\/le-plus-grand-porte-avions-deurope-ce-geant-francais-va-tout-changer\/\"},\"author\":{\"name\":\"Guillaume Chen\",\"@id\":\"https:\/\/www.svalbard.fr\/actualites\/#\/schema\/person\/b9d185560b94bff7322d37cb676ee545\"},\"headline\":\"Le plus grand porte-avions d\u2019Europe : ce g\u00e9ant fran\u00e7ais va tout changer\",\"datePublished\":\"2025-07-02T08:30:00+00:00\",\"dateModified\":\"2025-07-01T05:31:27+00:00\",\"mainEntityOfPage\":{\"@id\":\"https:\/\/www.svalbard.fr\/actualites\/le-plus-grand-porte-avions-deurope-ce-geant-francais-va-tout-changer\/\"},\"wordCount\":684,\"publisher\":{\"@id\":\"https:\/\/www.svalbard.fr\/actualites\/#organization\"},\"articleSection\":[\"Tendances\"],\"inLanguage\":\"fr-FR\"},{\"@type\":\"WebPage\",\"@id\":\"https:\/\/www.svalbard.fr\/actualites\/le-plus-grand-porte-avions-deurope-ce-geant-francais-va-tout-changer\/\",\"url\":\"https:\/\/www.svalbard.fr\/actualites\/le-plus-grand-porte-avions-deurope-ce-geant-francais-va-tout-changer\/\",\"name\":\"Le plus grand porte-avions d\u2019Europe : ce g\u00e9ant fran\u00e7ais va tout changer\",\"isPartOf\":{\"@id\":\"https:\/\/www.svalbard.fr\/actualites\/#website\"},\"datePublished\":\"2025-07-02T08:30:00+00:00\",\"dateModified\":\"2025-07-01T05:31:27+00:00\",\"breadcrumb\":{\"@id\":\"https:\/\/www.svalbard.fr\/actualites\/le-plus-grand-porte-avions-deurope-ce-geant-francais-va-tout-changer\/#breadcrumb\"},\"inLanguage\":\"fr-FR\",\"potentialAction\":[{\"@type\":\"ReadAction\",\"target\":[\"https:\/\/www.svalbard.fr\/actualites\/le-plus-grand-porte-avions-deurope-ce-geant-francais-va-tout-changer\/\"]}]},{\"@type\":\"BreadcrumbList\",\"@id\":\"https:\/\/www.svalbard.fr\/actualites\/le-plus-grand-porte-avions-deurope-ce-geant-francais-va-tout-changer\/#breadcrumb\",\"itemListElement\":[{\"@type\":\"ListItem\",\"position\":1,\"name\":\"Accueil\",\"item\":\"https:\/\/www.svalbard.fr\/actualites\/\"},{\"@type\":\"ListItem\",\"position\":2,\"name\":\"Le plus grand porte-avions d\u2019Europe : ce g\u00e9ant fran\u00e7ais va tout changer\"}]},{\"@type\":\"WebSite\",\"@id\":\"https:\/\/www.svalbard.fr\/actualites\/#website\",\"url\":\"https:\/\/www.svalbard.fr\/actualites\/\",\"name\":\"www.Svalbard.fr\",\"description\":\"\",\"publisher\":{\"@id\":\"https:\/\/www.svalbard.fr\/actualites\/#organization\"},\"potentialAction\":[{\"@type\":\"SearchAction\",\"target\":{\"@type\":\"EntryPoint\",\"urlTemplate\":\"https:\/\/www.svalbard.fr\/actualites\/?s={search_term_string}\"},\"query-input\":\"required name=search_term_string\"}],\"inLanguage\":\"fr-FR\"},{\"@type\":\"Organization\",\"@id\":\"https:\/\/www.svalbard.fr\/actualites\/#organization\",\"name\":\"www.Svalbard.fr\",\"url\":\"https:\/\/www.svalbard.fr\/actualites\/\",\"logo\":{\"@type\":\"ImageObject\",\"inLanguage\":\"fr-FR\",\"@id\":\"https:\/\/www.svalbard.fr\/actualites\/#\/schema\/logo\/image\/\",\"url\":\"https:\/\/www.svalbard.fr\/actualites\/wp-content\/uploads\/2023\/09\/head-nom.jpg\",\"contentUrl\":\"https:\/\/www.svalbard.fr\/actualites\/wp-content\/uploads\/2023\/09\/head-nom.jpg\",\"width\":264,\"height\":35,\"caption\":\"www.Svalbard.fr\"},\"image\":{\"@id\":\"https:\/\/www.svalbard.fr\/actualites\/#\/schema\/logo\/image\/\"}},{\"@type\":\"Person\",\"@id\":\"https:\/\/www.svalbard.fr\/actualites\/#\/schema\/person\/b9d185560b94bff7322d37cb676ee545\",\"name\":\"Guillaume Chen\",\"image\":{\"@type\":\"ImageObject\",\"inLanguage\":\"fr-FR\",\"@id\":\"https:\/\/www.svalbard.fr\/actualites\/#\/schema\/person\/image\/\",\"url\":\"https:\/\/secure.gravatar.com\/avatar\/0c3f9c94586035b795ad4049a06fb048?s=96&d=mm&r=g\",\"contentUrl\":\"https:\/\/secure.gravatar.com\/avatar\/0c3f9c94586035b795ad4049a06fb048?s=96&d=mm&r=g\",\"caption\":\"Guillaume Chen\"},\"sameAs\":[\"https:\/\/www.svalbard.fr\/\"]}]}<\/script>\n<!-- \/ Yoast SEO plugin. -->","yoast_head_json":{"title":"Le plus grand porte-avions d\u2019Europe : ce g\u00e9ant fran\u00e7ais va tout changer","robots":{"index":"index","follow":"follow","max-snippet":"max-snippet:-1","max-image-preview":"max-image-preview:large","max-video-preview":"max-video-preview:-1"},"canonical":"https:\/\/www.svalbard.fr\/actualites\/le-plus-grand-porte-avions-deurope-ce-geant-francais-va-tout-changer\/","og_locale":"fr_FR","og_type":"article","og_title":"Le plus grand porte-avions d\u2019Europe : ce g\u00e9ant fran\u00e7ais va tout changer","og_description":"Derri\u00e8re les t\u00f4les, les r\u00e9acteurs et les chiffres faramineux, ce nouveau monstre des mers raconte une ambition bien plus vaste : celle d\u2019une France qui","og_url":"https:\/\/www.svalbard.fr\/actualites\/le-plus-grand-porte-avions-deurope-ce-geant-francais-va-tout-changer\/","og_site_name":"www.Svalbard.fr","article_published_time":"2025-07-02T08:30:00+00:00","article_modified_time":"2025-07-01T05:31:27+00:00","og_image":[{"width":1200,"height":800,"url":"https:\/\/www.svalbard.fr\/actualites\/wp-content\/uploads\/2025\/07\/le-futur-geant-des-mers-francais.jpg","type":"image\/jpeg"}],"author":"Guillaume Chen","twitter_card":"summary_large_image","twitter_misc":{"\u00c9crit par":"Guillaume Chen","Dur\u00e9e de lecture estim\u00e9e":"3 minutes"},"schema":{"@context":"https:\/\/schema.org","@graph":[{"@type":"Article","@id":"https:\/\/www.svalbard.fr\/actualites\/le-plus-grand-porte-avions-deurope-ce-geant-francais-va-tout-changer\/#article","isPartOf":{"@id":"https:\/\/www.svalbard.fr\/actualites\/le-plus-grand-porte-avions-deurope-ce-geant-francais-va-tout-changer\/"},"author":{"name":"Guillaume Chen","@id":"https:\/\/www.svalbard.fr\/actualites\/#\/schema\/person\/b9d185560b94bff7322d37cb676ee545"},"headline":"Le plus grand porte-avions d\u2019Europe : ce g\u00e9ant fran\u00e7ais va tout changer","datePublished":"2025-07-02T08:30:00+00:00","dateModified":"2025-07-01T05:31:27+00:00","mainEntityOfPage":{"@id":"https:\/\/www.svalbard.fr\/actualites\/le-plus-grand-porte-avions-deurope-ce-geant-francais-va-tout-changer\/"},"wordCount":684,"publisher":{"@id":"https:\/\/www.svalbard.fr\/actualites\/#organization"},"articleSection":["Tendances"],"inLanguage":"fr-FR"},{"@type":"WebPage","@id":"https:\/\/www.svalbard.fr\/actualites\/le-plus-grand-porte-avions-deurope-ce-geant-francais-va-tout-changer\/","url":"https:\/\/www.svalbard.fr\/actualites\/le-plus-grand-porte-avions-deurope-ce-geant-francais-va-tout-changer\/","name":"Le plus grand porte-avions d\u2019Europe : ce g\u00e9ant fran\u00e7ais va tout changer","isPartOf":{"@id":"https:\/\/www.svalbard.fr\/actualites\/#website"},"datePublished":"2025-07-02T08:30:00+00:00","dateModified":"2025-07-01T05:31:27+00:00","breadcrumb":{"@id":"https:\/\/www.svalbard.fr\/actualites\/le-plus-grand-porte-avions-deurope-ce-geant-francais-va-tout-changer\/#breadcrumb"},"inLanguage":"fr-FR","potentialAction":[{"@type":"ReadAction","target":["https:\/\/www.svalbard.fr\/actualites\/le-plus-grand-porte-avions-deurope-ce-geant-francais-va-tout-changer\/"]}]},{"@type":"BreadcrumbList","@id":"https:\/\/www.svalbard.fr\/actualites\/le-plus-grand-porte-avions-deurope-ce-geant-francais-va-tout-changer\/#breadcrumb","itemListElement":[{"@type":"ListItem","position":1,"name":"Accueil","item":"https:\/\/www.svalbard.fr\/actualites\/"},{"@type":"ListItem","position":2,"name":"Le plus grand porte-avions d\u2019Europe : ce g\u00e9ant fran\u00e7ais va tout changer"}]},{"@type":"WebSite","@id":"https:\/\/www.svalbard.fr\/actualites\/#website","url":"https:\/\/www.svalbard.fr\/actualites\/","name":"www.Svalbard.fr","description":"","publisher":{"@id":"https:\/\/www.svalbard.fr\/actualites\/#organization"},"potentialAction":[{"@type":"SearchAction","target":{"@type":"EntryPoint","urlTemplate":"https:\/\/www.svalbard.fr\/actualites\/?s={search_term_string}"},"query-input":"required name=search_term_string"}],"inLanguage":"fr-FR"},{"@type":"Organization","@id":"https:\/\/www.svalbard.fr\/actualites\/#organization","name":"www.Svalbard.fr","url":"https:\/\/www.svalbard.fr\/actualites\/","logo":{"@type":"ImageObject","inLanguage":"fr-FR","@id":"https:\/\/www.svalbard.fr\/actualites\/#\/schema\/logo\/image\/","url":"https:\/\/www.svalbard.fr\/actualites\/wp-content\/uploads\/2023\/09\/head-nom.jpg","contentUrl":"https:\/\/www.svalbard.fr\/actualites\/wp-content\/uploads\/2023\/09\/head-nom.jpg","width":264,"height":35,"caption":"www.Svalbard.fr"},"image":{"@id":"https:\/\/www.svalbard.fr\/actualites\/#\/schema\/logo\/image\/"}},{"@type":"Person","@id":"https:\/\/www.svalbard.fr\/actualites\/#\/schema\/person\/b9d185560b94bff7322d37cb676ee545","name":"Guillaume Chen","image":{"@type":"ImageObject","inLanguage":"fr-FR","@id":"https:\/\/www.svalbard.fr\/actualites\/#\/schema\/person\/image\/","url":"https:\/\/secure.gravatar.com\/avatar\/0c3f9c94586035b795ad4049a06fb048?s=96&d=mm&r=g","contentUrl":"https:\/\/secure.gravatar.com\/avatar\/0c3f9c94586035b795ad4049a06fb048?s=96&d=mm&r=g","caption":"Guillaume Chen"},"sameAs":["https:\/\/www.svalbard.fr\/"]}]}},"_links":{"self":[{"href":"https:\/\/www.svalbard.fr\/actualites\/wp-json\/wp\/v2\/posts\/4472"}],"collection":[{"href":"https:\/\/www.svalbard.fr\/actualites\/wp-json\/wp\/v2\/posts"}],"about":[{"href":"https:\/\/www.svalbard.fr\/actualites\/wp-json\/wp\/v2\/types\/post"}],"author":[{"embeddable":true,"href":"https:\/\/www.svalbard.fr\/actualites\/wp-json\/wp\/v2\/users\/3"}],"replies":[{"embeddable":true,"href":"https:\/\/www.svalbard.fr\/actualites\/wp-json\/wp\/v2\/comments?post=4472"}],"version-history":[{"count":1,"href":"https:\/\/www.svalbard.fr\/actualites\/wp-json\/wp\/v2\/posts\/4472\/revisions"}],"predecessor-version":[{"id":4474,"href":"https:\/\/www.svalbard.fr\/actualites\/wp-json\/wp\/v2\/posts\/4472\/revisions\/4474"}],"wp:featuredmedia":[{"embeddable":true,"href":"https:\/\/www.svalbard.fr\/actualites\/wp-json\/wp\/v2\/media\/4473"}],"wp:attachment":[{"href":"https:\/\/www.svalbard.fr\/actualites\/wp-json\/wp\/v2\/media?parent=4472"}],"wp:term":[{"taxonomy":"category","embeddable":true,"href":"https:\/\/www.svalbard.fr\/actualites\/wp-json\/wp\/v2\/categories?post=4472"},{"taxonomy":"post_tag","embeddable":true,"href":"https:\/\/www.svalbard.fr\/actualites\/wp-json\/wp\/v2\/tags?post=4472"}],"curies":[{"name":"wp","href":"https:\/\/api.w.org\/{rel}","templated":true}]}}