{"id":4478,"date":"2025-07-03T07:50:00","date_gmt":"2025-07-03T05:50:00","guid":{"rendered":"https:\/\/www.svalbard.fr\/actualites\/?p=4478"},"modified":"2025-07-01T10:30:58","modified_gmt":"2025-07-01T08:30:58","slug":"disse-nye-gardinene-fra-lidl-kan-revolusjonere-isolasjonen-i-hjemmet-ditt","status":"publish","type":"post","link":"https:\/\/www.svalbard.fr\/actualites\/no\/disse-nye-gardinene-fra-lidl-kan-revolusjonere-isolasjonen-i-hjemmet-ditt\/","title":{"rendered":"Disse nye gardinene fra Lidl kan revolusjonere isolasjonen i hjemmet ditt"},"content":{"rendered":"\n<p><em><strong>Med kalde vintre og stadig hetere somre blir god isolasjon viktigere enn noen gang. Men midt i jakten p\u00e5 l\u00f8sninger som krever store inngrep og store budsjetter, finnes det noen ganger en enkel, rimelig og overraskende effektiv vei \u00e5 g\u00e5. Det nyeste eksempelet? Termogardinene fra Lidl \u2013 en liten investering med stor effekt.<\/strong><\/em><\/p>\n\n\n\n<h2 class=\"wp-block-heading\">Vinduer \u2013 den skjulte energityven<\/h2>\n\n\n\n<p>Vi har alle kjent det: <strong>et kj\u00f8lig trekk fra vinduet<\/strong> n\u00e5r vi sitter i sofaen en vinterkveld, eller f\u00f8lelsen av at solen steker rett inn i stua midt p\u00e5 sommeren. Mange blir overrasket n\u00e5r de h\u00f8rer at <strong>vinduer kan st\u00e5 for opptil 30 % av varmetapet i et d\u00e5rlig isolert <a href=\"https:\/\/www.svalbard.fr\/actualites\/no\/slik-sparer-du-strom-hjemme-de-beste-tipsene-du-ikke-visste-om\/\">hjem<\/a><\/strong> (kilde: SINTEF Byggforsk). \u00c5 bytte ut vinduene med mer energieffektive l\u00f8sninger er selvsagt ideelt \u2013 men det er ogs\u00e5 en stor kostnad.<\/p>\n\n\n\n<p>Jeg bor selv i en eldre byg\u00e5rd med originale vinduer. Bytte? Tja \u2013 det frister lite, b\u00e5de \u00f8konomisk og praktisk. Derfor ble jeg nysgjerrig da jeg oppdaget Lidl sine <strong>termogardiner til under femtilappen<\/strong>.<\/p>\n\n\n\n<h2 class=\"wp-block-heading\">Et smart og rimelig grep<\/h2>\n\n\n\n<p>Lidls nye gardiner koster <strong>bare 49 kroner<\/strong>, men fungerer som en <strong>termisk barriere<\/strong>: De holder <strong>kulda ute om vinteren<\/strong> og <strong>solvarmen unna om sommeren<\/strong>. Det beste? De krever ikke verken verkt\u00f8y eller snekkerkunnskap. <strong>Hele monteringen tok meg 10 minutter<\/strong>, og gardinen passet rett inn p\u00e5 hjemmekontoret mitt.<\/p>\n\n\n\n<p>Noen dager senere la jeg merke til at jeg ikke lenger trengte den ekstra varmeovnen under pulten. Og da heteb\u00f8lgen slo til i juni, holdt <strong>rommet seg behagelig svalt<\/strong>, selv midt p\u00e5 dagen.<\/p>\n\n\n\n<h2 class=\"wp-block-heading\">Stilige og fleksible<\/h2>\n\n\n\n<p>Gardinene f\u00e5s i <strong>n\u00f8ytrale farger som hvitt og gr\u00e5tt<\/strong>, og de sklir lett inn i ulike interi\u00f8rstiler \u2013 fra moderne til klassisk. Designet er enkelt, <strong>uten \u00e5 v\u00e6re kjedelig<\/strong>, og gardinene gir en lun stemning uten \u00e5 tynge rommet visuelt.<\/p>\n\n\n\n<p>Monteringssystemet er fleksibelt og passer vinduer med tykkelser fra <strong>4 til 24 mm<\/strong> \u2013 alts\u00e5 b\u00e5de gamle trekarmvinduer og moderne glassflater. Jeg har pr\u00f8vd dem i b\u00e5de min egen leilighet og hos en venninne med nybygd enebolig \u2013 og begge steder var resultatet det samme: <strong>mindre trekk, bedre komfort, og en hyggelig overraskelse p\u00e5 <a href=\"https:\/\/www.svalbard.fr\/actualites\/no\/denne-varmesentralen-kan-redusere-stromregningen-din-med-solceller-og-batterier\/\">str\u00f8mregningen<\/a><\/strong>.<\/p>\n\n\n\n<h2 class=\"wp-block-heading\">Sm\u00e5 grep gir store gevinster<\/h2>\n\n\n\n<p><strong>Energisparing handler ikke alltid om store tiltak.<\/strong> If\u00f8lge <strong>Enova<\/strong> kan sm\u00e5 justeringer i hjemmet gi merkbare utslag \u2013 b\u00e5de for milj\u00f8et og lommeboka. Termogardinene fra Lidl er et klassisk eksempel p\u00e5 hvordan en <strong>liten investering kan ha stor effekt<\/strong>. Hos meg gikk str\u00f8mforbruket merkbart ned allerede den f\u00f8rste m\u00e5neden.<\/p>\n\n\n\n<p>I tillegg fungerer de som <strong>lysskjerming<\/strong>, uten \u00e5 m\u00f8rklegge rommet helt \u2013 perfekt hvis du vil ha privatliv uten \u00e5 ofre dagslyset.<\/p>\n\n\n\n<h2 class=\"wp-block-heading\">Et enkelt valg for et mer komfortabelt hjem<\/h2>\n\n\n\n<p>I en tid hvor energikostnader stadig svinger og b\u00e6rekraft st\u00e5r h\u00f8yt p\u00e5 agendaen, f\u00f8les det ekstra godt \u00e5 finne l\u00f8sninger som <strong>er b\u00e5de smarte, praktiske og milj\u00f8vennlige<\/strong>. For under prisen av en pizza kan du f\u00e5 en l\u00f8sning som <strong>\u00f8ker komforten og senker str\u00f8mforbruket<\/strong> \u2013 uten \u00e5 m\u00e5tte rive opp halve stua.<\/p>\n\n\n\n<p>Om du, som meg, liker enkle l\u00f8sninger som faktisk fungerer, er dette et grep du ikke vil angre p\u00e5. <strong>Lidls termogardiner er ikke et mirakel \u2013 men de er veldig n\u00e6re.<\/strong><\/p>\n","protected":false},"excerpt":{"rendered":"<p>Med kalde vintre og stadig hetere somre blir god isolasjon viktigere enn noen gang. Men midt i jakten p\u00e5 l\u00f8sninger som krever store inngrep og<\/p>\n","protected":false},"author":3,"featured_media":4479,"comment_status":"closed","ping_status":"closed","sticky":false,"template":"","format":"standard","meta":{"footnotes":""},"categories":[4557],"tags":[],"yoast_head":"<!-- This site is optimized with the Yoast SEO plugin v21.0 - https:\/\/yoast.com\/wordpress\/plugins\/seo\/ -->\n<title>Disse nye gardinene fra Lidl kan revolusjonere isolasjonen i hjemmet ditt<\/title>\n<meta name=\"robots\" content=\"index, follow, max-snippet:-1, max-image-preview:large, max-video-preview:-1\" \/>\n<link rel=\"canonical\" href=\"https:\/\/www.svalbard.fr\/actualites\/no\/disse-nye-gardinene-fra-lidl-kan-revolusjonere-isolasjonen-i-hjemmet-ditt\/\" \/>\n<meta property=\"og:locale\" content=\"fr_FR\" \/>\n<meta property=\"og:type\" content=\"article\" \/>\n<meta property=\"og:title\" content=\"Disse nye gardinene fra Lidl kan revolusjonere isolasjonen i hjemmet ditt\" \/>\n<meta property=\"og:description\" content=\"Med kalde vintre og stadig hetere somre blir god isolasjon viktigere enn noen gang. Men midt i jakten p\u00e5 l\u00f8sninger som krever store inngrep og\" \/>\n<meta property=\"og:url\" content=\"https:\/\/www.svalbard.fr\/actualites\/no\/disse-nye-gardinene-fra-lidl-kan-revolusjonere-isolasjonen-i-hjemmet-ditt\/\" \/>\n<meta property=\"og:site_name\" content=\"www.Svalbard.fr\" \/>\n<meta property=\"article:published_time\" content=\"2025-07-03T05:50:00+00:00\" \/>\n<meta property=\"article:modified_time\" content=\"2025-07-01T08:30:58+00:00\" \/>\n<meta property=\"og:image\" content=\"https:\/\/www.svalbard.fr\/actualites\/wp-content\/uploads\/2025\/07\/rideaux-thermiques-Lidl.jpg\" \/>\n\t<meta property=\"og:image:width\" content=\"1200\" \/>\n\t<meta property=\"og:image:height\" content=\"675\" \/>\n\t<meta property=\"og:image:type\" content=\"image\/jpeg\" \/>\n<meta name=\"author\" content=\"Guillaume Chen\" \/>\n<meta name=\"twitter:card\" content=\"summary_large_image\" \/>\n<meta name=\"twitter:label1\" content=\"\u00c9crit par\" \/>\n\t<meta name=\"twitter:data1\" content=\"Guillaume Chen\" \/>\n\t<meta name=\"twitter:label2\" content=\"Dur\u00e9e de lecture estim\u00e9e\" \/>\n\t<meta name=\"twitter:data2\" content=\"3 minutes\" \/>\n<script type=\"application\/ld+json\" class=\"yoast-schema-graph\">{\"@context\":\"https:\/\/schema.org\",\"@graph\":[{\"@type\":\"Article\",\"@id\":\"https:\/\/www.svalbard.fr\/actualites\/no\/disse-nye-gardinene-fra-lidl-kan-revolusjonere-isolasjonen-i-hjemmet-ditt\/#article\",\"isPartOf\":{\"@id\":\"https:\/\/www.svalbard.fr\/actualites\/no\/disse-nye-gardinene-fra-lidl-kan-revolusjonere-isolasjonen-i-hjemmet-ditt\/\"},\"author\":{\"name\":\"Guillaume Chen\",\"@id\":\"https:\/\/www.svalbard.fr\/actualites\/#\/schema\/person\/b9d185560b94bff7322d37cb676ee545\"},\"headline\":\"Disse nye gardinene fra Lidl kan revolusjonere isolasjonen i hjemmet ditt\",\"datePublished\":\"2025-07-03T05:50:00+00:00\",\"dateModified\":\"2025-07-01T08:30:58+00:00\",\"mainEntityOfPage\":{\"@id\":\"https:\/\/www.svalbard.fr\/actualites\/no\/disse-nye-gardinene-fra-lidl-kan-revolusjonere-isolasjonen-i-hjemmet-ditt\/\"},\"wordCount\":540,\"publisher\":{\"@id\":\"https:\/\/www.svalbard.fr\/actualites\/#organization\"},\"articleSection\":[\"Trender\"],\"inLanguage\":\"fr-FR\"},{\"@type\":\"WebPage\",\"@id\":\"https:\/\/www.svalbard.fr\/actualites\/no\/disse-nye-gardinene-fra-lidl-kan-revolusjonere-isolasjonen-i-hjemmet-ditt\/\",\"url\":\"https:\/\/www.svalbard.fr\/actualites\/no\/disse-nye-gardinene-fra-lidl-kan-revolusjonere-isolasjonen-i-hjemmet-ditt\/\",\"name\":\"Disse nye gardinene fra Lidl kan revolusjonere isolasjonen i hjemmet ditt\",\"isPartOf\":{\"@id\":\"https:\/\/www.svalbard.fr\/actualites\/#website\"},\"datePublished\":\"2025-07-03T05:50:00+00:00\",\"dateModified\":\"2025-07-01T08:30:58+00:00\",\"breadcrumb\":{\"@id\":\"https:\/\/www.svalbard.fr\/actualites\/no\/disse-nye-gardinene-fra-lidl-kan-revolusjonere-isolasjonen-i-hjemmet-ditt\/#breadcrumb\"},\"inLanguage\":\"fr-FR\",\"potentialAction\":[{\"@type\":\"ReadAction\",\"target\":[\"https:\/\/www.svalbard.fr\/actualites\/no\/disse-nye-gardinene-fra-lidl-kan-revolusjonere-isolasjonen-i-hjemmet-ditt\/\"]}]},{\"@type\":\"BreadcrumbList\",\"@id\":\"https:\/\/www.svalbard.fr\/actualites\/no\/disse-nye-gardinene-fra-lidl-kan-revolusjonere-isolasjonen-i-hjemmet-ditt\/#breadcrumb\",\"itemListElement\":[{\"@type\":\"ListItem\",\"position\":1,\"name\":\"Accueil\",\"item\":\"https:\/\/www.svalbard.fr\/actualites\/\"},{\"@type\":\"ListItem\",\"position\":2,\"name\":\"Disse nye gardinene fra Lidl kan revolusjonere isolasjonen i hjemmet ditt\"}]},{\"@type\":\"WebSite\",\"@id\":\"https:\/\/www.svalbard.fr\/actualites\/#website\",\"url\":\"https:\/\/www.svalbard.fr\/actualites\/\",\"name\":\"www.Svalbard.fr\",\"description\":\"\",\"publisher\":{\"@id\":\"https:\/\/www.svalbard.fr\/actualites\/#organization\"},\"potentialAction\":[{\"@type\":\"SearchAction\",\"target\":{\"@type\":\"EntryPoint\",\"urlTemplate\":\"https:\/\/www.svalbard.fr\/actualites\/?s={search_term_string}\"},\"query-input\":\"required name=search_term_string\"}],\"inLanguage\":\"fr-FR\"},{\"@type\":\"Organization\",\"@id\":\"https:\/\/www.svalbard.fr\/actualites\/#organization\",\"name\":\"www.Svalbard.fr\",\"url\":\"https:\/\/www.svalbard.fr\/actualites\/\",\"logo\":{\"@type\":\"ImageObject\",\"inLanguage\":\"fr-FR\",\"@id\":\"https:\/\/www.svalbard.fr\/actualites\/#\/schema\/logo\/image\/\",\"url\":\"https:\/\/www.svalbard.fr\/actualites\/wp-content\/uploads\/2023\/09\/head-nom.jpg\",\"contentUrl\":\"https:\/\/www.svalbard.fr\/actualites\/wp-content\/uploads\/2023\/09\/head-nom.jpg\",\"width\":264,\"height\":35,\"caption\":\"www.Svalbard.fr\"},\"image\":{\"@id\":\"https:\/\/www.svalbard.fr\/actualites\/#\/schema\/logo\/image\/\"}},{\"@type\":\"Person\",\"@id\":\"https:\/\/www.svalbard.fr\/actualites\/#\/schema\/person\/b9d185560b94bff7322d37cb676ee545\",\"name\":\"Guillaume Chen\",\"image\":{\"@type\":\"ImageObject\",\"inLanguage\":\"fr-FR\",\"@id\":\"https:\/\/www.svalbard.fr\/actualites\/#\/schema\/person\/image\/\",\"url\":\"https:\/\/secure.gravatar.com\/avatar\/0c3f9c94586035b795ad4049a06fb048?s=96&d=mm&r=g\",\"contentUrl\":\"https:\/\/secure.gravatar.com\/avatar\/0c3f9c94586035b795ad4049a06fb048?s=96&d=mm&r=g\",\"caption\":\"Guillaume Chen\"},\"sameAs\":[\"https:\/\/www.svalbard.fr\/\"]}]}<\/script>\n<!-- \/ Yoast SEO plugin. -->","yoast_head_json":{"title":"Disse nye gardinene fra Lidl kan revolusjonere isolasjonen i hjemmet ditt","robots":{"index":"index","follow":"follow","max-snippet":"max-snippet:-1","max-image-preview":"max-image-preview:large","max-video-preview":"max-video-preview:-1"},"canonical":"https:\/\/www.svalbard.fr\/actualites\/no\/disse-nye-gardinene-fra-lidl-kan-revolusjonere-isolasjonen-i-hjemmet-ditt\/","og_locale":"fr_FR","og_type":"article","og_title":"Disse nye gardinene fra Lidl kan revolusjonere isolasjonen i hjemmet ditt","og_description":"Med kalde vintre og stadig hetere somre blir god isolasjon viktigere enn noen gang. Men midt i jakten p\u00e5 l\u00f8sninger som krever store inngrep og","og_url":"https:\/\/www.svalbard.fr\/actualites\/no\/disse-nye-gardinene-fra-lidl-kan-revolusjonere-isolasjonen-i-hjemmet-ditt\/","og_site_name":"www.Svalbard.fr","article_published_time":"2025-07-03T05:50:00+00:00","article_modified_time":"2025-07-01T08:30:58+00:00","og_image":[{"width":1200,"height":675,"url":"https:\/\/www.svalbard.fr\/actualites\/wp-content\/uploads\/2025\/07\/rideaux-thermiques-Lidl.jpg","type":"image\/jpeg"}],"author":"Guillaume Chen","twitter_card":"summary_large_image","twitter_misc":{"\u00c9crit par":"Guillaume Chen","Dur\u00e9e de lecture estim\u00e9e":"3 minutes"},"schema":{"@context":"https:\/\/schema.org","@graph":[{"@type":"Article","@id":"https:\/\/www.svalbard.fr\/actualites\/no\/disse-nye-gardinene-fra-lidl-kan-revolusjonere-isolasjonen-i-hjemmet-ditt\/#article","isPartOf":{"@id":"https:\/\/www.svalbard.fr\/actualites\/no\/disse-nye-gardinene-fra-lidl-kan-revolusjonere-isolasjonen-i-hjemmet-ditt\/"},"author":{"name":"Guillaume Chen","@id":"https:\/\/www.svalbard.fr\/actualites\/#\/schema\/person\/b9d185560b94bff7322d37cb676ee545"},"headline":"Disse nye gardinene fra Lidl kan revolusjonere isolasjonen i hjemmet ditt","datePublished":"2025-07-03T05:50:00+00:00","dateModified":"2025-07-01T08:30:58+00:00","mainEntityOfPage":{"@id":"https:\/\/www.svalbard.fr\/actualites\/no\/disse-nye-gardinene-fra-lidl-kan-revolusjonere-isolasjonen-i-hjemmet-ditt\/"},"wordCount":540,"publisher":{"@id":"https:\/\/www.svalbard.fr\/actualites\/#organization"},"articleSection":["Trender"],"inLanguage":"fr-FR"},{"@type":"WebPage","@id":"https:\/\/www.svalbard.fr\/actualites\/no\/disse-nye-gardinene-fra-lidl-kan-revolusjonere-isolasjonen-i-hjemmet-ditt\/","url":"https:\/\/www.svalbard.fr\/actualites\/no\/disse-nye-gardinene-fra-lidl-kan-revolusjonere-isolasjonen-i-hjemmet-ditt\/","name":"Disse nye gardinene fra Lidl kan revolusjonere isolasjonen i hjemmet ditt","isPartOf":{"@id":"https:\/\/www.svalbard.fr\/actualites\/#website"},"datePublished":"2025-07-03T05:50:00+00:00","dateModified":"2025-07-01T08:30:58+00:00","breadcrumb":{"@id":"https:\/\/www.svalbard.fr\/actualites\/no\/disse-nye-gardinene-fra-lidl-kan-revolusjonere-isolasjonen-i-hjemmet-ditt\/#breadcrumb"},"inLanguage":"fr-FR","potentialAction":[{"@type":"ReadAction","target":["https:\/\/www.svalbard.fr\/actualites\/no\/disse-nye-gardinene-fra-lidl-kan-revolusjonere-isolasjonen-i-hjemmet-ditt\/"]}]},{"@type":"BreadcrumbList","@id":"https:\/\/www.svalbard.fr\/actualites\/no\/disse-nye-gardinene-fra-lidl-kan-revolusjonere-isolasjonen-i-hjemmet-ditt\/#breadcrumb","itemListElement":[{"@type":"ListItem","position":1,"name":"Accueil","item":"https:\/\/www.svalbard.fr\/actualites\/"},{"@type":"ListItem","position":2,"name":"Disse nye gardinene fra Lidl kan revolusjonere isolasjonen i hjemmet ditt"}]},{"@type":"WebSite","@id":"https:\/\/www.svalbard.fr\/actualites\/#website","url":"https:\/\/www.svalbard.fr\/actualites\/","name":"www.Svalbard.fr","description":"","publisher":{"@id":"https:\/\/www.svalbard.fr\/actualites\/#organization"},"potentialAction":[{"@type":"SearchAction","target":{"@type":"EntryPoint","urlTemplate":"https:\/\/www.svalbard.fr\/actualites\/?s={search_term_string}"},"query-input":"required name=search_term_string"}],"inLanguage":"fr-FR"},{"@type":"Organization","@id":"https:\/\/www.svalbard.fr\/actualites\/#organization","name":"www.Svalbard.fr","url":"https:\/\/www.svalbard.fr\/actualites\/","logo":{"@type":"ImageObject","inLanguage":"fr-FR","@id":"https:\/\/www.svalbard.fr\/actualites\/#\/schema\/logo\/image\/","url":"https:\/\/www.svalbard.fr\/actualites\/wp-content\/uploads\/2023\/09\/head-nom.jpg","contentUrl":"https:\/\/www.svalbard.fr\/actualites\/wp-content\/uploads\/2023\/09\/head-nom.jpg","width":264,"height":35,"caption":"www.Svalbard.fr"},"image":{"@id":"https:\/\/www.svalbard.fr\/actualites\/#\/schema\/logo\/image\/"}},{"@type":"Person","@id":"https:\/\/www.svalbard.fr\/actualites\/#\/schema\/person\/b9d185560b94bff7322d37cb676ee545","name":"Guillaume Chen","image":{"@type":"ImageObject","inLanguage":"fr-FR","@id":"https:\/\/www.svalbard.fr\/actualites\/#\/schema\/person\/image\/","url":"https:\/\/secure.gravatar.com\/avatar\/0c3f9c94586035b795ad4049a06fb048?s=96&d=mm&r=g","contentUrl":"https:\/\/secure.gravatar.com\/avatar\/0c3f9c94586035b795ad4049a06fb048?s=96&d=mm&r=g","caption":"Guillaume Chen"},"sameAs":["https:\/\/www.svalbard.fr\/"]}]}},"_links":{"self":[{"href":"https:\/\/www.svalbard.fr\/actualites\/wp-json\/wp\/v2\/posts\/4478"}],"collection":[{"href":"https:\/\/www.svalbard.fr\/actualites\/wp-json\/wp\/v2\/posts"}],"about":[{"href":"https:\/\/www.svalbard.fr\/actualites\/wp-json\/wp\/v2\/types\/post"}],"author":[{"embeddable":true,"href":"https:\/\/www.svalbard.fr\/actualites\/wp-json\/wp\/v2\/users\/3"}],"replies":[{"embeddable":true,"href":"https:\/\/www.svalbard.fr\/actualites\/wp-json\/wp\/v2\/comments?post=4478"}],"version-history":[{"count":1,"href":"https:\/\/www.svalbard.fr\/actualites\/wp-json\/wp\/v2\/posts\/4478\/revisions"}],"predecessor-version":[{"id":4480,"href":"https:\/\/www.svalbard.fr\/actualites\/wp-json\/wp\/v2\/posts\/4478\/revisions\/4480"}],"wp:featuredmedia":[{"embeddable":true,"href":"https:\/\/www.svalbard.fr\/actualites\/wp-json\/wp\/v2\/media\/4479"}],"wp:attachment":[{"href":"https:\/\/www.svalbard.fr\/actualites\/wp-json\/wp\/v2\/media?parent=4478"}],"wp:term":[{"taxonomy":"category","embeddable":true,"href":"https:\/\/www.svalbard.fr\/actualites\/wp-json\/wp\/v2\/categories?post=4478"},{"taxonomy":"post_tag","embeddable":true,"href":"https:\/\/www.svalbard.fr\/actualites\/wp-json\/wp\/v2\/tags?post=4478"}],"curies":[{"name":"wp","href":"https:\/\/api.w.org\/{rel}","templated":true}]}}