{"id":4487,"date":"2025-07-03T08:30:00","date_gmt":"2025-07-03T06:30:00","guid":{"rendered":"https:\/\/www.svalbard.fr\/actualites\/?p=4487"},"modified":"2025-07-02T08:23:35","modified_gmt":"2025-07-02T06:23:35","slug":"une-ado-de-18-ans-intriguait-les-policiers-ce-quils-ont-decouvert-chez-elle-choque","status":"publish","type":"post","link":"https:\/\/www.svalbard.fr\/actualites\/une-ado-de-18-ans-intriguait-les-policiers-ce-quils-ont-decouvert-chez-elle-choque\/","title":{"rendered":"Une ado de 18 ans intriguait les policiers : ce qu\u2019ils ont d\u00e9couvert chez elle choque"},"content":{"rendered":"\n<p><strong><em>Ce que l\u2019officier Sebastian a d\u00e9couvert dans une maison apparemment banale d\u00e9passe tout ce qu\u2019il aurait pu imaginer. Et si une simple intuition pouvait mettre au jour une op\u00e9ration du FBI ?<\/em><\/strong><\/p>\n\n\n\n<!--more-->\n\n\n\n<h2 class=\"wp-block-heading\">Quand l\u2019instinct supplante le protocole<\/h2>\n\n\n\n<p>Chaque matin, c\u2019est le m\u00eame rituel. Sebastian, officier de police chevronn\u00e9, sillonne le quartier avec la m\u00eame r\u00e9gularit\u00e9 qu\u2019un m\u00e9tronome. Et chaque matin, une jeune fille l\u2019accueille d\u2019un petit signe de la main depuis une fen\u00eatre. Une habitude anodine, presque attendrissante, jusqu\u2019au jour o\u00f9 ce geste familier s\u2019interrompt brutalement. Plus de visage derri\u00e8re la vitre. Plus de pr\u00e9sence. Juste le silence, et cette sensation tenace : <strong>quelque chose ne tourne pas rond<\/strong>.<\/p>\n\n\n\n<p>Sebastian aurait pu fermer les yeux, comme le ferait n\u2019importe qui dans le doute. Mais quand on a vingt ans de service et un flair aff\u00fbt\u00e9 comme le sien, on sait reconna\u00eetre les petits <a href=\"https:\/\/www.svalbard.fr\/actualites\/trois-indices-revelateurs-dune-voiture-radar-a-surveiller\/\"><strong>indices<\/strong><\/a> qui sentent le drame en sourdine.<\/p>\n\n\n<div class=\"wp-block-image\">\n<figure class=\"aligncenter size-large\"><img decoding=\"async\" loading=\"lazy\" width=\"1024\" height=\"576\" src=\"https:\/\/www.svalbard.fr\/actualites\/wp-content\/uploads\/2025\/07\/police-municipale-1024x576.jpg\" alt=\"police municipale\" class=\"wp-image-4495\" srcset=\"https:\/\/www.svalbard.fr\/actualites\/wp-content\/uploads\/2025\/07\/police-municipale-1024x576.jpg 1024w, https:\/\/www.svalbard.fr\/actualites\/wp-content\/uploads\/2025\/07\/police-municipale-300x169.jpg 300w, https:\/\/www.svalbard.fr\/actualites\/wp-content\/uploads\/2025\/07\/police-municipale-768x432.jpg 768w, https:\/\/www.svalbard.fr\/actualites\/wp-content\/uploads\/2025\/07\/police-municipale.jpg 1200w\" sizes=\"(max-width: 1024px) 100vw, 1024px\" \/><\/figure><\/div>\n\n\n<h2 class=\"wp-block-heading\">Une maison pas comme les autres<\/h2>\n\n\n\n<p>Curieusement, cette maison au coin de la rue \u2013 plus grande, plus en retrait \u2013 n\u2019avait jamais vraiment attir\u00e9 l\u2019attention. Personne ne la connaissait vraiment, pas m\u00eame les anciens du quartier. Mais voil\u00e0 : <strong>le myst\u00e8re fait mauvais m\u00e9nage avec la routine<\/strong>, surtout quand il prend la forme d\u2019une jeune fille disparue.<\/p>\n\n\n\n<p>D\u00e9cid\u00e9 \u00e0 creuser, Sebastian frappe \u00e0 la porte. L\u2019homme qui ouvre ne correspond \u00e0 aucun des profils connus de la <a href=\"https:\/\/www.svalbard.fr\/actualites\/lidl-propose-2-produits-efficaces-pour-dire-adieu-a-lhumidite-a-la-maison\/\"><strong>maison<\/strong><\/a>. Il est poli comme un coffre-fort ferm\u00e9 \u00e0 double tour, et referme la porte sans un mot. L\u2019alerte est lanc\u00e9e dans l\u2019esprit de l\u2019officier.<\/p>\n\n\n\n<p>Sans preuve, mais convaincu qu\u2019un danger couve, Sebastian convoque ses coll\u00e8gues. \u00c0 onze, ils p\u00e9n\u00e8trent dans la maison, pr\u00eats \u00e0 faire face au pire. Et ce qu\u2019ils d\u00e9couvrent ne ressemble en rien \u00e0 ce qu\u2019ils auraient pu imaginer.<\/p>\n\n\n\n<h2 class=\"wp-block-heading\">Une pi\u00e8ce vide, trop vide<\/h2>\n\n\n\n<p>Sebastian monte en courant \u00e0 l\u2019\u00e9tage, se dirige droit vers la fen\u00eatre d\u2019o\u00f9 le fameux salut \u00e9tait envoy\u00e9 chaque jour. Il pousse la porte\u2026 et l\u00e0, le choc. <strong>La chambre est vide<\/strong>. Pas vide comme une pi\u00e8ce abandonn\u00e9e, non : vide comme si personne n\u2019y avait jamais v\u00e9cu. Aucune trace, aucun objet. M\u00eame pas un oreiller oubli\u00e9. Juste un vide glacial qui hurle l\u2019absence.<\/p>\n\n\n\n<p>Chaque pi\u00e8ce suivante r\u00e9p\u00e8te ce malaise : des murs nus, un d\u00e9cor sans \u00e2me. O\u00f9 est la jeune fille ? Qui \u00e9taient les hommes ? Et pourquoi tout semble avoir \u00e9t\u00e9 effac\u00e9 avec tant de pr\u00e9cision ?<\/p>\n\n\n<div class=\"wp-block-image\">\n<figure class=\"aligncenter size-large\"><img decoding=\"async\" loading=\"lazy\" width=\"1024\" height=\"683\" src=\"https:\/\/www.svalbard.fr\/actualites\/wp-content\/uploads\/2025\/07\/femme-a-la-fenetre-1024x683.jpg\" alt=\"femme \u00e0 la fen\u00eatre\" class=\"wp-image-4491\" srcset=\"https:\/\/www.svalbard.fr\/actualites\/wp-content\/uploads\/2025\/07\/femme-a-la-fenetre-1024x683.jpg 1024w, https:\/\/www.svalbard.fr\/actualites\/wp-content\/uploads\/2025\/07\/femme-a-la-fenetre-300x200.jpg 300w, https:\/\/www.svalbard.fr\/actualites\/wp-content\/uploads\/2025\/07\/femme-a-la-fenetre-768x512.jpg 768w, https:\/\/www.svalbard.fr\/actualites\/wp-content\/uploads\/2025\/07\/femme-a-la-fenetre.jpg 1200w\" sizes=\"(max-width: 1024px) 100vw, 1024px\" \/><\/figure><\/div>\n\n\n<h2 class=\"wp-block-heading\">Le choc des insignes<\/h2>\n\n\n\n<p>Alors que l\u2019incompr\u00e9hension grandit, un des hommes sort un badge. FBI. Le vrai. Pas une copie mal imprim\u00e9e. Sebastian bl\u00eamit. Il comprend qu\u2019il vient de mettre les pieds dans <strong>quelque chose de beaucoup plus vaste qu\u2019il ne le pensait<\/strong>.<\/p>\n\n\n\n<p>Les f\u00e9d\u00e9raux, loin de lui en vouloir, s\u2019int\u00e9ressent plut\u00f4t \u00e0 son flair. Ils expliquent : l\u2019homme \u00e9tait un t\u00e9moin sous protection, sa fille en danger, et cette fameuse fen\u00eatre \u00e9tait devenue une menace \u2013 une simple apparition quotidienne pouvait signer leur arr\u00eat de mort. Leur pr\u00e9sence dans la maison touchait \u00e0 sa fin : la relocalisation avait d\u00e9j\u00e0 eu lieu. D\u2019o\u00f9 la disparition, et le grand m\u00e9nage.<\/p>\n\n\n<div class=\"wp-block-image\">\n<figure class=\"aligncenter size-large\"><img decoding=\"async\" loading=\"lazy\" width=\"1024\" height=\"683\" src=\"https:\/\/www.svalbard.fr\/actualites\/wp-content\/uploads\/2025\/07\/ombre-police-1024x683.jpg\" alt=\"ombre police\" class=\"wp-image-4494\" srcset=\"https:\/\/www.svalbard.fr\/actualites\/wp-content\/uploads\/2025\/07\/ombre-police-1024x683.jpg 1024w, https:\/\/www.svalbard.fr\/actualites\/wp-content\/uploads\/2025\/07\/ombre-police-300x200.jpg 300w, https:\/\/www.svalbard.fr\/actualites\/wp-content\/uploads\/2025\/07\/ombre-police-768x512.jpg 768w, https:\/\/www.svalbard.fr\/actualites\/wp-content\/uploads\/2025\/07\/ombre-police.jpg 1200w\" sizes=\"(max-width: 1024px) 100vw, 1024px\" \/><\/figure><\/div>\n\n\n<h2 class=\"wp-block-heading\">L\u2019intuition plus forte que la proc\u00e9dure<\/h2>\n\n\n\n<p>En \u00e9change de son silence, les agents f\u00e9d\u00e9raux proposent de passer l\u2019\u00e9ponge. Mais ils veulent garder un \u0153il dans le coin. Et qui de mieux que Sebastian, <strong>ce policier au nez redoutable<\/strong>, pour leur servir de sentinelle silencieuse ?<\/p>\n\n\n\n<p>Cette affaire aurait pu lui co\u00fbter sa carri\u00e8re. Mais elle lui a surtout rappel\u00e9 pourquoi il avait pr\u00eat\u00e9 serment : pour prot\u00e9ger. Pour \u00e9couter cette petite voix int\u00e9rieure, celle qui pousse \u00e0 frapper \u00e0 une porte, m\u00eame quand le r\u00e8glement dit l\u2019inverse.<\/p>\n\n\n\n<figure class=\"wp-block-image size-large\"><img decoding=\"async\" loading=\"lazy\" width=\"1024\" height=\"575\" src=\"https:\/\/www.svalbard.fr\/actualites\/wp-content\/uploads\/2025\/07\/arme-dun-policier-1024x575.jpg\" alt=\"arme d'un policier\" class=\"wp-image-4492\" srcset=\"https:\/\/www.svalbard.fr\/actualites\/wp-content\/uploads\/2025\/07\/arme-dun-policier-1024x575.jpg 1024w, https:\/\/www.svalbard.fr\/actualites\/wp-content\/uploads\/2025\/07\/arme-dun-policier-300x169.jpg 300w, https:\/\/www.svalbard.fr\/actualites\/wp-content\/uploads\/2025\/07\/arme-dun-policier-768x431.jpg 768w, https:\/\/www.svalbard.fr\/actualites\/wp-content\/uploads\/2025\/07\/arme-dun-policier.jpg 1200w\" sizes=\"(max-width: 1024px) 100vw, 1024px\" \/><\/figure>\n\n\n\n<p>Aujourd\u2019hui, Sebastian ne verra plus jamais ce salut quotidien \u00e0 la fen\u00eatre. Mais il sait qu\u2019il a bien fait. Et parfois, \u00e7a suffit \u00e0 dormir tranquille.<\/p>\n","protected":false},"excerpt":{"rendered":"<p>Ce que l\u2019officier Sebastian a d\u00e9couvert dans une maison apparemment banale d\u00e9passe tout ce qu\u2019il aurait pu imaginer. Et si une simple intuition pouvait mettre<\/p>\n","protected":false},"author":3,"featured_media":4496,"comment_status":"closed","ping_status":"closed","sticky":false,"template":"","format":"standard","meta":{"footnotes":""},"categories":[1725],"tags":[],"yoast_head":"<!-- This site is optimized with the Yoast SEO plugin v21.0 - https:\/\/yoast.com\/wordpress\/plugins\/seo\/ -->\n<title>Une ado de 18 ans intriguait les policiers : ce qu\u2019ils ont d\u00e9couvert chez elle choque<\/title>\n<meta name=\"robots\" content=\"index, follow, max-snippet:-1, max-image-preview:large, max-video-preview:-1\" \/>\n<link rel=\"canonical\" href=\"https:\/\/www.svalbard.fr\/actualites\/une-ado-de-18-ans-intriguait-les-policiers-ce-quils-ont-decouvert-chez-elle-choque\/\" \/>\n<meta property=\"og:locale\" content=\"fr_FR\" \/>\n<meta property=\"og:type\" content=\"article\" \/>\n<meta property=\"og:title\" content=\"Une ado de 18 ans intriguait les policiers : ce qu\u2019ils ont d\u00e9couvert chez elle choque\" \/>\n<meta property=\"og:description\" content=\"Ce que l\u2019officier Sebastian a d\u00e9couvert dans une maison apparemment banale d\u00e9passe tout ce qu\u2019il aurait pu imaginer. Et si une simple intuition pouvait mettre\" \/>\n<meta property=\"og:url\" content=\"https:\/\/www.svalbard.fr\/actualites\/une-ado-de-18-ans-intriguait-les-policiers-ce-quils-ont-decouvert-chez-elle-choque\/\" \/>\n<meta property=\"og:site_name\" content=\"www.Svalbard.fr\" \/>\n<meta property=\"article:published_time\" content=\"2025-07-03T06:30:00+00:00\" \/>\n<meta property=\"article:modified_time\" content=\"2025-07-02T06:23:35+00:00\" \/>\n<meta property=\"og:image\" content=\"https:\/\/www.svalbard.fr\/actualites\/wp-content\/uploads\/2025\/07\/police.jpeg\" \/>\n\t<meta property=\"og:image:width\" content=\"1200\" \/>\n\t<meta property=\"og:image:height\" content=\"626\" \/>\n\t<meta property=\"og:image:type\" content=\"image\/jpeg\" \/>\n<meta name=\"author\" content=\"Guillaume Chen\" \/>\n<meta name=\"twitter:card\" content=\"summary_large_image\" \/>\n<meta name=\"twitter:label1\" content=\"\u00c9crit par\" \/>\n\t<meta name=\"twitter:data1\" content=\"Guillaume Chen\" \/>\n\t<meta name=\"twitter:label2\" content=\"Dur\u00e9e de lecture estim\u00e9e\" \/>\n\t<meta name=\"twitter:data2\" content=\"4 minutes\" \/>\n<script type=\"application\/ld+json\" class=\"yoast-schema-graph\">{\"@context\":\"https:\/\/schema.org\",\"@graph\":[{\"@type\":\"Article\",\"@id\":\"https:\/\/www.svalbard.fr\/actualites\/une-ado-de-18-ans-intriguait-les-policiers-ce-quils-ont-decouvert-chez-elle-choque\/#article\",\"isPartOf\":{\"@id\":\"https:\/\/www.svalbard.fr\/actualites\/une-ado-de-18-ans-intriguait-les-policiers-ce-quils-ont-decouvert-chez-elle-choque\/\"},\"author\":{\"name\":\"Guillaume Chen\",\"@id\":\"https:\/\/www.svalbard.fr\/actualites\/#\/schema\/person\/b9d185560b94bff7322d37cb676ee545\"},\"headline\":\"Une ado de 18 ans intriguait les policiers : ce qu\u2019ils ont d\u00e9couvert chez elle choque\",\"datePublished\":\"2025-07-03T06:30:00+00:00\",\"dateModified\":\"2025-07-02T06:23:35+00:00\",\"mainEntityOfPage\":{\"@id\":\"https:\/\/www.svalbard.fr\/actualites\/une-ado-de-18-ans-intriguait-les-policiers-ce-quils-ont-decouvert-chez-elle-choque\/\"},\"wordCount\":699,\"publisher\":{\"@id\":\"https:\/\/www.svalbard.fr\/actualites\/#organization\"},\"articleSection\":[\"Tendances\"],\"inLanguage\":\"fr-FR\"},{\"@type\":\"WebPage\",\"@id\":\"https:\/\/www.svalbard.fr\/actualites\/une-ado-de-18-ans-intriguait-les-policiers-ce-quils-ont-decouvert-chez-elle-choque\/\",\"url\":\"https:\/\/www.svalbard.fr\/actualites\/une-ado-de-18-ans-intriguait-les-policiers-ce-quils-ont-decouvert-chez-elle-choque\/\",\"name\":\"Une ado de 18 ans intriguait les policiers : ce qu\u2019ils ont d\u00e9couvert chez elle choque\",\"isPartOf\":{\"@id\":\"https:\/\/www.svalbard.fr\/actualites\/#website\"},\"datePublished\":\"2025-07-03T06:30:00+00:00\",\"dateModified\":\"2025-07-02T06:23:35+00:00\",\"breadcrumb\":{\"@id\":\"https:\/\/www.svalbard.fr\/actualites\/une-ado-de-18-ans-intriguait-les-policiers-ce-quils-ont-decouvert-chez-elle-choque\/#breadcrumb\"},\"inLanguage\":\"fr-FR\",\"potentialAction\":[{\"@type\":\"ReadAction\",\"target\":[\"https:\/\/www.svalbard.fr\/actualites\/une-ado-de-18-ans-intriguait-les-policiers-ce-quils-ont-decouvert-chez-elle-choque\/\"]}]},{\"@type\":\"BreadcrumbList\",\"@id\":\"https:\/\/www.svalbard.fr\/actualites\/une-ado-de-18-ans-intriguait-les-policiers-ce-quils-ont-decouvert-chez-elle-choque\/#breadcrumb\",\"itemListElement\":[{\"@type\":\"ListItem\",\"position\":1,\"name\":\"Accueil\",\"item\":\"https:\/\/www.svalbard.fr\/actualites\/\"},{\"@type\":\"ListItem\",\"position\":2,\"name\":\"Une ado de 18 ans intriguait les policiers : ce qu\u2019ils ont d\u00e9couvert chez elle choque\"}]},{\"@type\":\"WebSite\",\"@id\":\"https:\/\/www.svalbard.fr\/actualites\/#website\",\"url\":\"https:\/\/www.svalbard.fr\/actualites\/\",\"name\":\"www.Svalbard.fr\",\"description\":\"\",\"publisher\":{\"@id\":\"https:\/\/www.svalbard.fr\/actualites\/#organization\"},\"potentialAction\":[{\"@type\":\"SearchAction\",\"target\":{\"@type\":\"EntryPoint\",\"urlTemplate\":\"https:\/\/www.svalbard.fr\/actualites\/?s={search_term_string}\"},\"query-input\":\"required name=search_term_string\"}],\"inLanguage\":\"fr-FR\"},{\"@type\":\"Organization\",\"@id\":\"https:\/\/www.svalbard.fr\/actualites\/#organization\",\"name\":\"www.Svalbard.fr\",\"url\":\"https:\/\/www.svalbard.fr\/actualites\/\",\"logo\":{\"@type\":\"ImageObject\",\"inLanguage\":\"fr-FR\",\"@id\":\"https:\/\/www.svalbard.fr\/actualites\/#\/schema\/logo\/image\/\",\"url\":\"https:\/\/www.svalbard.fr\/actualites\/wp-content\/uploads\/2023\/09\/head-nom.jpg\",\"contentUrl\":\"https:\/\/www.svalbard.fr\/actualites\/wp-content\/uploads\/2023\/09\/head-nom.jpg\",\"width\":264,\"height\":35,\"caption\":\"www.Svalbard.fr\"},\"image\":{\"@id\":\"https:\/\/www.svalbard.fr\/actualites\/#\/schema\/logo\/image\/\"}},{\"@type\":\"Person\",\"@id\":\"https:\/\/www.svalbard.fr\/actualites\/#\/schema\/person\/b9d185560b94bff7322d37cb676ee545\",\"name\":\"Guillaume Chen\",\"image\":{\"@type\":\"ImageObject\",\"inLanguage\":\"fr-FR\",\"@id\":\"https:\/\/www.svalbard.fr\/actualites\/#\/schema\/person\/image\/\",\"url\":\"https:\/\/secure.gravatar.com\/avatar\/0c3f9c94586035b795ad4049a06fb048?s=96&d=mm&r=g\",\"contentUrl\":\"https:\/\/secure.gravatar.com\/avatar\/0c3f9c94586035b795ad4049a06fb048?s=96&d=mm&r=g\",\"caption\":\"Guillaume Chen\"},\"sameAs\":[\"https:\/\/www.svalbard.fr\/\"]}]}<\/script>\n<!-- \/ Yoast SEO plugin. -->","yoast_head_json":{"title":"Une ado de 18 ans intriguait les policiers : ce qu\u2019ils ont d\u00e9couvert chez elle choque","robots":{"index":"index","follow":"follow","max-snippet":"max-snippet:-1","max-image-preview":"max-image-preview:large","max-video-preview":"max-video-preview:-1"},"canonical":"https:\/\/www.svalbard.fr\/actualites\/une-ado-de-18-ans-intriguait-les-policiers-ce-quils-ont-decouvert-chez-elle-choque\/","og_locale":"fr_FR","og_type":"article","og_title":"Une ado de 18 ans intriguait les policiers : ce qu\u2019ils ont d\u00e9couvert chez elle choque","og_description":"Ce que l\u2019officier Sebastian a d\u00e9couvert dans une maison apparemment banale d\u00e9passe tout ce qu\u2019il aurait pu imaginer. Et si une simple intuition pouvait mettre","og_url":"https:\/\/www.svalbard.fr\/actualites\/une-ado-de-18-ans-intriguait-les-policiers-ce-quils-ont-decouvert-chez-elle-choque\/","og_site_name":"www.Svalbard.fr","article_published_time":"2025-07-03T06:30:00+00:00","article_modified_time":"2025-07-02T06:23:35+00:00","og_image":[{"width":1200,"height":626,"url":"https:\/\/www.svalbard.fr\/actualites\/wp-content\/uploads\/2025\/07\/police.jpeg","type":"image\/jpeg"}],"author":"Guillaume Chen","twitter_card":"summary_large_image","twitter_misc":{"\u00c9crit par":"Guillaume Chen","Dur\u00e9e de lecture estim\u00e9e":"4 minutes"},"schema":{"@context":"https:\/\/schema.org","@graph":[{"@type":"Article","@id":"https:\/\/www.svalbard.fr\/actualites\/une-ado-de-18-ans-intriguait-les-policiers-ce-quils-ont-decouvert-chez-elle-choque\/#article","isPartOf":{"@id":"https:\/\/www.svalbard.fr\/actualites\/une-ado-de-18-ans-intriguait-les-policiers-ce-quils-ont-decouvert-chez-elle-choque\/"},"author":{"name":"Guillaume Chen","@id":"https:\/\/www.svalbard.fr\/actualites\/#\/schema\/person\/b9d185560b94bff7322d37cb676ee545"},"headline":"Une ado de 18 ans intriguait les policiers : ce qu\u2019ils ont d\u00e9couvert chez elle choque","datePublished":"2025-07-03T06:30:00+00:00","dateModified":"2025-07-02T06:23:35+00:00","mainEntityOfPage":{"@id":"https:\/\/www.svalbard.fr\/actualites\/une-ado-de-18-ans-intriguait-les-policiers-ce-quils-ont-decouvert-chez-elle-choque\/"},"wordCount":699,"publisher":{"@id":"https:\/\/www.svalbard.fr\/actualites\/#organization"},"articleSection":["Tendances"],"inLanguage":"fr-FR"},{"@type":"WebPage","@id":"https:\/\/www.svalbard.fr\/actualites\/une-ado-de-18-ans-intriguait-les-policiers-ce-quils-ont-decouvert-chez-elle-choque\/","url":"https:\/\/www.svalbard.fr\/actualites\/une-ado-de-18-ans-intriguait-les-policiers-ce-quils-ont-decouvert-chez-elle-choque\/","name":"Une ado de 18 ans intriguait les policiers : ce qu\u2019ils ont d\u00e9couvert chez elle choque","isPartOf":{"@id":"https:\/\/www.svalbard.fr\/actualites\/#website"},"datePublished":"2025-07-03T06:30:00+00:00","dateModified":"2025-07-02T06:23:35+00:00","breadcrumb":{"@id":"https:\/\/www.svalbard.fr\/actualites\/une-ado-de-18-ans-intriguait-les-policiers-ce-quils-ont-decouvert-chez-elle-choque\/#breadcrumb"},"inLanguage":"fr-FR","potentialAction":[{"@type":"ReadAction","target":["https:\/\/www.svalbard.fr\/actualites\/une-ado-de-18-ans-intriguait-les-policiers-ce-quils-ont-decouvert-chez-elle-choque\/"]}]},{"@type":"BreadcrumbList","@id":"https:\/\/www.svalbard.fr\/actualites\/une-ado-de-18-ans-intriguait-les-policiers-ce-quils-ont-decouvert-chez-elle-choque\/#breadcrumb","itemListElement":[{"@type":"ListItem","position":1,"name":"Accueil","item":"https:\/\/www.svalbard.fr\/actualites\/"},{"@type":"ListItem","position":2,"name":"Une ado de 18 ans intriguait les policiers : ce qu\u2019ils ont d\u00e9couvert chez elle choque"}]},{"@type":"WebSite","@id":"https:\/\/www.svalbard.fr\/actualites\/#website","url":"https:\/\/www.svalbard.fr\/actualites\/","name":"www.Svalbard.fr","description":"","publisher":{"@id":"https:\/\/www.svalbard.fr\/actualites\/#organization"},"potentialAction":[{"@type":"SearchAction","target":{"@type":"EntryPoint","urlTemplate":"https:\/\/www.svalbard.fr\/actualites\/?s={search_term_string}"},"query-input":"required name=search_term_string"}],"inLanguage":"fr-FR"},{"@type":"Organization","@id":"https:\/\/www.svalbard.fr\/actualites\/#organization","name":"www.Svalbard.fr","url":"https:\/\/www.svalbard.fr\/actualites\/","logo":{"@type":"ImageObject","inLanguage":"fr-FR","@id":"https:\/\/www.svalbard.fr\/actualites\/#\/schema\/logo\/image\/","url":"https:\/\/www.svalbard.fr\/actualites\/wp-content\/uploads\/2023\/09\/head-nom.jpg","contentUrl":"https:\/\/www.svalbard.fr\/actualites\/wp-content\/uploads\/2023\/09\/head-nom.jpg","width":264,"height":35,"caption":"www.Svalbard.fr"},"image":{"@id":"https:\/\/www.svalbard.fr\/actualites\/#\/schema\/logo\/image\/"}},{"@type":"Person","@id":"https:\/\/www.svalbard.fr\/actualites\/#\/schema\/person\/b9d185560b94bff7322d37cb676ee545","name":"Guillaume Chen","image":{"@type":"ImageObject","inLanguage":"fr-FR","@id":"https:\/\/www.svalbard.fr\/actualites\/#\/schema\/person\/image\/","url":"https:\/\/secure.gravatar.com\/avatar\/0c3f9c94586035b795ad4049a06fb048?s=96&d=mm&r=g","contentUrl":"https:\/\/secure.gravatar.com\/avatar\/0c3f9c94586035b795ad4049a06fb048?s=96&d=mm&r=g","caption":"Guillaume Chen"},"sameAs":["https:\/\/www.svalbard.fr\/"]}]}},"_links":{"self":[{"href":"https:\/\/www.svalbard.fr\/actualites\/wp-json\/wp\/v2\/posts\/4487"}],"collection":[{"href":"https:\/\/www.svalbard.fr\/actualites\/wp-json\/wp\/v2\/posts"}],"about":[{"href":"https:\/\/www.svalbard.fr\/actualites\/wp-json\/wp\/v2\/types\/post"}],"author":[{"embeddable":true,"href":"https:\/\/www.svalbard.fr\/actualites\/wp-json\/wp\/v2\/users\/3"}],"replies":[{"embeddable":true,"href":"https:\/\/www.svalbard.fr\/actualites\/wp-json\/wp\/v2\/comments?post=4487"}],"version-history":[{"count":1,"href":"https:\/\/www.svalbard.fr\/actualites\/wp-json\/wp\/v2\/posts\/4487\/revisions"}],"predecessor-version":[{"id":4497,"href":"https:\/\/www.svalbard.fr\/actualites\/wp-json\/wp\/v2\/posts\/4487\/revisions\/4497"}],"wp:featuredmedia":[{"embeddable":true,"href":"https:\/\/www.svalbard.fr\/actualites\/wp-json\/wp\/v2\/media\/4496"}],"wp:attachment":[{"href":"https:\/\/www.svalbard.fr\/actualites\/wp-json\/wp\/v2\/media?parent=4487"}],"wp:term":[{"taxonomy":"category","embeddable":true,"href":"https:\/\/www.svalbard.fr\/actualites\/wp-json\/wp\/v2\/categories?post=4487"},{"taxonomy":"post_tag","embeddable":true,"href":"https:\/\/www.svalbard.fr\/actualites\/wp-json\/wp\/v2\/tags?post=4487"}],"curies":[{"name":"wp","href":"https:\/\/api.w.org\/{rel}","templated":true}]}}