{"id":4501,"date":"2025-07-03T15:30:00","date_gmt":"2025-07-03T13:30:00","guid":{"rendered":"https:\/\/www.svalbard.fr\/actualites\/?p=4501"},"modified":"2025-07-02T08:56:31","modified_gmt":"2025-07-02T06:56:31","slug":"cheque-energie-pourquoi-la-nouvelle-version-inquiete-tant-les-associations","status":"publish","type":"post","link":"https:\/\/www.svalbard.fr\/actualites\/cheque-energie-pourquoi-la-nouvelle-version-inquiete-tant-les-associations\/","title":{"rendered":"Ch\u00e8que \u00e9nergie : pourquoi la nouvelle version inqui\u00e8te tant les associations"},"content":{"rendered":"\n<p><em><strong>Annonc\u00e9e comme une avanc\u00e9e vers plus de justice sociale, la nouvelle mouture du ch\u00e8que \u00e9nergie peine \u00e0 convaincre. Et pour cause : associations et b\u00e9n\u00e9ficiaires pointent d\u00e9j\u00e0 de nombreuses failles dans sa mise en \u0153uvre.<\/strong><\/em><\/p>\n\n\n\n<!--more-->\n\n\n\n<h2 class=\"wp-block-heading\">Une r\u00e9forme attendue\u2026 et redout\u00e9e<\/h2>\n\n\n\n<p>Chaque ann\u00e9e, plus de <strong>5 millions de m\u00e9nages modestes<\/strong> b\u00e9n\u00e9ficient du ch\u00e8que \u00e9nergie. Une aide pr\u00e9cieuse, comprise entre <strong>48 et 277 euros<\/strong>, qui permet de r\u00e9gler les <a href=\"https:\/\/www.svalbard.fr\/actualites\/baissez-vos-factures-delectricite-grace-a-cet-accessoire-facile-a-installer-dans-votre-refrigerateur\/\"><strong>factures<\/strong><\/a> de gaz ou d\u2019\u00e9lectricit\u00e9, voire d\u2019effectuer des travaux de r\u00e9novation \u00e9nerg\u00e9tique. Mais depuis la disparition progressive de la taxe d\u2019habitation, l\u2019administration peine \u00e0 identifier correctement les b\u00e9n\u00e9ficiaires.<\/p>\n\n\n\n<p>Apr\u00e8s deux ans de tergiversations, le gouvernement a tranch\u00e9 : d\u00e9sormais, l\u2019\u00e9ligibilit\u00e9 sera d\u00e9termin\u00e9e par <strong>le croisement des fichiers fiscaux et des fournisseurs d\u2019\u00e9nergie<\/strong>. En th\u00e9orie, cette m\u00e9thode permettrait de rep\u00e9rer les foyers concern\u00e9s de fa\u00e7on plus automatis\u00e9e. En pratique, cela soul\u00e8ve d\u00e9j\u00e0 un bon nombre de critiques.<\/p>\n\n\n\n<h2 class=\"wp-block-heading\">Un acc\u00e8s plus restreint, des oubli\u00e9s en perspective<\/h2>\n\n\n\n<p>Premi\u00e8re alerte : <strong>le ch\u00e8que ne sera envoy\u00e9 qu\u2019au titulaire du contrat d\u2019\u00e9nergie<\/strong>. Cela exclut de fait les colocataires, les conjoints non mari\u00e9s ou pacs\u00e9s, et les enfants majeurs rattach\u00e9s fiscalement mais disposant de leurs propres revenus. Une m\u00e8re c\u00e9libataire vivant chez ses parents, par exemple, pourrait ainsi passer entre les mailles du filet. M\u00eame probl\u00e8me pour un couple de colocataires qui partage \u00e9quitablement les frais : seul celui dont le nom figure sur le contrat sera reconnu.<\/p>\n\n\n\n<p>Les associations comme la <strong>F\u00e9d\u00e9ration nationale des collectivit\u00e9s conc\u00e9dantes et r\u00e9gies<\/strong> ou encore le <strong>Cnafal (Conseil national des associations familiales la\u00efques)<\/strong> s\u2019inqui\u00e8tent d\u2019un syst\u00e8me qui risque d\u2019<strong>omettre des centaines de milliers de personnes<\/strong>. Certes, un \u00ab\u00a0guichet de rattrapage\u00a0\u00bb est pr\u00e9vu, mais encore faudra-t-il que les int\u00e9ress\u00e9s soient inform\u00e9s, qu\u2019ils comprennent les d\u00e9marches et aient le courage administratif de s\u2019y plonger.<\/p>\n\n\n\n<h2 class=\"wp-block-heading\">Un coup de pouce qui n\u2019\u00e9volue pas avec le co\u00fbt de la vie<\/h2>\n\n\n\n<p>Autre point de crispation : <strong>le montant du ch\u00e8que \u00e9nergie n\u2019a pas \u00e9t\u00e9 revaloris\u00e9 depuis 2019<\/strong>. Et depuis ? Les prix de l\u2019\u00e9nergie ont flamb\u00e9, avec <strong>une hausse moyenne de 40 %<\/strong>. En parall\u00e8le, <strong>les coupures pour impay\u00e9s ont doubl\u00e9<\/strong>, selon le m\u00e9diateur national de l\u2019\u00e9nergie.<\/p>\n\n\n\n<p>Dans ce contexte, maintenir une aide financi\u00e8re \u00e0 son niveau d\u2019il y a six ans, c\u2019est comme offrir un parapluie trou\u00e9 en pleine temp\u00eate. L\u2019intention est l\u00e0, mais l\u2019efficacit\u00e9 laisse \u00e0 d\u00e9sirer. Certaines familles se retrouvent \u00e0 devoir choisir entre se chauffer ou se nourrir. Et malgr\u00e9 les alertes, rien ne semble pr\u00e9vu pour ajuster ce soutien \u00e0 la r\u00e9alit\u00e9 \u00e9conomique actuelle.<\/p>\n\n\n\n<h2 class=\"wp-block-heading\">Une r\u00e9forme technique qui oublie l\u2019humain<\/h2>\n\n\n\n<p>La volont\u00e9 de moderniser le dispositif et de le rendre plus fluide est louable. Mais en misant uniquement sur des <strong>croisements de donn\u00e9es et des algorithmes<\/strong>, on prend le risque de perdre en route ceux qui n\u2019ont pas la bonne case coch\u00e9e dans le bon fichier. On oublie que derri\u00e8re chaque facture, il y a une famille, un <strong><a href=\"https:\/\/www.svalbard.fr\/actualites\/une-excellente-nouvelle-pour-les-retraites-cet-impot-disparaitra-en-2025-touchant-35-millions-de-personnes\/\">retrait\u00e9<\/a> <\/strong>isol\u00e9, une \u00e9tudiante en gal\u00e8re\u2026 Bref, des humains, avec leurs contraintes et leurs particularit\u00e9s.<\/p>\n\n\n\n<p>Alors oui, les textes officiels doivent \u00eatre publi\u00e9s avant l\u2019\u00e9t\u00e9, et les nouveaux ch\u00e8ques devraient arriver dans les bo\u00eetes aux lettres d\u00e8s <strong>novembre<\/strong>. Mais cette version 2.0 du ch\u00e8que \u00e9nergie devra faire ses preuves. Et surtout, elle devra prouver qu\u2019elle n\u2019est pas une simple rustine technocratique sur une fracture \u00e9nerg\u00e9tique bien r\u00e9elle.<\/p>\n","protected":false},"excerpt":{"rendered":"<p>Annonc\u00e9e comme une avanc\u00e9e vers plus de justice sociale, la nouvelle mouture du ch\u00e8que \u00e9nergie peine \u00e0 convaincre. Et pour cause : associations et b\u00e9n\u00e9ficiaires<\/p>\n","protected":false},"author":3,"featured_media":4502,"comment_status":"closed","ping_status":"closed","sticky":false,"template":"","format":"standard","meta":{"footnotes":""},"categories":[1725],"tags":[],"yoast_head":"<!-- This site is optimized with the Yoast SEO plugin v21.0 - https:\/\/yoast.com\/wordpress\/plugins\/seo\/ -->\n<title>Ch\u00e8que \u00e9nergie : pourquoi la nouvelle version inqui\u00e8te tant les associations<\/title>\n<meta name=\"robots\" content=\"index, follow, max-snippet:-1, max-image-preview:large, max-video-preview:-1\" \/>\n<link rel=\"canonical\" href=\"https:\/\/www.svalbard.fr\/actualites\/cheque-energie-pourquoi-la-nouvelle-version-inquiete-tant-les-associations\/\" \/>\n<meta property=\"og:locale\" content=\"fr_FR\" \/>\n<meta property=\"og:type\" content=\"article\" \/>\n<meta property=\"og:title\" content=\"Ch\u00e8que \u00e9nergie : pourquoi la nouvelle version inqui\u00e8te tant les associations\" \/>\n<meta property=\"og:description\" content=\"Annonc\u00e9e comme une avanc\u00e9e vers plus de justice sociale, la nouvelle mouture du ch\u00e8que \u00e9nergie peine \u00e0 convaincre. Et pour cause : associations et b\u00e9n\u00e9ficiaires\" \/>\n<meta property=\"og:url\" content=\"https:\/\/www.svalbard.fr\/actualites\/cheque-energie-pourquoi-la-nouvelle-version-inquiete-tant-les-associations\/\" \/>\n<meta property=\"og:site_name\" content=\"www.Svalbard.fr\" \/>\n<meta property=\"article:published_time\" content=\"2025-07-03T13:30:00+00:00\" \/>\n<meta property=\"article:modified_time\" content=\"2025-07-02T06:56:31+00:00\" \/>\n<meta property=\"og:image\" content=\"https:\/\/www.svalbard.fr\/actualites\/wp-content\/uploads\/2025\/07\/466192.jpg\" \/>\n\t<meta property=\"og:image:width\" content=\"1200\" \/>\n\t<meta property=\"og:image:height\" content=\"675\" \/>\n\t<meta property=\"og:image:type\" content=\"image\/jpeg\" \/>\n<meta name=\"author\" content=\"Guillaume Chen\" \/>\n<meta name=\"twitter:card\" content=\"summary_large_image\" \/>\n<meta name=\"twitter:label1\" content=\"\u00c9crit par\" \/>\n\t<meta name=\"twitter:data1\" content=\"Guillaume Chen\" \/>\n\t<meta name=\"twitter:label2\" content=\"Dur\u00e9e de lecture estim\u00e9e\" \/>\n\t<meta name=\"twitter:data2\" content=\"3 minutes\" \/>\n<script type=\"application\/ld+json\" class=\"yoast-schema-graph\">{\"@context\":\"https:\/\/schema.org\",\"@graph\":[{\"@type\":\"Article\",\"@id\":\"https:\/\/www.svalbard.fr\/actualites\/cheque-energie-pourquoi-la-nouvelle-version-inquiete-tant-les-associations\/#article\",\"isPartOf\":{\"@id\":\"https:\/\/www.svalbard.fr\/actualites\/cheque-energie-pourquoi-la-nouvelle-version-inquiete-tant-les-associations\/\"},\"author\":{\"name\":\"Guillaume Chen\",\"@id\":\"https:\/\/www.svalbard.fr\/actualites\/#\/schema\/person\/b9d185560b94bff7322d37cb676ee545\"},\"headline\":\"Ch\u00e8que \u00e9nergie : pourquoi la nouvelle version inqui\u00e8te tant les associations\",\"datePublished\":\"2025-07-03T13:30:00+00:00\",\"dateModified\":\"2025-07-02T06:56:31+00:00\",\"mainEntityOfPage\":{\"@id\":\"https:\/\/www.svalbard.fr\/actualites\/cheque-energie-pourquoi-la-nouvelle-version-inquiete-tant-les-associations\/\"},\"wordCount\":638,\"publisher\":{\"@id\":\"https:\/\/www.svalbard.fr\/actualites\/#organization\"},\"articleSection\":[\"Tendances\"],\"inLanguage\":\"fr-FR\"},{\"@type\":\"WebPage\",\"@id\":\"https:\/\/www.svalbard.fr\/actualites\/cheque-energie-pourquoi-la-nouvelle-version-inquiete-tant-les-associations\/\",\"url\":\"https:\/\/www.svalbard.fr\/actualites\/cheque-energie-pourquoi-la-nouvelle-version-inquiete-tant-les-associations\/\",\"name\":\"Ch\u00e8que \u00e9nergie : pourquoi la nouvelle version inqui\u00e8te tant les associations\",\"isPartOf\":{\"@id\":\"https:\/\/www.svalbard.fr\/actualites\/#website\"},\"datePublished\":\"2025-07-03T13:30:00+00:00\",\"dateModified\":\"2025-07-02T06:56:31+00:00\",\"breadcrumb\":{\"@id\":\"https:\/\/www.svalbard.fr\/actualites\/cheque-energie-pourquoi-la-nouvelle-version-inquiete-tant-les-associations\/#breadcrumb\"},\"inLanguage\":\"fr-FR\",\"potentialAction\":[{\"@type\":\"ReadAction\",\"target\":[\"https:\/\/www.svalbard.fr\/actualites\/cheque-energie-pourquoi-la-nouvelle-version-inquiete-tant-les-associations\/\"]}]},{\"@type\":\"BreadcrumbList\",\"@id\":\"https:\/\/www.svalbard.fr\/actualites\/cheque-energie-pourquoi-la-nouvelle-version-inquiete-tant-les-associations\/#breadcrumb\",\"itemListElement\":[{\"@type\":\"ListItem\",\"position\":1,\"name\":\"Accueil\",\"item\":\"https:\/\/www.svalbard.fr\/actualites\/\"},{\"@type\":\"ListItem\",\"position\":2,\"name\":\"Ch\u00e8que \u00e9nergie : pourquoi la nouvelle version inqui\u00e8te tant les associations\"}]},{\"@type\":\"WebSite\",\"@id\":\"https:\/\/www.svalbard.fr\/actualites\/#website\",\"url\":\"https:\/\/www.svalbard.fr\/actualites\/\",\"name\":\"www.Svalbard.fr\",\"description\":\"\",\"publisher\":{\"@id\":\"https:\/\/www.svalbard.fr\/actualites\/#organization\"},\"potentialAction\":[{\"@type\":\"SearchAction\",\"target\":{\"@type\":\"EntryPoint\",\"urlTemplate\":\"https:\/\/www.svalbard.fr\/actualites\/?s={search_term_string}\"},\"query-input\":\"required name=search_term_string\"}],\"inLanguage\":\"fr-FR\"},{\"@type\":\"Organization\",\"@id\":\"https:\/\/www.svalbard.fr\/actualites\/#organization\",\"name\":\"www.Svalbard.fr\",\"url\":\"https:\/\/www.svalbard.fr\/actualites\/\",\"logo\":{\"@type\":\"ImageObject\",\"inLanguage\":\"fr-FR\",\"@id\":\"https:\/\/www.svalbard.fr\/actualites\/#\/schema\/logo\/image\/\",\"url\":\"https:\/\/www.svalbard.fr\/actualites\/wp-content\/uploads\/2023\/09\/head-nom.jpg\",\"contentUrl\":\"https:\/\/www.svalbard.fr\/actualites\/wp-content\/uploads\/2023\/09\/head-nom.jpg\",\"width\":264,\"height\":35,\"caption\":\"www.Svalbard.fr\"},\"image\":{\"@id\":\"https:\/\/www.svalbard.fr\/actualites\/#\/schema\/logo\/image\/\"}},{\"@type\":\"Person\",\"@id\":\"https:\/\/www.svalbard.fr\/actualites\/#\/schema\/person\/b9d185560b94bff7322d37cb676ee545\",\"name\":\"Guillaume Chen\",\"image\":{\"@type\":\"ImageObject\",\"inLanguage\":\"fr-FR\",\"@id\":\"https:\/\/www.svalbard.fr\/actualites\/#\/schema\/person\/image\/\",\"url\":\"https:\/\/secure.gravatar.com\/avatar\/0c3f9c94586035b795ad4049a06fb048?s=96&d=mm&r=g\",\"contentUrl\":\"https:\/\/secure.gravatar.com\/avatar\/0c3f9c94586035b795ad4049a06fb048?s=96&d=mm&r=g\",\"caption\":\"Guillaume Chen\"},\"sameAs\":[\"https:\/\/www.svalbard.fr\/\"]}]}<\/script>\n<!-- \/ Yoast SEO plugin. -->","yoast_head_json":{"title":"Ch\u00e8que \u00e9nergie : pourquoi la nouvelle version inqui\u00e8te tant les associations","robots":{"index":"index","follow":"follow","max-snippet":"max-snippet:-1","max-image-preview":"max-image-preview:large","max-video-preview":"max-video-preview:-1"},"canonical":"https:\/\/www.svalbard.fr\/actualites\/cheque-energie-pourquoi-la-nouvelle-version-inquiete-tant-les-associations\/","og_locale":"fr_FR","og_type":"article","og_title":"Ch\u00e8que \u00e9nergie : pourquoi la nouvelle version inqui\u00e8te tant les associations","og_description":"Annonc\u00e9e comme une avanc\u00e9e vers plus de justice sociale, la nouvelle mouture du ch\u00e8que \u00e9nergie peine \u00e0 convaincre. Et pour cause : associations et b\u00e9n\u00e9ficiaires","og_url":"https:\/\/www.svalbard.fr\/actualites\/cheque-energie-pourquoi-la-nouvelle-version-inquiete-tant-les-associations\/","og_site_name":"www.Svalbard.fr","article_published_time":"2025-07-03T13:30:00+00:00","article_modified_time":"2025-07-02T06:56:31+00:00","og_image":[{"width":1200,"height":675,"url":"https:\/\/www.svalbard.fr\/actualites\/wp-content\/uploads\/2025\/07\/466192.jpg","type":"image\/jpeg"}],"author":"Guillaume Chen","twitter_card":"summary_large_image","twitter_misc":{"\u00c9crit par":"Guillaume Chen","Dur\u00e9e de lecture estim\u00e9e":"3 minutes"},"schema":{"@context":"https:\/\/schema.org","@graph":[{"@type":"Article","@id":"https:\/\/www.svalbard.fr\/actualites\/cheque-energie-pourquoi-la-nouvelle-version-inquiete-tant-les-associations\/#article","isPartOf":{"@id":"https:\/\/www.svalbard.fr\/actualites\/cheque-energie-pourquoi-la-nouvelle-version-inquiete-tant-les-associations\/"},"author":{"name":"Guillaume Chen","@id":"https:\/\/www.svalbard.fr\/actualites\/#\/schema\/person\/b9d185560b94bff7322d37cb676ee545"},"headline":"Ch\u00e8que \u00e9nergie : pourquoi la nouvelle version inqui\u00e8te tant les associations","datePublished":"2025-07-03T13:30:00+00:00","dateModified":"2025-07-02T06:56:31+00:00","mainEntityOfPage":{"@id":"https:\/\/www.svalbard.fr\/actualites\/cheque-energie-pourquoi-la-nouvelle-version-inquiete-tant-les-associations\/"},"wordCount":638,"publisher":{"@id":"https:\/\/www.svalbard.fr\/actualites\/#organization"},"articleSection":["Tendances"],"inLanguage":"fr-FR"},{"@type":"WebPage","@id":"https:\/\/www.svalbard.fr\/actualites\/cheque-energie-pourquoi-la-nouvelle-version-inquiete-tant-les-associations\/","url":"https:\/\/www.svalbard.fr\/actualites\/cheque-energie-pourquoi-la-nouvelle-version-inquiete-tant-les-associations\/","name":"Ch\u00e8que \u00e9nergie : pourquoi la nouvelle version inqui\u00e8te tant les associations","isPartOf":{"@id":"https:\/\/www.svalbard.fr\/actualites\/#website"},"datePublished":"2025-07-03T13:30:00+00:00","dateModified":"2025-07-02T06:56:31+00:00","breadcrumb":{"@id":"https:\/\/www.svalbard.fr\/actualites\/cheque-energie-pourquoi-la-nouvelle-version-inquiete-tant-les-associations\/#breadcrumb"},"inLanguage":"fr-FR","potentialAction":[{"@type":"ReadAction","target":["https:\/\/www.svalbard.fr\/actualites\/cheque-energie-pourquoi-la-nouvelle-version-inquiete-tant-les-associations\/"]}]},{"@type":"BreadcrumbList","@id":"https:\/\/www.svalbard.fr\/actualites\/cheque-energie-pourquoi-la-nouvelle-version-inquiete-tant-les-associations\/#breadcrumb","itemListElement":[{"@type":"ListItem","position":1,"name":"Accueil","item":"https:\/\/www.svalbard.fr\/actualites\/"},{"@type":"ListItem","position":2,"name":"Ch\u00e8que \u00e9nergie : pourquoi la nouvelle version inqui\u00e8te tant les associations"}]},{"@type":"WebSite","@id":"https:\/\/www.svalbard.fr\/actualites\/#website","url":"https:\/\/www.svalbard.fr\/actualites\/","name":"www.Svalbard.fr","description":"","publisher":{"@id":"https:\/\/www.svalbard.fr\/actualites\/#organization"},"potentialAction":[{"@type":"SearchAction","target":{"@type":"EntryPoint","urlTemplate":"https:\/\/www.svalbard.fr\/actualites\/?s={search_term_string}"},"query-input":"required name=search_term_string"}],"inLanguage":"fr-FR"},{"@type":"Organization","@id":"https:\/\/www.svalbard.fr\/actualites\/#organization","name":"www.Svalbard.fr","url":"https:\/\/www.svalbard.fr\/actualites\/","logo":{"@type":"ImageObject","inLanguage":"fr-FR","@id":"https:\/\/www.svalbard.fr\/actualites\/#\/schema\/logo\/image\/","url":"https:\/\/www.svalbard.fr\/actualites\/wp-content\/uploads\/2023\/09\/head-nom.jpg","contentUrl":"https:\/\/www.svalbard.fr\/actualites\/wp-content\/uploads\/2023\/09\/head-nom.jpg","width":264,"height":35,"caption":"www.Svalbard.fr"},"image":{"@id":"https:\/\/www.svalbard.fr\/actualites\/#\/schema\/logo\/image\/"}},{"@type":"Person","@id":"https:\/\/www.svalbard.fr\/actualites\/#\/schema\/person\/b9d185560b94bff7322d37cb676ee545","name":"Guillaume Chen","image":{"@type":"ImageObject","inLanguage":"fr-FR","@id":"https:\/\/www.svalbard.fr\/actualites\/#\/schema\/person\/image\/","url":"https:\/\/secure.gravatar.com\/avatar\/0c3f9c94586035b795ad4049a06fb048?s=96&d=mm&r=g","contentUrl":"https:\/\/secure.gravatar.com\/avatar\/0c3f9c94586035b795ad4049a06fb048?s=96&d=mm&r=g","caption":"Guillaume Chen"},"sameAs":["https:\/\/www.svalbard.fr\/"]}]}},"_links":{"self":[{"href":"https:\/\/www.svalbard.fr\/actualites\/wp-json\/wp\/v2\/posts\/4501"}],"collection":[{"href":"https:\/\/www.svalbard.fr\/actualites\/wp-json\/wp\/v2\/posts"}],"about":[{"href":"https:\/\/www.svalbard.fr\/actualites\/wp-json\/wp\/v2\/types\/post"}],"author":[{"embeddable":true,"href":"https:\/\/www.svalbard.fr\/actualites\/wp-json\/wp\/v2\/users\/3"}],"replies":[{"embeddable":true,"href":"https:\/\/www.svalbard.fr\/actualites\/wp-json\/wp\/v2\/comments?post=4501"}],"version-history":[{"count":1,"href":"https:\/\/www.svalbard.fr\/actualites\/wp-json\/wp\/v2\/posts\/4501\/revisions"}],"predecessor-version":[{"id":4503,"href":"https:\/\/www.svalbard.fr\/actualites\/wp-json\/wp\/v2\/posts\/4501\/revisions\/4503"}],"wp:featuredmedia":[{"embeddable":true,"href":"https:\/\/www.svalbard.fr\/actualites\/wp-json\/wp\/v2\/media\/4502"}],"wp:attachment":[{"href":"https:\/\/www.svalbard.fr\/actualites\/wp-json\/wp\/v2\/media?parent=4501"}],"wp:term":[{"taxonomy":"category","embeddable":true,"href":"https:\/\/www.svalbard.fr\/actualites\/wp-json\/wp\/v2\/categories?post=4501"},{"taxonomy":"post_tag","embeddable":true,"href":"https:\/\/www.svalbard.fr\/actualites\/wp-json\/wp\/v2\/tags?post=4501"}],"curies":[{"name":"wp","href":"https:\/\/api.w.org\/{rel}","templated":true}]}}