{"id":4504,"date":"2025-07-04T07:50:00","date_gmt":"2025-07-04T05:50:00","guid":{"rendered":"https:\/\/www.svalbard.fr\/actualites\/?p=4504"},"modified":"2025-07-02T11:02:35","modified_gmt":"2025-07-02T09:02:35","slug":"sykepleierlonn-er-mediene-i-ferd-med-a-lure-oss-alle","status":"publish","type":"post","link":"https:\/\/www.svalbard.fr\/actualites\/no\/sykepleierlonn-er-mediene-i-ferd-med-a-lure-oss-alle\/","title":{"rendered":"Sykepleierl\u00f8nn : Er mediene i ferd med \u00e5 lure oss alle ?"},"content":{"rendered":"\n<p><em><strong>Hver gang sykepleierindeksen publiseres, kommer medieoppslagene som perler p\u00e5 en snor. Men hvor n\u00f8yaktig er egentlig dette bildet av en yrkesgruppe i \u00f8konomisk knest\u00e5ende? Kanskje er det p\u00e5 tide \u00e5 stille seg noen kritiske sp\u00f8rsm\u00e5l.<\/strong><\/em><\/p>\n\n\n\n<!--more-->\n\n\n\n<h2 class=\"wp-block-heading\">En \u00e5rlig fortelling med et kjent refreng<\/h2>\n\n\n\n<p>Hver v\u00e5r presenterer <strong>Eiendom Norge<\/strong> den s\u00e5kalte <strong>sykepleierindeksen<\/strong> \u2013 en oversikt som viser hvor i landet en gjennomsnittlig sykepleier har r\u00e5d til \u00e5 kj\u00f8pe <a href=\"https:\/\/www.svalbard.fr\/actualites\/no\/han-ville-hevne-seg-pa-leieboeren-forvandlet-boligen-pa-sjokkerende-vis\/\"><strong>bolig<\/strong><\/a>. Og hver gang skjer det samme: Norske medier publiserer overskrifter som antyder at sykepleiere n\u00e6rmest st\u00e5r p\u00e5 bar bakke i boligmarkedet.<\/p>\n\n\n\n<p>Enkelte medier g\u00e5r enda lenger. I et ferskt eksempel fra Aftenposten hevdes det at \u00e9n gruppe faktisk har det <em>enda<\/em> verre enn sykepleierne, som forsterker inntrykket av at sykepleiere allerede befinner seg i en \u00f8konomisk skvis. Men her har man kanskje misforst\u00e5tt selve poenget med indeksen.<\/p>\n\n\n\n<h2 class=\"wp-block-heading\">En referanseinntekt \u2013 ikke et varsku<\/h2>\n\n\n\n<p>Grunnen til at <strong>sykepleieryrket<\/strong> brukes i denne typen indekser, er at det gir et bilde av en <strong>typisk norsk inntekt<\/strong> \u2013 ikke fordi det er lavt betalt. Faktisk ligger <strong>sykepleierl\u00f8nn<\/strong> over b\u00e5de gjennomsnittlig og median inntekt i landet.<\/p>\n\n\n\n<p>If\u00f8lge <strong>Statistisk sentralbyr\u00e5<\/strong> var <strong>median \u00e5rsl\u00f8nn<\/strong> i Norge i 2023 p\u00e5 rundt <strong>608.000 kroner<\/strong>, mens sykepleiere hadde en medianl\u00f8nn p\u00e5 <strong>639.240 kroner<\/strong>. Det er alts\u00e5 ingen grunn til \u00e5 hevde at sykepleiere tjener d\u00e5rlig \u2013 tvert imot.<\/p>\n\n\n\n<p>Dette bekreftes ogs\u00e5 av samtaler jeg har hatt med venner i yrket. En bekjent som <a href=\"https:\/\/www.svalbard.fr\/actualites\/no\/11-godt-betalte-jobber-a-utforske-uten-nodvendige-kvalifikasjoner\/\"><strong>jobber<\/strong><\/a> p\u00e5 akuttmottak i Bergen, fortalte at hun kunne f\u00e5 boligl\u00e5n uten store problemer \u2013 hun m\u00e5tte riktignok velge leilighet fremfor enebolig, men opplevde ikke at l\u00f8nnen var en barriere i seg selv.<\/p>\n\n\n\n<h2 class=\"wp-block-heading\">En nyttig indeks \u2013 men tolket feil<\/h2>\n\n\n\n<p>Det betyr ikke at <strong>sykepleierindeksen<\/strong> er ubrukelig. Den viser hvor presset boligmarkedet er, og hvor mye (eller lite) man f\u00e5r for en stabil, trygg inntekt. I pressomr\u00e5der som Oslo og Stavanger m\u00e5 man ofte se langt etter romslige leiligheter uten medl\u00e5ntaker \u2013 men dette gjelder for store deler av befolkningen, ikke bare sykepleiere.<\/p>\n\n\n\n<p>Problemet oppst\u00e5r n\u00e5r mediene bruker indeksen som et slags bevis p\u00e5 at sykepleiere st\u00e5r utenfor boligmarkedet. Det stemmer rett og slett ikke. Flere fag\u00f8konomer har p\u00e5pekt at denne typen dekning kan gi et skjevt bilde av b\u00e5de l\u00f8nnsniv\u00e5et og virkeligheten for mange arbeidstakere.<\/p>\n\n\n\n<h2 class=\"wp-block-heading\">Mediene b\u00f8r v\u00e6re mer presise<\/h2>\n\n\n\n<p>Mediene har et ansvar for \u00e5 <strong>formidle nyanser<\/strong>, s\u00e6rlig i saker som handler om \u00f8konomi og levek\u00e5r. Ved \u00e5 fokusere ensidig p\u00e5 utfordringer, risikerer man \u00e5 forsterke f\u00f8lelsen av h\u00e5pl\u00f8shet \u2013 ogs\u00e5 blant grupper som i utgangspunktet har <strong>gode og trygge jobber<\/strong>.<\/p>\n\n\n\n<p>Det betyr ikke at man skal unng\u00e5 \u00e5 belyse problemer i boligmarkedet. Men det b\u00f8r gj\u00f8res med en st\u00f8rre forst\u00e5else for <strong>hva tallene faktisk viser<\/strong>. Og i tilfellet med sykepleierindeksen : Det handler ikke om at sykepleiere har det verst \u2013 men om hvordan boligprisene har l\u00f8pt fra helt vanlige l\u00f8nninger.<\/p>\n","protected":false},"excerpt":{"rendered":"<p>Hver gang sykepleierindeksen publiseres, kommer medieoppslagene som perler p\u00e5 en snor. Men hvor n\u00f8yaktig er egentlig dette bildet av en yrkesgruppe i \u00f8konomisk knest\u00e5ende? Kanskje<\/p>\n","protected":false},"author":3,"featured_media":4505,"comment_status":"closed","ping_status":"closed","sticky":false,"template":"","format":"standard","meta":{"footnotes":""},"categories":[4557],"tags":[],"yoast_head":"<!-- This site is optimized with the Yoast SEO plugin v21.0 - https:\/\/yoast.com\/wordpress\/plugins\/seo\/ -->\n<title>Sykepleierl\u00f8nn : Er mediene i ferd med \u00e5 lure oss alle ?<\/title>\n<meta name=\"robots\" content=\"index, follow, max-snippet:-1, max-image-preview:large, max-video-preview:-1\" \/>\n<link rel=\"canonical\" href=\"https:\/\/www.svalbard.fr\/actualites\/no\/sykepleierlonn-er-mediene-i-ferd-med-a-lure-oss-alle\/\" \/>\n<meta property=\"og:locale\" content=\"fr_FR\" \/>\n<meta property=\"og:type\" content=\"article\" \/>\n<meta property=\"og:title\" content=\"Sykepleierl\u00f8nn : Er mediene i ferd med \u00e5 lure oss alle ?\" \/>\n<meta property=\"og:description\" content=\"Hver gang sykepleierindeksen publiseres, kommer medieoppslagene som perler p\u00e5 en snor. Men hvor n\u00f8yaktig er egentlig dette bildet av en yrkesgruppe i \u00f8konomisk knest\u00e5ende? Kanskje\" \/>\n<meta property=\"og:url\" content=\"https:\/\/www.svalbard.fr\/actualites\/no\/sykepleierlonn-er-mediene-i-ferd-med-a-lure-oss-alle\/\" \/>\n<meta property=\"og:site_name\" content=\"www.Svalbard.fr\" \/>\n<meta property=\"article:published_time\" content=\"2025-07-04T05:50:00+00:00\" \/>\n<meta property=\"article:modified_time\" content=\"2025-07-02T09:02:35+00:00\" \/>\n<meta property=\"og:image\" content=\"https:\/\/www.svalbard.fr\/actualites\/wp-content\/uploads\/2025\/07\/15c1831c-9cbd-4874-af81-c0c7d9740860.jpg\" \/>\n\t<meta property=\"og:image:width\" content=\"1199\" \/>\n\t<meta property=\"og:image:height\" content=\"798\" \/>\n\t<meta property=\"og:image:type\" content=\"image\/jpeg\" \/>\n<meta name=\"author\" content=\"Guillaume Chen\" \/>\n<meta name=\"twitter:card\" content=\"summary_large_image\" \/>\n<meta name=\"twitter:label1\" content=\"\u00c9crit par\" \/>\n\t<meta name=\"twitter:data1\" content=\"Guillaume Chen\" \/>\n\t<meta name=\"twitter:label2\" content=\"Dur\u00e9e de lecture estim\u00e9e\" \/>\n\t<meta name=\"twitter:data2\" content=\"3 minutes\" \/>\n<script type=\"application\/ld+json\" class=\"yoast-schema-graph\">{\"@context\":\"https:\/\/schema.org\",\"@graph\":[{\"@type\":\"Article\",\"@id\":\"https:\/\/www.svalbard.fr\/actualites\/no\/sykepleierlonn-er-mediene-i-ferd-med-a-lure-oss-alle\/#article\",\"isPartOf\":{\"@id\":\"https:\/\/www.svalbard.fr\/actualites\/no\/sykepleierlonn-er-mediene-i-ferd-med-a-lure-oss-alle\/\"},\"author\":{\"name\":\"Guillaume Chen\",\"@id\":\"https:\/\/www.svalbard.fr\/actualites\/#\/schema\/person\/b9d185560b94bff7322d37cb676ee545\"},\"headline\":\"Sykepleierl\u00f8nn : Er mediene i ferd med \u00e5 lure oss alle ?\",\"datePublished\":\"2025-07-04T05:50:00+00:00\",\"dateModified\":\"2025-07-02T09:02:35+00:00\",\"mainEntityOfPage\":{\"@id\":\"https:\/\/www.svalbard.fr\/actualites\/no\/sykepleierlonn-er-mediene-i-ferd-med-a-lure-oss-alle\/\"},\"wordCount\":499,\"publisher\":{\"@id\":\"https:\/\/www.svalbard.fr\/actualites\/#organization\"},\"articleSection\":[\"Trender\"],\"inLanguage\":\"fr-FR\"},{\"@type\":\"WebPage\",\"@id\":\"https:\/\/www.svalbard.fr\/actualites\/no\/sykepleierlonn-er-mediene-i-ferd-med-a-lure-oss-alle\/\",\"url\":\"https:\/\/www.svalbard.fr\/actualites\/no\/sykepleierlonn-er-mediene-i-ferd-med-a-lure-oss-alle\/\",\"name\":\"Sykepleierl\u00f8nn : Er mediene i ferd med \u00e5 lure oss alle ?\",\"isPartOf\":{\"@id\":\"https:\/\/www.svalbard.fr\/actualites\/#website\"},\"datePublished\":\"2025-07-04T05:50:00+00:00\",\"dateModified\":\"2025-07-02T09:02:35+00:00\",\"breadcrumb\":{\"@id\":\"https:\/\/www.svalbard.fr\/actualites\/no\/sykepleierlonn-er-mediene-i-ferd-med-a-lure-oss-alle\/#breadcrumb\"},\"inLanguage\":\"fr-FR\",\"potentialAction\":[{\"@type\":\"ReadAction\",\"target\":[\"https:\/\/www.svalbard.fr\/actualites\/no\/sykepleierlonn-er-mediene-i-ferd-med-a-lure-oss-alle\/\"]}]},{\"@type\":\"BreadcrumbList\",\"@id\":\"https:\/\/www.svalbard.fr\/actualites\/no\/sykepleierlonn-er-mediene-i-ferd-med-a-lure-oss-alle\/#breadcrumb\",\"itemListElement\":[{\"@type\":\"ListItem\",\"position\":1,\"name\":\"Accueil\",\"item\":\"https:\/\/www.svalbard.fr\/actualites\/\"},{\"@type\":\"ListItem\",\"position\":2,\"name\":\"Sykepleierl\u00f8nn : Er mediene i ferd med \u00e5 lure oss alle ?\"}]},{\"@type\":\"WebSite\",\"@id\":\"https:\/\/www.svalbard.fr\/actualites\/#website\",\"url\":\"https:\/\/www.svalbard.fr\/actualites\/\",\"name\":\"www.Svalbard.fr\",\"description\":\"\",\"publisher\":{\"@id\":\"https:\/\/www.svalbard.fr\/actualites\/#organization\"},\"potentialAction\":[{\"@type\":\"SearchAction\",\"target\":{\"@type\":\"EntryPoint\",\"urlTemplate\":\"https:\/\/www.svalbard.fr\/actualites\/?s={search_term_string}\"},\"query-input\":\"required name=search_term_string\"}],\"inLanguage\":\"fr-FR\"},{\"@type\":\"Organization\",\"@id\":\"https:\/\/www.svalbard.fr\/actualites\/#organization\",\"name\":\"www.Svalbard.fr\",\"url\":\"https:\/\/www.svalbard.fr\/actualites\/\",\"logo\":{\"@type\":\"ImageObject\",\"inLanguage\":\"fr-FR\",\"@id\":\"https:\/\/www.svalbard.fr\/actualites\/#\/schema\/logo\/image\/\",\"url\":\"https:\/\/www.svalbard.fr\/actualites\/wp-content\/uploads\/2023\/09\/head-nom.jpg\",\"contentUrl\":\"https:\/\/www.svalbard.fr\/actualites\/wp-content\/uploads\/2023\/09\/head-nom.jpg\",\"width\":264,\"height\":35,\"caption\":\"www.Svalbard.fr\"},\"image\":{\"@id\":\"https:\/\/www.svalbard.fr\/actualites\/#\/schema\/logo\/image\/\"}},{\"@type\":\"Person\",\"@id\":\"https:\/\/www.svalbard.fr\/actualites\/#\/schema\/person\/b9d185560b94bff7322d37cb676ee545\",\"name\":\"Guillaume Chen\",\"image\":{\"@type\":\"ImageObject\",\"inLanguage\":\"fr-FR\",\"@id\":\"https:\/\/www.svalbard.fr\/actualites\/#\/schema\/person\/image\/\",\"url\":\"https:\/\/secure.gravatar.com\/avatar\/0c3f9c94586035b795ad4049a06fb048?s=96&d=mm&r=g\",\"contentUrl\":\"https:\/\/secure.gravatar.com\/avatar\/0c3f9c94586035b795ad4049a06fb048?s=96&d=mm&r=g\",\"caption\":\"Guillaume Chen\"},\"sameAs\":[\"https:\/\/www.svalbard.fr\/\"]}]}<\/script>\n<!-- \/ Yoast SEO plugin. -->","yoast_head_json":{"title":"Sykepleierl\u00f8nn : Er mediene i ferd med \u00e5 lure oss alle ?","robots":{"index":"index","follow":"follow","max-snippet":"max-snippet:-1","max-image-preview":"max-image-preview:large","max-video-preview":"max-video-preview:-1"},"canonical":"https:\/\/www.svalbard.fr\/actualites\/no\/sykepleierlonn-er-mediene-i-ferd-med-a-lure-oss-alle\/","og_locale":"fr_FR","og_type":"article","og_title":"Sykepleierl\u00f8nn : Er mediene i ferd med \u00e5 lure oss alle ?","og_description":"Hver gang sykepleierindeksen publiseres, kommer medieoppslagene som perler p\u00e5 en snor. Men hvor n\u00f8yaktig er egentlig dette bildet av en yrkesgruppe i \u00f8konomisk knest\u00e5ende? Kanskje","og_url":"https:\/\/www.svalbard.fr\/actualites\/no\/sykepleierlonn-er-mediene-i-ferd-med-a-lure-oss-alle\/","og_site_name":"www.Svalbard.fr","article_published_time":"2025-07-04T05:50:00+00:00","article_modified_time":"2025-07-02T09:02:35+00:00","og_image":[{"width":1199,"height":798,"url":"https:\/\/www.svalbard.fr\/actualites\/wp-content\/uploads\/2025\/07\/15c1831c-9cbd-4874-af81-c0c7d9740860.jpg","type":"image\/jpeg"}],"author":"Guillaume Chen","twitter_card":"summary_large_image","twitter_misc":{"\u00c9crit par":"Guillaume Chen","Dur\u00e9e de lecture estim\u00e9e":"3 minutes"},"schema":{"@context":"https:\/\/schema.org","@graph":[{"@type":"Article","@id":"https:\/\/www.svalbard.fr\/actualites\/no\/sykepleierlonn-er-mediene-i-ferd-med-a-lure-oss-alle\/#article","isPartOf":{"@id":"https:\/\/www.svalbard.fr\/actualites\/no\/sykepleierlonn-er-mediene-i-ferd-med-a-lure-oss-alle\/"},"author":{"name":"Guillaume Chen","@id":"https:\/\/www.svalbard.fr\/actualites\/#\/schema\/person\/b9d185560b94bff7322d37cb676ee545"},"headline":"Sykepleierl\u00f8nn : Er mediene i ferd med \u00e5 lure oss alle ?","datePublished":"2025-07-04T05:50:00+00:00","dateModified":"2025-07-02T09:02:35+00:00","mainEntityOfPage":{"@id":"https:\/\/www.svalbard.fr\/actualites\/no\/sykepleierlonn-er-mediene-i-ferd-med-a-lure-oss-alle\/"},"wordCount":499,"publisher":{"@id":"https:\/\/www.svalbard.fr\/actualites\/#organization"},"articleSection":["Trender"],"inLanguage":"fr-FR"},{"@type":"WebPage","@id":"https:\/\/www.svalbard.fr\/actualites\/no\/sykepleierlonn-er-mediene-i-ferd-med-a-lure-oss-alle\/","url":"https:\/\/www.svalbard.fr\/actualites\/no\/sykepleierlonn-er-mediene-i-ferd-med-a-lure-oss-alle\/","name":"Sykepleierl\u00f8nn : Er mediene i ferd med \u00e5 lure oss alle ?","isPartOf":{"@id":"https:\/\/www.svalbard.fr\/actualites\/#website"},"datePublished":"2025-07-04T05:50:00+00:00","dateModified":"2025-07-02T09:02:35+00:00","breadcrumb":{"@id":"https:\/\/www.svalbard.fr\/actualites\/no\/sykepleierlonn-er-mediene-i-ferd-med-a-lure-oss-alle\/#breadcrumb"},"inLanguage":"fr-FR","potentialAction":[{"@type":"ReadAction","target":["https:\/\/www.svalbard.fr\/actualites\/no\/sykepleierlonn-er-mediene-i-ferd-med-a-lure-oss-alle\/"]}]},{"@type":"BreadcrumbList","@id":"https:\/\/www.svalbard.fr\/actualites\/no\/sykepleierlonn-er-mediene-i-ferd-med-a-lure-oss-alle\/#breadcrumb","itemListElement":[{"@type":"ListItem","position":1,"name":"Accueil","item":"https:\/\/www.svalbard.fr\/actualites\/"},{"@type":"ListItem","position":2,"name":"Sykepleierl\u00f8nn : Er mediene i ferd med \u00e5 lure oss alle ?"}]},{"@type":"WebSite","@id":"https:\/\/www.svalbard.fr\/actualites\/#website","url":"https:\/\/www.svalbard.fr\/actualites\/","name":"www.Svalbard.fr","description":"","publisher":{"@id":"https:\/\/www.svalbard.fr\/actualites\/#organization"},"potentialAction":[{"@type":"SearchAction","target":{"@type":"EntryPoint","urlTemplate":"https:\/\/www.svalbard.fr\/actualites\/?s={search_term_string}"},"query-input":"required name=search_term_string"}],"inLanguage":"fr-FR"},{"@type":"Organization","@id":"https:\/\/www.svalbard.fr\/actualites\/#organization","name":"www.Svalbard.fr","url":"https:\/\/www.svalbard.fr\/actualites\/","logo":{"@type":"ImageObject","inLanguage":"fr-FR","@id":"https:\/\/www.svalbard.fr\/actualites\/#\/schema\/logo\/image\/","url":"https:\/\/www.svalbard.fr\/actualites\/wp-content\/uploads\/2023\/09\/head-nom.jpg","contentUrl":"https:\/\/www.svalbard.fr\/actualites\/wp-content\/uploads\/2023\/09\/head-nom.jpg","width":264,"height":35,"caption":"www.Svalbard.fr"},"image":{"@id":"https:\/\/www.svalbard.fr\/actualites\/#\/schema\/logo\/image\/"}},{"@type":"Person","@id":"https:\/\/www.svalbard.fr\/actualites\/#\/schema\/person\/b9d185560b94bff7322d37cb676ee545","name":"Guillaume Chen","image":{"@type":"ImageObject","inLanguage":"fr-FR","@id":"https:\/\/www.svalbard.fr\/actualites\/#\/schema\/person\/image\/","url":"https:\/\/secure.gravatar.com\/avatar\/0c3f9c94586035b795ad4049a06fb048?s=96&d=mm&r=g","contentUrl":"https:\/\/secure.gravatar.com\/avatar\/0c3f9c94586035b795ad4049a06fb048?s=96&d=mm&r=g","caption":"Guillaume Chen"},"sameAs":["https:\/\/www.svalbard.fr\/"]}]}},"_links":{"self":[{"href":"https:\/\/www.svalbard.fr\/actualites\/wp-json\/wp\/v2\/posts\/4504"}],"collection":[{"href":"https:\/\/www.svalbard.fr\/actualites\/wp-json\/wp\/v2\/posts"}],"about":[{"href":"https:\/\/www.svalbard.fr\/actualites\/wp-json\/wp\/v2\/types\/post"}],"author":[{"embeddable":true,"href":"https:\/\/www.svalbard.fr\/actualites\/wp-json\/wp\/v2\/users\/3"}],"replies":[{"embeddable":true,"href":"https:\/\/www.svalbard.fr\/actualites\/wp-json\/wp\/v2\/comments?post=4504"}],"version-history":[{"count":1,"href":"https:\/\/www.svalbard.fr\/actualites\/wp-json\/wp\/v2\/posts\/4504\/revisions"}],"predecessor-version":[{"id":4506,"href":"https:\/\/www.svalbard.fr\/actualites\/wp-json\/wp\/v2\/posts\/4504\/revisions\/4506"}],"wp:featuredmedia":[{"embeddable":true,"href":"https:\/\/www.svalbard.fr\/actualites\/wp-json\/wp\/v2\/media\/4505"}],"wp:attachment":[{"href":"https:\/\/www.svalbard.fr\/actualites\/wp-json\/wp\/v2\/media?parent=4504"}],"wp:term":[{"taxonomy":"category","embeddable":true,"href":"https:\/\/www.svalbard.fr\/actualites\/wp-json\/wp\/v2\/categories?post=4504"},{"taxonomy":"post_tag","embeddable":true,"href":"https:\/\/www.svalbard.fr\/actualites\/wp-json\/wp\/v2\/tags?post=4504"}],"curies":[{"name":"wp","href":"https:\/\/api.w.org\/{rel}","templated":true}]}}