{"id":4518,"date":"2025-07-04T10:30:00","date_gmt":"2025-07-04T08:30:00","guid":{"rendered":"https:\/\/www.svalbard.fr\/actualites\/?p=4518"},"modified":"2025-07-03T07:54:43","modified_gmt":"2025-07-03T05:54:43","slug":"suisse-a-25-ans-ce-quil-a-vraiment-gagne-en-quittant-la-france","status":"publish","type":"post","link":"https:\/\/www.svalbard.fr\/actualites\/suisse-a-25-ans-ce-quil-a-vraiment-gagne-en-quittant-la-france\/","title":{"rendered":"Suisse \u00e0 25 ans : ce qu\u2019il a vraiment gagn\u00e9 en quittant la France"},"content":{"rendered":"\n<p><strong><em>Pas besoin de partir \u00e0 l&rsquo;autre bout du monde pour vivre une exp\u00e9rience d\u00e9paysante. Alexis, jeune professionnel originaire d\u2019Annecy, a travers\u00e9 la fronti\u00e8re pour poser ses valises en Suisse al\u00e9manique. Entre choc culturel, d\u00e9couvertes professionnelles et qualit\u00e9 de vie, il partage son quotidien avec lucidit\u00e9.<\/em><\/strong><\/p>\n\n\n\n<!--more-->\n\n\n\n<h2 class=\"wp-block-heading\">Un saut dans l\u2019inconnu&#8230; qui tombe \u00e0 pic<\/h2>\n\n\n\n<p>Lorsque Alexis postule chez Mammut, une entreprise suisse bien connue des passionn\u00e9s de montagne, il ne parle pas un mot d\u2019allemand. <strong>Un d\u00e9tail de taille<\/strong>, puisque le si\u00e8ge est situ\u00e9 \u00e0 Seon, en Suisse al\u00e9manique. Pourtant, \u00e0 25 ans, il ose tenter sa chance, fort de son exp\u00e9rience chez Salomon, et d\u2019un master en marketing du sport. Le genre de profil adaptable, curieux, avec ce qu\u2019il faut de culot pour envoyer son CV, m\u00eame sans cocher toutes les cases.<\/p>\n\n\n\n<p><strong>R\u00e9sultat ? Une embauche rapide<\/strong>, malgr\u00e9 la barri\u00e8re linguistique. Comme quoi, le savoir-faire et la motivation peuvent parfois peser plus lourd qu\u2019un dictionnaire.<\/p>\n\n\n\n<h2 class=\"wp-block-heading\">Un rythme suisse\u2026 plus rigoureux qu\u2019attendu<\/h2>\n\n\n\n<p>D\u00e8s son arriv\u00e9e, une chose frappe Alexis : ici, <strong>on badge en entrant comme en sortant<\/strong>. Une nouveaut\u00e9 pour lui, mais qu\u2019il finit par appr\u00e9cier. Ce syst\u00e8me n\u2019est pas l\u00e0 pour fliquer, mais bien pour garantir un <strong>\u00e9quilibre entre heures travaill\u00e9es et temps r\u00e9cup\u00e9r\u00e9<\/strong>. La semaine de 42 heures est bien la norme, mais elle est compens\u00e9e intelligemment.<\/p>\n\n\n\n<p>Autre diff\u00e9rence notable : <strong>la pause d\u00e9jeuner expresse<\/strong>. En Suisse, on mange souvent en trente minutes chrono. Et pour ceux qui veulent s\u2019offrir un petit d\u00e9tour en VTT ou une course \u00e0 pied entre midi et deux, pas de souci : il suffit d\u2019ajuster son emploi du temps. <strong>Flexibilit\u00e9<\/strong> est le mot d\u2019ordre, surtout dans une entreprise internationale comme Mammut, o\u00f9 l\u2019anglais est la langue de travail au quotidien.<\/p>\n\n\n\n<h2 class=\"wp-block-heading\">Vivre \u00e0 Zurich : un luxe&#8230; mais accessible<\/h2>\n\n\n\n<p>C\u00f4t\u00e9 finances, pas de jackpot. Le secteur du sport outdoor n\u2019est pas celui des gros salaires, m\u00eame en Suisse. Toutefois, <strong>le pouvoir d\u2019achat reste sup\u00e9rieur \u00e0 celui qu\u2019il aurait en <a href=\"https:\/\/www.svalbard.fr\/actualites\/le-royaume-uni-surpasse-la-france-avec-une-turbine-maremotrice-record\/\">France<\/a><\/strong>. Alexis le confirme : \u00e0 la fin du mois, il peut \u00e9pargner l\u2019\u00e9quivalent d\u2019un salaire fran\u00e7ais, tout en profitant d\u2019une vie simple et agr\u00e9able.<\/p>\n\n\n\n<p>Ajoutez \u00e0 cela des avantages maison comme une <strong>r\u00e9duction de 75 % sur les produits Mammut<\/strong>, l\u2019acc\u00e8s \u00e0 une salle d\u2019escalade gratuite ou encore <strong>30 jours de t\u00e9l\u00e9travail \u00e0 l\u2019\u00e9tranger par an<\/strong>, et on comprend vite que l\u2019\u00e9quation est plut\u00f4t gagnante.<\/p>\n\n\n\n<h2 class=\"wp-block-heading\">La nature comme voisine de palier<\/h2>\n\n\n\n<p>Install\u00e9 \u00e0 Zurich, Alexis a trouv\u00e9 un \u00e9quilibre de vie qui colle \u00e0 ses envies. Il vit dans une <strong>ville dynamique et cosmopolite<\/strong>, mais avec la montagne \u00e0 deux pas. Le matin, il prend le train avec son v\u00e9lo, p\u00e9dale dix minutes jusqu\u2019au bureau\u2026 et profite du trajet pour travailler. Un <strong>mode de vie fluide<\/strong>, sans perte de temps, avec une vraie place laiss\u00e9e \u00e0 l\u2019activit\u00e9 physique et au bien-\u00eatre.<\/p>\n\n\n\n<p>Pas besoin d\u2019avoir tout pr\u00e9vu sur cinq ans. Pour le moment, Alexis savoure ce nouvel environnement, fait de <strong>paysages grandioses, de coll\u00e8gues venus des quatre coins de l\u2019<a href=\"https:\/\/www.svalbard.fr\/actualites\/le-plus-grand-porte-avions-deurope-ce-geant-francais-va-tout-changer\/\">Europe<\/a><\/strong>, et d\u2019un rythme de travail plus cadr\u00e9, mais aussi plus respectueux de l\u2019individu.<\/p>\n\n\n\n<p><strong>Changer de pays \u00e0 25 ans, ce n\u2019est pas fuir. C\u2019est tenter.<\/strong> Et parfois, la vie vous r\u00e9pond positivement. La Suisse n\u2019\u00e9tait pas son r\u00eave de gosse, mais elle lui offre aujourd\u2019hui un quotidien \u00e0 son image : sportif, structur\u00e9 et stimulant.<\/p>\n","protected":false},"excerpt":{"rendered":"<p>Pas besoin de partir \u00e0 l&rsquo;autre bout du monde pour vivre une exp\u00e9rience d\u00e9paysante. Alexis, jeune professionnel originaire d\u2019Annecy, a travers\u00e9 la fronti\u00e8re pour poser<\/p>\n","protected":false},"author":3,"featured_media":4519,"comment_status":"closed","ping_status":"closed","sticky":false,"template":"","format":"standard","meta":{"footnotes":""},"categories":[1725],"tags":[],"yoast_head":"<!-- This site is optimized with the Yoast SEO plugin v21.0 - https:\/\/yoast.com\/wordpress\/plugins\/seo\/ -->\n<title>Suisse \u00e0 25 ans : ce qu\u2019il a vraiment gagn\u00e9 en quittant la France<\/title>\n<meta name=\"robots\" content=\"index, follow, max-snippet:-1, max-image-preview:large, max-video-preview:-1\" \/>\n<link rel=\"canonical\" href=\"https:\/\/www.svalbard.fr\/actualites\/suisse-a-25-ans-ce-quil-a-vraiment-gagne-en-quittant-la-france\/\" \/>\n<meta property=\"og:locale\" content=\"fr_FR\" \/>\n<meta property=\"og:type\" content=\"article\" \/>\n<meta property=\"og:title\" content=\"Suisse \u00e0 25 ans : ce qu\u2019il a vraiment gagn\u00e9 en quittant la France\" \/>\n<meta property=\"og:description\" content=\"Pas besoin de partir \u00e0 l&rsquo;autre bout du monde pour vivre une exp\u00e9rience d\u00e9paysante. Alexis, jeune professionnel originaire d\u2019Annecy, a travers\u00e9 la fronti\u00e8re pour poser\" \/>\n<meta property=\"og:url\" content=\"https:\/\/www.svalbard.fr\/actualites\/suisse-a-25-ans-ce-quil-a-vraiment-gagne-en-quittant-la-france\/\" \/>\n<meta property=\"og:site_name\" content=\"www.Svalbard.fr\" \/>\n<meta property=\"article:published_time\" content=\"2025-07-04T08:30:00+00:00\" \/>\n<meta property=\"article:modified_time\" content=\"2025-07-03T05:54:43+00:00\" \/>\n<meta property=\"og:image\" content=\"https:\/\/www.svalbard.fr\/actualites\/wp-content\/uploads\/2025\/07\/01203082658568-web-tete.jpg\" \/>\n\t<meta property=\"og:image:width\" content=\"1200\" \/>\n\t<meta property=\"og:image:height\" content=\"675\" \/>\n\t<meta property=\"og:image:type\" content=\"image\/jpeg\" \/>\n<meta name=\"author\" content=\"Guillaume Chen\" \/>\n<meta name=\"twitter:card\" content=\"summary_large_image\" \/>\n<meta name=\"twitter:label1\" content=\"\u00c9crit par\" \/>\n\t<meta name=\"twitter:data1\" content=\"Guillaume Chen\" \/>\n\t<meta name=\"twitter:label2\" content=\"Dur\u00e9e de lecture estim\u00e9e\" \/>\n\t<meta name=\"twitter:data2\" content=\"3 minutes\" \/>\n<script type=\"application\/ld+json\" class=\"yoast-schema-graph\">{\"@context\":\"https:\/\/schema.org\",\"@graph\":[{\"@type\":\"Article\",\"@id\":\"https:\/\/www.svalbard.fr\/actualites\/suisse-a-25-ans-ce-quil-a-vraiment-gagne-en-quittant-la-france\/#article\",\"isPartOf\":{\"@id\":\"https:\/\/www.svalbard.fr\/actualites\/suisse-a-25-ans-ce-quil-a-vraiment-gagne-en-quittant-la-france\/\"},\"author\":{\"name\":\"Guillaume Chen\",\"@id\":\"https:\/\/www.svalbard.fr\/actualites\/#\/schema\/person\/b9d185560b94bff7322d37cb676ee545\"},\"headline\":\"Suisse \u00e0 25 ans : ce qu\u2019il a vraiment gagn\u00e9 en quittant la France\",\"datePublished\":\"2025-07-04T08:30:00+00:00\",\"dateModified\":\"2025-07-03T05:54:43+00:00\",\"mainEntityOfPage\":{\"@id\":\"https:\/\/www.svalbard.fr\/actualites\/suisse-a-25-ans-ce-quil-a-vraiment-gagne-en-quittant-la-france\/\"},\"wordCount\":608,\"publisher\":{\"@id\":\"https:\/\/www.svalbard.fr\/actualites\/#organization\"},\"articleSection\":[\"Tendances\"],\"inLanguage\":\"fr-FR\"},{\"@type\":\"WebPage\",\"@id\":\"https:\/\/www.svalbard.fr\/actualites\/suisse-a-25-ans-ce-quil-a-vraiment-gagne-en-quittant-la-france\/\",\"url\":\"https:\/\/www.svalbard.fr\/actualites\/suisse-a-25-ans-ce-quil-a-vraiment-gagne-en-quittant-la-france\/\",\"name\":\"Suisse \u00e0 25 ans : ce qu\u2019il a vraiment gagn\u00e9 en quittant la France\",\"isPartOf\":{\"@id\":\"https:\/\/www.svalbard.fr\/actualites\/#website\"},\"datePublished\":\"2025-07-04T08:30:00+00:00\",\"dateModified\":\"2025-07-03T05:54:43+00:00\",\"breadcrumb\":{\"@id\":\"https:\/\/www.svalbard.fr\/actualites\/suisse-a-25-ans-ce-quil-a-vraiment-gagne-en-quittant-la-france\/#breadcrumb\"},\"inLanguage\":\"fr-FR\",\"potentialAction\":[{\"@type\":\"ReadAction\",\"target\":[\"https:\/\/www.svalbard.fr\/actualites\/suisse-a-25-ans-ce-quil-a-vraiment-gagne-en-quittant-la-france\/\"]}]},{\"@type\":\"BreadcrumbList\",\"@id\":\"https:\/\/www.svalbard.fr\/actualites\/suisse-a-25-ans-ce-quil-a-vraiment-gagne-en-quittant-la-france\/#breadcrumb\",\"itemListElement\":[{\"@type\":\"ListItem\",\"position\":1,\"name\":\"Accueil\",\"item\":\"https:\/\/www.svalbard.fr\/actualites\/\"},{\"@type\":\"ListItem\",\"position\":2,\"name\":\"Suisse \u00e0 25 ans : ce qu\u2019il a vraiment gagn\u00e9 en quittant la France\"}]},{\"@type\":\"WebSite\",\"@id\":\"https:\/\/www.svalbard.fr\/actualites\/#website\",\"url\":\"https:\/\/www.svalbard.fr\/actualites\/\",\"name\":\"www.Svalbard.fr\",\"description\":\"\",\"publisher\":{\"@id\":\"https:\/\/www.svalbard.fr\/actualites\/#organization\"},\"potentialAction\":[{\"@type\":\"SearchAction\",\"target\":{\"@type\":\"EntryPoint\",\"urlTemplate\":\"https:\/\/www.svalbard.fr\/actualites\/?s={search_term_string}\"},\"query-input\":\"required name=search_term_string\"}],\"inLanguage\":\"fr-FR\"},{\"@type\":\"Organization\",\"@id\":\"https:\/\/www.svalbard.fr\/actualites\/#organization\",\"name\":\"www.Svalbard.fr\",\"url\":\"https:\/\/www.svalbard.fr\/actualites\/\",\"logo\":{\"@type\":\"ImageObject\",\"inLanguage\":\"fr-FR\",\"@id\":\"https:\/\/www.svalbard.fr\/actualites\/#\/schema\/logo\/image\/\",\"url\":\"https:\/\/www.svalbard.fr\/actualites\/wp-content\/uploads\/2023\/09\/head-nom.jpg\",\"contentUrl\":\"https:\/\/www.svalbard.fr\/actualites\/wp-content\/uploads\/2023\/09\/head-nom.jpg\",\"width\":264,\"height\":35,\"caption\":\"www.Svalbard.fr\"},\"image\":{\"@id\":\"https:\/\/www.svalbard.fr\/actualites\/#\/schema\/logo\/image\/\"}},{\"@type\":\"Person\",\"@id\":\"https:\/\/www.svalbard.fr\/actualites\/#\/schema\/person\/b9d185560b94bff7322d37cb676ee545\",\"name\":\"Guillaume Chen\",\"image\":{\"@type\":\"ImageObject\",\"inLanguage\":\"fr-FR\",\"@id\":\"https:\/\/www.svalbard.fr\/actualites\/#\/schema\/person\/image\/\",\"url\":\"https:\/\/secure.gravatar.com\/avatar\/0c3f9c94586035b795ad4049a06fb048?s=96&d=mm&r=g\",\"contentUrl\":\"https:\/\/secure.gravatar.com\/avatar\/0c3f9c94586035b795ad4049a06fb048?s=96&d=mm&r=g\",\"caption\":\"Guillaume Chen\"},\"sameAs\":[\"https:\/\/www.svalbard.fr\/\"]}]}<\/script>\n<!-- \/ Yoast SEO plugin. -->","yoast_head_json":{"title":"Suisse \u00e0 25 ans : ce qu\u2019il a vraiment gagn\u00e9 en quittant la France","robots":{"index":"index","follow":"follow","max-snippet":"max-snippet:-1","max-image-preview":"max-image-preview:large","max-video-preview":"max-video-preview:-1"},"canonical":"https:\/\/www.svalbard.fr\/actualites\/suisse-a-25-ans-ce-quil-a-vraiment-gagne-en-quittant-la-france\/","og_locale":"fr_FR","og_type":"article","og_title":"Suisse \u00e0 25 ans : ce qu\u2019il a vraiment gagn\u00e9 en quittant la France","og_description":"Pas besoin de partir \u00e0 l&rsquo;autre bout du monde pour vivre une exp\u00e9rience d\u00e9paysante. Alexis, jeune professionnel originaire d\u2019Annecy, a travers\u00e9 la fronti\u00e8re pour poser","og_url":"https:\/\/www.svalbard.fr\/actualites\/suisse-a-25-ans-ce-quil-a-vraiment-gagne-en-quittant-la-france\/","og_site_name":"www.Svalbard.fr","article_published_time":"2025-07-04T08:30:00+00:00","article_modified_time":"2025-07-03T05:54:43+00:00","og_image":[{"width":1200,"height":675,"url":"https:\/\/www.svalbard.fr\/actualites\/wp-content\/uploads\/2025\/07\/01203082658568-web-tete.jpg","type":"image\/jpeg"}],"author":"Guillaume Chen","twitter_card":"summary_large_image","twitter_misc":{"\u00c9crit par":"Guillaume Chen","Dur\u00e9e de lecture estim\u00e9e":"3 minutes"},"schema":{"@context":"https:\/\/schema.org","@graph":[{"@type":"Article","@id":"https:\/\/www.svalbard.fr\/actualites\/suisse-a-25-ans-ce-quil-a-vraiment-gagne-en-quittant-la-france\/#article","isPartOf":{"@id":"https:\/\/www.svalbard.fr\/actualites\/suisse-a-25-ans-ce-quil-a-vraiment-gagne-en-quittant-la-france\/"},"author":{"name":"Guillaume Chen","@id":"https:\/\/www.svalbard.fr\/actualites\/#\/schema\/person\/b9d185560b94bff7322d37cb676ee545"},"headline":"Suisse \u00e0 25 ans : ce qu\u2019il a vraiment gagn\u00e9 en quittant la France","datePublished":"2025-07-04T08:30:00+00:00","dateModified":"2025-07-03T05:54:43+00:00","mainEntityOfPage":{"@id":"https:\/\/www.svalbard.fr\/actualites\/suisse-a-25-ans-ce-quil-a-vraiment-gagne-en-quittant-la-france\/"},"wordCount":608,"publisher":{"@id":"https:\/\/www.svalbard.fr\/actualites\/#organization"},"articleSection":["Tendances"],"inLanguage":"fr-FR"},{"@type":"WebPage","@id":"https:\/\/www.svalbard.fr\/actualites\/suisse-a-25-ans-ce-quil-a-vraiment-gagne-en-quittant-la-france\/","url":"https:\/\/www.svalbard.fr\/actualites\/suisse-a-25-ans-ce-quil-a-vraiment-gagne-en-quittant-la-france\/","name":"Suisse \u00e0 25 ans : ce qu\u2019il a vraiment gagn\u00e9 en quittant la France","isPartOf":{"@id":"https:\/\/www.svalbard.fr\/actualites\/#website"},"datePublished":"2025-07-04T08:30:00+00:00","dateModified":"2025-07-03T05:54:43+00:00","breadcrumb":{"@id":"https:\/\/www.svalbard.fr\/actualites\/suisse-a-25-ans-ce-quil-a-vraiment-gagne-en-quittant-la-france\/#breadcrumb"},"inLanguage":"fr-FR","potentialAction":[{"@type":"ReadAction","target":["https:\/\/www.svalbard.fr\/actualites\/suisse-a-25-ans-ce-quil-a-vraiment-gagne-en-quittant-la-france\/"]}]},{"@type":"BreadcrumbList","@id":"https:\/\/www.svalbard.fr\/actualites\/suisse-a-25-ans-ce-quil-a-vraiment-gagne-en-quittant-la-france\/#breadcrumb","itemListElement":[{"@type":"ListItem","position":1,"name":"Accueil","item":"https:\/\/www.svalbard.fr\/actualites\/"},{"@type":"ListItem","position":2,"name":"Suisse \u00e0 25 ans : ce qu\u2019il a vraiment gagn\u00e9 en quittant la France"}]},{"@type":"WebSite","@id":"https:\/\/www.svalbard.fr\/actualites\/#website","url":"https:\/\/www.svalbard.fr\/actualites\/","name":"www.Svalbard.fr","description":"","publisher":{"@id":"https:\/\/www.svalbard.fr\/actualites\/#organization"},"potentialAction":[{"@type":"SearchAction","target":{"@type":"EntryPoint","urlTemplate":"https:\/\/www.svalbard.fr\/actualites\/?s={search_term_string}"},"query-input":"required name=search_term_string"}],"inLanguage":"fr-FR"},{"@type":"Organization","@id":"https:\/\/www.svalbard.fr\/actualites\/#organization","name":"www.Svalbard.fr","url":"https:\/\/www.svalbard.fr\/actualites\/","logo":{"@type":"ImageObject","inLanguage":"fr-FR","@id":"https:\/\/www.svalbard.fr\/actualites\/#\/schema\/logo\/image\/","url":"https:\/\/www.svalbard.fr\/actualites\/wp-content\/uploads\/2023\/09\/head-nom.jpg","contentUrl":"https:\/\/www.svalbard.fr\/actualites\/wp-content\/uploads\/2023\/09\/head-nom.jpg","width":264,"height":35,"caption":"www.Svalbard.fr"},"image":{"@id":"https:\/\/www.svalbard.fr\/actualites\/#\/schema\/logo\/image\/"}},{"@type":"Person","@id":"https:\/\/www.svalbard.fr\/actualites\/#\/schema\/person\/b9d185560b94bff7322d37cb676ee545","name":"Guillaume Chen","image":{"@type":"ImageObject","inLanguage":"fr-FR","@id":"https:\/\/www.svalbard.fr\/actualites\/#\/schema\/person\/image\/","url":"https:\/\/secure.gravatar.com\/avatar\/0c3f9c94586035b795ad4049a06fb048?s=96&d=mm&r=g","contentUrl":"https:\/\/secure.gravatar.com\/avatar\/0c3f9c94586035b795ad4049a06fb048?s=96&d=mm&r=g","caption":"Guillaume Chen"},"sameAs":["https:\/\/www.svalbard.fr\/"]}]}},"_links":{"self":[{"href":"https:\/\/www.svalbard.fr\/actualites\/wp-json\/wp\/v2\/posts\/4518"}],"collection":[{"href":"https:\/\/www.svalbard.fr\/actualites\/wp-json\/wp\/v2\/posts"}],"about":[{"href":"https:\/\/www.svalbard.fr\/actualites\/wp-json\/wp\/v2\/types\/post"}],"author":[{"embeddable":true,"href":"https:\/\/www.svalbard.fr\/actualites\/wp-json\/wp\/v2\/users\/3"}],"replies":[{"embeddable":true,"href":"https:\/\/www.svalbard.fr\/actualites\/wp-json\/wp\/v2\/comments?post=4518"}],"version-history":[{"count":1,"href":"https:\/\/www.svalbard.fr\/actualites\/wp-json\/wp\/v2\/posts\/4518\/revisions"}],"predecessor-version":[{"id":4520,"href":"https:\/\/www.svalbard.fr\/actualites\/wp-json\/wp\/v2\/posts\/4518\/revisions\/4520"}],"wp:featuredmedia":[{"embeddable":true,"href":"https:\/\/www.svalbard.fr\/actualites\/wp-json\/wp\/v2\/media\/4519"}],"wp:attachment":[{"href":"https:\/\/www.svalbard.fr\/actualites\/wp-json\/wp\/v2\/media?parent=4518"}],"wp:term":[{"taxonomy":"category","embeddable":true,"href":"https:\/\/www.svalbard.fr\/actualites\/wp-json\/wp\/v2\/categories?post=4518"},{"taxonomy":"post_tag","embeddable":true,"href":"https:\/\/www.svalbard.fr\/actualites\/wp-json\/wp\/v2\/tags?post=4518"}],"curies":[{"name":"wp","href":"https:\/\/api.w.org\/{rel}","templated":true}]}}