{"id":4523,"date":"2025-07-04T15:30:00","date_gmt":"2025-07-04T13:30:00","guid":{"rendered":"https:\/\/www.svalbard.fr\/actualites\/?p=4523"},"modified":"2025-07-03T08:04:33","modified_gmt":"2025-07-03T06:04:33","slug":"a-72-ans-elle-transforme-sa-retraite-grace-a-une-idee-simple-mais-rentable","status":"publish","type":"post","link":"https:\/\/www.svalbard.fr\/actualites\/a-72-ans-elle-transforme-sa-retraite-grace-a-une-idee-simple-mais-rentable\/","title":{"rendered":"\u00c0 72 ans, elle transforme sa retraite gr\u00e2ce \u00e0 une id\u00e9e simple mais rentable"},"content":{"rendered":"\n<p><strong><em>Vivre pleinement sa retraite tout en assurant sa stabilit\u00e9 financi\u00e8re ? C\u2019est le pari relev\u00e9 par Cl\u00e9o, 72 ans, qui a su allier r\u00e9silience, pragmatisme et libert\u00e9 d\u2019esprit. Aujourd\u2019hui, entre revenus diversifi\u00e9s et recul sur les choses mat\u00e9rielles, elle trace un chemin inspirant.<\/em><\/strong><\/p>\n\n\n\n<!--more-->\n\n\n\n<h2 class=\"wp-block-heading\">Une carri\u00e8re sans plan, mais riche en exp\u00e9riences<\/h2>\n\n\n\n<p>Cl\u00e9o n\u2019a jamais \u00e9t\u00e9 du genre \u00e0 suivre un sch\u00e9ma tout trac\u00e9. Ce qu\u2019elle aime, c\u2019est <strong>explorer<\/strong>, apprendre, se renouveler. Tout au long de sa vie professionnelle, elle a encha\u00een\u00e9 les exp\u00e9riences dans <strong>la formation et la gestion personnelle<\/strong>, tant\u00f4t fonctionnaire, tant\u00f4t salari\u00e9e, parfois autoentrepreneuse. Une trajectoire \u00e9clectique, assum\u00e9e, qui lui a permis de d\u00e9couvrir diff\u00e9rents milieux tout en restant fid\u00e8le \u00e0 ses envies.<\/p>\n\n\n\n<p>Aujourd\u2019hui, Cl\u00e9o profite d\u2019une <strong>retraite multifacette<\/strong>, compos\u00e9e de <strong>quatre caisses de retraite<\/strong> totalisant environ <strong>1 200 euros par mois<\/strong>. Une somme modeste, mais qu\u2019elle parvient \u00e0 faire fructifier intelligemment gr\u00e2ce \u00e0 des compl\u00e9ments de revenus bien pens\u00e9s.<\/p>\n\n\n\n<h2 class=\"wp-block-heading\">Immobilier et \u00e9pargne : les piliers de sa stabilit\u00e9<\/h2>\n\n\n\n<p>Parmi ces sources de revenus, <strong>la location d\u2019un appartement T2<\/strong> constitue un apport pr\u00e9cieux. Lou\u00e9 <strong>500 euros mensuels<\/strong>, ce bien <a href=\"https:\/\/www.svalbard.fr\/actualites\/immobilier-les-informations-essentielles-a-connaitre-avant-quil-ne-soit-trop-tard\/\"><strong>immobilier<\/strong><\/a> repr\u00e9sente bien plus qu\u2019un simple placement : c\u2019est un socle de s\u00e9curit\u00e9. Chaque mois, Cl\u00e9o met un point d\u2019honneur \u00e0 <strong>\u00e9pargner 150 euros<\/strong>, une habitude financi\u00e8re saine qui lui permet d\u2019envisager des <strong>travaux de r\u00e9novation<\/strong>, budg\u00e9t\u00e9s entre <strong>10 000 et 15 000 euros<\/strong>.<\/p>\n\n\n\n<p>Le reste de la somme alimente un compte sp\u00e9cialement d\u00e9di\u00e9 \u00e0 ces d\u00e9penses futures. Ce <strong>budget pr\u00e9visionnel<\/strong>, elle l\u2019a construit avec soin, consciente que bien g\u00e9rer aujourd\u2019hui, c\u2019est se donner plus de libert\u00e9 demain.<\/p>\n\n\n\n<h2 class=\"wp-block-heading\">L\u2019activit\u00e9 free-lance, ralentie mais toujours pr\u00e9sente<\/h2>\n\n\n\n<p>Outre son patrimoine, Cl\u00e9o continue, quand sa sant\u00e9 le lui permet, une <strong>activit\u00e9 free-lance<\/strong> dans le domaine de la <strong>formation<\/strong>. Un travail qu\u2019elle appr\u00e9cie pour sa souplesse et son aspect relationnel. Mais depuis qu\u2019un <strong>cancer<\/strong> lui a \u00e9t\u00e9 diagnostiqu\u00e9 l\u2019\u00e9t\u00e9 dernier, elle a d\u00fb lever le pied. Une pause impos\u00e9e qu\u2019elle accueille avec philosophie.<\/p>\n\n\n\n<p>Car Cl\u00e9o n\u2019en est pas \u00e0 sa premi\u00e8re \u00e9preuve. Elle a d\u00e9j\u00e0 affront\u00e9 la maladie par le pass\u00e9. Cette exp\u00e9rience l\u2019a transform\u00e9e, l\u2019amenant \u00e0 revoir ses priorit\u00e9s. Aujourd\u2019hui, elle affirme avoir appris \u00e0 <strong>se d\u00e9tacher du superflu<\/strong>, \u00e0 cultiver une forme de s\u00e9r\u00e9nit\u00e9. \u00ab C\u2019est l\u2019essentiel qui compte \u00bb, confie-t-elle. Et cet essentiel, elle le trouve dans les petits plaisirs du quotidien, les \u00e9changes sinc\u00e8res, et la gestion d\u2019une vie choisie, non subie.<\/p>\n\n\n\n<h2 class=\"wp-block-heading\">Une retraite active, lucide et inspirante<\/h2>\n\n\n\n<p>Le cas de Cl\u00e9o n\u2019est pas isol\u00e9. En France, selon la DREES, <strong>plus de 15 % des retrait\u00e9s cumulent <a href=\"https:\/\/www.svalbard.fr\/actualites\/pension-de-retraite-combien-devriez-vous-toucher-pour-vivre-confortablement\/\">pension<\/a><\/strong> <strong>et revenus d&rsquo;activit\u00e9<\/strong>. Non pas par contrainte syst\u00e9matique, mais souvent pour <strong>rester actifs<\/strong>, <strong>compl\u00e9ter une retraite modeste<\/strong>, ou <strong>pr\u00e9server un lien social<\/strong>.<\/p>\n\n\n\n<p>L\u2019histoire de Cl\u00e9o nous rappelle qu\u2019il n\u2019est jamais trop tard pour inventer un mode de vie \u00e0 son image. Entre <strong>autonomie financi\u00e8re<\/strong>, <strong>gestion prudente<\/strong> et <strong>capacit\u00e9 \u00e0 rebondir<\/strong>, elle incarne une forme de modernit\u00e9 tranquille, loin des clich\u00e9s sur la vieillesse. Sa devise ? Vivre simplement, mais avec intelligence. Et \u00e7a, \u00e0 tout \u00e2ge, c\u2019est une belle le\u00e7on.<\/p>\n","protected":false},"excerpt":{"rendered":"<p>Vivre pleinement sa retraite tout en assurant sa stabilit\u00e9 financi\u00e8re ? C\u2019est le pari relev\u00e9 par Cl\u00e9o, 72 ans, qui a su allier r\u00e9silience, pragmatisme<\/p>\n","protected":false},"author":3,"featured_media":4524,"comment_status":"closed","ping_status":"closed","sticky":false,"template":"","format":"standard","meta":{"footnotes":""},"categories":[1725],"tags":[],"yoast_head":"<!-- This site is optimized with the Yoast SEO plugin v21.0 - https:\/\/yoast.com\/wordpress\/plugins\/seo\/ -->\n<title>\u00c0 72 ans, elle transforme sa retraite gr\u00e2ce \u00e0 une id\u00e9e simple mais rentable<\/title>\n<meta name=\"robots\" content=\"index, follow, max-snippet:-1, max-image-preview:large, max-video-preview:-1\" \/>\n<link rel=\"canonical\" href=\"https:\/\/www.svalbard.fr\/actualites\/a-72-ans-elle-transforme-sa-retraite-grace-a-une-idee-simple-mais-rentable\/\" \/>\n<meta property=\"og:locale\" content=\"fr_FR\" \/>\n<meta property=\"og:type\" content=\"article\" \/>\n<meta property=\"og:title\" content=\"\u00c0 72 ans, elle transforme sa retraite gr\u00e2ce \u00e0 une id\u00e9e simple mais rentable\" \/>\n<meta property=\"og:description\" content=\"Vivre pleinement sa retraite tout en assurant sa stabilit\u00e9 financi\u00e8re ? C\u2019est le pari relev\u00e9 par Cl\u00e9o, 72 ans, qui a su allier r\u00e9silience, pragmatisme\" \/>\n<meta property=\"og:url\" content=\"https:\/\/www.svalbard.fr\/actualites\/a-72-ans-elle-transforme-sa-retraite-grace-a-une-idee-simple-mais-rentable\/\" \/>\n<meta property=\"og:site_name\" content=\"www.Svalbard.fr\" \/>\n<meta property=\"article:published_time\" content=\"2025-07-04T13:30:00+00:00\" \/>\n<meta property=\"article:modified_time\" content=\"2025-07-03T06:04:33+00:00\" \/>\n<meta property=\"og:image\" content=\"https:\/\/www.svalbard.fr\/actualites\/wp-content\/uploads\/2025\/07\/aswNASquuj8i1Nwo4.jpg\" \/>\n\t<meta property=\"og:image:width\" content=\"1200\" \/>\n\t<meta property=\"og:image:height\" content=\"955\" \/>\n\t<meta property=\"og:image:type\" content=\"image\/jpeg\" \/>\n<meta name=\"author\" content=\"Guillaume Chen\" \/>\n<meta name=\"twitter:card\" content=\"summary_large_image\" \/>\n<meta name=\"twitter:label1\" content=\"\u00c9crit par\" \/>\n\t<meta name=\"twitter:data1\" content=\"Guillaume Chen\" \/>\n\t<meta name=\"twitter:label2\" content=\"Dur\u00e9e de lecture estim\u00e9e\" \/>\n\t<meta name=\"twitter:data2\" content=\"3 minutes\" \/>\n<script type=\"application\/ld+json\" class=\"yoast-schema-graph\">{\"@context\":\"https:\/\/schema.org\",\"@graph\":[{\"@type\":\"Article\",\"@id\":\"https:\/\/www.svalbard.fr\/actualites\/a-72-ans-elle-transforme-sa-retraite-grace-a-une-idee-simple-mais-rentable\/#article\",\"isPartOf\":{\"@id\":\"https:\/\/www.svalbard.fr\/actualites\/a-72-ans-elle-transforme-sa-retraite-grace-a-une-idee-simple-mais-rentable\/\"},\"author\":{\"name\":\"Guillaume Chen\",\"@id\":\"https:\/\/www.svalbard.fr\/actualites\/#\/schema\/person\/b9d185560b94bff7322d37cb676ee545\"},\"headline\":\"\u00c0 72 ans, elle transforme sa retraite gr\u00e2ce \u00e0 une id\u00e9e simple mais rentable\",\"datePublished\":\"2025-07-04T13:30:00+00:00\",\"dateModified\":\"2025-07-03T06:04:33+00:00\",\"mainEntityOfPage\":{\"@id\":\"https:\/\/www.svalbard.fr\/actualites\/a-72-ans-elle-transforme-sa-retraite-grace-a-une-idee-simple-mais-rentable\/\"},\"wordCount\":574,\"publisher\":{\"@id\":\"https:\/\/www.svalbard.fr\/actualites\/#organization\"},\"articleSection\":[\"Tendances\"],\"inLanguage\":\"fr-FR\"},{\"@type\":\"WebPage\",\"@id\":\"https:\/\/www.svalbard.fr\/actualites\/a-72-ans-elle-transforme-sa-retraite-grace-a-une-idee-simple-mais-rentable\/\",\"url\":\"https:\/\/www.svalbard.fr\/actualites\/a-72-ans-elle-transforme-sa-retraite-grace-a-une-idee-simple-mais-rentable\/\",\"name\":\"\u00c0 72 ans, elle transforme sa retraite gr\u00e2ce \u00e0 une id\u00e9e simple mais rentable\",\"isPartOf\":{\"@id\":\"https:\/\/www.svalbard.fr\/actualites\/#website\"},\"datePublished\":\"2025-07-04T13:30:00+00:00\",\"dateModified\":\"2025-07-03T06:04:33+00:00\",\"breadcrumb\":{\"@id\":\"https:\/\/www.svalbard.fr\/actualites\/a-72-ans-elle-transforme-sa-retraite-grace-a-une-idee-simple-mais-rentable\/#breadcrumb\"},\"inLanguage\":\"fr-FR\",\"potentialAction\":[{\"@type\":\"ReadAction\",\"target\":[\"https:\/\/www.svalbard.fr\/actualites\/a-72-ans-elle-transforme-sa-retraite-grace-a-une-idee-simple-mais-rentable\/\"]}]},{\"@type\":\"BreadcrumbList\",\"@id\":\"https:\/\/www.svalbard.fr\/actualites\/a-72-ans-elle-transforme-sa-retraite-grace-a-une-idee-simple-mais-rentable\/#breadcrumb\",\"itemListElement\":[{\"@type\":\"ListItem\",\"position\":1,\"name\":\"Accueil\",\"item\":\"https:\/\/www.svalbard.fr\/actualites\/\"},{\"@type\":\"ListItem\",\"position\":2,\"name\":\"\u00c0 72 ans, elle transforme sa retraite gr\u00e2ce \u00e0 une id\u00e9e simple mais rentable\"}]},{\"@type\":\"WebSite\",\"@id\":\"https:\/\/www.svalbard.fr\/actualites\/#website\",\"url\":\"https:\/\/www.svalbard.fr\/actualites\/\",\"name\":\"www.Svalbard.fr\",\"description\":\"\",\"publisher\":{\"@id\":\"https:\/\/www.svalbard.fr\/actualites\/#organization\"},\"potentialAction\":[{\"@type\":\"SearchAction\",\"target\":{\"@type\":\"EntryPoint\",\"urlTemplate\":\"https:\/\/www.svalbard.fr\/actualites\/?s={search_term_string}\"},\"query-input\":\"required name=search_term_string\"}],\"inLanguage\":\"fr-FR\"},{\"@type\":\"Organization\",\"@id\":\"https:\/\/www.svalbard.fr\/actualites\/#organization\",\"name\":\"www.Svalbard.fr\",\"url\":\"https:\/\/www.svalbard.fr\/actualites\/\",\"logo\":{\"@type\":\"ImageObject\",\"inLanguage\":\"fr-FR\",\"@id\":\"https:\/\/www.svalbard.fr\/actualites\/#\/schema\/logo\/image\/\",\"url\":\"https:\/\/www.svalbard.fr\/actualites\/wp-content\/uploads\/2023\/09\/head-nom.jpg\",\"contentUrl\":\"https:\/\/www.svalbard.fr\/actualites\/wp-content\/uploads\/2023\/09\/head-nom.jpg\",\"width\":264,\"height\":35,\"caption\":\"www.Svalbard.fr\"},\"image\":{\"@id\":\"https:\/\/www.svalbard.fr\/actualites\/#\/schema\/logo\/image\/\"}},{\"@type\":\"Person\",\"@id\":\"https:\/\/www.svalbard.fr\/actualites\/#\/schema\/person\/b9d185560b94bff7322d37cb676ee545\",\"name\":\"Guillaume Chen\",\"image\":{\"@type\":\"ImageObject\",\"inLanguage\":\"fr-FR\",\"@id\":\"https:\/\/www.svalbard.fr\/actualites\/#\/schema\/person\/image\/\",\"url\":\"https:\/\/secure.gravatar.com\/avatar\/0c3f9c94586035b795ad4049a06fb048?s=96&d=mm&r=g\",\"contentUrl\":\"https:\/\/secure.gravatar.com\/avatar\/0c3f9c94586035b795ad4049a06fb048?s=96&d=mm&r=g\",\"caption\":\"Guillaume Chen\"},\"sameAs\":[\"https:\/\/www.svalbard.fr\/\"]}]}<\/script>\n<!-- \/ Yoast SEO plugin. -->","yoast_head_json":{"title":"\u00c0 72 ans, elle transforme sa retraite gr\u00e2ce \u00e0 une id\u00e9e simple mais rentable","robots":{"index":"index","follow":"follow","max-snippet":"max-snippet:-1","max-image-preview":"max-image-preview:large","max-video-preview":"max-video-preview:-1"},"canonical":"https:\/\/www.svalbard.fr\/actualites\/a-72-ans-elle-transforme-sa-retraite-grace-a-une-idee-simple-mais-rentable\/","og_locale":"fr_FR","og_type":"article","og_title":"\u00c0 72 ans, elle transforme sa retraite gr\u00e2ce \u00e0 une id\u00e9e simple mais rentable","og_description":"Vivre pleinement sa retraite tout en assurant sa stabilit\u00e9 financi\u00e8re ? C\u2019est le pari relev\u00e9 par Cl\u00e9o, 72 ans, qui a su allier r\u00e9silience, pragmatisme","og_url":"https:\/\/www.svalbard.fr\/actualites\/a-72-ans-elle-transforme-sa-retraite-grace-a-une-idee-simple-mais-rentable\/","og_site_name":"www.Svalbard.fr","article_published_time":"2025-07-04T13:30:00+00:00","article_modified_time":"2025-07-03T06:04:33+00:00","og_image":[{"width":1200,"height":955,"url":"https:\/\/www.svalbard.fr\/actualites\/wp-content\/uploads\/2025\/07\/aswNASquuj8i1Nwo4.jpg","type":"image\/jpeg"}],"author":"Guillaume Chen","twitter_card":"summary_large_image","twitter_misc":{"\u00c9crit par":"Guillaume Chen","Dur\u00e9e de lecture estim\u00e9e":"3 minutes"},"schema":{"@context":"https:\/\/schema.org","@graph":[{"@type":"Article","@id":"https:\/\/www.svalbard.fr\/actualites\/a-72-ans-elle-transforme-sa-retraite-grace-a-une-idee-simple-mais-rentable\/#article","isPartOf":{"@id":"https:\/\/www.svalbard.fr\/actualites\/a-72-ans-elle-transforme-sa-retraite-grace-a-une-idee-simple-mais-rentable\/"},"author":{"name":"Guillaume Chen","@id":"https:\/\/www.svalbard.fr\/actualites\/#\/schema\/person\/b9d185560b94bff7322d37cb676ee545"},"headline":"\u00c0 72 ans, elle transforme sa retraite gr\u00e2ce \u00e0 une id\u00e9e simple mais rentable","datePublished":"2025-07-04T13:30:00+00:00","dateModified":"2025-07-03T06:04:33+00:00","mainEntityOfPage":{"@id":"https:\/\/www.svalbard.fr\/actualites\/a-72-ans-elle-transforme-sa-retraite-grace-a-une-idee-simple-mais-rentable\/"},"wordCount":574,"publisher":{"@id":"https:\/\/www.svalbard.fr\/actualites\/#organization"},"articleSection":["Tendances"],"inLanguage":"fr-FR"},{"@type":"WebPage","@id":"https:\/\/www.svalbard.fr\/actualites\/a-72-ans-elle-transforme-sa-retraite-grace-a-une-idee-simple-mais-rentable\/","url":"https:\/\/www.svalbard.fr\/actualites\/a-72-ans-elle-transforme-sa-retraite-grace-a-une-idee-simple-mais-rentable\/","name":"\u00c0 72 ans, elle transforme sa retraite gr\u00e2ce \u00e0 une id\u00e9e simple mais rentable","isPartOf":{"@id":"https:\/\/www.svalbard.fr\/actualites\/#website"},"datePublished":"2025-07-04T13:30:00+00:00","dateModified":"2025-07-03T06:04:33+00:00","breadcrumb":{"@id":"https:\/\/www.svalbard.fr\/actualites\/a-72-ans-elle-transforme-sa-retraite-grace-a-une-idee-simple-mais-rentable\/#breadcrumb"},"inLanguage":"fr-FR","potentialAction":[{"@type":"ReadAction","target":["https:\/\/www.svalbard.fr\/actualites\/a-72-ans-elle-transforme-sa-retraite-grace-a-une-idee-simple-mais-rentable\/"]}]},{"@type":"BreadcrumbList","@id":"https:\/\/www.svalbard.fr\/actualites\/a-72-ans-elle-transforme-sa-retraite-grace-a-une-idee-simple-mais-rentable\/#breadcrumb","itemListElement":[{"@type":"ListItem","position":1,"name":"Accueil","item":"https:\/\/www.svalbard.fr\/actualites\/"},{"@type":"ListItem","position":2,"name":"\u00c0 72 ans, elle transforme sa retraite gr\u00e2ce \u00e0 une id\u00e9e simple mais rentable"}]},{"@type":"WebSite","@id":"https:\/\/www.svalbard.fr\/actualites\/#website","url":"https:\/\/www.svalbard.fr\/actualites\/","name":"www.Svalbard.fr","description":"","publisher":{"@id":"https:\/\/www.svalbard.fr\/actualites\/#organization"},"potentialAction":[{"@type":"SearchAction","target":{"@type":"EntryPoint","urlTemplate":"https:\/\/www.svalbard.fr\/actualites\/?s={search_term_string}"},"query-input":"required name=search_term_string"}],"inLanguage":"fr-FR"},{"@type":"Organization","@id":"https:\/\/www.svalbard.fr\/actualites\/#organization","name":"www.Svalbard.fr","url":"https:\/\/www.svalbard.fr\/actualites\/","logo":{"@type":"ImageObject","inLanguage":"fr-FR","@id":"https:\/\/www.svalbard.fr\/actualites\/#\/schema\/logo\/image\/","url":"https:\/\/www.svalbard.fr\/actualites\/wp-content\/uploads\/2023\/09\/head-nom.jpg","contentUrl":"https:\/\/www.svalbard.fr\/actualites\/wp-content\/uploads\/2023\/09\/head-nom.jpg","width":264,"height":35,"caption":"www.Svalbard.fr"},"image":{"@id":"https:\/\/www.svalbard.fr\/actualites\/#\/schema\/logo\/image\/"}},{"@type":"Person","@id":"https:\/\/www.svalbard.fr\/actualites\/#\/schema\/person\/b9d185560b94bff7322d37cb676ee545","name":"Guillaume Chen","image":{"@type":"ImageObject","inLanguage":"fr-FR","@id":"https:\/\/www.svalbard.fr\/actualites\/#\/schema\/person\/image\/","url":"https:\/\/secure.gravatar.com\/avatar\/0c3f9c94586035b795ad4049a06fb048?s=96&d=mm&r=g","contentUrl":"https:\/\/secure.gravatar.com\/avatar\/0c3f9c94586035b795ad4049a06fb048?s=96&d=mm&r=g","caption":"Guillaume Chen"},"sameAs":["https:\/\/www.svalbard.fr\/"]}]}},"_links":{"self":[{"href":"https:\/\/www.svalbard.fr\/actualites\/wp-json\/wp\/v2\/posts\/4523"}],"collection":[{"href":"https:\/\/www.svalbard.fr\/actualites\/wp-json\/wp\/v2\/posts"}],"about":[{"href":"https:\/\/www.svalbard.fr\/actualites\/wp-json\/wp\/v2\/types\/post"}],"author":[{"embeddable":true,"href":"https:\/\/www.svalbard.fr\/actualites\/wp-json\/wp\/v2\/users\/3"}],"replies":[{"embeddable":true,"href":"https:\/\/www.svalbard.fr\/actualites\/wp-json\/wp\/v2\/comments?post=4523"}],"version-history":[{"count":1,"href":"https:\/\/www.svalbard.fr\/actualites\/wp-json\/wp\/v2\/posts\/4523\/revisions"}],"predecessor-version":[{"id":4525,"href":"https:\/\/www.svalbard.fr\/actualites\/wp-json\/wp\/v2\/posts\/4523\/revisions\/4525"}],"wp:featuredmedia":[{"embeddable":true,"href":"https:\/\/www.svalbard.fr\/actualites\/wp-json\/wp\/v2\/media\/4524"}],"wp:attachment":[{"href":"https:\/\/www.svalbard.fr\/actualites\/wp-json\/wp\/v2\/media?parent=4523"}],"wp:term":[{"taxonomy":"category","embeddable":true,"href":"https:\/\/www.svalbard.fr\/actualites\/wp-json\/wp\/v2\/categories?post=4523"},{"taxonomy":"post_tag","embeddable":true,"href":"https:\/\/www.svalbard.fr\/actualites\/wp-json\/wp\/v2\/tags?post=4523"}],"curies":[{"name":"wp","href":"https:\/\/api.w.org\/{rel}","templated":true}]}}