{"id":4526,"date":"2025-07-05T06:30:00","date_gmt":"2025-07-05T04:30:00","guid":{"rendered":"https:\/\/www.svalbard.fr\/actualites\/?p=4526"},"modified":"2025-07-03T08:11:06","modified_gmt":"2025-07-03T06:11:06","slug":"greve-inedite-chez-lidl-a-paimpol-pourquoi-les-salaries-ne-lachent-rien","status":"publish","type":"post","link":"https:\/\/www.svalbard.fr\/actualites\/greve-inedite-chez-lidl-a-paimpol-pourquoi-les-salaries-ne-lachent-rien\/","title":{"rendered":"Gr\u00e8ve in\u00e9dite chez Lidl \u00e0 Paimpol : pourquoi les salari\u00e9s ne l\u00e2chent rien"},"content":{"rendered":"\n<p><strong><em>Ce vendredi matin \u00e0 Paimpol, les portes du supermarch\u00e9 Lidl sont rest\u00e9es closes. Une premi\u00e8re pour cette \u00e9quipe soud\u00e9e, bien d\u00e9cid\u00e9e \u00e0 se faire entendre sur des sujets qui les touchent de pr\u00e8s : conditions de travail, reconnaissance, effectifs\u2026 Une mobilisation locale qui r\u00e9sonne \u00e0 l\u2019\u00e9chelle nationale.<\/em><\/strong><\/p>\n\n\n\n<!--more-->\n\n\n\n<h2 class=\"wp-block-heading\">Une gr\u00e8ve matinale qui surprend\u2026 et mobilise<\/h2>\n\n\n\n<p>\u00c0 10 h tapantes, les clients du Lidl de Paimpol ont d\u00e9couvert un <a href=\"https:\/\/www.svalbard.fr\/actualites\/le-magasin-phare-norrona-a-oslo-redefinit-le-travel-retail-scandinave\/\"><strong>magasin<\/strong><\/a> ferm\u00e9. Pas pour inventaire ni pour cause technique, mais pour une <strong>gr\u00e8ve spontan\u00e9e<\/strong>. L\u2019\u00e9quipe du matin, d\u2019ordinaire discr\u00e8te et professionnelle, a d\u00e9cid\u00e9 collectivement de cesser le travail. Un choix fort, assum\u00e9, et surtout in\u00e9dit dans ce magasin breton.<\/p>\n\n\n\n<p>\u00ab C\u2019est la premi\u00e8re fois qu\u2019on en arrive l\u00e0, mais c\u2019\u00e9tait n\u00e9cessaire \u00bb, ont confi\u00e9 plusieurs salari\u00e9s, visiblement \u00e9mus mais d\u00e9termin\u00e9s. <strong>Conditions de travail d\u00e9grad\u00e9es<\/strong>, <strong>sous-effectif chronique<\/strong>, <strong>absence de reconnaissance<\/strong> : les griefs sont clairs, et surtout, partag\u00e9s. Car si l\u2019initiative est locale, elle s\u2019inscrit dans un mouvement national plus large qui gronde depuis plusieurs mois dans l\u2019enseigne.<\/p>\n\n\n\n<h2 class=\"wp-block-heading\">Une d\u00e9marche solidaire et bien per\u00e7ue<\/h2>\n\n\n\n<p>Malgr\u00e9 la surprise, la r\u00e9action des clients a \u00e9t\u00e9 dans l\u2019ensemble bienveillante. Sur le parking, les gr\u00e9vistes ont expliqu\u00e9 calmement la situation, \u00e9changeant quelques mots avec les habitu\u00e9s du magasin. Pas de cris, pas de tension, juste une <strong>envie d\u2019\u00eatre \u00e9cout\u00e9s<\/strong>, pour une fois.<\/p>\n\n\n\n<p>Il faut dire que les consommateurs eux-m\u00eames sont t\u00e9moins de certains dysfonctionnements : files d\u2019attente interminables, rayons parfois vides, salari\u00e9s visiblement \u00e9puis\u00e9s. Alors voir ces visages familiers prendre la parole n\u2019a pas choqu\u00e9, bien au contraire.<\/p>\n\n\n\n<h2 class=\"wp-block-heading\">Un mal-\u00eatre qui d\u00e9passe les fronti\u00e8res de Paimpol<\/h2>\n\n\n\n<p>Ce qui se passe \u00e0 Paimpol n\u2019est pas un cas isol\u00e9. Selon les chiffres de la CGT et les derniers rapports de l\u2019INRS (Institut national de recherche et de s\u00e9curit\u00e9), les m\u00e9tiers de la grande distribution figurent parmi les plus touch\u00e9s par les troubles musculo-squelettiques et le <strong>burn-out professionnel<\/strong>. Des t\u00e2ches physiques, des cadences \u00e9lev\u00e9es, et souvent un <strong>manque de moyens humains<\/strong> pour tout absorber.<\/p>\n\n\n\n<p>Dans certains cas, des salari\u00e9s se retrouvent seuls en rayon, contraints de jongler entre r\u00e9assort, caisse, nettoyage et gestion des clients. Une polyvalence impos\u00e9e, sans r\u00e9elle <strong>valorisation salariale<\/strong> ni reconnaissance manag\u00e9riale. \u00c0 long terme, cela use, physiquement et moralement.<\/p>\n\n\n\n<h2 class=\"wp-block-heading\">Une ouverture partielle et une suite incertaine<\/h2>\n\n\n\n<p>Peu apr\u00e8s l\u2019arriv\u00e9e de l\u2019<a href=\"https:\/\/www.svalbard.fr\/actualites\/une-avancee-majeure-dune-equipe-americaine-vers-le-reve-ecologique-ultime-transformer-le-co2-en-carburant\/\"><strong>\u00e9quipe<\/strong><\/a> de l\u2019apr\u00e8s-midi, les portes du magasin ont rouvert. Pas de reprise g\u00e9n\u00e9rale, mais une activit\u00e9 partielle, juste de quoi assurer un service minimal. <strong>La mobilisation, elle, n\u2019est pas termin\u00e9e.<\/strong> \u00ab On a voulu marquer un coup. Maintenant, on attend des r\u00e9ponses \u00bb, souffle un salari\u00e9.<\/p>\n\n\n\n<p>Le geste fort des employ\u00e9s de Paimpol pourrait bien faire des \u00e9mules ailleurs. Car cette gr\u00e8ve, bien qu\u2019unique sur ce site, illustre un <strong>ras-le-bol g\u00e9n\u00e9ralis\u00e9<\/strong> que beaucoup n\u2019osent pas encore exprimer \u00e0 voix haute. Mais la br\u00e8che est ouverte. Et dans les all\u00e9es de la grande distribution, les silences commencent \u00e0 faire place \u00e0 la parole.<\/p>\n","protected":false},"excerpt":{"rendered":"<p>Ce vendredi matin \u00e0 Paimpol, les portes du supermarch\u00e9 Lidl sont rest\u00e9es closes. Une premi\u00e8re pour cette \u00e9quipe soud\u00e9e, bien d\u00e9cid\u00e9e \u00e0 se faire entendre<\/p>\n","protected":false},"author":3,"featured_media":4527,"comment_status":"closed","ping_status":"closed","sticky":false,"template":"","format":"standard","meta":{"footnotes":""},"categories":[1725],"tags":[],"yoast_head":"<!-- This site is optimized with the Yoast SEO plugin v21.0 - https:\/\/yoast.com\/wordpress\/plugins\/seo\/ -->\n<title>Gr\u00e8ve in\u00e9dite chez Lidl \u00e0 Paimpol : pourquoi les salari\u00e9s ne l\u00e2chent rien<\/title>\n<meta name=\"robots\" content=\"index, follow, max-snippet:-1, max-image-preview:large, max-video-preview:-1\" \/>\n<link rel=\"canonical\" href=\"https:\/\/www.svalbard.fr\/actualites\/greve-inedite-chez-lidl-a-paimpol-pourquoi-les-salaries-ne-lachent-rien\/\" \/>\n<meta property=\"og:locale\" content=\"fr_FR\" \/>\n<meta property=\"og:type\" content=\"article\" \/>\n<meta property=\"og:title\" content=\"Gr\u00e8ve in\u00e9dite chez Lidl \u00e0 Paimpol : pourquoi les salari\u00e9s ne l\u00e2chent rien\" \/>\n<meta property=\"og:description\" content=\"Ce vendredi matin \u00e0 Paimpol, les portes du supermarch\u00e9 Lidl sont rest\u00e9es closes. Une premi\u00e8re pour cette \u00e9quipe soud\u00e9e, bien d\u00e9cid\u00e9e \u00e0 se faire entendre\" \/>\n<meta property=\"og:url\" content=\"https:\/\/www.svalbard.fr\/actualites\/greve-inedite-chez-lidl-a-paimpol-pourquoi-les-salaries-ne-lachent-rien\/\" \/>\n<meta property=\"og:site_name\" content=\"www.Svalbard.fr\" \/>\n<meta property=\"article:published_time\" content=\"2025-07-05T04:30:00+00:00\" \/>\n<meta property=\"article:modified_time\" content=\"2025-07-03T06:11:06+00:00\" \/>\n<meta property=\"og:image\" content=\"https:\/\/www.svalbard.fr\/actualites\/wp-content\/uploads\/2025\/07\/lidl.jpg\" \/>\n\t<meta property=\"og:image:width\" content=\"1200\" \/>\n\t<meta property=\"og:image:height\" content=\"750\" \/>\n\t<meta property=\"og:image:type\" content=\"image\/jpeg\" \/>\n<meta name=\"author\" content=\"Guillaume Chen\" \/>\n<meta name=\"twitter:card\" content=\"summary_large_image\" \/>\n<meta name=\"twitter:label1\" content=\"\u00c9crit par\" \/>\n\t<meta name=\"twitter:data1\" content=\"Guillaume Chen\" \/>\n\t<meta name=\"twitter:label2\" content=\"Dur\u00e9e de lecture estim\u00e9e\" \/>\n\t<meta name=\"twitter:data2\" content=\"3 minutes\" \/>\n<script type=\"application\/ld+json\" class=\"yoast-schema-graph\">{\"@context\":\"https:\/\/schema.org\",\"@graph\":[{\"@type\":\"Article\",\"@id\":\"https:\/\/www.svalbard.fr\/actualites\/greve-inedite-chez-lidl-a-paimpol-pourquoi-les-salaries-ne-lachent-rien\/#article\",\"isPartOf\":{\"@id\":\"https:\/\/www.svalbard.fr\/actualites\/greve-inedite-chez-lidl-a-paimpol-pourquoi-les-salaries-ne-lachent-rien\/\"},\"author\":{\"name\":\"Guillaume Chen\",\"@id\":\"https:\/\/www.svalbard.fr\/actualites\/#\/schema\/person\/b9d185560b94bff7322d37cb676ee545\"},\"headline\":\"Gr\u00e8ve in\u00e9dite chez Lidl \u00e0 Paimpol : pourquoi les salari\u00e9s ne l\u00e2chent rien\",\"datePublished\":\"2025-07-05T04:30:00+00:00\",\"dateModified\":\"2025-07-03T06:11:06+00:00\",\"mainEntityOfPage\":{\"@id\":\"https:\/\/www.svalbard.fr\/actualites\/greve-inedite-chez-lidl-a-paimpol-pourquoi-les-salaries-ne-lachent-rien\/\"},\"wordCount\":552,\"publisher\":{\"@id\":\"https:\/\/www.svalbard.fr\/actualites\/#organization\"},\"articleSection\":[\"Tendances\"],\"inLanguage\":\"fr-FR\"},{\"@type\":\"WebPage\",\"@id\":\"https:\/\/www.svalbard.fr\/actualites\/greve-inedite-chez-lidl-a-paimpol-pourquoi-les-salaries-ne-lachent-rien\/\",\"url\":\"https:\/\/www.svalbard.fr\/actualites\/greve-inedite-chez-lidl-a-paimpol-pourquoi-les-salaries-ne-lachent-rien\/\",\"name\":\"Gr\u00e8ve in\u00e9dite chez Lidl \u00e0 Paimpol : pourquoi les salari\u00e9s ne l\u00e2chent rien\",\"isPartOf\":{\"@id\":\"https:\/\/www.svalbard.fr\/actualites\/#website\"},\"datePublished\":\"2025-07-05T04:30:00+00:00\",\"dateModified\":\"2025-07-03T06:11:06+00:00\",\"breadcrumb\":{\"@id\":\"https:\/\/www.svalbard.fr\/actualites\/greve-inedite-chez-lidl-a-paimpol-pourquoi-les-salaries-ne-lachent-rien\/#breadcrumb\"},\"inLanguage\":\"fr-FR\",\"potentialAction\":[{\"@type\":\"ReadAction\",\"target\":[\"https:\/\/www.svalbard.fr\/actualites\/greve-inedite-chez-lidl-a-paimpol-pourquoi-les-salaries-ne-lachent-rien\/\"]}]},{\"@type\":\"BreadcrumbList\",\"@id\":\"https:\/\/www.svalbard.fr\/actualites\/greve-inedite-chez-lidl-a-paimpol-pourquoi-les-salaries-ne-lachent-rien\/#breadcrumb\",\"itemListElement\":[{\"@type\":\"ListItem\",\"position\":1,\"name\":\"Accueil\",\"item\":\"https:\/\/www.svalbard.fr\/actualites\/\"},{\"@type\":\"ListItem\",\"position\":2,\"name\":\"Gr\u00e8ve in\u00e9dite chez Lidl \u00e0 Paimpol : pourquoi les salari\u00e9s ne l\u00e2chent rien\"}]},{\"@type\":\"WebSite\",\"@id\":\"https:\/\/www.svalbard.fr\/actualites\/#website\",\"url\":\"https:\/\/www.svalbard.fr\/actualites\/\",\"name\":\"www.Svalbard.fr\",\"description\":\"\",\"publisher\":{\"@id\":\"https:\/\/www.svalbard.fr\/actualites\/#organization\"},\"potentialAction\":[{\"@type\":\"SearchAction\",\"target\":{\"@type\":\"EntryPoint\",\"urlTemplate\":\"https:\/\/www.svalbard.fr\/actualites\/?s={search_term_string}\"},\"query-input\":\"required name=search_term_string\"}],\"inLanguage\":\"fr-FR\"},{\"@type\":\"Organization\",\"@id\":\"https:\/\/www.svalbard.fr\/actualites\/#organization\",\"name\":\"www.Svalbard.fr\",\"url\":\"https:\/\/www.svalbard.fr\/actualites\/\",\"logo\":{\"@type\":\"ImageObject\",\"inLanguage\":\"fr-FR\",\"@id\":\"https:\/\/www.svalbard.fr\/actualites\/#\/schema\/logo\/image\/\",\"url\":\"https:\/\/www.svalbard.fr\/actualites\/wp-content\/uploads\/2023\/09\/head-nom.jpg\",\"contentUrl\":\"https:\/\/www.svalbard.fr\/actualites\/wp-content\/uploads\/2023\/09\/head-nom.jpg\",\"width\":264,\"height\":35,\"caption\":\"www.Svalbard.fr\"},\"image\":{\"@id\":\"https:\/\/www.svalbard.fr\/actualites\/#\/schema\/logo\/image\/\"}},{\"@type\":\"Person\",\"@id\":\"https:\/\/www.svalbard.fr\/actualites\/#\/schema\/person\/b9d185560b94bff7322d37cb676ee545\",\"name\":\"Guillaume Chen\",\"image\":{\"@type\":\"ImageObject\",\"inLanguage\":\"fr-FR\",\"@id\":\"https:\/\/www.svalbard.fr\/actualites\/#\/schema\/person\/image\/\",\"url\":\"https:\/\/secure.gravatar.com\/avatar\/0c3f9c94586035b795ad4049a06fb048?s=96&d=mm&r=g\",\"contentUrl\":\"https:\/\/secure.gravatar.com\/avatar\/0c3f9c94586035b795ad4049a06fb048?s=96&d=mm&r=g\",\"caption\":\"Guillaume Chen\"},\"sameAs\":[\"https:\/\/www.svalbard.fr\/\"]}]}<\/script>\n<!-- \/ Yoast SEO plugin. -->","yoast_head_json":{"title":"Gr\u00e8ve in\u00e9dite chez Lidl \u00e0 Paimpol : pourquoi les salari\u00e9s ne l\u00e2chent rien","robots":{"index":"index","follow":"follow","max-snippet":"max-snippet:-1","max-image-preview":"max-image-preview:large","max-video-preview":"max-video-preview:-1"},"canonical":"https:\/\/www.svalbard.fr\/actualites\/greve-inedite-chez-lidl-a-paimpol-pourquoi-les-salaries-ne-lachent-rien\/","og_locale":"fr_FR","og_type":"article","og_title":"Gr\u00e8ve in\u00e9dite chez Lidl \u00e0 Paimpol : pourquoi les salari\u00e9s ne l\u00e2chent rien","og_description":"Ce vendredi matin \u00e0 Paimpol, les portes du supermarch\u00e9 Lidl sont rest\u00e9es closes. Une premi\u00e8re pour cette \u00e9quipe soud\u00e9e, bien d\u00e9cid\u00e9e \u00e0 se faire entendre","og_url":"https:\/\/www.svalbard.fr\/actualites\/greve-inedite-chez-lidl-a-paimpol-pourquoi-les-salaries-ne-lachent-rien\/","og_site_name":"www.Svalbard.fr","article_published_time":"2025-07-05T04:30:00+00:00","article_modified_time":"2025-07-03T06:11:06+00:00","og_image":[{"width":1200,"height":750,"url":"https:\/\/www.svalbard.fr\/actualites\/wp-content\/uploads\/2025\/07\/lidl.jpg","type":"image\/jpeg"}],"author":"Guillaume Chen","twitter_card":"summary_large_image","twitter_misc":{"\u00c9crit par":"Guillaume Chen","Dur\u00e9e de lecture estim\u00e9e":"3 minutes"},"schema":{"@context":"https:\/\/schema.org","@graph":[{"@type":"Article","@id":"https:\/\/www.svalbard.fr\/actualites\/greve-inedite-chez-lidl-a-paimpol-pourquoi-les-salaries-ne-lachent-rien\/#article","isPartOf":{"@id":"https:\/\/www.svalbard.fr\/actualites\/greve-inedite-chez-lidl-a-paimpol-pourquoi-les-salaries-ne-lachent-rien\/"},"author":{"name":"Guillaume Chen","@id":"https:\/\/www.svalbard.fr\/actualites\/#\/schema\/person\/b9d185560b94bff7322d37cb676ee545"},"headline":"Gr\u00e8ve in\u00e9dite chez Lidl \u00e0 Paimpol : pourquoi les salari\u00e9s ne l\u00e2chent rien","datePublished":"2025-07-05T04:30:00+00:00","dateModified":"2025-07-03T06:11:06+00:00","mainEntityOfPage":{"@id":"https:\/\/www.svalbard.fr\/actualites\/greve-inedite-chez-lidl-a-paimpol-pourquoi-les-salaries-ne-lachent-rien\/"},"wordCount":552,"publisher":{"@id":"https:\/\/www.svalbard.fr\/actualites\/#organization"},"articleSection":["Tendances"],"inLanguage":"fr-FR"},{"@type":"WebPage","@id":"https:\/\/www.svalbard.fr\/actualites\/greve-inedite-chez-lidl-a-paimpol-pourquoi-les-salaries-ne-lachent-rien\/","url":"https:\/\/www.svalbard.fr\/actualites\/greve-inedite-chez-lidl-a-paimpol-pourquoi-les-salaries-ne-lachent-rien\/","name":"Gr\u00e8ve in\u00e9dite chez Lidl \u00e0 Paimpol : pourquoi les salari\u00e9s ne l\u00e2chent rien","isPartOf":{"@id":"https:\/\/www.svalbard.fr\/actualites\/#website"},"datePublished":"2025-07-05T04:30:00+00:00","dateModified":"2025-07-03T06:11:06+00:00","breadcrumb":{"@id":"https:\/\/www.svalbard.fr\/actualites\/greve-inedite-chez-lidl-a-paimpol-pourquoi-les-salaries-ne-lachent-rien\/#breadcrumb"},"inLanguage":"fr-FR","potentialAction":[{"@type":"ReadAction","target":["https:\/\/www.svalbard.fr\/actualites\/greve-inedite-chez-lidl-a-paimpol-pourquoi-les-salaries-ne-lachent-rien\/"]}]},{"@type":"BreadcrumbList","@id":"https:\/\/www.svalbard.fr\/actualites\/greve-inedite-chez-lidl-a-paimpol-pourquoi-les-salaries-ne-lachent-rien\/#breadcrumb","itemListElement":[{"@type":"ListItem","position":1,"name":"Accueil","item":"https:\/\/www.svalbard.fr\/actualites\/"},{"@type":"ListItem","position":2,"name":"Gr\u00e8ve in\u00e9dite chez Lidl \u00e0 Paimpol : pourquoi les salari\u00e9s ne l\u00e2chent rien"}]},{"@type":"WebSite","@id":"https:\/\/www.svalbard.fr\/actualites\/#website","url":"https:\/\/www.svalbard.fr\/actualites\/","name":"www.Svalbard.fr","description":"","publisher":{"@id":"https:\/\/www.svalbard.fr\/actualites\/#organization"},"potentialAction":[{"@type":"SearchAction","target":{"@type":"EntryPoint","urlTemplate":"https:\/\/www.svalbard.fr\/actualites\/?s={search_term_string}"},"query-input":"required name=search_term_string"}],"inLanguage":"fr-FR"},{"@type":"Organization","@id":"https:\/\/www.svalbard.fr\/actualites\/#organization","name":"www.Svalbard.fr","url":"https:\/\/www.svalbard.fr\/actualites\/","logo":{"@type":"ImageObject","inLanguage":"fr-FR","@id":"https:\/\/www.svalbard.fr\/actualites\/#\/schema\/logo\/image\/","url":"https:\/\/www.svalbard.fr\/actualites\/wp-content\/uploads\/2023\/09\/head-nom.jpg","contentUrl":"https:\/\/www.svalbard.fr\/actualites\/wp-content\/uploads\/2023\/09\/head-nom.jpg","width":264,"height":35,"caption":"www.Svalbard.fr"},"image":{"@id":"https:\/\/www.svalbard.fr\/actualites\/#\/schema\/logo\/image\/"}},{"@type":"Person","@id":"https:\/\/www.svalbard.fr\/actualites\/#\/schema\/person\/b9d185560b94bff7322d37cb676ee545","name":"Guillaume Chen","image":{"@type":"ImageObject","inLanguage":"fr-FR","@id":"https:\/\/www.svalbard.fr\/actualites\/#\/schema\/person\/image\/","url":"https:\/\/secure.gravatar.com\/avatar\/0c3f9c94586035b795ad4049a06fb048?s=96&d=mm&r=g","contentUrl":"https:\/\/secure.gravatar.com\/avatar\/0c3f9c94586035b795ad4049a06fb048?s=96&d=mm&r=g","caption":"Guillaume Chen"},"sameAs":["https:\/\/www.svalbard.fr\/"]}]}},"_links":{"self":[{"href":"https:\/\/www.svalbard.fr\/actualites\/wp-json\/wp\/v2\/posts\/4526"}],"collection":[{"href":"https:\/\/www.svalbard.fr\/actualites\/wp-json\/wp\/v2\/posts"}],"about":[{"href":"https:\/\/www.svalbard.fr\/actualites\/wp-json\/wp\/v2\/types\/post"}],"author":[{"embeddable":true,"href":"https:\/\/www.svalbard.fr\/actualites\/wp-json\/wp\/v2\/users\/3"}],"replies":[{"embeddable":true,"href":"https:\/\/www.svalbard.fr\/actualites\/wp-json\/wp\/v2\/comments?post=4526"}],"version-history":[{"count":1,"href":"https:\/\/www.svalbard.fr\/actualites\/wp-json\/wp\/v2\/posts\/4526\/revisions"}],"predecessor-version":[{"id":4528,"href":"https:\/\/www.svalbard.fr\/actualites\/wp-json\/wp\/v2\/posts\/4526\/revisions\/4528"}],"wp:featuredmedia":[{"embeddable":true,"href":"https:\/\/www.svalbard.fr\/actualites\/wp-json\/wp\/v2\/media\/4527"}],"wp:attachment":[{"href":"https:\/\/www.svalbard.fr\/actualites\/wp-json\/wp\/v2\/media?parent=4526"}],"wp:term":[{"taxonomy":"category","embeddable":true,"href":"https:\/\/www.svalbard.fr\/actualites\/wp-json\/wp\/v2\/categories?post=4526"},{"taxonomy":"post_tag","embeddable":true,"href":"https:\/\/www.svalbard.fr\/actualites\/wp-json\/wp\/v2\/tags?post=4526"}],"curies":[{"name":"wp","href":"https:\/\/api.w.org\/{rel}","templated":true}]}}