{"id":4529,"date":"2025-07-05T08:30:00","date_gmt":"2025-07-05T06:30:00","guid":{"rendered":"https:\/\/www.svalbard.fr\/actualites\/?p=4529"},"modified":"2025-07-03T08:17:13","modified_gmt":"2025-07-03T06:17:13","slug":"reduction-de-la-pollution-auto-un-effet-secondaire-inattendu-pour-le-climat","status":"publish","type":"post","link":"https:\/\/www.svalbard.fr\/actualites\/reduction-de-la-pollution-auto-un-effet-secondaire-inattendu-pour-le-climat\/","title":{"rendered":"R\u00e9duction de la pollution auto : un effet secondaire inattendu pour le climat"},"content":{"rendered":"\n<p><strong><em>Diminuer la circulation automobile, c\u2019est bon pour nos poumons. Mais surprise : cela pourrait aussi favoriser la mont\u00e9e d\u2019un autre ennemi climatique bien plus discret\u2026 le m\u00e9thane.<\/em><\/strong><\/p>\n\n\n\n<!--more-->\n\n\n\n<h2 class=\"wp-block-heading\">Une accalmie sur la route\u2026 et un effet collat\u00e9ral inattendu<\/h2>\n\n\n\n<p>On s\u2019en souvient encore : au printemps 2020, les routes d\u00e9sertes, les autoroutes silencieuses et l\u2019air (presque) pur en <a href=\"https:\/\/www.svalbard.fr\/actualites\/jai-visite-37-villes-en-europe-et-ce-1-est-le-meilleur\/\"><strong>ville<\/strong><\/a>. Durant le confinement, les mesures de restriction ont permis d&rsquo;observer un ph\u00e9nom\u00e8ne rarement visible \u00e0 cette \u00e9chelle : une <strong>chute drastique des oxydes d\u2019azote<\/strong> dans l\u2019atmosph\u00e8re, ces polluants issus principalement du trafic automobile. Airparif, en r\u00e9gion parisienne, avait relev\u00e9 une am\u00e9lioration notable de la qualit\u00e9 de l\u2019air \u2014 de quoi laisser penser qu\u2019un avenir moins pollu\u00e9 \u00e9tait envisageable.<\/p>\n\n\n\n<p>Mais voil\u00e0, les chiffres ont rapidement montr\u00e9 une autre r\u00e9alit\u00e9. Dans certaines zones du globe, malgr\u00e9 cette accalmie routi\u00e8re, une autre substance a vu ses taux grimper : le <strong>m\u00e9thane<\/strong>, un gaz \u00e0 effet de serre encore plus redoutable que le CO2. Et l\u00e0, \u00e7a coince.<\/p>\n\n\n\n<h2 class=\"wp-block-heading\">Un \u00e9quilibre chimique plus fragile qu\u2019il n\u2019y para\u00eet<\/h2>\n\n\n\n<p>Le lien, bien qu\u2019invisible \u00e0 l\u2019\u0153il nu, est tout \u00e0 fait r\u00e9el. Selon une \u00e9tude dirig\u00e9e par le professeur Shushi Peng (universit\u00e9 de P\u00e9kin), publi\u00e9e dans la revue <em>Nature<\/em>, la diminution des oxydes d\u2019azote n\u2019est pas sans cons\u00e9quences chimiques. Ces oxydes, une fois dans l\u2019atmosph\u00e8re, participent \u00e0 la formation de <strong>radicaux hydroxyles<\/strong> (OH). Or ces derniers jouent un r\u00f4le essentiel : ils aident \u00e0 <strong>neutraliser le m\u00e9thane<\/strong> en le d\u00e9gradant.<\/p>\n\n\n\n<p>Moins d\u2019oxydes d\u2019azote = moins de radicaux hydroxyles = <strong>plus de m\u00e9thane persistant<\/strong> dans l\u2019air. C\u2019est math\u00e9matique, mais surtout pr\u00e9occupant. Car ce gaz est capable de <strong>pi\u00e9ger plus de 80 fois la chaleur<\/strong> du CO2 sur une p\u00e9riode de 20 ans, selon le GIEC. Autrement dit, m\u00eame en quantit\u00e9 plus faible, il frappe fort.<\/p>\n\n\n\n<h2 class=\"wp-block-heading\">Un r\u00e9chauffement qui alimente la machine<\/h2>\n\n\n\n<p>Ce n\u2019est pas tout. L\u2019augmentation du m\u00e9thane n\u2019est pas uniquement due aux voitures \u00e0 l\u2019arr\u00eat. Le <strong>r\u00e9chauffement climatique lui-m\u00eame lib\u00e8re du m\u00e9thane naturel<\/strong> contenu dans des zones humides comme les tourbi\u00e8res, mar\u00e9cages ou perg\u00e9lisols en d\u00e9gel. Un cercle vicieux s\u2019installe : plus il fait chaud, plus le m\u00e9thane s\u2019\u00e9chappe, ce qui renforce encore l\u2019effet de serre.<\/p>\n\n\n\n<p>Il ne s\u2019agit \u00e9videmment pas de plaider pour une hausse artificielle de la pollution urbaine pour \u00ab\u00a0rattraper\u00a0\u00bb ce m\u00e9thane. L\u2019<strong>oxyde d\u2019azote reste un polluant dangereux<\/strong>, impliqu\u00e9 dans de nombreuses pathologies respiratoires et cardiovasculaires, selon l\u2019OMS.<\/p>\n\n\n\n<h2 class=\"wp-block-heading\">Trouver une solution sans aggraver le probl\u00e8me<\/h2>\n\n\n\n<p>Alors, que faire ? Ce paradoxe met en lumi\u00e8re un d\u00e9fi de taille pour les politiques environnementales. Il ne suffit pas de <strong>r\u00e9duire un polluant en esp\u00e9rant un effet domino positif<\/strong> sur l\u2019ensemble du climat. Il faut <strong>penser en syst\u00e8mes<\/strong>, en interactions, en \u00e9quilibres. Et surtout, \u00e9viter les r\u00e9ponses simplistes \u00e0 des <strong><a href=\"https:\/\/www.svalbard.fr\/actualites\/panique-en-suede-et-en-norvege-car-ils-realisent-que-la-vie-sans-especes-provoque-des-problemes-majeurs\/\">probl\u00e8mes<\/a> <\/strong>complexes.<\/p>\n\n\n\n<p>Des solutions existent : renforcer la <strong>capture du m\u00e9thane<\/strong> dans les d\u00e9charges ou les exploitations agricoles, d\u00e9velopper des technologies de purification de l\u2019air ambiant, ou encore r\u00e9former les transports pour qu\u2019ils soient <strong>z\u00e9ro \u00e9mission<\/strong>, sans perturber d\u2019autres \u00e9quilibres chimiques.<\/p>\n\n\n\n<p>Car dans cette affaire, il ne s\u2019agit pas seulement de rouler moins, mais de <strong>r\u00e9apprendre \u00e0 respirer mieux, durablement<\/strong>. Et visiblement, la nature, elle, n\u2019a pas fini de nous surprendre.<\/p>\n","protected":false},"excerpt":{"rendered":"<p>Diminuer la circulation automobile, c\u2019est bon pour nos poumons. Mais surprise : cela pourrait aussi favoriser la mont\u00e9e d\u2019un autre ennemi climatique bien plus discret\u2026<\/p>\n","protected":false},"author":3,"featured_media":4530,"comment_status":"closed","ping_status":"closed","sticky":false,"template":"","format":"standard","meta":{"footnotes":""},"categories":[1725],"tags":[],"yoast_head":"<!-- This site is optimized with the Yoast SEO plugin v21.0 - https:\/\/yoast.com\/wordpress\/plugins\/seo\/ -->\n<title>R\u00e9duction de la pollution auto : un effet secondaire inattendu pour le climat<\/title>\n<meta name=\"robots\" content=\"index, follow, max-snippet:-1, max-image-preview:large, max-video-preview:-1\" \/>\n<link rel=\"canonical\" href=\"https:\/\/www.svalbard.fr\/actualites\/reduction-de-la-pollution-auto-un-effet-secondaire-inattendu-pour-le-climat\/\" \/>\n<meta property=\"og:locale\" content=\"fr_FR\" \/>\n<meta property=\"og:type\" content=\"article\" \/>\n<meta property=\"og:title\" content=\"R\u00e9duction de la pollution auto : un effet secondaire inattendu pour le climat\" \/>\n<meta property=\"og:description\" content=\"Diminuer la circulation automobile, c\u2019est bon pour nos poumons. Mais surprise : cela pourrait aussi favoriser la mont\u00e9e d\u2019un autre ennemi climatique bien plus discret\u2026\" \/>\n<meta property=\"og:url\" content=\"https:\/\/www.svalbard.fr\/actualites\/reduction-de-la-pollution-auto-un-effet-secondaire-inattendu-pour-le-climat\/\" \/>\n<meta property=\"og:site_name\" content=\"www.Svalbard.fr\" \/>\n<meta property=\"article:published_time\" content=\"2025-07-05T06:30:00+00:00\" \/>\n<meta property=\"article:modified_time\" content=\"2025-07-03T06:17:13+00:00\" \/>\n<meta property=\"og:image\" content=\"https:\/\/www.svalbard.fr\/actualites\/wp-content\/uploads\/2025\/07\/S8-la-baisse-de-la-pollution-automobile-pose-un-probleme-inattendu-pour-le-rechauffement-climatique-199824.jpg\" \/>\n\t<meta property=\"og:image:width\" content=\"1200\" \/>\n\t<meta property=\"og:image:height\" content=\"704\" \/>\n\t<meta property=\"og:image:type\" content=\"image\/jpeg\" \/>\n<meta name=\"author\" content=\"Guillaume Chen\" \/>\n<meta name=\"twitter:card\" content=\"summary_large_image\" \/>\n<meta name=\"twitter:label1\" content=\"\u00c9crit par\" \/>\n\t<meta name=\"twitter:data1\" content=\"Guillaume Chen\" \/>\n\t<meta name=\"twitter:label2\" content=\"Dur\u00e9e de lecture estim\u00e9e\" \/>\n\t<meta name=\"twitter:data2\" content=\"3 minutes\" \/>\n<script type=\"application\/ld+json\" class=\"yoast-schema-graph\">{\"@context\":\"https:\/\/schema.org\",\"@graph\":[{\"@type\":\"Article\",\"@id\":\"https:\/\/www.svalbard.fr\/actualites\/reduction-de-la-pollution-auto-un-effet-secondaire-inattendu-pour-le-climat\/#article\",\"isPartOf\":{\"@id\":\"https:\/\/www.svalbard.fr\/actualites\/reduction-de-la-pollution-auto-un-effet-secondaire-inattendu-pour-le-climat\/\"},\"author\":{\"name\":\"Guillaume Chen\",\"@id\":\"https:\/\/www.svalbard.fr\/actualites\/#\/schema\/person\/b9d185560b94bff7322d37cb676ee545\"},\"headline\":\"R\u00e9duction de la pollution auto : un effet secondaire inattendu pour le climat\",\"datePublished\":\"2025-07-05T06:30:00+00:00\",\"dateModified\":\"2025-07-03T06:17:13+00:00\",\"mainEntityOfPage\":{\"@id\":\"https:\/\/www.svalbard.fr\/actualites\/reduction-de-la-pollution-auto-un-effet-secondaire-inattendu-pour-le-climat\/\"},\"wordCount\":601,\"publisher\":{\"@id\":\"https:\/\/www.svalbard.fr\/actualites\/#organization\"},\"articleSection\":[\"Tendances\"],\"inLanguage\":\"fr-FR\"},{\"@type\":\"WebPage\",\"@id\":\"https:\/\/www.svalbard.fr\/actualites\/reduction-de-la-pollution-auto-un-effet-secondaire-inattendu-pour-le-climat\/\",\"url\":\"https:\/\/www.svalbard.fr\/actualites\/reduction-de-la-pollution-auto-un-effet-secondaire-inattendu-pour-le-climat\/\",\"name\":\"R\u00e9duction de la pollution auto : un effet secondaire inattendu pour le climat\",\"isPartOf\":{\"@id\":\"https:\/\/www.svalbard.fr\/actualites\/#website\"},\"datePublished\":\"2025-07-05T06:30:00+00:00\",\"dateModified\":\"2025-07-03T06:17:13+00:00\",\"breadcrumb\":{\"@id\":\"https:\/\/www.svalbard.fr\/actualites\/reduction-de-la-pollution-auto-un-effet-secondaire-inattendu-pour-le-climat\/#breadcrumb\"},\"inLanguage\":\"fr-FR\",\"potentialAction\":[{\"@type\":\"ReadAction\",\"target\":[\"https:\/\/www.svalbard.fr\/actualites\/reduction-de-la-pollution-auto-un-effet-secondaire-inattendu-pour-le-climat\/\"]}]},{\"@type\":\"BreadcrumbList\",\"@id\":\"https:\/\/www.svalbard.fr\/actualites\/reduction-de-la-pollution-auto-un-effet-secondaire-inattendu-pour-le-climat\/#breadcrumb\",\"itemListElement\":[{\"@type\":\"ListItem\",\"position\":1,\"name\":\"Accueil\",\"item\":\"https:\/\/www.svalbard.fr\/actualites\/\"},{\"@type\":\"ListItem\",\"position\":2,\"name\":\"R\u00e9duction de la pollution auto : un effet secondaire inattendu pour le climat\"}]},{\"@type\":\"WebSite\",\"@id\":\"https:\/\/www.svalbard.fr\/actualites\/#website\",\"url\":\"https:\/\/www.svalbard.fr\/actualites\/\",\"name\":\"www.Svalbard.fr\",\"description\":\"\",\"publisher\":{\"@id\":\"https:\/\/www.svalbard.fr\/actualites\/#organization\"},\"potentialAction\":[{\"@type\":\"SearchAction\",\"target\":{\"@type\":\"EntryPoint\",\"urlTemplate\":\"https:\/\/www.svalbard.fr\/actualites\/?s={search_term_string}\"},\"query-input\":\"required name=search_term_string\"}],\"inLanguage\":\"fr-FR\"},{\"@type\":\"Organization\",\"@id\":\"https:\/\/www.svalbard.fr\/actualites\/#organization\",\"name\":\"www.Svalbard.fr\",\"url\":\"https:\/\/www.svalbard.fr\/actualites\/\",\"logo\":{\"@type\":\"ImageObject\",\"inLanguage\":\"fr-FR\",\"@id\":\"https:\/\/www.svalbard.fr\/actualites\/#\/schema\/logo\/image\/\",\"url\":\"https:\/\/www.svalbard.fr\/actualites\/wp-content\/uploads\/2023\/09\/head-nom.jpg\",\"contentUrl\":\"https:\/\/www.svalbard.fr\/actualites\/wp-content\/uploads\/2023\/09\/head-nom.jpg\",\"width\":264,\"height\":35,\"caption\":\"www.Svalbard.fr\"},\"image\":{\"@id\":\"https:\/\/www.svalbard.fr\/actualites\/#\/schema\/logo\/image\/\"}},{\"@type\":\"Person\",\"@id\":\"https:\/\/www.svalbard.fr\/actualites\/#\/schema\/person\/b9d185560b94bff7322d37cb676ee545\",\"name\":\"Guillaume Chen\",\"image\":{\"@type\":\"ImageObject\",\"inLanguage\":\"fr-FR\",\"@id\":\"https:\/\/www.svalbard.fr\/actualites\/#\/schema\/person\/image\/\",\"url\":\"https:\/\/secure.gravatar.com\/avatar\/0c3f9c94586035b795ad4049a06fb048?s=96&d=mm&r=g\",\"contentUrl\":\"https:\/\/secure.gravatar.com\/avatar\/0c3f9c94586035b795ad4049a06fb048?s=96&d=mm&r=g\",\"caption\":\"Guillaume Chen\"},\"sameAs\":[\"https:\/\/www.svalbard.fr\/\"]}]}<\/script>\n<!-- \/ Yoast SEO plugin. -->","yoast_head_json":{"title":"R\u00e9duction de la pollution auto : un effet secondaire inattendu pour le climat","robots":{"index":"index","follow":"follow","max-snippet":"max-snippet:-1","max-image-preview":"max-image-preview:large","max-video-preview":"max-video-preview:-1"},"canonical":"https:\/\/www.svalbard.fr\/actualites\/reduction-de-la-pollution-auto-un-effet-secondaire-inattendu-pour-le-climat\/","og_locale":"fr_FR","og_type":"article","og_title":"R\u00e9duction de la pollution auto : un effet secondaire inattendu pour le climat","og_description":"Diminuer la circulation automobile, c\u2019est bon pour nos poumons. Mais surprise : cela pourrait aussi favoriser la mont\u00e9e d\u2019un autre ennemi climatique bien plus discret\u2026","og_url":"https:\/\/www.svalbard.fr\/actualites\/reduction-de-la-pollution-auto-un-effet-secondaire-inattendu-pour-le-climat\/","og_site_name":"www.Svalbard.fr","article_published_time":"2025-07-05T06:30:00+00:00","article_modified_time":"2025-07-03T06:17:13+00:00","og_image":[{"width":1200,"height":704,"url":"https:\/\/www.svalbard.fr\/actualites\/wp-content\/uploads\/2025\/07\/S8-la-baisse-de-la-pollution-automobile-pose-un-probleme-inattendu-pour-le-rechauffement-climatique-199824.jpg","type":"image\/jpeg"}],"author":"Guillaume Chen","twitter_card":"summary_large_image","twitter_misc":{"\u00c9crit par":"Guillaume Chen","Dur\u00e9e de lecture estim\u00e9e":"3 minutes"},"schema":{"@context":"https:\/\/schema.org","@graph":[{"@type":"Article","@id":"https:\/\/www.svalbard.fr\/actualites\/reduction-de-la-pollution-auto-un-effet-secondaire-inattendu-pour-le-climat\/#article","isPartOf":{"@id":"https:\/\/www.svalbard.fr\/actualites\/reduction-de-la-pollution-auto-un-effet-secondaire-inattendu-pour-le-climat\/"},"author":{"name":"Guillaume Chen","@id":"https:\/\/www.svalbard.fr\/actualites\/#\/schema\/person\/b9d185560b94bff7322d37cb676ee545"},"headline":"R\u00e9duction de la pollution auto : un effet secondaire inattendu pour le climat","datePublished":"2025-07-05T06:30:00+00:00","dateModified":"2025-07-03T06:17:13+00:00","mainEntityOfPage":{"@id":"https:\/\/www.svalbard.fr\/actualites\/reduction-de-la-pollution-auto-un-effet-secondaire-inattendu-pour-le-climat\/"},"wordCount":601,"publisher":{"@id":"https:\/\/www.svalbard.fr\/actualites\/#organization"},"articleSection":["Tendances"],"inLanguage":"fr-FR"},{"@type":"WebPage","@id":"https:\/\/www.svalbard.fr\/actualites\/reduction-de-la-pollution-auto-un-effet-secondaire-inattendu-pour-le-climat\/","url":"https:\/\/www.svalbard.fr\/actualites\/reduction-de-la-pollution-auto-un-effet-secondaire-inattendu-pour-le-climat\/","name":"R\u00e9duction de la pollution auto : un effet secondaire inattendu pour le climat","isPartOf":{"@id":"https:\/\/www.svalbard.fr\/actualites\/#website"},"datePublished":"2025-07-05T06:30:00+00:00","dateModified":"2025-07-03T06:17:13+00:00","breadcrumb":{"@id":"https:\/\/www.svalbard.fr\/actualites\/reduction-de-la-pollution-auto-un-effet-secondaire-inattendu-pour-le-climat\/#breadcrumb"},"inLanguage":"fr-FR","potentialAction":[{"@type":"ReadAction","target":["https:\/\/www.svalbard.fr\/actualites\/reduction-de-la-pollution-auto-un-effet-secondaire-inattendu-pour-le-climat\/"]}]},{"@type":"BreadcrumbList","@id":"https:\/\/www.svalbard.fr\/actualites\/reduction-de-la-pollution-auto-un-effet-secondaire-inattendu-pour-le-climat\/#breadcrumb","itemListElement":[{"@type":"ListItem","position":1,"name":"Accueil","item":"https:\/\/www.svalbard.fr\/actualites\/"},{"@type":"ListItem","position":2,"name":"R\u00e9duction de la pollution auto : un effet secondaire inattendu pour le climat"}]},{"@type":"WebSite","@id":"https:\/\/www.svalbard.fr\/actualites\/#website","url":"https:\/\/www.svalbard.fr\/actualites\/","name":"www.Svalbard.fr","description":"","publisher":{"@id":"https:\/\/www.svalbard.fr\/actualites\/#organization"},"potentialAction":[{"@type":"SearchAction","target":{"@type":"EntryPoint","urlTemplate":"https:\/\/www.svalbard.fr\/actualites\/?s={search_term_string}"},"query-input":"required name=search_term_string"}],"inLanguage":"fr-FR"},{"@type":"Organization","@id":"https:\/\/www.svalbard.fr\/actualites\/#organization","name":"www.Svalbard.fr","url":"https:\/\/www.svalbard.fr\/actualites\/","logo":{"@type":"ImageObject","inLanguage":"fr-FR","@id":"https:\/\/www.svalbard.fr\/actualites\/#\/schema\/logo\/image\/","url":"https:\/\/www.svalbard.fr\/actualites\/wp-content\/uploads\/2023\/09\/head-nom.jpg","contentUrl":"https:\/\/www.svalbard.fr\/actualites\/wp-content\/uploads\/2023\/09\/head-nom.jpg","width":264,"height":35,"caption":"www.Svalbard.fr"},"image":{"@id":"https:\/\/www.svalbard.fr\/actualites\/#\/schema\/logo\/image\/"}},{"@type":"Person","@id":"https:\/\/www.svalbard.fr\/actualites\/#\/schema\/person\/b9d185560b94bff7322d37cb676ee545","name":"Guillaume Chen","image":{"@type":"ImageObject","inLanguage":"fr-FR","@id":"https:\/\/www.svalbard.fr\/actualites\/#\/schema\/person\/image\/","url":"https:\/\/secure.gravatar.com\/avatar\/0c3f9c94586035b795ad4049a06fb048?s=96&d=mm&r=g","contentUrl":"https:\/\/secure.gravatar.com\/avatar\/0c3f9c94586035b795ad4049a06fb048?s=96&d=mm&r=g","caption":"Guillaume Chen"},"sameAs":["https:\/\/www.svalbard.fr\/"]}]}},"_links":{"self":[{"href":"https:\/\/www.svalbard.fr\/actualites\/wp-json\/wp\/v2\/posts\/4529"}],"collection":[{"href":"https:\/\/www.svalbard.fr\/actualites\/wp-json\/wp\/v2\/posts"}],"about":[{"href":"https:\/\/www.svalbard.fr\/actualites\/wp-json\/wp\/v2\/types\/post"}],"author":[{"embeddable":true,"href":"https:\/\/www.svalbard.fr\/actualites\/wp-json\/wp\/v2\/users\/3"}],"replies":[{"embeddable":true,"href":"https:\/\/www.svalbard.fr\/actualites\/wp-json\/wp\/v2\/comments?post=4529"}],"version-history":[{"count":1,"href":"https:\/\/www.svalbard.fr\/actualites\/wp-json\/wp\/v2\/posts\/4529\/revisions"}],"predecessor-version":[{"id":4531,"href":"https:\/\/www.svalbard.fr\/actualites\/wp-json\/wp\/v2\/posts\/4529\/revisions\/4531"}],"wp:featuredmedia":[{"embeddable":true,"href":"https:\/\/www.svalbard.fr\/actualites\/wp-json\/wp\/v2\/media\/4530"}],"wp:attachment":[{"href":"https:\/\/www.svalbard.fr\/actualites\/wp-json\/wp\/v2\/media?parent=4529"}],"wp:term":[{"taxonomy":"category","embeddable":true,"href":"https:\/\/www.svalbard.fr\/actualites\/wp-json\/wp\/v2\/categories?post=4529"},{"taxonomy":"post_tag","embeddable":true,"href":"https:\/\/www.svalbard.fr\/actualites\/wp-json\/wp\/v2\/tags?post=4529"}],"curies":[{"name":"wp","href":"https:\/\/api.w.org\/{rel}","templated":true}]}}