{"id":4535,"date":"2025-07-05T15:30:00","date_gmt":"2025-07-05T13:30:00","guid":{"rendered":"https:\/\/www.svalbard.fr\/actualites\/?p=4535"},"modified":"2025-07-03T08:28:30","modified_gmt":"2025-07-03T06:28:30","slug":"cheque-energie-2025-pourquoi-son-pouvoir-dachat-seffondre","status":"publish","type":"post","link":"https:\/\/www.svalbard.fr\/actualites\/cheque-energie-2025-pourquoi-son-pouvoir-dachat-seffondre\/","title":{"rendered":"Ch\u00e8que \u00e9nergie 2025 : pourquoi son pouvoir d\u2019achat s\u2019effondre"},"content":{"rendered":"\n<p><strong><em>Alors que les factures d\u2019\u00e9nergie s\u2019envolent, l\u2019aide cens\u00e9e prot\u00e9ger les m\u00e9nages les plus fragiles reste fig\u00e9e depuis six ans. Le ch\u00e8que \u00e9nergie, instaur\u00e9 pour lutter contre la pr\u00e9carit\u00e9 \u00e9nerg\u00e9tique, ne suit plus le rythme effr\u00e9n\u00e9 de l\u2019inflation. R\u00e9sultat : son impact r\u00e9el sur le budget des Fran\u00e7ais fond comme neige au soleil.<\/em><\/strong><\/p>\n\n\n\n<!--more-->\n\n\n\n<h2 class=\"wp-block-heading\">Une aide qui n\u2019\u00e9volue plus malgr\u00e9 l\u2019urgence<\/h2>\n\n\n\n<p>Lors de son lancement, le <strong>ch\u00e8que \u00e9nergie<\/strong> avait de quoi rassurer : il venait remplacer les anciens tarifs sociaux avec l\u2019ambition d\u2019\u00eatre plus simple et plus juste. Mais depuis 2019, c\u2019est le calme plat. Aucun ajustement structurel, si ce n\u2019est quelques <strong>\u00ab coups de pouce \u00bb ponctuels<\/strong>, vite oubli\u00e9s.<\/p>\n\n\n\n<p>En 2021 et 2022, l\u2019\u00c9tat a bien sorti le carnet de ch\u00e8ques exceptionnels, entre 100 et 200 euros. Mais ces aides temporaires n\u2019ont pas \u00e9t\u00e9 reconduites. Depuis, le montant du ch\u00e8que reste <strong>bloqu\u00e9 entre 48 \u20ac et 277 \u20ac<\/strong>, quels que soient les hausses brutales survenues entre-temps.<\/p>\n\n\n\n<p>On a vu, par exemple, des voisins recevoir leur aide annuelle&#8230; puis la perdre en un mois, absorb\u00e9e par une simple <strong><a href=\"https:\/\/www.svalbard.fr\/actualites\/lastuce-meconnue-de-la-tasse-dans-le-lave-vaisselle-votre-facture-delectricite-reduite-en-un-clin-doeil\/\">facture<\/a><\/strong> <strong>de r\u00e9gularisation<\/strong>.<\/p>\n\n\n\n<h2 class=\"wp-block-heading\">Les prix de l\u2019\u00e9nergie s\u2019emballent<\/h2>\n\n\n\n<p>Pendant ce temps-l\u00e0, la <strong>facture \u00e9nerg\u00e9tique<\/strong>, elle, n\u2019a pas attendu. Pour l\u2019\u00e9lectricit\u00e9, la note est pass\u00e9e de <strong>1290 \u20ac \u00e0 plus de 1700 \u20ac<\/strong> par an pour un foyer moyen. Une hausse de <strong>33,2 %<\/strong> en six ans. Quant au gaz, l\u2019augmentation atteint carr\u00e9ment <strong>56,8 %<\/strong>, avec un tarif qui est pass\u00e9 de <strong>0,0637 \u20ac \u00e0 0,1102 \u20ac le kWh<\/strong>.<\/p>\n\n\n\n<p>M\u00eame l\u2019inflation globale \u2014 d\u00e9j\u00e0 ressentie dans les caddies \u2014 ne rivalise pas : elle s\u2019\u00e9l\u00e8ve \u00e0 <strong>15,6 %<\/strong> depuis 2019. Autrement dit, l\u2019\u00e9nergie co\u00fbte bien plus cher que l\u2019inflation ne le justifie.<\/p>\n\n\n\n<p>Et pendant ce temps, le ch\u00e8que \u00e9nergie ? <strong>Toujours plafonn\u00e9 \u00e0 277 \u20ac<\/strong>. De quoi gratter \u00e0 peine la surface des d\u00e9penses.<\/p>\n\n\n\n<h2 class=\"wp-block-heading\">Une couverture de plus en plus symbolique<\/h2>\n\n\n\n<p>En 2019, le ch\u00e8que \u00e9nergie maximal permettait encore de <strong>couvrir environ un quart<\/strong> de la facture de gaz d\u2019un foyer type. Aujourd\u2019hui ? Moins d\u2019un cinqui\u00e8me. La <strong>part de la facture couverte<\/strong> diminue inexorablement :<\/p>\n\n\n\n<ul>\n<li>\u00c9lectricit\u00e9 : de <strong>21,5 %<\/strong> en 2019 \u00e0 <strong>16,1 %<\/strong> en 2025.<\/li>\n\n\n\n<li>Gaz : de <strong>28,7 %<\/strong> \u00e0 <strong>18,3 %<\/strong> sur la m\u00eame p\u00e9riode.<\/li>\n<\/ul>\n\n\n\n<p>La cons\u00e9quence est simple : le <strong>reste \u00e0 charge explose<\/strong>, et l\u2019aide n\u2019est plus en capacit\u00e9 d&rsquo;amortir le choc. On revient presque \u00e0 la case d\u00e9part.<\/p>\n\n\n\n<h2 class=\"wp-block-heading\">Un syst\u00e8me de plus en plus critiqu\u00e9<\/h2>\n\n\n\n<p>Ce dispositif, pourtant pens\u00e9 pour limiter la pr\u00e9carit\u00e9, montre ses limites. Le <strong>M\u00e9diateur de l\u2019\u00e9nergie<\/strong> note un bond de <strong>+85 % des coupures ou interventions pour impay\u00e9s<\/strong> entre 2019 et 2024. Autrement dit, m\u00eame aid\u00e9s, les m\u00e9nages n\u2019arrivent plus \u00e0 suivre.<\/p>\n\n\n\n<p>Certes, il existe des d\u00e9lais suppl\u00e9mentaires avant coupure, des r\u00e9ductions de frais\u2026 Mais ces mesures ressemblent plus \u00e0 un <strong>surcis administratif<\/strong> qu\u2019\u00e0 un v\u00e9ritable soutien. M\u00eame EDF, pourtant peu connu pour sa souplesse, a d\u00e9cid\u00e9 de ne plus couper compl\u00e8tement l\u2019\u00e9lectricit\u00e9, pr\u00e9f\u00e9rant limiter la puissance \u2014 une mesure qualifi\u00e9e de <strong>\u00ab plus humaine \u00bb<\/strong> par plusieurs associations comme la Fondation Abb\u00e9 Pierre.<\/p>\n\n\n\n<h2 class=\"wp-block-heading\">Une r\u00e9forme mal engag\u00e9e et un budget qui recule<\/h2>\n\n\n\n<p>Comme si cela ne suffisait pas, <strong>l\u2019enveloppe budg\u00e9taire 2025 est en baisse de 180 millions d\u2019euros<\/strong>, soit une r\u00e9duction de <strong>20 %<\/strong>. Et ce, alors que les besoins n\u2019ont jamais \u00e9t\u00e9 aussi pressants. Officiellement, cette coupe s\u2019explique par une <strong>nouvelle m\u00e9thode d\u2019attribution<\/strong> bas\u00e9e sur le foyer fiscal du titulaire du contrat, et non plus les habitants du <a href=\"https:\/\/www.svalbard.fr\/actualites\/logement-anticipez-laugmentation-de-votre-loyer-avant-le-31-decembre\/\"><strong>logement<\/strong><\/a>.<\/p>\n\n\n\n<p>Probl\u00e8me : ce changement risque d\u2019<strong>exclure automatiquement<\/strong> des milliers de b\u00e9n\u00e9ficiaires \u2014 jeunes h\u00e9berg\u00e9s, colocataires, familles \u00e9clat\u00e9es\u2026 La campagne 2024 en a \u00e9t\u00e9 l\u2019illustration parfaite : <strong>pr\u00e8s d\u2019un million de personnes \u00e9ligibles n\u2019ont rien re\u00e7u<\/strong>. Et les guichets de r\u00e9clamation n\u2019ont corrig\u00e9 la situation qu\u2019\u00e0 la marge.<\/p>\n\n\n\n<h2 class=\"wp-block-heading\">Des retards et des associations \u00e0 bout de patience<\/h2>\n\n\n\n<p>Pire encore, la <strong>campagne 2025 est retard\u00e9e<\/strong> : les premiers envois ne sont pr\u00e9vus qu\u2019en <strong>novembre<\/strong>, soit en plein c\u0153ur de l\u2019hiver. R\u00e9sultat, des m\u00e9nages devront avancer les frais alors qu\u2019ils peinent d\u00e9j\u00e0 \u00e0 boucler leur fin de mois.<\/p>\n\n\n\n<p>Plusieurs organisations, dont la <strong>Fondation pour le Logement des D\u00e9favoris\u00e9s<\/strong>, demandent une <strong>refonte totale du dispositif<\/strong>, allant jusqu\u2019\u00e0 r\u00e9clamer un <strong>triplement du ch\u00e8que \u00e9nergie<\/strong>. Car aujourd\u2019hui, il ne prot\u00e8ge plus \u2014 il amortit \u00e0 peine.<\/p>\n\n\n\n<p>\u00c0 l\u2019heure o\u00f9 le gouvernement vante ses efforts en faveur du pouvoir d\u2019achat, cette stagnation fait tache. Le ch\u00e8que \u00e9nergie, n\u00e9 pour \u00eatre un <strong>bouclier social<\/strong>, est d\u00e9sormais un <strong>parapluie perc\u00e9<\/strong>, bien trop petit pour faire face \u00e0 la temp\u00eate.<\/p>\n","protected":false},"excerpt":{"rendered":"<p>Alors que les factures d\u2019\u00e9nergie s\u2019envolent, l\u2019aide cens\u00e9e prot\u00e9ger les m\u00e9nages les plus fragiles reste fig\u00e9e depuis six ans. Le ch\u00e8que \u00e9nergie, instaur\u00e9 pour lutter<\/p>\n","protected":false},"author":3,"featured_media":4536,"comment_status":"closed","ping_status":"closed","sticky":false,"template":"","format":"standard","meta":{"footnotes":""},"categories":[1725],"tags":[],"yoast_head":"<!-- This site is optimized with the Yoast SEO plugin v21.0 - https:\/\/yoast.com\/wordpress\/plugins\/seo\/ -->\n<title>Ch\u00e8que \u00e9nergie 2025 : pourquoi son pouvoir d\u2019achat s\u2019effondre<\/title>\n<meta name=\"robots\" content=\"index, follow, max-snippet:-1, max-image-preview:large, max-video-preview:-1\" \/>\n<link rel=\"canonical\" href=\"https:\/\/www.svalbard.fr\/actualites\/cheque-energie-2025-pourquoi-son-pouvoir-dachat-seffondre\/\" \/>\n<meta property=\"og:locale\" content=\"fr_FR\" \/>\n<meta property=\"og:type\" content=\"article\" \/>\n<meta property=\"og:title\" content=\"Ch\u00e8que \u00e9nergie 2025 : pourquoi son pouvoir d\u2019achat s\u2019effondre\" \/>\n<meta property=\"og:description\" content=\"Alors que les factures d\u2019\u00e9nergie s\u2019envolent, l\u2019aide cens\u00e9e prot\u00e9ger les m\u00e9nages les plus fragiles reste fig\u00e9e depuis six ans. Le ch\u00e8que \u00e9nergie, instaur\u00e9 pour lutter\" \/>\n<meta property=\"og:url\" content=\"https:\/\/www.svalbard.fr\/actualites\/cheque-energie-2025-pourquoi-son-pouvoir-dachat-seffondre\/\" \/>\n<meta property=\"og:site_name\" content=\"www.Svalbard.fr\" \/>\n<meta property=\"article:published_time\" content=\"2025-07-05T13:30:00+00:00\" \/>\n<meta property=\"article:modified_time\" content=\"2025-07-03T06:28:30+00:00\" \/>\n<meta property=\"og:image\" content=\"https:\/\/www.svalbard.fr\/actualites\/wp-content\/uploads\/2025\/07\/cheque-energie-valeur-baisse-factures-hausse.jpg\" \/>\n\t<meta property=\"og:image:width\" content=\"1200\" \/>\n\t<meta property=\"og:image:height\" content=\"800\" \/>\n\t<meta property=\"og:image:type\" content=\"image\/jpeg\" \/>\n<meta name=\"author\" content=\"Guillaume Chen\" \/>\n<meta name=\"twitter:card\" content=\"summary_large_image\" \/>\n<meta name=\"twitter:label1\" content=\"\u00c9crit par\" \/>\n\t<meta name=\"twitter:data1\" content=\"Guillaume Chen\" \/>\n\t<meta name=\"twitter:label2\" content=\"Dur\u00e9e de lecture estim\u00e9e\" \/>\n\t<meta name=\"twitter:data2\" content=\"4 minutes\" \/>\n<script type=\"application\/ld+json\" class=\"yoast-schema-graph\">{\"@context\":\"https:\/\/schema.org\",\"@graph\":[{\"@type\":\"Article\",\"@id\":\"https:\/\/www.svalbard.fr\/actualites\/cheque-energie-2025-pourquoi-son-pouvoir-dachat-seffondre\/#article\",\"isPartOf\":{\"@id\":\"https:\/\/www.svalbard.fr\/actualites\/cheque-energie-2025-pourquoi-son-pouvoir-dachat-seffondre\/\"},\"author\":{\"name\":\"Guillaume Chen\",\"@id\":\"https:\/\/www.svalbard.fr\/actualites\/#\/schema\/person\/b9d185560b94bff7322d37cb676ee545\"},\"headline\":\"Ch\u00e8que \u00e9nergie 2025 : pourquoi son pouvoir d\u2019achat s\u2019effondre\",\"datePublished\":\"2025-07-05T13:30:00+00:00\",\"dateModified\":\"2025-07-03T06:28:30+00:00\",\"mainEntityOfPage\":{\"@id\":\"https:\/\/www.svalbard.fr\/actualites\/cheque-energie-2025-pourquoi-son-pouvoir-dachat-seffondre\/\"},\"wordCount\":787,\"publisher\":{\"@id\":\"https:\/\/www.svalbard.fr\/actualites\/#organization\"},\"articleSection\":[\"Tendances\"],\"inLanguage\":\"fr-FR\"},{\"@type\":\"WebPage\",\"@id\":\"https:\/\/www.svalbard.fr\/actualites\/cheque-energie-2025-pourquoi-son-pouvoir-dachat-seffondre\/\",\"url\":\"https:\/\/www.svalbard.fr\/actualites\/cheque-energie-2025-pourquoi-son-pouvoir-dachat-seffondre\/\",\"name\":\"Ch\u00e8que \u00e9nergie 2025 : pourquoi son pouvoir d\u2019achat s\u2019effondre\",\"isPartOf\":{\"@id\":\"https:\/\/www.svalbard.fr\/actualites\/#website\"},\"datePublished\":\"2025-07-05T13:30:00+00:00\",\"dateModified\":\"2025-07-03T06:28:30+00:00\",\"breadcrumb\":{\"@id\":\"https:\/\/www.svalbard.fr\/actualites\/cheque-energie-2025-pourquoi-son-pouvoir-dachat-seffondre\/#breadcrumb\"},\"inLanguage\":\"fr-FR\",\"potentialAction\":[{\"@type\":\"ReadAction\",\"target\":[\"https:\/\/www.svalbard.fr\/actualites\/cheque-energie-2025-pourquoi-son-pouvoir-dachat-seffondre\/\"]}]},{\"@type\":\"BreadcrumbList\",\"@id\":\"https:\/\/www.svalbard.fr\/actualites\/cheque-energie-2025-pourquoi-son-pouvoir-dachat-seffondre\/#breadcrumb\",\"itemListElement\":[{\"@type\":\"ListItem\",\"position\":1,\"name\":\"Accueil\",\"item\":\"https:\/\/www.svalbard.fr\/actualites\/\"},{\"@type\":\"ListItem\",\"position\":2,\"name\":\"Ch\u00e8que \u00e9nergie 2025 : pourquoi son pouvoir d\u2019achat s\u2019effondre\"}]},{\"@type\":\"WebSite\",\"@id\":\"https:\/\/www.svalbard.fr\/actualites\/#website\",\"url\":\"https:\/\/www.svalbard.fr\/actualites\/\",\"name\":\"www.Svalbard.fr\",\"description\":\"\",\"publisher\":{\"@id\":\"https:\/\/www.svalbard.fr\/actualites\/#organization\"},\"potentialAction\":[{\"@type\":\"SearchAction\",\"target\":{\"@type\":\"EntryPoint\",\"urlTemplate\":\"https:\/\/www.svalbard.fr\/actualites\/?s={search_term_string}\"},\"query-input\":\"required name=search_term_string\"}],\"inLanguage\":\"fr-FR\"},{\"@type\":\"Organization\",\"@id\":\"https:\/\/www.svalbard.fr\/actualites\/#organization\",\"name\":\"www.Svalbard.fr\",\"url\":\"https:\/\/www.svalbard.fr\/actualites\/\",\"logo\":{\"@type\":\"ImageObject\",\"inLanguage\":\"fr-FR\",\"@id\":\"https:\/\/www.svalbard.fr\/actualites\/#\/schema\/logo\/image\/\",\"url\":\"https:\/\/www.svalbard.fr\/actualites\/wp-content\/uploads\/2023\/09\/head-nom.jpg\",\"contentUrl\":\"https:\/\/www.svalbard.fr\/actualites\/wp-content\/uploads\/2023\/09\/head-nom.jpg\",\"width\":264,\"height\":35,\"caption\":\"www.Svalbard.fr\"},\"image\":{\"@id\":\"https:\/\/www.svalbard.fr\/actualites\/#\/schema\/logo\/image\/\"}},{\"@type\":\"Person\",\"@id\":\"https:\/\/www.svalbard.fr\/actualites\/#\/schema\/person\/b9d185560b94bff7322d37cb676ee545\",\"name\":\"Guillaume Chen\",\"image\":{\"@type\":\"ImageObject\",\"inLanguage\":\"fr-FR\",\"@id\":\"https:\/\/www.svalbard.fr\/actualites\/#\/schema\/person\/image\/\",\"url\":\"https:\/\/secure.gravatar.com\/avatar\/0c3f9c94586035b795ad4049a06fb048?s=96&d=mm&r=g\",\"contentUrl\":\"https:\/\/secure.gravatar.com\/avatar\/0c3f9c94586035b795ad4049a06fb048?s=96&d=mm&r=g\",\"caption\":\"Guillaume Chen\"},\"sameAs\":[\"https:\/\/www.svalbard.fr\/\"]}]}<\/script>\n<!-- \/ Yoast SEO plugin. -->","yoast_head_json":{"title":"Ch\u00e8que \u00e9nergie 2025 : pourquoi son pouvoir d\u2019achat s\u2019effondre","robots":{"index":"index","follow":"follow","max-snippet":"max-snippet:-1","max-image-preview":"max-image-preview:large","max-video-preview":"max-video-preview:-1"},"canonical":"https:\/\/www.svalbard.fr\/actualites\/cheque-energie-2025-pourquoi-son-pouvoir-dachat-seffondre\/","og_locale":"fr_FR","og_type":"article","og_title":"Ch\u00e8que \u00e9nergie 2025 : pourquoi son pouvoir d\u2019achat s\u2019effondre","og_description":"Alors que les factures d\u2019\u00e9nergie s\u2019envolent, l\u2019aide cens\u00e9e prot\u00e9ger les m\u00e9nages les plus fragiles reste fig\u00e9e depuis six ans. Le ch\u00e8que \u00e9nergie, instaur\u00e9 pour lutter","og_url":"https:\/\/www.svalbard.fr\/actualites\/cheque-energie-2025-pourquoi-son-pouvoir-dachat-seffondre\/","og_site_name":"www.Svalbard.fr","article_published_time":"2025-07-05T13:30:00+00:00","article_modified_time":"2025-07-03T06:28:30+00:00","og_image":[{"width":1200,"height":800,"url":"https:\/\/www.svalbard.fr\/actualites\/wp-content\/uploads\/2025\/07\/cheque-energie-valeur-baisse-factures-hausse.jpg","type":"image\/jpeg"}],"author":"Guillaume Chen","twitter_card":"summary_large_image","twitter_misc":{"\u00c9crit par":"Guillaume Chen","Dur\u00e9e de lecture estim\u00e9e":"4 minutes"},"schema":{"@context":"https:\/\/schema.org","@graph":[{"@type":"Article","@id":"https:\/\/www.svalbard.fr\/actualites\/cheque-energie-2025-pourquoi-son-pouvoir-dachat-seffondre\/#article","isPartOf":{"@id":"https:\/\/www.svalbard.fr\/actualites\/cheque-energie-2025-pourquoi-son-pouvoir-dachat-seffondre\/"},"author":{"name":"Guillaume Chen","@id":"https:\/\/www.svalbard.fr\/actualites\/#\/schema\/person\/b9d185560b94bff7322d37cb676ee545"},"headline":"Ch\u00e8que \u00e9nergie 2025 : pourquoi son pouvoir d\u2019achat s\u2019effondre","datePublished":"2025-07-05T13:30:00+00:00","dateModified":"2025-07-03T06:28:30+00:00","mainEntityOfPage":{"@id":"https:\/\/www.svalbard.fr\/actualites\/cheque-energie-2025-pourquoi-son-pouvoir-dachat-seffondre\/"},"wordCount":787,"publisher":{"@id":"https:\/\/www.svalbard.fr\/actualites\/#organization"},"articleSection":["Tendances"],"inLanguage":"fr-FR"},{"@type":"WebPage","@id":"https:\/\/www.svalbard.fr\/actualites\/cheque-energie-2025-pourquoi-son-pouvoir-dachat-seffondre\/","url":"https:\/\/www.svalbard.fr\/actualites\/cheque-energie-2025-pourquoi-son-pouvoir-dachat-seffondre\/","name":"Ch\u00e8que \u00e9nergie 2025 : pourquoi son pouvoir d\u2019achat s\u2019effondre","isPartOf":{"@id":"https:\/\/www.svalbard.fr\/actualites\/#website"},"datePublished":"2025-07-05T13:30:00+00:00","dateModified":"2025-07-03T06:28:30+00:00","breadcrumb":{"@id":"https:\/\/www.svalbard.fr\/actualites\/cheque-energie-2025-pourquoi-son-pouvoir-dachat-seffondre\/#breadcrumb"},"inLanguage":"fr-FR","potentialAction":[{"@type":"ReadAction","target":["https:\/\/www.svalbard.fr\/actualites\/cheque-energie-2025-pourquoi-son-pouvoir-dachat-seffondre\/"]}]},{"@type":"BreadcrumbList","@id":"https:\/\/www.svalbard.fr\/actualites\/cheque-energie-2025-pourquoi-son-pouvoir-dachat-seffondre\/#breadcrumb","itemListElement":[{"@type":"ListItem","position":1,"name":"Accueil","item":"https:\/\/www.svalbard.fr\/actualites\/"},{"@type":"ListItem","position":2,"name":"Ch\u00e8que \u00e9nergie 2025 : pourquoi son pouvoir d\u2019achat s\u2019effondre"}]},{"@type":"WebSite","@id":"https:\/\/www.svalbard.fr\/actualites\/#website","url":"https:\/\/www.svalbard.fr\/actualites\/","name":"www.Svalbard.fr","description":"","publisher":{"@id":"https:\/\/www.svalbard.fr\/actualites\/#organization"},"potentialAction":[{"@type":"SearchAction","target":{"@type":"EntryPoint","urlTemplate":"https:\/\/www.svalbard.fr\/actualites\/?s={search_term_string}"},"query-input":"required name=search_term_string"}],"inLanguage":"fr-FR"},{"@type":"Organization","@id":"https:\/\/www.svalbard.fr\/actualites\/#organization","name":"www.Svalbard.fr","url":"https:\/\/www.svalbard.fr\/actualites\/","logo":{"@type":"ImageObject","inLanguage":"fr-FR","@id":"https:\/\/www.svalbard.fr\/actualites\/#\/schema\/logo\/image\/","url":"https:\/\/www.svalbard.fr\/actualites\/wp-content\/uploads\/2023\/09\/head-nom.jpg","contentUrl":"https:\/\/www.svalbard.fr\/actualites\/wp-content\/uploads\/2023\/09\/head-nom.jpg","width":264,"height":35,"caption":"www.Svalbard.fr"},"image":{"@id":"https:\/\/www.svalbard.fr\/actualites\/#\/schema\/logo\/image\/"}},{"@type":"Person","@id":"https:\/\/www.svalbard.fr\/actualites\/#\/schema\/person\/b9d185560b94bff7322d37cb676ee545","name":"Guillaume Chen","image":{"@type":"ImageObject","inLanguage":"fr-FR","@id":"https:\/\/www.svalbard.fr\/actualites\/#\/schema\/person\/image\/","url":"https:\/\/secure.gravatar.com\/avatar\/0c3f9c94586035b795ad4049a06fb048?s=96&d=mm&r=g","contentUrl":"https:\/\/secure.gravatar.com\/avatar\/0c3f9c94586035b795ad4049a06fb048?s=96&d=mm&r=g","caption":"Guillaume Chen"},"sameAs":["https:\/\/www.svalbard.fr\/"]}]}},"_links":{"self":[{"href":"https:\/\/www.svalbard.fr\/actualites\/wp-json\/wp\/v2\/posts\/4535"}],"collection":[{"href":"https:\/\/www.svalbard.fr\/actualites\/wp-json\/wp\/v2\/posts"}],"about":[{"href":"https:\/\/www.svalbard.fr\/actualites\/wp-json\/wp\/v2\/types\/post"}],"author":[{"embeddable":true,"href":"https:\/\/www.svalbard.fr\/actualites\/wp-json\/wp\/v2\/users\/3"}],"replies":[{"embeddable":true,"href":"https:\/\/www.svalbard.fr\/actualites\/wp-json\/wp\/v2\/comments?post=4535"}],"version-history":[{"count":1,"href":"https:\/\/www.svalbard.fr\/actualites\/wp-json\/wp\/v2\/posts\/4535\/revisions"}],"predecessor-version":[{"id":4537,"href":"https:\/\/www.svalbard.fr\/actualites\/wp-json\/wp\/v2\/posts\/4535\/revisions\/4537"}],"wp:featuredmedia":[{"embeddable":true,"href":"https:\/\/www.svalbard.fr\/actualites\/wp-json\/wp\/v2\/media\/4536"}],"wp:attachment":[{"href":"https:\/\/www.svalbard.fr\/actualites\/wp-json\/wp\/v2\/media?parent=4535"}],"wp:term":[{"taxonomy":"category","embeddable":true,"href":"https:\/\/www.svalbard.fr\/actualites\/wp-json\/wp\/v2\/categories?post=4535"},{"taxonomy":"post_tag","embeddable":true,"href":"https:\/\/www.svalbard.fr\/actualites\/wp-json\/wp\/v2\/tags?post=4535"}],"curies":[{"name":"wp","href":"https:\/\/api.w.org\/{rel}","templated":true}]}}