{"id":454,"date":"2024-01-08T01:47:24","date_gmt":"2024-01-08T00:47:24","guid":{"rendered":"https:\/\/www.svalbard.fr\/actualites\/un-meurtrier-de-masse-porte-plainte-aupres-des-juges-de-strasbourg-pour-mauvais-traitements\/"},"modified":"2024-01-08T01:47:32","modified_gmt":"2024-01-08T00:47:32","slug":"un-meurtrier-de-masse-porte-plainte-aupres-des-juges-de-strasbourg-pour-mauvais-traitements","status":"publish","type":"post","link":"https:\/\/www.svalbard.fr\/actualites\/un-meurtrier-de-masse-porte-plainte-aupres-des-juges-de-strasbourg-pour-mauvais-traitements\/","title":{"rendered":"Un meurtrier de masse porte plainte aupr\u00e8s des juges de Strasbourg pour mauvais traitements"},"content":{"rendered":"<div>\n<p>Le meurtrier de masse et terroriste Anders Breivik s&rsquo;est plaint aupr\u00e8s des juges de Strasbourg de son mauvais traitement et de l&rsquo;appartement chic de deux \u00e9tages dans lequel il purge sa peine.<\/p>\n<p>Breivik tente de poursuivre le gouvernement norv\u00e9gien en justice et l&rsquo;accuse de violation de ses droits humains.<\/p>\n<p>Breivik est confin\u00e9 dans cet appartement depuis 2012 et il affirme d\u00e9sormais que son appartement solitaire dans le luxueux immeuble, \u00e9quip\u00e9 d&rsquo;une Xbox, de fauteuils et d&rsquo;une salle de t\u00e9l\u00e9vision, constitue une violation de ses droits humains.<\/p>\n<p>L&rsquo;appartement dispose \u00e9galement d&rsquo;une salle de sport avec des poids et un rameur aux c\u00f4t\u00e9s de trois perruches qui volent autour de l&rsquo;appartement.<\/p>\n<p>M\u00eame si le terroriste dispose de tant de luxe, son avocat \u00d8ystein Storrvik estime que Breivik ne peut entretenir aucune relation avec le monde ext\u00e9rieur.<\/p>\n<\/div>\n<div>\n<p>Euronews a rapport\u00e9 que M. Storrvik a d\u00e9clar\u00e9 qu&rsquo;il soutenait \u00e9galement que l&rsquo;interdiction \u00e0 Breivik d&rsquo;envoyer des lettres constituait une autre violation de ses droits humains.<\/p>\n<p>Ce n&rsquo;est pas la premi\u00e8re fois que Breivik sollicite un traitement pr\u00e9f\u00e9rentiel.  En 2016, il a fait une r\u00e9clamation similaire qui a \u00e9t\u00e9 accept\u00e9e puis annul\u00e9e.  Six ans plus tard, en 2022, il a demand\u00e9 une lib\u00e9ration conditionnelle, mais le juge a d\u00e9clar\u00e9 qu&rsquo;il ne montrait aucun signe de r\u00e9adaptation.<\/p>\n<p>Breivik a \u00e9t\u00e9 emprisonn\u00e9 pour avoir tu\u00e9 huit personnes lors d&rsquo;un attentat \u00e0 la bombe \u00e0 Oslo et abattu 69 personnes sur l&rsquo;\u00eele d&rsquo;Ut\u00f8ya le 22 juillet 2011.<\/p>\n<p>En 2012, Breivik a \u00e9t\u00e9 condamn\u00e9 \u00e0 une peine de 21 ans de prison avec une clause stipulant qu&rsquo;il pourrait rester \u00e0 l&rsquo;int\u00e9rieur ind\u00e9finiment s&rsquo;il s&rsquo;av\u00e9rait qu&rsquo;il repr\u00e9sentait un danger pour la soci\u00e9t\u00e9.<\/p>\n<\/div>\n<div>\n<p>M\u00eame si Breivik affirme que ses droits humains ont \u00e9t\u00e9 bafou\u00e9s dans sa derni\u00e8re plainte, beaucoup pensent encore qu&rsquo;il constitue une menace pour la soci\u00e9t\u00e9 et qu&rsquo;il ne devrait pas \u00eatre laiss\u00e9 de c\u00f4t\u00e9.<\/p>\n<p>Par ailleurs, dans le pass\u00e9, le terroriste a manifest\u00e9 son soutien \u00e0 Vladimir Poutine.  En 2011, il \u00e9crivait dans son manifeste : \u00ab Nommez une personne vivante que vous aimeriez rencontrer.  Le pape ou Vladimir Poutine.<\/p>\n<p>\u00ab\u00a0Je ne suis pas s\u00fbr \u00e0 ce stade s&rsquo;il (Poutine) a le potentiel pour \u00eatre notre meilleur ami ou notre pire ennemi.\u00a0\u00bb<\/p>\n<p>Breivik a \u00e9galement d\u00e9crit Poutine comme un \u00ab leader juste \u00bb et \u00ab r\u00e9solu \u00bb qui \u00e9tait \u00ab digne de respect \u00bb.<\/p>\n<\/div>\n<div>\n<p>C\u2019est une opinion que tr\u00e8s peu partagent et selon certaines informations, un nombre croissant de Russes ne soutiennent plus Poutine \u00e0 cause des \u0153ufs.<\/p>\n<p>Le Times a rapport\u00e9 que la flamb\u00e9e de l\u2019inflation a durement frapp\u00e9 les acheteurs, le prix des \u0153ufs ayant augment\u00e9 de 40 pour cent au cours de l\u2019ann\u00e9e \u00e9coul\u00e9e.<\/p>\n<p>Dans The Spectator, l&rsquo;expert russe Mark Galeotti a d\u00e9clar\u00e9 qu&rsquo;il avait \u00e9t\u00e9 pr\u00e9venu que cela pourrait faire tomber Poutine.<\/p>\n<p>Il a d\u00e9clar\u00e9 : \u00ab Ce seront les arri\u00e9r\u00e9s de salaires ou les p\u00e9nuries alimentaires qui pourraient un jour faire descendre les Russes dans la rue, et alors ils d\u00e9cideront s&rsquo;il s&rsquo;agit d&rsquo;une r\u00e9volution de gauche ou de droite. \u00bb<\/p>\n<\/div>\n","protected":false},"excerpt":{"rendered":"<p>Le meurtrier de masse et terroriste Anders Breivik s&rsquo;est plaint aupr\u00e8s des juges de Strasbourg de son mauvais traitement et de l&rsquo;appartement chic de deux<\/p>\n","protected":false},"author":1,"featured_media":455,"comment_status":"closed","ping_status":"","sticky":false,"template":"","format":"standard","meta":{"footnotes":""},"categories":[1],"tags":[659,8,660,656,662,655,658,657,150,661,663],"yoast_head":"<!-- This site is optimized with the Yoast SEO plugin v21.0 - https:\/\/yoast.com\/wordpress\/plugins\/seo\/ -->\n<title>Un meurtrier de masse porte plainte aupr\u00e8s des juges de Strasbourg pour mauvais traitements<\/title>\n<meta name=\"robots\" content=\"index, follow, max-snippet:-1, max-image-preview:large, max-video-preview:-1\" \/>\n<link rel=\"canonical\" href=\"https:\/\/www.svalbard.fr\/actualites\/un-meurtrier-de-masse-porte-plainte-aupres-des-juges-de-strasbourg-pour-mauvais-traitements\/\" \/>\n<meta property=\"og:locale\" content=\"fr_FR\" \/>\n<meta property=\"og:type\" content=\"article\" \/>\n<meta property=\"og:title\" content=\"Un meurtrier de masse porte plainte aupr\u00e8s des juges de Strasbourg pour mauvais traitements\" \/>\n<meta property=\"og:description\" content=\"Le meurtrier de masse et terroriste Anders Breivik s&rsquo;est plaint aupr\u00e8s des juges de Strasbourg de son mauvais traitement et de l&rsquo;appartement chic de deux\" \/>\n<meta property=\"og:url\" content=\"https:\/\/www.svalbard.fr\/actualites\/un-meurtrier-de-masse-porte-plainte-aupres-des-juges-de-strasbourg-pour-mauvais-traitements\/\" \/>\n<meta property=\"og:site_name\" content=\"www.Svalbard.fr\" \/>\n<meta property=\"article:published_time\" content=\"2024-01-08T00:47:24+00:00\" \/>\n<meta property=\"article:modified_time\" content=\"2024-01-08T00:47:32+00:00\" \/>\n<meta property=\"og:image\" content=\"https:\/\/www.svalbard.fr\/actualites\/wp-content\/uploads\/2024\/01\/Un-meurtrier-de-masse-porte-plainte-aupres-des-juges-de.jpg\" \/>\n\t<meta property=\"og:image:width\" content=\"1200\" \/>\n\t<meta property=\"og:image:height\" content=\"712\" \/>\n\t<meta property=\"og:image:type\" content=\"image\/jpeg\" \/>\n<meta name=\"author\" content=\"Hilmar\" \/>\n<meta name=\"twitter:card\" content=\"summary_large_image\" \/>\n<meta name=\"twitter:label1\" content=\"\u00c9crit par\" \/>\n\t<meta name=\"twitter:data1\" content=\"Hilmar\" \/>\n\t<meta name=\"twitter:label2\" content=\"Dur\u00e9e de lecture estim\u00e9e\" \/>\n\t<meta name=\"twitter:data2\" content=\"3 minutes\" \/>\n<script type=\"application\/ld+json\" class=\"yoast-schema-graph\">{\"@context\":\"https:\/\/schema.org\",\"@graph\":[{\"@type\":\"Article\",\"@id\":\"https:\/\/www.svalbard.fr\/actualites\/un-meurtrier-de-masse-porte-plainte-aupres-des-juges-de-strasbourg-pour-mauvais-traitements\/#article\",\"isPartOf\":{\"@id\":\"https:\/\/www.svalbard.fr\/actualites\/un-meurtrier-de-masse-porte-plainte-aupres-des-juges-de-strasbourg-pour-mauvais-traitements\/\"},\"author\":{\"name\":\"Hilmar\",\"@id\":\"https:\/\/www.svalbard.fr\/actualites\/#\/schema\/person\/a2f937d5712222366738fae98755c600\"},\"headline\":\"Un meurtrier de masse porte plainte aupr\u00e8s des juges de Strasbourg pour mauvais traitements\",\"datePublished\":\"2024-01-08T00:47:24+00:00\",\"dateModified\":\"2024-01-08T00:47:32+00:00\",\"mainEntityOfPage\":{\"@id\":\"https:\/\/www.svalbard.fr\/actualites\/un-meurtrier-de-masse-porte-plainte-aupres-des-juges-de-strasbourg-pour-mauvais-traitements\/\"},\"wordCount\":532,\"publisher\":{\"@id\":\"https:\/\/www.svalbard.fr\/actualites\/#organization\"},\"keywords\":[\"aupr\u00e8s\",\"des\",\"juges\",\"masse\",\"mauvais\",\"meurtrier\",\"plainte\",\"porte\",\"pour\",\"Strasbourg\",\"traitements\"],\"articleSection\":[\"Svalbard\"],\"inLanguage\":\"fr-FR\"},{\"@type\":\"WebPage\",\"@id\":\"https:\/\/www.svalbard.fr\/actualites\/un-meurtrier-de-masse-porte-plainte-aupres-des-juges-de-strasbourg-pour-mauvais-traitements\/\",\"url\":\"https:\/\/www.svalbard.fr\/actualites\/un-meurtrier-de-masse-porte-plainte-aupres-des-juges-de-strasbourg-pour-mauvais-traitements\/\",\"name\":\"Un meurtrier de masse porte plainte aupr\u00e8s des juges de Strasbourg pour mauvais traitements\",\"isPartOf\":{\"@id\":\"https:\/\/www.svalbard.fr\/actualites\/#website\"},\"datePublished\":\"2024-01-08T00:47:24+00:00\",\"dateModified\":\"2024-01-08T00:47:32+00:00\",\"breadcrumb\":{\"@id\":\"https:\/\/www.svalbard.fr\/actualites\/un-meurtrier-de-masse-porte-plainte-aupres-des-juges-de-strasbourg-pour-mauvais-traitements\/#breadcrumb\"},\"inLanguage\":\"fr-FR\",\"potentialAction\":[{\"@type\":\"ReadAction\",\"target\":[\"https:\/\/www.svalbard.fr\/actualites\/un-meurtrier-de-masse-porte-plainte-aupres-des-juges-de-strasbourg-pour-mauvais-traitements\/\"]}]},{\"@type\":\"BreadcrumbList\",\"@id\":\"https:\/\/www.svalbard.fr\/actualites\/un-meurtrier-de-masse-porte-plainte-aupres-des-juges-de-strasbourg-pour-mauvais-traitements\/#breadcrumb\",\"itemListElement\":[{\"@type\":\"ListItem\",\"position\":1,\"name\":\"Accueil\",\"item\":\"https:\/\/www.svalbard.fr\/actualites\/\"},{\"@type\":\"ListItem\",\"position\":2,\"name\":\"Un meurtrier de masse porte plainte aupr\u00e8s des juges de Strasbourg pour mauvais traitements\"}]},{\"@type\":\"WebSite\",\"@id\":\"https:\/\/www.svalbard.fr\/actualites\/#website\",\"url\":\"https:\/\/www.svalbard.fr\/actualites\/\",\"name\":\"www.Svalbard.fr\",\"description\":\"\",\"publisher\":{\"@id\":\"https:\/\/www.svalbard.fr\/actualites\/#organization\"},\"potentialAction\":[{\"@type\":\"SearchAction\",\"target\":{\"@type\":\"EntryPoint\",\"urlTemplate\":\"https:\/\/www.svalbard.fr\/actualites\/?s={search_term_string}\"},\"query-input\":\"required name=search_term_string\"}],\"inLanguage\":\"fr-FR\"},{\"@type\":\"Organization\",\"@id\":\"https:\/\/www.svalbard.fr\/actualites\/#organization\",\"name\":\"www.Svalbard.fr\",\"url\":\"https:\/\/www.svalbard.fr\/actualites\/\",\"logo\":{\"@type\":\"ImageObject\",\"inLanguage\":\"fr-FR\",\"@id\":\"https:\/\/www.svalbard.fr\/actualites\/#\/schema\/logo\/image\/\",\"url\":\"https:\/\/www.svalbard.fr\/actualites\/wp-content\/uploads\/2023\/09\/head-nom.jpg\",\"contentUrl\":\"https:\/\/www.svalbard.fr\/actualites\/wp-content\/uploads\/2023\/09\/head-nom.jpg\",\"width\":264,\"height\":35,\"caption\":\"www.Svalbard.fr\"},\"image\":{\"@id\":\"https:\/\/www.svalbard.fr\/actualites\/#\/schema\/logo\/image\/\"}},{\"@type\":\"Person\",\"@id\":\"https:\/\/www.svalbard.fr\/actualites\/#\/schema\/person\/a2f937d5712222366738fae98755c600\",\"name\":\"Hilmar\",\"image\":{\"@type\":\"ImageObject\",\"inLanguage\":\"fr-FR\",\"@id\":\"https:\/\/www.svalbard.fr\/actualites\/#\/schema\/person\/image\/\",\"url\":\"https:\/\/secure.gravatar.com\/avatar\/4daa437093476dbc32da415c112b6512?s=96&d=mm&r=g\",\"contentUrl\":\"https:\/\/secure.gravatar.com\/avatar\/4daa437093476dbc32da415c112b6512?s=96&d=mm&r=g\",\"caption\":\"Hilmar\"},\"description\":\"Hilmar est un passionn\u00e9 des r\u00e9gions polaires, sp\u00e9cialis\u00e9 dans la r\u00e9daction d'articles sur le Spitzberg et autres destinations arctiques. Il apporte son expertise et sa passion pour l'Arctique au sein de l'\u00e9quipe de r\u00e9daction de Svalbard depuis de nombreuses ann\u00e9es.\",\"sameAs\":[\"https:\/\/www.svalbard.fr\/\"]}]}<\/script>\n<!-- \/ Yoast SEO plugin. -->","yoast_head_json":{"title":"Un meurtrier de masse porte plainte aupr\u00e8s des juges de Strasbourg pour mauvais traitements","robots":{"index":"index","follow":"follow","max-snippet":"max-snippet:-1","max-image-preview":"max-image-preview:large","max-video-preview":"max-video-preview:-1"},"canonical":"https:\/\/www.svalbard.fr\/actualites\/un-meurtrier-de-masse-porte-plainte-aupres-des-juges-de-strasbourg-pour-mauvais-traitements\/","og_locale":"fr_FR","og_type":"article","og_title":"Un meurtrier de masse porte plainte aupr\u00e8s des juges de Strasbourg pour mauvais traitements","og_description":"Le meurtrier de masse et terroriste Anders Breivik s&rsquo;est plaint aupr\u00e8s des juges de Strasbourg de son mauvais traitement et de l&rsquo;appartement chic de deux","og_url":"https:\/\/www.svalbard.fr\/actualites\/un-meurtrier-de-masse-porte-plainte-aupres-des-juges-de-strasbourg-pour-mauvais-traitements\/","og_site_name":"www.Svalbard.fr","article_published_time":"2024-01-08T00:47:24+00:00","article_modified_time":"2024-01-08T00:47:32+00:00","og_image":[{"width":1200,"height":712,"url":"https:\/\/www.svalbard.fr\/actualites\/wp-content\/uploads\/2024\/01\/Un-meurtrier-de-masse-porte-plainte-aupres-des-juges-de.jpg","type":"image\/jpeg"}],"author":"Hilmar","twitter_card":"summary_large_image","twitter_misc":{"\u00c9crit par":"Hilmar","Dur\u00e9e de lecture estim\u00e9e":"3 minutes"},"schema":{"@context":"https:\/\/schema.org","@graph":[{"@type":"Article","@id":"https:\/\/www.svalbard.fr\/actualites\/un-meurtrier-de-masse-porte-plainte-aupres-des-juges-de-strasbourg-pour-mauvais-traitements\/#article","isPartOf":{"@id":"https:\/\/www.svalbard.fr\/actualites\/un-meurtrier-de-masse-porte-plainte-aupres-des-juges-de-strasbourg-pour-mauvais-traitements\/"},"author":{"name":"Hilmar","@id":"https:\/\/www.svalbard.fr\/actualites\/#\/schema\/person\/a2f937d5712222366738fae98755c600"},"headline":"Un meurtrier de masse porte plainte aupr\u00e8s des juges de Strasbourg pour mauvais traitements","datePublished":"2024-01-08T00:47:24+00:00","dateModified":"2024-01-08T00:47:32+00:00","mainEntityOfPage":{"@id":"https:\/\/www.svalbard.fr\/actualites\/un-meurtrier-de-masse-porte-plainte-aupres-des-juges-de-strasbourg-pour-mauvais-traitements\/"},"wordCount":532,"publisher":{"@id":"https:\/\/www.svalbard.fr\/actualites\/#organization"},"keywords":["aupr\u00e8s","des","juges","masse","mauvais","meurtrier","plainte","porte","pour","Strasbourg","traitements"],"articleSection":["Svalbard"],"inLanguage":"fr-FR"},{"@type":"WebPage","@id":"https:\/\/www.svalbard.fr\/actualites\/un-meurtrier-de-masse-porte-plainte-aupres-des-juges-de-strasbourg-pour-mauvais-traitements\/","url":"https:\/\/www.svalbard.fr\/actualites\/un-meurtrier-de-masse-porte-plainte-aupres-des-juges-de-strasbourg-pour-mauvais-traitements\/","name":"Un meurtrier de masse porte plainte aupr\u00e8s des juges de Strasbourg pour mauvais traitements","isPartOf":{"@id":"https:\/\/www.svalbard.fr\/actualites\/#website"},"datePublished":"2024-01-08T00:47:24+00:00","dateModified":"2024-01-08T00:47:32+00:00","breadcrumb":{"@id":"https:\/\/www.svalbard.fr\/actualites\/un-meurtrier-de-masse-porte-plainte-aupres-des-juges-de-strasbourg-pour-mauvais-traitements\/#breadcrumb"},"inLanguage":"fr-FR","potentialAction":[{"@type":"ReadAction","target":["https:\/\/www.svalbard.fr\/actualites\/un-meurtrier-de-masse-porte-plainte-aupres-des-juges-de-strasbourg-pour-mauvais-traitements\/"]}]},{"@type":"BreadcrumbList","@id":"https:\/\/www.svalbard.fr\/actualites\/un-meurtrier-de-masse-porte-plainte-aupres-des-juges-de-strasbourg-pour-mauvais-traitements\/#breadcrumb","itemListElement":[{"@type":"ListItem","position":1,"name":"Accueil","item":"https:\/\/www.svalbard.fr\/actualites\/"},{"@type":"ListItem","position":2,"name":"Un meurtrier de masse porte plainte aupr\u00e8s des juges de Strasbourg pour mauvais traitements"}]},{"@type":"WebSite","@id":"https:\/\/www.svalbard.fr\/actualites\/#website","url":"https:\/\/www.svalbard.fr\/actualites\/","name":"www.Svalbard.fr","description":"","publisher":{"@id":"https:\/\/www.svalbard.fr\/actualites\/#organization"},"potentialAction":[{"@type":"SearchAction","target":{"@type":"EntryPoint","urlTemplate":"https:\/\/www.svalbard.fr\/actualites\/?s={search_term_string}"},"query-input":"required name=search_term_string"}],"inLanguage":"fr-FR"},{"@type":"Organization","@id":"https:\/\/www.svalbard.fr\/actualites\/#organization","name":"www.Svalbard.fr","url":"https:\/\/www.svalbard.fr\/actualites\/","logo":{"@type":"ImageObject","inLanguage":"fr-FR","@id":"https:\/\/www.svalbard.fr\/actualites\/#\/schema\/logo\/image\/","url":"https:\/\/www.svalbard.fr\/actualites\/wp-content\/uploads\/2023\/09\/head-nom.jpg","contentUrl":"https:\/\/www.svalbard.fr\/actualites\/wp-content\/uploads\/2023\/09\/head-nom.jpg","width":264,"height":35,"caption":"www.Svalbard.fr"},"image":{"@id":"https:\/\/www.svalbard.fr\/actualites\/#\/schema\/logo\/image\/"}},{"@type":"Person","@id":"https:\/\/www.svalbard.fr\/actualites\/#\/schema\/person\/a2f937d5712222366738fae98755c600","name":"Hilmar","image":{"@type":"ImageObject","inLanguage":"fr-FR","@id":"https:\/\/www.svalbard.fr\/actualites\/#\/schema\/person\/image\/","url":"https:\/\/secure.gravatar.com\/avatar\/4daa437093476dbc32da415c112b6512?s=96&d=mm&r=g","contentUrl":"https:\/\/secure.gravatar.com\/avatar\/4daa437093476dbc32da415c112b6512?s=96&d=mm&r=g","caption":"Hilmar"},"description":"Hilmar est un passionn\u00e9 des r\u00e9gions polaires, sp\u00e9cialis\u00e9 dans la r\u00e9daction d'articles sur le Spitzberg et autres destinations arctiques. Il apporte son expertise et sa passion pour l'Arctique au sein de l'\u00e9quipe de r\u00e9daction de Svalbard depuis de nombreuses ann\u00e9es.","sameAs":["https:\/\/www.svalbard.fr\/"]}]}},"_links":{"self":[{"href":"https:\/\/www.svalbard.fr\/actualites\/wp-json\/wp\/v2\/posts\/454"}],"collection":[{"href":"https:\/\/www.svalbard.fr\/actualites\/wp-json\/wp\/v2\/posts"}],"about":[{"href":"https:\/\/www.svalbard.fr\/actualites\/wp-json\/wp\/v2\/types\/post"}],"author":[{"embeddable":true,"href":"https:\/\/www.svalbard.fr\/actualites\/wp-json\/wp\/v2\/users\/1"}],"replies":[{"embeddable":true,"href":"https:\/\/www.svalbard.fr\/actualites\/wp-json\/wp\/v2\/comments?post=454"}],"version-history":[{"count":1,"href":"https:\/\/www.svalbard.fr\/actualites\/wp-json\/wp\/v2\/posts\/454\/revisions"}],"predecessor-version":[{"id":456,"href":"https:\/\/www.svalbard.fr\/actualites\/wp-json\/wp\/v2\/posts\/454\/revisions\/456"}],"wp:featuredmedia":[{"embeddable":true,"href":"https:\/\/www.svalbard.fr\/actualites\/wp-json\/wp\/v2\/media\/455"}],"wp:attachment":[{"href":"https:\/\/www.svalbard.fr\/actualites\/wp-json\/wp\/v2\/media?parent=454"}],"wp:term":[{"taxonomy":"category","embeddable":true,"href":"https:\/\/www.svalbard.fr\/actualites\/wp-json\/wp\/v2\/categories?post=454"},{"taxonomy":"post_tag","embeddable":true,"href":"https:\/\/www.svalbard.fr\/actualites\/wp-json\/wp\/v2\/tags?post=454"}],"curies":[{"name":"wp","href":"https:\/\/api.w.org\/{rel}","templated":true}]}}