{"id":4553,"date":"2025-07-04T07:59:14","date_gmt":"2025-07-04T05:59:14","guid":{"rendered":"https:\/\/www.svalbard.fr\/actualites\/pourquoi-johan-christian-dahl-faconne-toujours-comment-nous-voyons-la-norvege\/"},"modified":"2025-07-04T07:59:14","modified_gmt":"2025-07-04T05:59:14","slug":"pourquoi-johan-christian-dahl-faconne-toujours-comment-nous-voyons-la-norvege","status":"publish","type":"post","link":"https:\/\/www.svalbard.fr\/actualites\/pourquoi-johan-christian-dahl-faconne-toujours-comment-nous-voyons-la-norvege\/","title":{"rendered":"Pourquoi Johan Christian Dahl fa\u00e7onne toujours comment nous voyons la Norv\u00e8ge"},"content":{"rendered":"<div itemprop=\"text\">\n\t\t\t<span id=\"dpsp-post-content-markup\" data-image-pin-it=\"false\"><\/span><\/p>\n<p class=\"intro\">Souvent salu\u00e9 comme le p\u00e8re de la peinture de paysage norv\u00e9gienne, Johan Christian Dahl a aid\u00e9 \u00e0 fa\u00e7onner non seulement l&#39;art d&#39;une nation, mais la fa\u00e7on m\u00eame que les Norv\u00e9giens voient leur propre pays.<\/p>\n<p>Plus de 150 ans apr\u00e8s sa mort, l&#39;influence de Dahl continue de r\u00e9sonner dans les galeries, les manuels et les paysages sauvages qui l&#39;ont inspir\u00e9.<\/p>\n<figure class=\"wp-block-image size-large\"><img data-lazyloaded=\"1\" data-placeholder-resp=\"768x432\" fetchpriority=\"high\" decoding=\"async\" width=\"768\" height=\"432\" src=\"https:\/\/www.svalbard.fr\/actualites\/wp-content\/uploads\/2025\/07\/Pourquoi-Johan-Christian-Dahl-faconne-toujours-comment-nous-voyons-la.jpg\" alt=\"\u00abLarvik Harbor in Moonlight\u00bb par Johan Christian Dahl.\" class=\"wp-image-84298\"  data-><noscript><img fetchpriority=\"high\" decoding=\"async\" width=\"768\" height=\"432\" src=\"https:\/\/www.svalbard.fr\/actualites\/wp-content\/uploads\/2025\/07\/Pourquoi-Johan-Christian-Dahl-faconne-toujours-comment-nous-voyons-la.jpg\" alt=\"\u00abLarvik Harbor in Moonlight\u00bb par Johan Christian Dahl.\" class=\"wp-image-84298\"  ><\/noscript><\/figure>\n<p>N\u00e9 \u00e0 Bergen en 1788 d&#39;une famille humble, la premi\u00e8re vie de Dahl a donn\u00e9 peu d&#39;indication de l&#39;impact mondial qu&#39;il aurait plus tard. Son p\u00e8re \u00e9tait p\u00eacheur et passeur, et Dahl devait suivre un chemin similaire.<\/p>\n<p>Mais son talent artistique \u00e9tait \u00e9vident au d\u00e9but, et les clients locaux l&#39;ont aid\u00e9 \u00e0 entrer \u00e0 la Royal Danish Academy of Fine Arts \u00e0 Copenhague.<\/p>\n<h2 class=\"wp-block-heading\">Fa\u00e7onner une nouvelle vision de la Norv\u00e8ge<\/h2>\n<p>\u00c0 une \u00e9poque o\u00f9 la Norv\u00e8ge n&#39;avait pas encore d\u00e9velopp\u00e9 sa propre identit\u00e9 artistique, Dahl a commenc\u00e9 \u00e0 en d\u00e9finir un.<\/p>\n<p>Influenc\u00e9 par le paysage n\u00e9erlandais et par la tradition romantique allemande, Dahl a forg\u00e9 un style \u00e0 la fois dramatique et ancr\u00e9 dans une v\u00e9ritable observation. Ses \u0153uvres n&#39;\u00e9taient pas des fantasmes id\u00e9alis\u00e9s &#8211; ils \u00e9taient reconnaissablement norv\u00e9giens.<\/p>\n<p>Les fjords, les cascades, les montagnes robustes et le ciel turbulent dominent ses toiles. Mais plus que la beaut\u00e9 pittoresque, les peintures de Dahl ont transmis un sentiment de fiert\u00e9 nationale et de profondeur \u00e9motionnelle qui a aid\u00e9 \u00e0 \u00e9veiller une conscience culturelle dans une jeune Norv\u00e8ge se d\u00e9finissant toujours apr\u00e8s l&#39;ind\u00e9pendance du Danemark.<\/p>\n<h2 class=\"wp-block-heading\">Une vie entre les nations<\/h2>\n<p>Bien que Dahl ait pass\u00e9 la majeure partie de sa vie d&#39;adulte \u00e0 Dresde, o\u00f9 il a enseign\u00e9 \u00e0 l&#39;Acad\u00e9mie des beaux-arts et s&#39;est m\u00eal\u00e9 aux romantiques allemands (notamment Caspar David Friedrich), il retourna souvent en Norv\u00e8ge.<\/p>\n<p>Ces voyages n&#39;\u00e9taient pas seulement des p\u00e8lerinages personnels, mais des exp\u00e9ditions de travail &#8211; les fjords et les vall\u00e9es qui appartiennent \u00e0 ses toiles monumentales.<\/p>\n<h2 class=\"wp-block-heading\">&#39;Voir de Stalheim&#39;<\/h2>\n<p>Sans doute la peinture la plus embl\u00e9matique de Dahl, <em>Vue de Stalheim<\/em> (1842) capture la dramatique de la vall\u00e9e de N\u00e6r\u00f8ydalen dans l&#39;ouest de la Norv\u00e8ge dans toute sa grandeur. Avec une perspective radicale, des pics enneig\u00e9s lointains et un arc-en-ciel qui s&#39;\u00e9tend sur la sc\u00e8ne, la peinture m\u00e9lange une observation pr\u00e9cise avec un sentiment accru de drame romantique.<\/p>\n<figure class=\"wp-block-image size-large\"><img loading=\"lazy\" data-lazyloaded=\"1\" data-placeholder-resp=\"768x594\" decoding=\"async\" width=\"768\" height=\"594\" src=\"https:\/\/www.svalbard.fr\/actualites\/wp-content\/uploads\/2025\/07\/1751608753_5_Pourquoi-Johan-Christian-Dahl-faconne-toujours-comment-nous-voyons-la.jpg\" alt=\"G\u00e9n\u00e9ration de Stalheim de Stalheim de Johan Christian Dahl.\" class=\"wp-image-84299\"  data-><noscript><img loading=\"lazy\" decoding=\"async\" width=\"768\" height=\"594\" src=\"https:\/\/www.svalbard.fr\/actualites\/wp-content\/uploads\/2025\/07\/1751608753_5_Pourquoi-Johan-Christian-Dahl-faconne-toujours-comment-nous-voyons-la.jpg\" alt=\"G\u00e9n\u00e9ration de Stalheim de Stalheim de Johan Christian Dahl.\" class=\"wp-image-84299\"  ><\/noscript><\/figure>\n<p>Mais ce qui le distingue vraiment, c&#39;est comment il transforme un v\u00e9ritable paysage norv\u00e9gien en symbole national. Dahl a commenc\u00e9 \u00e0 travailler sur le tableau en 1836 et l&#39;a compl\u00e9t\u00e9 en 1842. Elle \u00e9tait bas\u00e9e sur des croquis au crayon et \u00e0 l&#39;aquarelle qu&#39;il a fait une d\u00e9cennie plus t\u00f4t lors de sa premi\u00e8re visite dans les r\u00e9gions de la haute montagne de la Norv\u00e8ge.<\/p>\n<p>Depuis la route pr\u00e8s de Gudvangen en juillet 1826, il captura la vue frappante en regardant la vall\u00e9e \u00e9troite, le pic de Jordalsnuten s&#39;\u00e9levant au-dessus.<\/p>\n<p>Alors que la peinture finale suit de pr\u00e8s ses \u00e9tudes originales \u00e0 la fois dans la composition et les d\u00e9tails, y compris la lumi\u00e8re du soleil illuminant le village au premier plan &#8211; Dahl a fait des choix artistiques d\u00e9lib\u00e9r\u00e9s pour intensifier l&#39;effet.<\/p>\n<p>Il a r\u00e9tr\u00e9ci la vall\u00e9e, a accord\u00e9 une plus grande importance au sommet de la montagne et a r\u00e9duit la r\u00e9apparition de la rivi\u00e8re des ombres, am\u00e9liorant le drame et le symbolisme de la sc\u00e8ne.<\/p>\n<p>La peinture a \u00e9t\u00e9 command\u00e9e par la comtesse Wedel de Bogstad et, en 1914, elle a \u00e9t\u00e9 offerte \u00e0 la National Gallery of Norway par Carl Gustav Wedel-Jarlsberg.<\/p>\n<p>Aujourd&#39;hui, il reste l&#39;une des \u0153uvres les plus pr\u00e9cieuses du mus\u00e9e. Bien que le r\u00e9sultat soit un chef-d&#39;\u0153uvre, <em>Vue de Stalheim<\/em> n&#39;\u00e9tait pas un projet facile pour Dahl. Il a lutt\u00e9 avec la peinture et, apr\u00e8s son ach\u00e8vement, a largement \u00e9vit\u00e9 des toiles similaires.<\/p>\n<p>Les critiques et les historiens le consid\u00e8rent comme l&#39;une des plus belles r\u00e9alisations de Dahl &#8211; peut-\u00eatre la r\u00e9alisation la plus r\u00e9ussie de son objectif \u00e0 vie: repr\u00e9senter la nature norv\u00e9gienne \u00e0 la fois r\u00e9aliste et symboliquement.<\/p>\n<p>D&#39;autres artistes ont depuis peint le m\u00eame point de vue, mais la version de Dahl reste d\u00e9finitive. Plus que n&#39;importe laquelle de ses autres \u0153uvres, <em>Vue de Stalheim<\/em> a aid\u00e9 \u00e0 susciter l&#39;int\u00e9r\u00eat public pour le site.<\/p>\n<p>L&#39;h\u00f4tel de luxe construit \u00e0 Stalheim en 1885, offrant aux visiteurs la m\u00eame vue Dahl immortalis\u00e9e, doit son existence en partie \u00e0 ce tableau.<\/p>\n<h2 class=\"wp-block-heading\">Autres chefs-d&#39;\u0153uvre Dahl qui ont d\u00e9fini une nation<\/h2>\n<p>L&#39;\u0153uvre de Dahl est vaste, mais plusieurs autres peintures se distinguent \u00e9galement non seulement pour leur qualit\u00e9 artistique, mais pour la fa\u00e7on dont ils ont fa\u00e7onn\u00e9 comment les Norv\u00e9giens sont venus voir leur propre paysage.<\/p>\n<p>Ces \u0153uvres continuent d&#39;\u00eatre expos\u00e9es dans les mus\u00e9es nationaux et \u00e9tudi\u00e9es par des historiens de l&#39;art comme jalons dans le romantisme nordique.<\/p>\n<h3 class=\"wp-block-heading\"><em>L&#39;\u00e9ruption du V\u00e9suve<\/em> (1820)<\/h3>\n<p>Bien que mieux connu pour ses paysages norv\u00e9giens, le voyage de Dahl en Italie a produit l&#39;une de ses s\u00e9ries les plus dynamiques.<\/p>\n<figure class=\"wp-block-image size-large\"><img loading=\"lazy\" data-lazyloaded=\"1\" data-placeholder-resp=\"768x567\" decoding=\"async\" width=\"768\" height=\"567\" src=\"https:\/\/www.svalbard.fr\/actualites\/wp-content\/uploads\/2025\/07\/1751608754_403_Pourquoi-Johan-Christian-Dahl-faconne-toujours-comment-nous-voyons-la.jpg\" alt=\"\u00abL&#39;\u00e9ruption du Vesuve\u00bb de la peinture de Johan Christian Dahl.\" class=\"wp-image-84300\"  data-><noscript><img loading=\"lazy\" decoding=\"async\" width=\"768\" height=\"567\" src=\"https:\/\/www.svalbard.fr\/actualites\/wp-content\/uploads\/2025\/07\/1751608754_403_Pourquoi-Johan-Christian-Dahl-faconne-toujours-comment-nous-voyons-la.jpg\" alt=\"\u00abL&#39;\u00e9ruption du Vesuve\u00bb de la peinture de Johan Christian Dahl.\" class=\"wp-image-84300\"  ><\/noscript><\/figure>\n<p>Sur la base de son exp\u00e9rience des t\u00e9moins oculaires de l&#39;\u00e9clatement du V\u00e9suve, ces \u0153uvres m\u00e9langent la curiosit\u00e9 scientifique avec le drame romantique brut. Plusieurs versions existent, chacune montrant le spectacle ardent dans diff\u00e9rentes humeurs et compositions.<\/p>\n<h3 class=\"wp-block-heading\"><em>Naufrage sur la c\u00f4te norv\u00e9gienne<\/em> (1832)<\/h3>\n<p>La nature n&#39;\u00e9tait pas toujours bienveillante dans le travail de Dahl. Ce paysage marinable, avec un navire naufrag\u00e9 jet\u00e9 dans des eaux orageuses, met en \u00e9vidence la puissance et le danger du littoral de la Norv\u00e8ge.<\/p>\n<p>C&#39;est une peinture pleine de mouvement et d&#39;\u00e9motion &#8211; une all\u00e9gorie, peut-\u00eatre, pour la fragilit\u00e9 de la vie humaine contre la puissance de la nature.<\/p>\n<h3 class=\"wp-block-heading\"><em>Hiver \u00e0 la Sognefjord<\/em> (1827)<\/h3>\n<p>Dans cette sc\u00e8ne fjord calme et enneig\u00e9e, Dahl a captur\u00e9 l&#39;immobilit\u00e9 et la majest\u00e9 de l&#39;hiver norv\u00e9gien. Contrairement \u00e0 beaucoup de ses \u0153uvres plus th\u00e9\u00e2trales, cette peinture \u00e9voque une humeur contemplative, avec une lumi\u00e8re douce et des tons subtils qui c\u00e9l\u00e8brent la beaut\u00e9 du froid.<\/p>\n<h3 class=\"wp-block-heading\"><em>Le Stugun\u00f8set dans le fichierfjeld<\/em> (1851)<\/h3>\n<p>L&#39;une de ses \u0153uvres ult\u00e9rieures, ce tableau \u00e9tait bas\u00e9 sur un croquis effectu\u00e9 lors d&#39;un voyage \u00e0 travers le col Mountain Filefjell. Il illustre la fascination de la vie de Dahl pour les terrains montagneux et sa capacit\u00e9 \u00e0 rendre la lumi\u00e8re et l&#39;atmosph\u00e8re avec pr\u00e9cision et sentiment.<\/p>\n<h2 class=\"wp-block-heading\">Au-del\u00e0 de la toile et d&#39;un h\u00e9ritage durable<\/h2>\n<p>L&#39;impact de Dahl ne se limitait pas \u00e0 la peinture. Il \u00e9tait un d\u00e9fenseur passionn\u00e9 de la pr\u00e9servation du patrimoine architectural et culturel de la Norv\u00e8ge. Il a fait campagne pour prot\u00e9ger les \u00e9glises de Save et a jou\u00e9 un r\u00f4le dans la restauration de la cath\u00e9drale de Nidaros \u00e0 Trondheim.<\/p>\n<p>Il a \u00e9galement aid\u00e9 \u00e0 \u00e9tablir la Norv\u00e8ge National Gallery, garantissant que les g\u00e9n\u00e9rations futures pourraient acc\u00e9der et appr\u00e9cier \u00e0 la fois l&#39;art norv\u00e9gien et international.<\/p>\n<p>Johan Christian Dahl est d\u00e9c\u00e9d\u00e9 \u00e0 Dresde en 1857, mais son lien avec la Norv\u00e8ge est rest\u00e9 fort m\u00eame dans la mort. En 1934, ses restes ont \u00e9t\u00e9 renvoy\u00e9s \u00e0 Bergen, o\u00f9 il a \u00e9t\u00e9 reconnu \u00e0 l&#39;\u00e9glise St. Jakob.<\/p>\n<h2 class=\"wp-block-heading\">O\u00f9 voir le travail de Dahl aujourd&#39;hui<\/h2>\n<p>Pour de nombreux Norv\u00e9giens, les paysages de Dahl sont des fen\u00eatres dans l&#39;\u00e2me d&#39;une nation. Son h\u00e9ritage vit non seulement dans la m\u00e9moire culturelle de la Norv\u00e8ge mais aussi dans les collections de mus\u00e9es o\u00f9 ses chefs-d&#39;\u0153uvre continuent d&#39;inspirer les visiteurs.<\/p>\n<p>Le <strong>Mus\u00e9e national \u00e0 Oslo<\/strong> contient plusieurs des \u0153uvres les plus importantes de Dahl, notamment <em>Vue de Stalheim<\/em> (1842), qui est actuellement expos\u00e9 dans l&#39;exposition \u00abForces of Nature\u00bb du mus\u00e9e.<\/p>\n<figure class=\"wp-block-image size-full\"><img loading=\"lazy\" data-lazyloaded=\"1\" data-placeholder-resp=\"1002x768\" decoding=\"async\" width=\"1002\" height=\"768\" src=\"https:\/\/www.svalbard.fr\/actualites\/wp-content\/uploads\/2025\/07\/1751608754_754_Pourquoi-Johan-Christian-Dahl-faconne-toujours-comment-nous-voyons-la.jpg\" alt=\"Vue de H\u00f8nefossen par Johan Christian Dahl, 1847. Image: Mus\u00e9e national de Norv\u00e8ge.\" class=\"wp-image-61945\"  data-><noscript><img loading=\"lazy\" decoding=\"async\" width=\"1002\" height=\"768\" src=\"https:\/\/www.svalbard.fr\/actualites\/wp-content\/uploads\/2025\/07\/1751608754_754_Pourquoi-Johan-Christian-Dahl-faconne-toujours-comment-nous-voyons-la.jpg\" alt=\"Vue de H\u00f8nefossen par Johan Christian Dahl, 1847. Image: Mus\u00e9e national de Norv\u00e8ge.\" class=\"wp-image-61945\"  ><\/noscript><\/figure>\n<p>Les autres points forts de la collection incluent <em>Hiver \u00e0 la Sognefjord<\/em> (1827), <em>Naufrage sur la c\u00f4te norv\u00e9gienne<\/em> (1832), et <em>Le Stugun\u00f8set dans le fichierfjeld<\/em> (1851), dont chacun pr\u00e9sente une facette diff\u00e9rente de la capacit\u00e9 de Dahl \u00e0 d\u00e9peindre le pouvoir et la beaut\u00e9 du paysage norv\u00e9gien.<\/p>\n<p>Dans sa ville natale de Bergen, <strong>Kode &#8211; Les mus\u00e9es d&#39;art de Bergen<\/strong> poss\u00e8de l&#39;une des collections les plus compl\u00e8tes du travail de Dahl. Les visiteurs peuvent voir des pi\u00e8ces telles que <em>Bouleau dans une temp\u00eate<\/em>, <em>Vue du port de Bergen<\/em>et plusieurs premiers paysages.<\/p>\n<p>En dehors de la Norv\u00e8ge, l&#39;h\u00e9ritage de Dahl est particuli\u00e8rement visible dans <strong>Dresde<\/strong>o\u00f9 il a v\u00e9cu et enseign\u00e9 pendant une grande partie de sa vie. La Galerie Neue Meister \u00e0 Dresde comprend un certain nombre de ses peintures, en particulier celles refl\u00e9tant son temps en Allemagne et ses voyages \u00e0 travers l&#39;Europe.<\/p>\n<p>Plus loin, <strong>Le Metropolitan Museum of Art de New York<\/strong> d\u00e9tient plusieurs \u0153uvres de Dahl, y compris <em>Deux hommes avant une cascade au coucher du soleil<\/em> et <em>Une \u00e9ruption du V\u00e9suve<\/em>qui refl\u00e8te sa ma\u00eetrise de la lumi\u00e8re, de l&#39;atmosph\u00e8re et de la narration romantique.<\/p>\n<p>Les autres institutions avec des peintures Dahl dans leurs collections comprennent la National Gallery \u00e0 Londres, le Neue Pinakothek \u00e0 Munich et la National Gallery of Danemark \u00e0 Copenhague, refl\u00e9tant sa stature en tant que figure de premier plan dans l&#39;art europ\u00e9en du XIXe si\u00e8cle.<\/p>\n<p>Pour ceux qui veulent aller au-del\u00e0 des murs de la galerie, visitant le village de <strong>Stalheim<\/strong> Dans l&#39;ouest de la Norv\u00e8ge, il offre une occasion unique de voir le paysage m\u00eame qui a inspir\u00e9 la peinture la plus embl\u00e9matique de Dahl. La vue reste remarquablement similaire, et l&#39;h\u00f4tel construit l\u00e0-bas en 1885 accueille toujours les voyageurs aujourd&#39;hui.<\/p>\n<p>\u00c0 une \u00e9poque du changement climatique, du tourisme et du d\u00e9veloppement rapide, l&#39;art de Dahl rappelle la beaut\u00e9 brute et sauvage du paysage naturel de la Norv\u00e8ge et de l&#39;importance de le prot\u00e9ger.<\/p>\n<p>Son h\u00e9ritage vit dans tous les artistes qui trouvent l&#39;inspiration dans la nature et dans chaque norv\u00e9gien qui voit leur pays refl\u00e9t\u00e9 dans ses sc\u00e8nes majestueuses.<\/p>\n<\/p><\/div>\n","protected":false},"excerpt":{"rendered":"<p>Souvent salu\u00e9 comme le p\u00e8re de la peinture de paysage norv\u00e9gienne, Johan Christian Dahl a aid\u00e9 \u00e0 fa\u00e7onner non seulement l&#39;art d&#39;une nation, mais la<\/p>\n","protected":false},"author":1,"featured_media":4554,"comment_status":"","ping_status":"","sticky":false,"template":"","format":"standard","meta":{"footnotes":""},"categories":[2277],"tags":[4831,323,4833,4633,4829,6,554,284,1023,4835],"yoast_head":"<!-- This site is optimized with the Yoast SEO plugin v21.0 - https:\/\/yoast.com\/wordpress\/plugins\/seo\/ -->\n<title>Pourquoi Johan Christian Dahl fa\u00e7onne toujours comment nous voyons la Norv\u00e8ge<\/title>\n<meta name=\"robots\" content=\"index, follow, max-snippet:-1, max-image-preview:large, max-video-preview:-1\" \/>\n<link rel=\"canonical\" href=\"https:\/\/www.svalbard.fr\/actualites\/pourquoi-johan-christian-dahl-faconne-toujours-comment-nous-voyons-la-norvege\/\" \/>\n<meta property=\"og:locale\" content=\"fr_FR\" \/>\n<meta property=\"og:type\" content=\"article\" \/>\n<meta property=\"og:title\" content=\"Pourquoi Johan Christian Dahl fa\u00e7onne toujours comment nous voyons la Norv\u00e8ge\" \/>\n<meta property=\"og:description\" content=\"Souvent salu\u00e9 comme le p\u00e8re de la peinture de paysage norv\u00e9gienne, Johan Christian Dahl a aid\u00e9 \u00e0 fa\u00e7onner non seulement l&#039;art d&#039;une nation, mais la\" \/>\n<meta property=\"og:url\" content=\"https:\/\/www.svalbard.fr\/actualites\/pourquoi-johan-christian-dahl-faconne-toujours-comment-nous-voyons-la-norvege\/\" \/>\n<meta property=\"og:site_name\" content=\"www.Svalbard.fr\" \/>\n<meta property=\"article:published_time\" content=\"2025-07-04T05:59:14+00:00\" \/>\n<meta property=\"og:image\" content=\"https:\/\/www.svalbard.fr\/actualites\/wp-content\/uploads\/2025\/07\/Pourquoi-Johan-Christian-Dahl-faconne-toujours-comment-nous-voyons-la.jpg\" \/>\n<meta name=\"author\" content=\"Hilmar\" \/>\n<meta name=\"twitter:card\" content=\"summary_large_image\" \/>\n<meta name=\"twitter:label1\" content=\"\u00c9crit par\" \/>\n\t<meta name=\"twitter:data1\" content=\"Hilmar\" \/>\n\t<meta name=\"twitter:label2\" content=\"Dur\u00e9e de lecture estim\u00e9e\" \/>\n\t<meta name=\"twitter:data2\" content=\"9 minutes\" \/>\n<script type=\"application\/ld+json\" class=\"yoast-schema-graph\">{\"@context\":\"https:\/\/schema.org\",\"@graph\":[{\"@type\":\"Article\",\"@id\":\"https:\/\/www.svalbard.fr\/actualites\/pourquoi-johan-christian-dahl-faconne-toujours-comment-nous-voyons-la-norvege\/#article\",\"isPartOf\":{\"@id\":\"https:\/\/www.svalbard.fr\/actualites\/pourquoi-johan-christian-dahl-faconne-toujours-comment-nous-voyons-la-norvege\/\"},\"author\":{\"name\":\"Hilmar\",\"@id\":\"https:\/\/www.svalbard.fr\/actualites\/#\/schema\/person\/a2f937d5712222366738fae98755c600\"},\"headline\":\"Pourquoi Johan Christian Dahl fa\u00e7onne toujours comment nous voyons la Norv\u00e8ge\",\"datePublished\":\"2025-07-04T05:59:14+00:00\",\"dateModified\":\"2025-07-04T05:59:14+00:00\",\"mainEntityOfPage\":{\"@id\":\"https:\/\/www.svalbard.fr\/actualites\/pourquoi-johan-christian-dahl-faconne-toujours-comment-nous-voyons-la-norvege\/\"},\"wordCount\":1766,\"publisher\":{\"@id\":\"https:\/\/www.svalbard.fr\/actualites\/#organization\"},\"keywords\":[\"Christian\",\"comment\",\"Dahl\",\"fa\u00e7onn\u00e9\",\"Johan\",\"Norv\u00e8ge\",\"nous\",\"pourquoi\",\"toujours\",\"voyons\"],\"inLanguage\":\"fr-FR\"},{\"@type\":\"WebPage\",\"@id\":\"https:\/\/www.svalbard.fr\/actualites\/pourquoi-johan-christian-dahl-faconne-toujours-comment-nous-voyons-la-norvege\/\",\"url\":\"https:\/\/www.svalbard.fr\/actualites\/pourquoi-johan-christian-dahl-faconne-toujours-comment-nous-voyons-la-norvege\/\",\"name\":\"Pourquoi Johan Christian Dahl fa\u00e7onne toujours comment nous voyons la Norv\u00e8ge\",\"isPartOf\":{\"@id\":\"https:\/\/www.svalbard.fr\/actualites\/#website\"},\"datePublished\":\"2025-07-04T05:59:14+00:00\",\"dateModified\":\"2025-07-04T05:59:14+00:00\",\"breadcrumb\":{\"@id\":\"https:\/\/www.svalbard.fr\/actualites\/pourquoi-johan-christian-dahl-faconne-toujours-comment-nous-voyons-la-norvege\/#breadcrumb\"},\"inLanguage\":\"fr-FR\",\"potentialAction\":[{\"@type\":\"ReadAction\",\"target\":[\"https:\/\/www.svalbard.fr\/actualites\/pourquoi-johan-christian-dahl-faconne-toujours-comment-nous-voyons-la-norvege\/\"]}]},{\"@type\":\"BreadcrumbList\",\"@id\":\"https:\/\/www.svalbard.fr\/actualites\/pourquoi-johan-christian-dahl-faconne-toujours-comment-nous-voyons-la-norvege\/#breadcrumb\",\"itemListElement\":[{\"@type\":\"ListItem\",\"position\":1,\"name\":\"Accueil\",\"item\":\"https:\/\/www.svalbard.fr\/actualites\/\"},{\"@type\":\"ListItem\",\"position\":2,\"name\":\"Pourquoi Johan Christian Dahl fa\u00e7onne toujours comment nous voyons la Norv\u00e8ge\"}]},{\"@type\":\"WebSite\",\"@id\":\"https:\/\/www.svalbard.fr\/actualites\/#website\",\"url\":\"https:\/\/www.svalbard.fr\/actualites\/\",\"name\":\"www.Svalbard.fr\",\"description\":\"\",\"publisher\":{\"@id\":\"https:\/\/www.svalbard.fr\/actualites\/#organization\"},\"potentialAction\":[{\"@type\":\"SearchAction\",\"target\":{\"@type\":\"EntryPoint\",\"urlTemplate\":\"https:\/\/www.svalbard.fr\/actualites\/?s={search_term_string}\"},\"query-input\":\"required name=search_term_string\"}],\"inLanguage\":\"fr-FR\"},{\"@type\":\"Organization\",\"@id\":\"https:\/\/www.svalbard.fr\/actualites\/#organization\",\"name\":\"www.Svalbard.fr\",\"url\":\"https:\/\/www.svalbard.fr\/actualites\/\",\"logo\":{\"@type\":\"ImageObject\",\"inLanguage\":\"fr-FR\",\"@id\":\"https:\/\/www.svalbard.fr\/actualites\/#\/schema\/logo\/image\/\",\"url\":\"https:\/\/www.svalbard.fr\/actualites\/wp-content\/uploads\/2023\/09\/head-nom.jpg\",\"contentUrl\":\"https:\/\/www.svalbard.fr\/actualites\/wp-content\/uploads\/2023\/09\/head-nom.jpg\",\"width\":264,\"height\":35,\"caption\":\"www.Svalbard.fr\"},\"image\":{\"@id\":\"https:\/\/www.svalbard.fr\/actualites\/#\/schema\/logo\/image\/\"}},{\"@type\":\"Person\",\"@id\":\"https:\/\/www.svalbard.fr\/actualites\/#\/schema\/person\/a2f937d5712222366738fae98755c600\",\"name\":\"Hilmar\",\"image\":{\"@type\":\"ImageObject\",\"inLanguage\":\"fr-FR\",\"@id\":\"https:\/\/www.svalbard.fr\/actualites\/#\/schema\/person\/image\/\",\"url\":\"https:\/\/secure.gravatar.com\/avatar\/4daa437093476dbc32da415c112b6512?s=96&d=mm&r=g\",\"contentUrl\":\"https:\/\/secure.gravatar.com\/avatar\/4daa437093476dbc32da415c112b6512?s=96&d=mm&r=g\",\"caption\":\"Hilmar\"},\"description\":\"Hilmar est un passionn\u00e9 des r\u00e9gions polaires, sp\u00e9cialis\u00e9 dans la r\u00e9daction d'articles sur le Spitzberg et autres destinations arctiques. Il apporte son expertise et sa passion pour l'Arctique au sein de l'\u00e9quipe de r\u00e9daction de Svalbard depuis de nombreuses ann\u00e9es.\",\"sameAs\":[\"https:\/\/www.svalbard.fr\/\"]}]}<\/script>\n<!-- \/ Yoast SEO plugin. -->","yoast_head_json":{"title":"Pourquoi Johan Christian Dahl fa\u00e7onne toujours comment nous voyons la Norv\u00e8ge","robots":{"index":"index","follow":"follow","max-snippet":"max-snippet:-1","max-image-preview":"max-image-preview:large","max-video-preview":"max-video-preview:-1"},"canonical":"https:\/\/www.svalbard.fr\/actualites\/pourquoi-johan-christian-dahl-faconne-toujours-comment-nous-voyons-la-norvege\/","og_locale":"fr_FR","og_type":"article","og_title":"Pourquoi Johan Christian Dahl fa\u00e7onne toujours comment nous voyons la Norv\u00e8ge","og_description":"Souvent salu\u00e9 comme le p\u00e8re de la peinture de paysage norv\u00e9gienne, Johan Christian Dahl a aid\u00e9 \u00e0 fa\u00e7onner non seulement l&#39;art d&#39;une nation, mais la","og_url":"https:\/\/www.svalbard.fr\/actualites\/pourquoi-johan-christian-dahl-faconne-toujours-comment-nous-voyons-la-norvege\/","og_site_name":"www.Svalbard.fr","article_published_time":"2025-07-04T05:59:14+00:00","og_image":[{"url":"https:\/\/www.svalbard.fr\/actualites\/wp-content\/uploads\/2025\/07\/Pourquoi-Johan-Christian-Dahl-faconne-toujours-comment-nous-voyons-la.jpg"}],"author":"Hilmar","twitter_card":"summary_large_image","twitter_misc":{"\u00c9crit par":"Hilmar","Dur\u00e9e de lecture estim\u00e9e":"9 minutes"},"schema":{"@context":"https:\/\/schema.org","@graph":[{"@type":"Article","@id":"https:\/\/www.svalbard.fr\/actualites\/pourquoi-johan-christian-dahl-faconne-toujours-comment-nous-voyons-la-norvege\/#article","isPartOf":{"@id":"https:\/\/www.svalbard.fr\/actualites\/pourquoi-johan-christian-dahl-faconne-toujours-comment-nous-voyons-la-norvege\/"},"author":{"name":"Hilmar","@id":"https:\/\/www.svalbard.fr\/actualites\/#\/schema\/person\/a2f937d5712222366738fae98755c600"},"headline":"Pourquoi Johan Christian Dahl fa\u00e7onne toujours comment nous voyons la Norv\u00e8ge","datePublished":"2025-07-04T05:59:14+00:00","dateModified":"2025-07-04T05:59:14+00:00","mainEntityOfPage":{"@id":"https:\/\/www.svalbard.fr\/actualites\/pourquoi-johan-christian-dahl-faconne-toujours-comment-nous-voyons-la-norvege\/"},"wordCount":1766,"publisher":{"@id":"https:\/\/www.svalbard.fr\/actualites\/#organization"},"keywords":["Christian","comment","Dahl","fa\u00e7onn\u00e9","Johan","Norv\u00e8ge","nous","pourquoi","toujours","voyons"],"inLanguage":"fr-FR"},{"@type":"WebPage","@id":"https:\/\/www.svalbard.fr\/actualites\/pourquoi-johan-christian-dahl-faconne-toujours-comment-nous-voyons-la-norvege\/","url":"https:\/\/www.svalbard.fr\/actualites\/pourquoi-johan-christian-dahl-faconne-toujours-comment-nous-voyons-la-norvege\/","name":"Pourquoi Johan Christian Dahl fa\u00e7onne toujours comment nous voyons la Norv\u00e8ge","isPartOf":{"@id":"https:\/\/www.svalbard.fr\/actualites\/#website"},"datePublished":"2025-07-04T05:59:14+00:00","dateModified":"2025-07-04T05:59:14+00:00","breadcrumb":{"@id":"https:\/\/www.svalbard.fr\/actualites\/pourquoi-johan-christian-dahl-faconne-toujours-comment-nous-voyons-la-norvege\/#breadcrumb"},"inLanguage":"fr-FR","potentialAction":[{"@type":"ReadAction","target":["https:\/\/www.svalbard.fr\/actualites\/pourquoi-johan-christian-dahl-faconne-toujours-comment-nous-voyons-la-norvege\/"]}]},{"@type":"BreadcrumbList","@id":"https:\/\/www.svalbard.fr\/actualites\/pourquoi-johan-christian-dahl-faconne-toujours-comment-nous-voyons-la-norvege\/#breadcrumb","itemListElement":[{"@type":"ListItem","position":1,"name":"Accueil","item":"https:\/\/www.svalbard.fr\/actualites\/"},{"@type":"ListItem","position":2,"name":"Pourquoi Johan Christian Dahl fa\u00e7onne toujours comment nous voyons la Norv\u00e8ge"}]},{"@type":"WebSite","@id":"https:\/\/www.svalbard.fr\/actualites\/#website","url":"https:\/\/www.svalbard.fr\/actualites\/","name":"www.Svalbard.fr","description":"","publisher":{"@id":"https:\/\/www.svalbard.fr\/actualites\/#organization"},"potentialAction":[{"@type":"SearchAction","target":{"@type":"EntryPoint","urlTemplate":"https:\/\/www.svalbard.fr\/actualites\/?s={search_term_string}"},"query-input":"required name=search_term_string"}],"inLanguage":"fr-FR"},{"@type":"Organization","@id":"https:\/\/www.svalbard.fr\/actualites\/#organization","name":"www.Svalbard.fr","url":"https:\/\/www.svalbard.fr\/actualites\/","logo":{"@type":"ImageObject","inLanguage":"fr-FR","@id":"https:\/\/www.svalbard.fr\/actualites\/#\/schema\/logo\/image\/","url":"https:\/\/www.svalbard.fr\/actualites\/wp-content\/uploads\/2023\/09\/head-nom.jpg","contentUrl":"https:\/\/www.svalbard.fr\/actualites\/wp-content\/uploads\/2023\/09\/head-nom.jpg","width":264,"height":35,"caption":"www.Svalbard.fr"},"image":{"@id":"https:\/\/www.svalbard.fr\/actualites\/#\/schema\/logo\/image\/"}},{"@type":"Person","@id":"https:\/\/www.svalbard.fr\/actualites\/#\/schema\/person\/a2f937d5712222366738fae98755c600","name":"Hilmar","image":{"@type":"ImageObject","inLanguage":"fr-FR","@id":"https:\/\/www.svalbard.fr\/actualites\/#\/schema\/person\/image\/","url":"https:\/\/secure.gravatar.com\/avatar\/4daa437093476dbc32da415c112b6512?s=96&d=mm&r=g","contentUrl":"https:\/\/secure.gravatar.com\/avatar\/4daa437093476dbc32da415c112b6512?s=96&d=mm&r=g","caption":"Hilmar"},"description":"Hilmar est un passionn\u00e9 des r\u00e9gions polaires, sp\u00e9cialis\u00e9 dans la r\u00e9daction d'articles sur le Spitzberg et autres destinations arctiques. Il apporte son expertise et sa passion pour l'Arctique au sein de l'\u00e9quipe de r\u00e9daction de Svalbard depuis de nombreuses ann\u00e9es.","sameAs":["https:\/\/www.svalbard.fr\/"]}]}},"_links":{"self":[{"href":"https:\/\/www.svalbard.fr\/actualites\/wp-json\/wp\/v2\/posts\/4553"}],"collection":[{"href":"https:\/\/www.svalbard.fr\/actualites\/wp-json\/wp\/v2\/posts"}],"about":[{"href":"https:\/\/www.svalbard.fr\/actualites\/wp-json\/wp\/v2\/types\/post"}],"author":[{"embeddable":true,"href":"https:\/\/www.svalbard.fr\/actualites\/wp-json\/wp\/v2\/users\/1"}],"replies":[{"embeddable":true,"href":"https:\/\/www.svalbard.fr\/actualites\/wp-json\/wp\/v2\/comments?post=4553"}],"version-history":[{"count":0,"href":"https:\/\/www.svalbard.fr\/actualites\/wp-json\/wp\/v2\/posts\/4553\/revisions"}],"wp:featuredmedia":[{"embeddable":true,"href":"https:\/\/www.svalbard.fr\/actualites\/wp-json\/wp\/v2\/media\/4554"}],"wp:attachment":[{"href":"https:\/\/www.svalbard.fr\/actualites\/wp-json\/wp\/v2\/media?parent=4553"}],"wp:term":[{"taxonomy":"category","embeddable":true,"href":"https:\/\/www.svalbard.fr\/actualites\/wp-json\/wp\/v2\/categories?post=4553"},{"taxonomy":"post_tag","embeddable":true,"href":"https:\/\/www.svalbard.fr\/actualites\/wp-json\/wp\/v2\/tags?post=4553"}],"curies":[{"name":"wp","href":"https:\/\/api.w.org\/{rel}","templated":true}]}}