{"id":4560,"date":"2025-07-07T08:30:00","date_gmt":"2025-07-07T06:30:00","guid":{"rendered":"https:\/\/www.svalbard.fr\/actualites\/?p=4560"},"modified":"2025-07-04T08:19:36","modified_gmt":"2025-07-04T06:19:36","slug":"il-commande-des-airpods-pro-2-ce-quil-recoit-a-la-place-est-hallucinant","status":"publish","type":"post","link":"https:\/\/www.svalbard.fr\/actualites\/il-commande-des-airpods-pro-2-ce-quil-recoit-a-la-place-est-hallucinant\/","title":{"rendered":"Il commande des AirPods Pro 2\u2026 ce qu\u2019il re\u00e7oit \u00e0 la place est hallucinant"},"content":{"rendered":"\n<p><em><strong>Commander un produit high-tech en ligne, c\u2019est souvent une histoire de clics, de suivi de colis\u2026 et de petits frissons \u00e0 l\u2019ouverture du paquet. Pour J\u00e9r\u00f4me, ce frisson s\u2019est transform\u00e9 en fou rire m\u00eal\u00e9 de stupeur. Ce qu\u2019il a d\u00e9couvert \u00e0 la place de ses \u00e9couteurs pourrait bien vous faire regarder vos prochaines commandes d\u2019un autre \u0153il.<\/strong><\/em><\/p>\n\n\n\n<!--more-->\n\n\n\n<h2 class=\"wp-block-heading\">Une commande all\u00e9chante\u2026 jusqu\u2019\u00e0 l\u2019ouverture<\/h2>\n\n\n\n<p>Tout commence avec une <strong>bonne affaire<\/strong>. J\u00e9r\u00f4me, amateur de son de qualit\u00e9, se laisse s\u00e9duire par une promo sur des <strong>AirPods Pro 2 reconditionn\u00e9s<\/strong>. Un bon plan sur le papier : <strong><a href=\"https:\/\/www.svalbard.fr\/actualites\/porsche-presente-une-demo-technique-du-vision-pro-qui-surpasse-celle-dapple\/\">Apple<\/a> <\/strong>\u00e0 prix r\u00e9duit, livraison rapide, et la garantie du service client. Rien ne laissait pr\u00e9sager ce qui l\u2019attendait.<\/p>\n\n\n\n<p>Colis en main, l\u2019enthousiasme est \u00e0 son comble\u2026 jusqu\u2019\u00e0 ce qu\u2019il remarque un d\u00e9tail troublant : le paquet est maintenu par du <strong>gaffer noir<\/strong>, cette bande adh\u00e9sive souvent synonyme de rafistolage de derni\u00e8re minute. \u00c0 l\u2019int\u00e9rieur, pas de petite bo\u00eete blanche estampill\u00e9e d\u2019une pomme\u2026 mais une barquette de <strong>p\u00e2t\u00e9e pour chien<\/strong>. Oui, vous avez bien lu.<\/p>\n\n\n\n<p>Loin de se laisser abattre, J\u00e9r\u00f4me envoie une photo accompagn\u00e9e d\u2019un message plein d\u2019ironie. Son humour est rest\u00e9 intact, m\u00eame si on imagine sa d\u00e9ception \u00e0 l\u2019id\u00e9e de ne pas tester tout de suite les derni\u00e8res prouesses de r\u00e9duction de bruit active.<\/p>\n\n\n\n<h2 class=\"wp-block-heading\">Le dessous des retours : une faille bien connue<\/h2>\n\n\n\n<p>Si cette anecdote peut pr\u00eater \u00e0 sourire, elle met en lumi\u00e8re un probl\u00e8me plus courant qu\u2019on ne le pense : <strong>les retours de produits mal v\u00e9rifi\u00e9s<\/strong>. Dans le cas des ventes de produits reconditionn\u00e9s ou retourn\u00e9s sous 14 jours, il arrive que certains acheteurs malhonn\u00eates renvoient un objet\u2026 qui n\u2019a rien \u00e0 voir avec l\u2019original. Parfois, c\u2019est juste une bo\u00eete vide, parfois, comme ici, <strong>un substitut de m\u00eame poids<\/strong>.<\/p>\n\n\n\n<p>Et ce n\u2019est pas tout. D\u2019autres sc\u00e9narios sont envisageables : le <strong>vol en cours de livraison<\/strong>, par exemple, reste une piste s\u00e9rieusement envisag\u00e9e. Dans le cas de J\u00e9r\u00f4me, les indices visuels sugg\u00e8rent que le carton a pu \u00eatre ouvert, puis referm\u00e9 \u00e0 la va-vite, ce qui pourrait pointer vers une <strong>intervention humaine ext\u00e9rieure<\/strong>, entre l\u2019envoi et la r\u00e9ception.<\/p>\n\n\n\n<p>Malgr\u00e9 les nombreux syst\u00e8mes de contr\u00f4le mis en place par les g\u00e9ants du e-commerce comme Amazon, les failles existent, notamment sur les cha\u00eenes logistiques tr\u00e8s longues ou externalis\u00e9es.<\/p>\n\n\n<div class=\"wp-block-image\">\n<figure class=\"aligncenter size-large\"><img decoding=\"async\" loading=\"lazy\" width=\"1024\" height=\"576\" src=\"https:\/\/www.svalbard.fr\/actualites\/wp-content\/uploads\/2025\/07\/f9ec90ee38_90-1024x576.jpg\" alt=\"voiture Amazon\" class=\"wp-image-4561\" srcset=\"https:\/\/www.svalbard.fr\/actualites\/wp-content\/uploads\/2025\/07\/f9ec90ee38_90-1024x576.jpg 1024w, https:\/\/www.svalbard.fr\/actualites\/wp-content\/uploads\/2025\/07\/f9ec90ee38_90-300x169.jpg 300w, https:\/\/www.svalbard.fr\/actualites\/wp-content\/uploads\/2025\/07\/f9ec90ee38_90-768x432.jpg 768w, https:\/\/www.svalbard.fr\/actualites\/wp-content\/uploads\/2025\/07\/f9ec90ee38_90.jpg 1199w\" sizes=\"(max-width: 1024px) 100vw, 1024px\" \/><\/figure><\/div>\n\n\n<h2 class=\"wp-block-heading\">Une fin heureuse (ou presque)<\/h2>\n\n\n\n<p>Bonne nouvelle toutefois : <strong>le remboursement a \u00e9t\u00e9 valid\u00e9<\/strong>. Moins r\u00e9jouissant, Amazon souhaite r\u00e9cup\u00e9rer\u2026 la p\u00e2t\u00e9e pour <a href=\"https:\/\/www.svalbard.fr\/actualites\/ce-que-deconseille-un-veterinaire-aux-proprietaires-de-chiens\/\"><strong>chien<\/strong><\/a>. De quoi boucler cette m\u00e9saventure sur une note encore plus absurde.<\/p>\n\n\n\n<p>Ce type de situation, bien que marginal, rappelle \u00e0 quel point <strong>il est important de v\u00e9rifier l\u2019int\u00e9grit\u00e9 d\u2019un colis d\u00e8s r\u00e9ception<\/strong>, et de ne pas h\u00e9siter \u00e0 documenter imm\u00e9diatement toute anomalie (photos, vid\u00e9os \u00e0 l\u2019ouverture, etc.). Les plateformes de vente en ligne prennent g\u00e9n\u00e9ralement ces signalements au s\u00e9rieux, mais il faut agir vite.<\/p>\n\n\n\n<p>Alors, si un jour vos \u00e9couteurs se transforment en croquettes, rassurez-vous : vous n\u2019\u00eates ni le premier, ni le dernier. Et comme dirait J\u00e9r\u00f4me : <em>\u201c\u00e7a n\u2019arrive pas qu\u2019aux autres\u201d<\/em>. En attendant, il garde ses AirPods de premi\u00e8re g\u00e9n\u00e9ration\u2026 et peut-\u00eatre un chien heureux dans l\u2019histoire.<\/p>\n","protected":false},"excerpt":{"rendered":"<p>Commander un produit high-tech en ligne, c\u2019est souvent une histoire de clics, de suivi de colis\u2026 et de petits frissons \u00e0 l\u2019ouverture du paquet. Pour<\/p>\n","protected":false},"author":3,"featured_media":4562,"comment_status":"closed","ping_status":"closed","sticky":false,"template":"","format":"standard","meta":{"footnotes":""},"categories":[1725],"tags":[],"yoast_head":"<!-- This site is optimized with the Yoast SEO plugin v21.0 - https:\/\/yoast.com\/wordpress\/plugins\/seo\/ -->\n<title>Il commande des AirPods Pro 2\u2026 ce qu\u2019il re\u00e7oit \u00e0 la place est hallucinant<\/title>\n<meta name=\"robots\" content=\"index, follow, max-snippet:-1, max-image-preview:large, max-video-preview:-1\" \/>\n<link rel=\"canonical\" href=\"https:\/\/www.svalbard.fr\/actualites\/il-commande-des-airpods-pro-2-ce-quil-recoit-a-la-place-est-hallucinant\/\" \/>\n<meta property=\"og:locale\" content=\"fr_FR\" \/>\n<meta property=\"og:type\" content=\"article\" \/>\n<meta property=\"og:title\" content=\"Il commande des AirPods Pro 2\u2026 ce qu\u2019il re\u00e7oit \u00e0 la place est hallucinant\" \/>\n<meta property=\"og:description\" content=\"Commander un produit high-tech en ligne, c\u2019est souvent une histoire de clics, de suivi de colis\u2026 et de petits frissons \u00e0 l\u2019ouverture du paquet. Pour\" \/>\n<meta property=\"og:url\" content=\"https:\/\/www.svalbard.fr\/actualites\/il-commande-des-airpods-pro-2-ce-quil-recoit-a-la-place-est-hallucinant\/\" \/>\n<meta property=\"og:site_name\" content=\"www.Svalbard.fr\" \/>\n<meta property=\"article:published_time\" content=\"2025-07-07T06:30:00+00:00\" \/>\n<meta property=\"article:modified_time\" content=\"2025-07-04T06:19:36+00:00\" \/>\n<meta property=\"og:image\" content=\"https:\/\/www.svalbard.fr\/actualites\/wp-content\/uploads\/2025\/07\/b33b2dc917_capture-2023-01-21-a-08-32-33.jpg\" \/>\n\t<meta property=\"og:image:width\" content=\"1200\" \/>\n\t<meta property=\"og:image:height\" content=\"806\" \/>\n\t<meta property=\"og:image:type\" content=\"image\/jpeg\" \/>\n<meta name=\"author\" content=\"Guillaume Chen\" \/>\n<meta name=\"twitter:card\" content=\"summary_large_image\" \/>\n<meta name=\"twitter:label1\" content=\"\u00c9crit par\" \/>\n\t<meta name=\"twitter:data1\" content=\"Guillaume Chen\" \/>\n\t<meta name=\"twitter:label2\" content=\"Dur\u00e9e de lecture estim\u00e9e\" \/>\n\t<meta name=\"twitter:data2\" content=\"3 minutes\" \/>\n<script type=\"application\/ld+json\" class=\"yoast-schema-graph\">{\"@context\":\"https:\/\/schema.org\",\"@graph\":[{\"@type\":\"Article\",\"@id\":\"https:\/\/www.svalbard.fr\/actualites\/il-commande-des-airpods-pro-2-ce-quil-recoit-a-la-place-est-hallucinant\/#article\",\"isPartOf\":{\"@id\":\"https:\/\/www.svalbard.fr\/actualites\/il-commande-des-airpods-pro-2-ce-quil-recoit-a-la-place-est-hallucinant\/\"},\"author\":{\"name\":\"Guillaume Chen\",\"@id\":\"https:\/\/www.svalbard.fr\/actualites\/#\/schema\/person\/b9d185560b94bff7322d37cb676ee545\"},\"headline\":\"Il commande des AirPods Pro 2\u2026 ce qu\u2019il re\u00e7oit \u00e0 la place est hallucinant\",\"datePublished\":\"2025-07-07T06:30:00+00:00\",\"dateModified\":\"2025-07-04T06:19:36+00:00\",\"mainEntityOfPage\":{\"@id\":\"https:\/\/www.svalbard.fr\/actualites\/il-commande-des-airpods-pro-2-ce-quil-recoit-a-la-place-est-hallucinant\/\"},\"wordCount\":600,\"publisher\":{\"@id\":\"https:\/\/www.svalbard.fr\/actualites\/#organization\"},\"articleSection\":[\"Tendances\"],\"inLanguage\":\"fr-FR\"},{\"@type\":\"WebPage\",\"@id\":\"https:\/\/www.svalbard.fr\/actualites\/il-commande-des-airpods-pro-2-ce-quil-recoit-a-la-place-est-hallucinant\/\",\"url\":\"https:\/\/www.svalbard.fr\/actualites\/il-commande-des-airpods-pro-2-ce-quil-recoit-a-la-place-est-hallucinant\/\",\"name\":\"Il commande des AirPods Pro 2\u2026 ce qu\u2019il re\u00e7oit \u00e0 la place est hallucinant\",\"isPartOf\":{\"@id\":\"https:\/\/www.svalbard.fr\/actualites\/#website\"},\"datePublished\":\"2025-07-07T06:30:00+00:00\",\"dateModified\":\"2025-07-04T06:19:36+00:00\",\"breadcrumb\":{\"@id\":\"https:\/\/www.svalbard.fr\/actualites\/il-commande-des-airpods-pro-2-ce-quil-recoit-a-la-place-est-hallucinant\/#breadcrumb\"},\"inLanguage\":\"fr-FR\",\"potentialAction\":[{\"@type\":\"ReadAction\",\"target\":[\"https:\/\/www.svalbard.fr\/actualites\/il-commande-des-airpods-pro-2-ce-quil-recoit-a-la-place-est-hallucinant\/\"]}]},{\"@type\":\"BreadcrumbList\",\"@id\":\"https:\/\/www.svalbard.fr\/actualites\/il-commande-des-airpods-pro-2-ce-quil-recoit-a-la-place-est-hallucinant\/#breadcrumb\",\"itemListElement\":[{\"@type\":\"ListItem\",\"position\":1,\"name\":\"Accueil\",\"item\":\"https:\/\/www.svalbard.fr\/actualites\/\"},{\"@type\":\"ListItem\",\"position\":2,\"name\":\"Il commande des AirPods Pro 2\u2026 ce qu\u2019il re\u00e7oit \u00e0 la place est hallucinant\"}]},{\"@type\":\"WebSite\",\"@id\":\"https:\/\/www.svalbard.fr\/actualites\/#website\",\"url\":\"https:\/\/www.svalbard.fr\/actualites\/\",\"name\":\"www.Svalbard.fr\",\"description\":\"\",\"publisher\":{\"@id\":\"https:\/\/www.svalbard.fr\/actualites\/#organization\"},\"potentialAction\":[{\"@type\":\"SearchAction\",\"target\":{\"@type\":\"EntryPoint\",\"urlTemplate\":\"https:\/\/www.svalbard.fr\/actualites\/?s={search_term_string}\"},\"query-input\":\"required name=search_term_string\"}],\"inLanguage\":\"fr-FR\"},{\"@type\":\"Organization\",\"@id\":\"https:\/\/www.svalbard.fr\/actualites\/#organization\",\"name\":\"www.Svalbard.fr\",\"url\":\"https:\/\/www.svalbard.fr\/actualites\/\",\"logo\":{\"@type\":\"ImageObject\",\"inLanguage\":\"fr-FR\",\"@id\":\"https:\/\/www.svalbard.fr\/actualites\/#\/schema\/logo\/image\/\",\"url\":\"https:\/\/www.svalbard.fr\/actualites\/wp-content\/uploads\/2023\/09\/head-nom.jpg\",\"contentUrl\":\"https:\/\/www.svalbard.fr\/actualites\/wp-content\/uploads\/2023\/09\/head-nom.jpg\",\"width\":264,\"height\":35,\"caption\":\"www.Svalbard.fr\"},\"image\":{\"@id\":\"https:\/\/www.svalbard.fr\/actualites\/#\/schema\/logo\/image\/\"}},{\"@type\":\"Person\",\"@id\":\"https:\/\/www.svalbard.fr\/actualites\/#\/schema\/person\/b9d185560b94bff7322d37cb676ee545\",\"name\":\"Guillaume Chen\",\"image\":{\"@type\":\"ImageObject\",\"inLanguage\":\"fr-FR\",\"@id\":\"https:\/\/www.svalbard.fr\/actualites\/#\/schema\/person\/image\/\",\"url\":\"https:\/\/secure.gravatar.com\/avatar\/0c3f9c94586035b795ad4049a06fb048?s=96&d=mm&r=g\",\"contentUrl\":\"https:\/\/secure.gravatar.com\/avatar\/0c3f9c94586035b795ad4049a06fb048?s=96&d=mm&r=g\",\"caption\":\"Guillaume Chen\"},\"sameAs\":[\"https:\/\/www.svalbard.fr\/\"]}]}<\/script>\n<!-- \/ Yoast SEO plugin. -->","yoast_head_json":{"title":"Il commande des AirPods Pro 2\u2026 ce qu\u2019il re\u00e7oit \u00e0 la place est hallucinant","robots":{"index":"index","follow":"follow","max-snippet":"max-snippet:-1","max-image-preview":"max-image-preview:large","max-video-preview":"max-video-preview:-1"},"canonical":"https:\/\/www.svalbard.fr\/actualites\/il-commande-des-airpods-pro-2-ce-quil-recoit-a-la-place-est-hallucinant\/","og_locale":"fr_FR","og_type":"article","og_title":"Il commande des AirPods Pro 2\u2026 ce qu\u2019il re\u00e7oit \u00e0 la place est hallucinant","og_description":"Commander un produit high-tech en ligne, c\u2019est souvent une histoire de clics, de suivi de colis\u2026 et de petits frissons \u00e0 l\u2019ouverture du paquet. Pour","og_url":"https:\/\/www.svalbard.fr\/actualites\/il-commande-des-airpods-pro-2-ce-quil-recoit-a-la-place-est-hallucinant\/","og_site_name":"www.Svalbard.fr","article_published_time":"2025-07-07T06:30:00+00:00","article_modified_time":"2025-07-04T06:19:36+00:00","og_image":[{"width":1200,"height":806,"url":"https:\/\/www.svalbard.fr\/actualites\/wp-content\/uploads\/2025\/07\/b33b2dc917_capture-2023-01-21-a-08-32-33.jpg","type":"image\/jpeg"}],"author":"Guillaume Chen","twitter_card":"summary_large_image","twitter_misc":{"\u00c9crit par":"Guillaume Chen","Dur\u00e9e de lecture estim\u00e9e":"3 minutes"},"schema":{"@context":"https:\/\/schema.org","@graph":[{"@type":"Article","@id":"https:\/\/www.svalbard.fr\/actualites\/il-commande-des-airpods-pro-2-ce-quil-recoit-a-la-place-est-hallucinant\/#article","isPartOf":{"@id":"https:\/\/www.svalbard.fr\/actualites\/il-commande-des-airpods-pro-2-ce-quil-recoit-a-la-place-est-hallucinant\/"},"author":{"name":"Guillaume Chen","@id":"https:\/\/www.svalbard.fr\/actualites\/#\/schema\/person\/b9d185560b94bff7322d37cb676ee545"},"headline":"Il commande des AirPods Pro 2\u2026 ce qu\u2019il re\u00e7oit \u00e0 la place est hallucinant","datePublished":"2025-07-07T06:30:00+00:00","dateModified":"2025-07-04T06:19:36+00:00","mainEntityOfPage":{"@id":"https:\/\/www.svalbard.fr\/actualites\/il-commande-des-airpods-pro-2-ce-quil-recoit-a-la-place-est-hallucinant\/"},"wordCount":600,"publisher":{"@id":"https:\/\/www.svalbard.fr\/actualites\/#organization"},"articleSection":["Tendances"],"inLanguage":"fr-FR"},{"@type":"WebPage","@id":"https:\/\/www.svalbard.fr\/actualites\/il-commande-des-airpods-pro-2-ce-quil-recoit-a-la-place-est-hallucinant\/","url":"https:\/\/www.svalbard.fr\/actualites\/il-commande-des-airpods-pro-2-ce-quil-recoit-a-la-place-est-hallucinant\/","name":"Il commande des AirPods Pro 2\u2026 ce qu\u2019il re\u00e7oit \u00e0 la place est hallucinant","isPartOf":{"@id":"https:\/\/www.svalbard.fr\/actualites\/#website"},"datePublished":"2025-07-07T06:30:00+00:00","dateModified":"2025-07-04T06:19:36+00:00","breadcrumb":{"@id":"https:\/\/www.svalbard.fr\/actualites\/il-commande-des-airpods-pro-2-ce-quil-recoit-a-la-place-est-hallucinant\/#breadcrumb"},"inLanguage":"fr-FR","potentialAction":[{"@type":"ReadAction","target":["https:\/\/www.svalbard.fr\/actualites\/il-commande-des-airpods-pro-2-ce-quil-recoit-a-la-place-est-hallucinant\/"]}]},{"@type":"BreadcrumbList","@id":"https:\/\/www.svalbard.fr\/actualites\/il-commande-des-airpods-pro-2-ce-quil-recoit-a-la-place-est-hallucinant\/#breadcrumb","itemListElement":[{"@type":"ListItem","position":1,"name":"Accueil","item":"https:\/\/www.svalbard.fr\/actualites\/"},{"@type":"ListItem","position":2,"name":"Il commande des AirPods Pro 2\u2026 ce qu\u2019il re\u00e7oit \u00e0 la place est hallucinant"}]},{"@type":"WebSite","@id":"https:\/\/www.svalbard.fr\/actualites\/#website","url":"https:\/\/www.svalbard.fr\/actualites\/","name":"www.Svalbard.fr","description":"","publisher":{"@id":"https:\/\/www.svalbard.fr\/actualites\/#organization"},"potentialAction":[{"@type":"SearchAction","target":{"@type":"EntryPoint","urlTemplate":"https:\/\/www.svalbard.fr\/actualites\/?s={search_term_string}"},"query-input":"required name=search_term_string"}],"inLanguage":"fr-FR"},{"@type":"Organization","@id":"https:\/\/www.svalbard.fr\/actualites\/#organization","name":"www.Svalbard.fr","url":"https:\/\/www.svalbard.fr\/actualites\/","logo":{"@type":"ImageObject","inLanguage":"fr-FR","@id":"https:\/\/www.svalbard.fr\/actualites\/#\/schema\/logo\/image\/","url":"https:\/\/www.svalbard.fr\/actualites\/wp-content\/uploads\/2023\/09\/head-nom.jpg","contentUrl":"https:\/\/www.svalbard.fr\/actualites\/wp-content\/uploads\/2023\/09\/head-nom.jpg","width":264,"height":35,"caption":"www.Svalbard.fr"},"image":{"@id":"https:\/\/www.svalbard.fr\/actualites\/#\/schema\/logo\/image\/"}},{"@type":"Person","@id":"https:\/\/www.svalbard.fr\/actualites\/#\/schema\/person\/b9d185560b94bff7322d37cb676ee545","name":"Guillaume Chen","image":{"@type":"ImageObject","inLanguage":"fr-FR","@id":"https:\/\/www.svalbard.fr\/actualites\/#\/schema\/person\/image\/","url":"https:\/\/secure.gravatar.com\/avatar\/0c3f9c94586035b795ad4049a06fb048?s=96&d=mm&r=g","contentUrl":"https:\/\/secure.gravatar.com\/avatar\/0c3f9c94586035b795ad4049a06fb048?s=96&d=mm&r=g","caption":"Guillaume Chen"},"sameAs":["https:\/\/www.svalbard.fr\/"]}]}},"_links":{"self":[{"href":"https:\/\/www.svalbard.fr\/actualites\/wp-json\/wp\/v2\/posts\/4560"}],"collection":[{"href":"https:\/\/www.svalbard.fr\/actualites\/wp-json\/wp\/v2\/posts"}],"about":[{"href":"https:\/\/www.svalbard.fr\/actualites\/wp-json\/wp\/v2\/types\/post"}],"author":[{"embeddable":true,"href":"https:\/\/www.svalbard.fr\/actualites\/wp-json\/wp\/v2\/users\/3"}],"replies":[{"embeddable":true,"href":"https:\/\/www.svalbard.fr\/actualites\/wp-json\/wp\/v2\/comments?post=4560"}],"version-history":[{"count":1,"href":"https:\/\/www.svalbard.fr\/actualites\/wp-json\/wp\/v2\/posts\/4560\/revisions"}],"predecessor-version":[{"id":4563,"href":"https:\/\/www.svalbard.fr\/actualites\/wp-json\/wp\/v2\/posts\/4560\/revisions\/4563"}],"wp:featuredmedia":[{"embeddable":true,"href":"https:\/\/www.svalbard.fr\/actualites\/wp-json\/wp\/v2\/media\/4562"}],"wp:attachment":[{"href":"https:\/\/www.svalbard.fr\/actualites\/wp-json\/wp\/v2\/media?parent=4560"}],"wp:term":[{"taxonomy":"category","embeddable":true,"href":"https:\/\/www.svalbard.fr\/actualites\/wp-json\/wp\/v2\/categories?post=4560"},{"taxonomy":"post_tag","embeddable":true,"href":"https:\/\/www.svalbard.fr\/actualites\/wp-json\/wp\/v2\/tags?post=4560"}],"curies":[{"name":"wp","href":"https:\/\/api.w.org\/{rel}","templated":true}]}}