{"id":4564,"date":"2025-07-07T10:30:00","date_gmt":"2025-07-07T08:30:00","guid":{"rendered":"https:\/\/www.svalbard.fr\/actualites\/?p=4564"},"modified":"2025-07-04T08:27:55","modified_gmt":"2025-07-04T06:27:55","slug":"suisse-lecart-salarial-hommes-femmes-en-2024-reste-choquant-malgre-les-lois","status":"publish","type":"post","link":"https:\/\/www.svalbard.fr\/actualites\/suisse-lecart-salarial-hommes-femmes-en-2024-reste-choquant-malgre-les-lois\/","title":{"rendered":"Suisse : l\u2019\u00e9cart salarial hommes-femmes en 2024 reste choquant malgr\u00e9 les lois"},"content":{"rendered":"\n<p><em><strong>Malgr\u00e9 des lois cens\u00e9es garantir l\u2019\u00e9galit\u00e9 salariale, les chiffres de 2024 r\u00e9v\u00e8lent une r\u00e9alit\u00e9 persistante : en Suisse, les femmes gagnent toujours bien moins que leurs coll\u00e8gues masculins \u00e0 travail \u00e9gal. Une in\u00e9galit\u00e9 qui interroge autant qu\u2019elle agace.<\/strong><\/em><\/p>\n\n\n\n<!--more-->\n\n\n\n<h2 class=\"wp-block-heading\">Une moyenne flatteuse&#8230; qui masque des \u00e9carts criants<\/h2>\n\n\n\n<p>Avec un <strong>salaire m\u00e9dian annuel de 81 500 francs suisses<\/strong> pour un <strong><a href=\"https:\/\/www.svalbard.fr\/actualites\/emplois-dingenierie-en-norvege-la-vie-en-norvege\/\">emploi<\/a> <\/strong>\u00e0 temps plein, on pourrait croire que l\u2019\u00e9conomie helv\u00e9tique se porte bien pour l\u2019ensemble de ses actifs. Mais lorsqu\u2019on regarde de plus pr\u00e8s les donn\u00e9es, une diff\u00e9rence majeure saute aux yeux : <strong>les femmes sont toujours nettement moins r\u00e9mun\u00e9r\u00e9es que les hommes<\/strong>, malgr\u00e9 une charge de travail identique.<\/p>\n\n\n\n<p>Les derni\u00e8res donn\u00e9es publi\u00e9es par l\u2019Office f\u00e9d\u00e9ral de la statistique (OFS) sont sans appel. En 2024, un homme employ\u00e9 \u00e0 temps plein gagne en moyenne <strong>90 800 francs<\/strong>. Une femme, dans les m\u00eames conditions, per\u00e7oit <strong>80 000 francs<\/strong>. Soit <strong>une diff\u00e9rence de 10 800 francs par an<\/strong>, ce qui \u00e9quivaut \u00e0 <strong>environ 12 % de moins<\/strong>.<\/p>\n\n\n\n<h2 class=\"wp-block-heading\">Des lois, oui. Mais peu d&rsquo;effet concret<\/h2>\n\n\n\n<p>Ce n\u2019est pas faute de disposer d\u2019un <strong>cadre l\u00e9gal cens\u00e9 prot\u00e9ger l\u2019\u00e9galit\u00e9 salariale<\/strong>. Depuis 2006, la loi suisse sur l\u2019\u00e9galit\u00e9 entre femmes et hommes interdit toute discrimination directe ou indirecte en mati\u00e8re de r\u00e9mun\u00e9ration. Plus r\u00e9cemment, des obligations de transparence ont \u00e9t\u00e9 instaur\u00e9es pour les grandes entreprises, qui doivent analyser leurs pratiques internes.<\/p>\n\n\n\n<p>Mais dans les faits, ces mesures peinent \u00e0 produire des r\u00e9sultats tangibles. Pourquoi ? Parce que les m\u00e9canismes de l\u2019in\u00e9galit\u00e9 sont souvent subtils, profond\u00e9ment ancr\u00e9s dans les pratiques et la culture d\u2019entreprise. Il ne s\u2019agit pas seulement d\u2019injustice manifeste, mais aussi d\u2019<strong>opportunit\u00e9s de carri\u00e8re moindres<\/strong>, de <strong>n\u00e9gociations salariales d\u00e9s\u00e9quilibr\u00e9es<\/strong>, ou encore de <strong>choix de secteurs historiquement f\u00e9minis\u00e9s et moins valoris\u00e9s<\/strong>.<\/p>\n\n\n\n<h2 class=\"wp-block-heading\">Une in\u00e9galit\u00e9 qui co\u00fbte cher<\/h2>\n\n\n\n<p>Si l\u2019on fait le calcul, cette <strong>diff\u00e9rence de salaire annuelle repr\u00e9sente presque une ann\u00e9e enti\u00e8re de cr\u00e8che<\/strong>, ou une part non n\u00e9gligeable d\u2019un apport pour un logement. En d\u2019autres termes, cette in\u00e9galit\u00e9 n\u2019est pas qu\u2019un d\u00e9bat soci\u00e9tal : <strong>elle impacte directement le quotidien et les perspectives \u00e9conomiques<\/strong> des femmes suisses.<\/p>\n\n\n\n<p>Et le pire, c\u2019est que cette situation perdure malgr\u00e9 une forte pr\u00e9sence des <a href=\"https:\/\/www.svalbard.fr\/actualites\/docteur-norvegien-a-viole-des-dizaines-de-femmes-et-de-filles-pendant-les-examens-medicaux\/\"><strong>femmes<\/strong><\/a> dans la population active et des niveaux de formation souvent \u00e9quivalents \u2013 voire sup\u00e9rieurs \u2013 \u00e0 ceux des hommes.<\/p>\n\n\n\n<h2 class=\"wp-block-heading\">Une prise de conscience encore trop lente<\/h2>\n\n\n\n<p>Les mentalit\u00e9s \u00e9voluent, mais \u00e0 pas de tortue. Certaines entreprises commencent \u00e0 <strong>mettre en place des audits de r\u00e9mun\u00e9ration<\/strong>, ou \u00e0 appliquer des grilles salariales plus transparentes. D\u2019autres misent sur des <strong>programmes de mentorat et de promotion interne<\/strong> pour mieux accompagner les carri\u00e8res f\u00e9minines. Mais ces initiatives restent encore marginales, et surtout in\u00e9gales selon les secteurs.<\/p>\n\n\n\n<p>Ce que r\u00e9v\u00e8lent les chiffres de 2024, c\u2019est qu\u2019il ne suffit pas de l\u00e9gif\u00e9rer. <strong>Il faut aussi oser changer les pratiques, remettre en question certains r\u00e9flexes bien ancr\u00e9s, et donner aux femmes les m\u00eames moyens de progresser que leurs homologues masculins.<\/strong><\/p>\n\n\n\n<p>Alors oui, le salaire m\u00e9dian suisse peut sembler \u00e9lev\u00e9. Mais tant qu\u2019il restera marqu\u00e9 par un tel d\u00e9s\u00e9quilibre entre hommes et femmes, <strong>il restera le reflet d\u2019une \u00e9galit\u00e9 encore tr\u00e8s th\u00e9orique<\/strong>.<\/p>\n","protected":false},"excerpt":{"rendered":"<p>Malgr\u00e9 des lois cens\u00e9es garantir l\u2019\u00e9galit\u00e9 salariale, les chiffres de 2024 r\u00e9v\u00e8lent une r\u00e9alit\u00e9 persistante : en Suisse, les femmes gagnent toujours bien moins que<\/p>\n","protected":false},"author":3,"featured_media":4565,"comment_status":"closed","ping_status":"closed","sticky":false,"template":"","format":"standard","meta":{"footnotes":""},"categories":[1725],"tags":[],"yoast_head":"<!-- This site is optimized with the Yoast SEO plugin v21.0 - https:\/\/yoast.com\/wordpress\/plugins\/seo\/ -->\n<title>Suisse : l\u2019\u00e9cart salarial hommes-femmes en 2024 reste choquant malgr\u00e9 les lois<\/title>\n<meta name=\"robots\" content=\"index, follow, max-snippet:-1, max-image-preview:large, max-video-preview:-1\" \/>\n<link rel=\"canonical\" href=\"https:\/\/www.svalbard.fr\/actualites\/suisse-lecart-salarial-hommes-femmes-en-2024-reste-choquant-malgre-les-lois\/\" \/>\n<meta property=\"og:locale\" content=\"fr_FR\" \/>\n<meta property=\"og:type\" content=\"article\" \/>\n<meta property=\"og:title\" content=\"Suisse : l\u2019\u00e9cart salarial hommes-femmes en 2024 reste choquant malgr\u00e9 les lois\" \/>\n<meta property=\"og:description\" content=\"Malgr\u00e9 des lois cens\u00e9es garantir l\u2019\u00e9galit\u00e9 salariale, les chiffres de 2024 r\u00e9v\u00e8lent une r\u00e9alit\u00e9 persistante : en Suisse, les femmes gagnent toujours bien moins que\" \/>\n<meta property=\"og:url\" content=\"https:\/\/www.svalbard.fr\/actualites\/suisse-lecart-salarial-hommes-femmes-en-2024-reste-choquant-malgre-les-lois\/\" \/>\n<meta property=\"og:site_name\" content=\"www.Svalbard.fr\" \/>\n<meta property=\"article:published_time\" content=\"2025-07-07T08:30:00+00:00\" \/>\n<meta property=\"article:modified_time\" content=\"2025-07-04T06:27:55+00:00\" \/>\n<meta property=\"og:image\" content=\"https:\/\/www.svalbard.fr\/actualites\/wp-content\/uploads\/2025\/07\/3744383592961554.jpg\" \/>\n\t<meta property=\"og:image:width\" content=\"1200\" \/>\n\t<meta property=\"og:image:height\" content=\"675\" \/>\n\t<meta property=\"og:image:type\" content=\"image\/jpeg\" \/>\n<meta name=\"author\" content=\"Guillaume Chen\" \/>\n<meta name=\"twitter:card\" content=\"summary_large_image\" \/>\n<meta name=\"twitter:label1\" content=\"\u00c9crit par\" \/>\n\t<meta name=\"twitter:data1\" content=\"Guillaume Chen\" \/>\n\t<meta name=\"twitter:label2\" content=\"Dur\u00e9e de lecture estim\u00e9e\" \/>\n\t<meta name=\"twitter:data2\" content=\"3 minutes\" \/>\n<script type=\"application\/ld+json\" class=\"yoast-schema-graph\">{\"@context\":\"https:\/\/schema.org\",\"@graph\":[{\"@type\":\"Article\",\"@id\":\"https:\/\/www.svalbard.fr\/actualites\/suisse-lecart-salarial-hommes-femmes-en-2024-reste-choquant-malgre-les-lois\/#article\",\"isPartOf\":{\"@id\":\"https:\/\/www.svalbard.fr\/actualites\/suisse-lecart-salarial-hommes-femmes-en-2024-reste-choquant-malgre-les-lois\/\"},\"author\":{\"name\":\"Guillaume Chen\",\"@id\":\"https:\/\/www.svalbard.fr\/actualites\/#\/schema\/person\/b9d185560b94bff7322d37cb676ee545\"},\"headline\":\"Suisse : l\u2019\u00e9cart salarial hommes-femmes en 2024 reste choquant malgr\u00e9 les lois\",\"datePublished\":\"2025-07-07T08:30:00+00:00\",\"dateModified\":\"2025-07-04T06:27:55+00:00\",\"mainEntityOfPage\":{\"@id\":\"https:\/\/www.svalbard.fr\/actualites\/suisse-lecart-salarial-hommes-femmes-en-2024-reste-choquant-malgre-les-lois\/\"},\"wordCount\":588,\"publisher\":{\"@id\":\"https:\/\/www.svalbard.fr\/actualites\/#organization\"},\"articleSection\":[\"Tendances\"],\"inLanguage\":\"fr-FR\"},{\"@type\":\"WebPage\",\"@id\":\"https:\/\/www.svalbard.fr\/actualites\/suisse-lecart-salarial-hommes-femmes-en-2024-reste-choquant-malgre-les-lois\/\",\"url\":\"https:\/\/www.svalbard.fr\/actualites\/suisse-lecart-salarial-hommes-femmes-en-2024-reste-choquant-malgre-les-lois\/\",\"name\":\"Suisse : l\u2019\u00e9cart salarial hommes-femmes en 2024 reste choquant malgr\u00e9 les lois\",\"isPartOf\":{\"@id\":\"https:\/\/www.svalbard.fr\/actualites\/#website\"},\"datePublished\":\"2025-07-07T08:30:00+00:00\",\"dateModified\":\"2025-07-04T06:27:55+00:00\",\"breadcrumb\":{\"@id\":\"https:\/\/www.svalbard.fr\/actualites\/suisse-lecart-salarial-hommes-femmes-en-2024-reste-choquant-malgre-les-lois\/#breadcrumb\"},\"inLanguage\":\"fr-FR\",\"potentialAction\":[{\"@type\":\"ReadAction\",\"target\":[\"https:\/\/www.svalbard.fr\/actualites\/suisse-lecart-salarial-hommes-femmes-en-2024-reste-choquant-malgre-les-lois\/\"]}]},{\"@type\":\"BreadcrumbList\",\"@id\":\"https:\/\/www.svalbard.fr\/actualites\/suisse-lecart-salarial-hommes-femmes-en-2024-reste-choquant-malgre-les-lois\/#breadcrumb\",\"itemListElement\":[{\"@type\":\"ListItem\",\"position\":1,\"name\":\"Accueil\",\"item\":\"https:\/\/www.svalbard.fr\/actualites\/\"},{\"@type\":\"ListItem\",\"position\":2,\"name\":\"Suisse : l\u2019\u00e9cart salarial hommes-femmes en 2024 reste choquant malgr\u00e9 les lois\"}]},{\"@type\":\"WebSite\",\"@id\":\"https:\/\/www.svalbard.fr\/actualites\/#website\",\"url\":\"https:\/\/www.svalbard.fr\/actualites\/\",\"name\":\"www.Svalbard.fr\",\"description\":\"\",\"publisher\":{\"@id\":\"https:\/\/www.svalbard.fr\/actualites\/#organization\"},\"potentialAction\":[{\"@type\":\"SearchAction\",\"target\":{\"@type\":\"EntryPoint\",\"urlTemplate\":\"https:\/\/www.svalbard.fr\/actualites\/?s={search_term_string}\"},\"query-input\":\"required name=search_term_string\"}],\"inLanguage\":\"fr-FR\"},{\"@type\":\"Organization\",\"@id\":\"https:\/\/www.svalbard.fr\/actualites\/#organization\",\"name\":\"www.Svalbard.fr\",\"url\":\"https:\/\/www.svalbard.fr\/actualites\/\",\"logo\":{\"@type\":\"ImageObject\",\"inLanguage\":\"fr-FR\",\"@id\":\"https:\/\/www.svalbard.fr\/actualites\/#\/schema\/logo\/image\/\",\"url\":\"https:\/\/www.svalbard.fr\/actualites\/wp-content\/uploads\/2023\/09\/head-nom.jpg\",\"contentUrl\":\"https:\/\/www.svalbard.fr\/actualites\/wp-content\/uploads\/2023\/09\/head-nom.jpg\",\"width\":264,\"height\":35,\"caption\":\"www.Svalbard.fr\"},\"image\":{\"@id\":\"https:\/\/www.svalbard.fr\/actualites\/#\/schema\/logo\/image\/\"}},{\"@type\":\"Person\",\"@id\":\"https:\/\/www.svalbard.fr\/actualites\/#\/schema\/person\/b9d185560b94bff7322d37cb676ee545\",\"name\":\"Guillaume Chen\",\"image\":{\"@type\":\"ImageObject\",\"inLanguage\":\"fr-FR\",\"@id\":\"https:\/\/www.svalbard.fr\/actualites\/#\/schema\/person\/image\/\",\"url\":\"https:\/\/secure.gravatar.com\/avatar\/0c3f9c94586035b795ad4049a06fb048?s=96&d=mm&r=g\",\"contentUrl\":\"https:\/\/secure.gravatar.com\/avatar\/0c3f9c94586035b795ad4049a06fb048?s=96&d=mm&r=g\",\"caption\":\"Guillaume Chen\"},\"sameAs\":[\"https:\/\/www.svalbard.fr\/\"]}]}<\/script>\n<!-- \/ Yoast SEO plugin. -->","yoast_head_json":{"title":"Suisse : l\u2019\u00e9cart salarial hommes-femmes en 2024 reste choquant malgr\u00e9 les lois","robots":{"index":"index","follow":"follow","max-snippet":"max-snippet:-1","max-image-preview":"max-image-preview:large","max-video-preview":"max-video-preview:-1"},"canonical":"https:\/\/www.svalbard.fr\/actualites\/suisse-lecart-salarial-hommes-femmes-en-2024-reste-choquant-malgre-les-lois\/","og_locale":"fr_FR","og_type":"article","og_title":"Suisse : l\u2019\u00e9cart salarial hommes-femmes en 2024 reste choquant malgr\u00e9 les lois","og_description":"Malgr\u00e9 des lois cens\u00e9es garantir l\u2019\u00e9galit\u00e9 salariale, les chiffres de 2024 r\u00e9v\u00e8lent une r\u00e9alit\u00e9 persistante : en Suisse, les femmes gagnent toujours bien moins que","og_url":"https:\/\/www.svalbard.fr\/actualites\/suisse-lecart-salarial-hommes-femmes-en-2024-reste-choquant-malgre-les-lois\/","og_site_name":"www.Svalbard.fr","article_published_time":"2025-07-07T08:30:00+00:00","article_modified_time":"2025-07-04T06:27:55+00:00","og_image":[{"width":1200,"height":675,"url":"https:\/\/www.svalbard.fr\/actualites\/wp-content\/uploads\/2025\/07\/3744383592961554.jpg","type":"image\/jpeg"}],"author":"Guillaume Chen","twitter_card":"summary_large_image","twitter_misc":{"\u00c9crit par":"Guillaume Chen","Dur\u00e9e de lecture estim\u00e9e":"3 minutes"},"schema":{"@context":"https:\/\/schema.org","@graph":[{"@type":"Article","@id":"https:\/\/www.svalbard.fr\/actualites\/suisse-lecart-salarial-hommes-femmes-en-2024-reste-choquant-malgre-les-lois\/#article","isPartOf":{"@id":"https:\/\/www.svalbard.fr\/actualites\/suisse-lecart-salarial-hommes-femmes-en-2024-reste-choquant-malgre-les-lois\/"},"author":{"name":"Guillaume Chen","@id":"https:\/\/www.svalbard.fr\/actualites\/#\/schema\/person\/b9d185560b94bff7322d37cb676ee545"},"headline":"Suisse : l\u2019\u00e9cart salarial hommes-femmes en 2024 reste choquant malgr\u00e9 les lois","datePublished":"2025-07-07T08:30:00+00:00","dateModified":"2025-07-04T06:27:55+00:00","mainEntityOfPage":{"@id":"https:\/\/www.svalbard.fr\/actualites\/suisse-lecart-salarial-hommes-femmes-en-2024-reste-choquant-malgre-les-lois\/"},"wordCount":588,"publisher":{"@id":"https:\/\/www.svalbard.fr\/actualites\/#organization"},"articleSection":["Tendances"],"inLanguage":"fr-FR"},{"@type":"WebPage","@id":"https:\/\/www.svalbard.fr\/actualites\/suisse-lecart-salarial-hommes-femmes-en-2024-reste-choquant-malgre-les-lois\/","url":"https:\/\/www.svalbard.fr\/actualites\/suisse-lecart-salarial-hommes-femmes-en-2024-reste-choquant-malgre-les-lois\/","name":"Suisse : l\u2019\u00e9cart salarial hommes-femmes en 2024 reste choquant malgr\u00e9 les lois","isPartOf":{"@id":"https:\/\/www.svalbard.fr\/actualites\/#website"},"datePublished":"2025-07-07T08:30:00+00:00","dateModified":"2025-07-04T06:27:55+00:00","breadcrumb":{"@id":"https:\/\/www.svalbard.fr\/actualites\/suisse-lecart-salarial-hommes-femmes-en-2024-reste-choquant-malgre-les-lois\/#breadcrumb"},"inLanguage":"fr-FR","potentialAction":[{"@type":"ReadAction","target":["https:\/\/www.svalbard.fr\/actualites\/suisse-lecart-salarial-hommes-femmes-en-2024-reste-choquant-malgre-les-lois\/"]}]},{"@type":"BreadcrumbList","@id":"https:\/\/www.svalbard.fr\/actualites\/suisse-lecart-salarial-hommes-femmes-en-2024-reste-choquant-malgre-les-lois\/#breadcrumb","itemListElement":[{"@type":"ListItem","position":1,"name":"Accueil","item":"https:\/\/www.svalbard.fr\/actualites\/"},{"@type":"ListItem","position":2,"name":"Suisse : l\u2019\u00e9cart salarial hommes-femmes en 2024 reste choquant malgr\u00e9 les lois"}]},{"@type":"WebSite","@id":"https:\/\/www.svalbard.fr\/actualites\/#website","url":"https:\/\/www.svalbard.fr\/actualites\/","name":"www.Svalbard.fr","description":"","publisher":{"@id":"https:\/\/www.svalbard.fr\/actualites\/#organization"},"potentialAction":[{"@type":"SearchAction","target":{"@type":"EntryPoint","urlTemplate":"https:\/\/www.svalbard.fr\/actualites\/?s={search_term_string}"},"query-input":"required name=search_term_string"}],"inLanguage":"fr-FR"},{"@type":"Organization","@id":"https:\/\/www.svalbard.fr\/actualites\/#organization","name":"www.Svalbard.fr","url":"https:\/\/www.svalbard.fr\/actualites\/","logo":{"@type":"ImageObject","inLanguage":"fr-FR","@id":"https:\/\/www.svalbard.fr\/actualites\/#\/schema\/logo\/image\/","url":"https:\/\/www.svalbard.fr\/actualites\/wp-content\/uploads\/2023\/09\/head-nom.jpg","contentUrl":"https:\/\/www.svalbard.fr\/actualites\/wp-content\/uploads\/2023\/09\/head-nom.jpg","width":264,"height":35,"caption":"www.Svalbard.fr"},"image":{"@id":"https:\/\/www.svalbard.fr\/actualites\/#\/schema\/logo\/image\/"}},{"@type":"Person","@id":"https:\/\/www.svalbard.fr\/actualites\/#\/schema\/person\/b9d185560b94bff7322d37cb676ee545","name":"Guillaume Chen","image":{"@type":"ImageObject","inLanguage":"fr-FR","@id":"https:\/\/www.svalbard.fr\/actualites\/#\/schema\/person\/image\/","url":"https:\/\/secure.gravatar.com\/avatar\/0c3f9c94586035b795ad4049a06fb048?s=96&d=mm&r=g","contentUrl":"https:\/\/secure.gravatar.com\/avatar\/0c3f9c94586035b795ad4049a06fb048?s=96&d=mm&r=g","caption":"Guillaume Chen"},"sameAs":["https:\/\/www.svalbard.fr\/"]}]}},"_links":{"self":[{"href":"https:\/\/www.svalbard.fr\/actualites\/wp-json\/wp\/v2\/posts\/4564"}],"collection":[{"href":"https:\/\/www.svalbard.fr\/actualites\/wp-json\/wp\/v2\/posts"}],"about":[{"href":"https:\/\/www.svalbard.fr\/actualites\/wp-json\/wp\/v2\/types\/post"}],"author":[{"embeddable":true,"href":"https:\/\/www.svalbard.fr\/actualites\/wp-json\/wp\/v2\/users\/3"}],"replies":[{"embeddable":true,"href":"https:\/\/www.svalbard.fr\/actualites\/wp-json\/wp\/v2\/comments?post=4564"}],"version-history":[{"count":1,"href":"https:\/\/www.svalbard.fr\/actualites\/wp-json\/wp\/v2\/posts\/4564\/revisions"}],"predecessor-version":[{"id":4566,"href":"https:\/\/www.svalbard.fr\/actualites\/wp-json\/wp\/v2\/posts\/4564\/revisions\/4566"}],"wp:featuredmedia":[{"embeddable":true,"href":"https:\/\/www.svalbard.fr\/actualites\/wp-json\/wp\/v2\/media\/4565"}],"wp:attachment":[{"href":"https:\/\/www.svalbard.fr\/actualites\/wp-json\/wp\/v2\/media?parent=4564"}],"wp:term":[{"taxonomy":"category","embeddable":true,"href":"https:\/\/www.svalbard.fr\/actualites\/wp-json\/wp\/v2\/categories?post=4564"},{"taxonomy":"post_tag","embeddable":true,"href":"https:\/\/www.svalbard.fr\/actualites\/wp-json\/wp\/v2\/tags?post=4564"}],"curies":[{"name":"wp","href":"https:\/\/api.w.org\/{rel}","templated":true}]}}