{"id":4573,"date":"2025-07-06T07:50:00","date_gmt":"2025-07-06T05:50:00","guid":{"rendered":"https:\/\/www.svalbard.fr\/actualites\/?p=4573"},"modified":"2025-07-04T12:09:57","modified_gmt":"2025-07-04T10:09:57","slug":"sveits-mangler-arbeidskraft-utenlandske-arbeidere-er-na-uunnvaerlige","status":"publish","type":"post","link":"https:\/\/www.svalbard.fr\/actualites\/no\/sveits-mangler-arbeidskraft-utenlandske-arbeidere-er-na-uunnvaerlige\/","title":{"rendered":"Sveits mangler arbeidskraft \u2013 utenlandske arbeidere er n\u00e5 uunnv\u00e6rlige"},"content":{"rendered":"\n<p><em><strong>Sveits st\u00e5r midt i en utfordring som ikke bare handler om tall og statistikk, men om mennesker, behov og fremtid. Landet har for alvor f\u00e5tt merke konsekvensene av en voksende mangel p\u00e5 kvalifisert arbeidskraft \u2013 og det haster med l\u00f8sninger.<\/strong><\/em><\/p>\n\n\n\n<!--more-->\n\n\n\n<h2 class=\"wp-block-heading\">Hvorfor mangler Sveits arbeidskraft ?<\/h2>\n\n\n\n<p>P\u00e5 et lite legekontor i Luzern forteller en erfaren fastlege at han m\u00e5 takke nei til nye pasienter. Ikke fordi han ikke vil, men fordi han mangler assistenter og sykepleiere til \u00e5 holde hjulene i gang. Dette er ikke et enkelttilfelle \u2013 det er et bilde p\u00e5 en bred nasjonal trend. <strong><a href=\"https:\/\/www.svalbard.fr\/actualites\/no\/disse-5-godt-betalte-jobbene-i-sveits-krever-ingen-utdanning\/\">Sveits<\/a> eldes<\/strong>, og det raskere enn mange trodde. Antallet pensjonister overstiger n\u00e5 de unge som trer inn p\u00e5 arbeidsmarkedet.<\/p>\n\n\n\n<p>Det er flere grunner til denne ubalansen. <strong>\u00d8konomisk vekst<\/strong> har v\u00e6rt sterk, s\u00e6rlig de siste ti\u00e5rene, og ettersp\u00f8rselen etter kvalifiserte arbeidere har \u00f8kt tilsvarende. Samtidig har pandemien bidratt til \u00e5 presse arbeidsmarkedet ytterligere ved \u00e5 forsterke flaskehalsene. If\u00f8lge den <strong>Sveitsiske arbeidsgiverforeningen<\/strong> har landet i dag 30\u202f% flere ansatte enn for 20 \u00e5r siden \u2013 og det finnes n\u00e5 over <strong>100\u202f000 ledige stillinger<\/strong> som ikke lar seg fylle uten hjelp utenfra.<\/p>\n\n\n\n<h2 class=\"wp-block-heading\">Over 100 000 ledige stillinger<\/h2>\n\n\n\n<p>Det er f\u00f8rst n\u00e5r du sitter p\u00e5 en restaurant i Gen\u00e8ve og venter 40 minutter p\u00e5 menyen at det virkelig synker inn: mangel p\u00e5 folk p\u00e5virker hverdagen. Ikke bare i helsesektoren, men ogs\u00e5 i <strong>servering<\/strong>, <strong>turisme<\/strong>, <strong>byggebransjen<\/strong> og <strong>teknologiske fagomr\u00e5der<\/strong> er behovet for arbeidskraft skrikende. If\u00f8lge en rapport fra bemanningsselskapet Manpower, er det i disse sektorene gapet er st\u00f8rst \u2013 og konsekvensene merkes i alt fra helseberedskap til \u00f8konomisk produktivitet.<\/p>\n\n\n\n<h2 class=\"wp-block-heading\">L\u00f8sningen : tiltrekke seg utenlandsk kompetanse<\/h2>\n\n\n\n<p>En HR-leder i Z\u00fcrich forteller at bedriften hennes n\u00e5 rekrutterer aktivt i Spania og Portugal. Det er ikke lenger et valg \u2013 det er en n\u00f8dvendighet. <strong>Arbeidere fra utlandet<\/strong> har blitt en uunnv\u00e6rlig ressurs. Men for at denne l\u00f8sningen skal fungere, m\u00e5 de som kommer f\u00e5 en reel mulighet til \u00e5 lykkes.<\/p>\n\n\n\n<p>Natalie Imboden fra fagforbundet UNIA understreker hvor viktig det er \u00e5 tilby <strong>m\u00e5lrettet oppl\u00e6ring<\/strong> og spr\u00e5kundervisning. Integrasjonen m\u00e5 v\u00e6re effektiv og inkluderende \u2013 b\u00e5de for \u00e5 dekke behovene her og n\u00e5, og for \u00e5 sikre b\u00e6rekraft p\u00e5 lang sikt.<\/p>\n\n\n\n<p>If\u00f8lge <strong>Employ\u00e9s Suisses<\/strong>, risikerer Sveits et \u00f8konomisk tap p\u00e5 opptil <strong>60 milliarder sveitsiske franc<\/strong> innen 2025 dersom mangelen p\u00e5 arbeidskraft ikke adresseres med konkrete tiltak.<\/p>\n\n\n\n<h2 class=\"wp-block-heading\">Strategier for integrering av utenlandske arbeidere<\/h2>\n\n\n\n<p>For mange utenlandske fagfolk stopper dr\u00f8mmen om <a href=\"https:\/\/www.svalbard.fr\/actualites\/no\/student-her-er-de-10-mest-lonnsomme-jobbene-du-kan-fa-na\/\"><strong>jobb<\/strong><\/a> i Sveits i papirarbeid. Anerkjennelse av utenlandske kvalifikasjoner kan ta m\u00e5neder, noen ganger \u00e5r. Dette har f\u00f8rt til krav om \u00e5 <strong>forenkle byr\u00e5kratiske prosesser<\/strong> og gj\u00f8re det lettere \u00e5 integreres raskt i arbeidsmarkedet.<\/p>\n\n\n\n<p>Men det handler ikke bare om de som kommer utenfra. Sveits har et uutnyttet potensial i <strong>kvinner<\/strong>, <strong>eldre arbeidstakere<\/strong> og <strong>mennesker med nedsatt funksjonsevne<\/strong>. En HR-ansvarlig i Bern nevnte at de n\u00e5 tilbyr fleksible arbeidsordninger spesielt rettet mot eldre ansatte \u2013 et grep som b\u00e5de holder kompetanse i systemet og avlaster bemanningspresset.<\/p>\n\n\n\n<h2 class=\"wp-block-heading\">Yrkesoppl\u00e6ring som n\u00f8kkel<\/h2>\n\n\n\n<p>Arnon, som leder et medisinteknisk selskap i Basel, er tydelig: \u00abVi m\u00e5 bygge kompetanse lokalt, ikke bare hente den utenfra\u00bb. Han peker p\u00e5 <strong>yrkesfaglig oppl\u00e6ring<\/strong> som en avgj\u00f8rende faktor for fremtiden. I sektorer som helse, teknikk og IT, m\u00e5 Sveits investere i videreutdanning \u2013 b\u00e5de for innf\u00f8dte og nyankomne.<\/p>\n\n\n\n<p>Et eksempel er et nytt samarbeid mellom kantonene og private klinikker, som tilbyr spesialkurs for utenlandske sykepleiere. Dette har f\u00f8rt til at over 80\u202f% av deltakerne fikk jobb i l\u00f8pet av seks m\u00e5neder.<\/p>\n\n\n\n<h2 class=\"wp-block-heading\">Sveits \u2013 en attraktiv arbeidsplass ?<\/h2>\n\n\n\n<p>Sveits er kjent for <strong>h\u00f8ye l\u00f8nninger<\/strong>, lav arbeidsledighet og god livskvalitet. Dette har tradisjonelt gjort landet sv\u00e6rt attraktivt for internasjonale arbeidstakere. Men konkurransen er i ferd med \u00e5 skjerpes. Flere EU-land forbedrer n\u00e5 sine arbeidsvilk\u00e5r og gj\u00f8r aktivt fors\u00f8k p\u00e5 \u00e5 tiltrekke samme type kompetanse.<\/p>\n\n\n\n<p>For Sveits betyr det at det ikke holder \u00e5 lene seg p\u00e5 tidligere meritter. Landet m\u00e5 fortsette \u00e5 tilby <strong>konkurransedyktige betingelser<\/strong>, samtidig som det legger til rette for integrering og karriereutvikling. Ellers vil kompetansen g\u00e5 andre steder.<\/p>\n\n\n\n<h2 class=\"wp-block-heading\">Konklusjon<\/h2>\n\n\n\n<p>Sveits st\u00e5r overfor et veiskille. Mangelen p\u00e5 arbeidskraft er reell \u2013 og den truer b\u00e5de velferd og \u00f8konomisk vekst. \u00c5 \u00e5pne d\u00f8ren for utenlandske arbeidstakere er ikke lenger et valg, men en n\u00f8dvendighet. Samtidig m\u00e5 byr\u00e5krati kuttes, oppl\u00e6ring styrkes og underrepresenterte grupper l\u00f8ftes frem.<\/p>\n\n\n\n<p>Det handler ikke bare om tall. Det handler om \u00e5 gi folk muligheter \u2013 og \u00e5 sikre at samfunnet kan m\u00f8te fremtidens utfordringer med nok hender og riktige hoder. Sveits har verkt\u00f8yene, men det haster \u00e5 bruke dem.<\/p>\n","protected":false},"excerpt":{"rendered":"<p>Sveits st\u00e5r midt i en utfordring som ikke bare handler om tall og statistikk, men om mennesker, behov og fremtid. Landet har for alvor f\u00e5tt<\/p>\n","protected":false},"author":3,"featured_media":4574,"comment_status":"closed","ping_status":"closed","sticky":false,"template":"","format":"standard","meta":{"footnotes":""},"categories":[4557],"tags":[],"yoast_head":"<!-- This site is optimized with the Yoast SEO plugin v21.0 - https:\/\/yoast.com\/wordpress\/plugins\/seo\/ -->\n<title>Sveits mangler arbeidskraft \u2013 utenlandske arbeidere er n\u00e5 uunnv\u00e6rlige<\/title>\n<meta name=\"robots\" content=\"index, follow, max-snippet:-1, max-image-preview:large, max-video-preview:-1\" \/>\n<link rel=\"canonical\" href=\"https:\/\/www.svalbard.fr\/actualites\/no\/sveits-mangler-arbeidskraft-utenlandske-arbeidere-er-na-uunnvaerlige\/\" \/>\n<meta property=\"og:locale\" content=\"fr_FR\" \/>\n<meta property=\"og:type\" content=\"article\" \/>\n<meta property=\"og:title\" content=\"Sveits mangler arbeidskraft \u2013 utenlandske arbeidere er n\u00e5 uunnv\u00e6rlige\" \/>\n<meta property=\"og:description\" content=\"Sveits st\u00e5r midt i en utfordring som ikke bare handler om tall og statistikk, men om mennesker, behov og fremtid. Landet har for alvor f\u00e5tt\" \/>\n<meta property=\"og:url\" content=\"https:\/\/www.svalbard.fr\/actualites\/no\/sveits-mangler-arbeidskraft-utenlandske-arbeidere-er-na-uunnvaerlige\/\" \/>\n<meta property=\"og:site_name\" content=\"www.Svalbard.fr\" \/>\n<meta property=\"article:published_time\" content=\"2025-07-06T05:50:00+00:00\" \/>\n<meta property=\"article:modified_time\" content=\"2025-07-04T10:09:57+00:00\" \/>\n<meta property=\"og:image\" content=\"https:\/\/www.svalbard.fr\/actualites\/wp-content\/uploads\/2025\/07\/penurie-de-main-doeuvre-Suisse.jpg\" \/>\n\t<meta property=\"og:image:width\" content=\"1200\" \/>\n\t<meta property=\"og:image:height\" content=\"675\" \/>\n\t<meta property=\"og:image:type\" content=\"image\/jpeg\" \/>\n<meta name=\"author\" content=\"Guillaume Chen\" \/>\n<meta name=\"twitter:card\" content=\"summary_large_image\" \/>\n<meta name=\"twitter:label1\" content=\"\u00c9crit par\" \/>\n\t<meta name=\"twitter:data1\" content=\"Guillaume Chen\" \/>\n\t<meta name=\"twitter:label2\" content=\"Dur\u00e9e de lecture estim\u00e9e\" \/>\n\t<meta name=\"twitter:data2\" content=\"4 minutes\" \/>\n<script type=\"application\/ld+json\" class=\"yoast-schema-graph\">{\"@context\":\"https:\/\/schema.org\",\"@graph\":[{\"@type\":\"Article\",\"@id\":\"https:\/\/www.svalbard.fr\/actualites\/no\/sveits-mangler-arbeidskraft-utenlandske-arbeidere-er-na-uunnvaerlige\/#article\",\"isPartOf\":{\"@id\":\"https:\/\/www.svalbard.fr\/actualites\/no\/sveits-mangler-arbeidskraft-utenlandske-arbeidere-er-na-uunnvaerlige\/\"},\"author\":{\"name\":\"Guillaume Chen\",\"@id\":\"https:\/\/www.svalbard.fr\/actualites\/#\/schema\/person\/b9d185560b94bff7322d37cb676ee545\"},\"headline\":\"Sveits mangler arbeidskraft \u2013 utenlandske arbeidere er n\u00e5 uunnv\u00e6rlige\",\"datePublished\":\"2025-07-06T05:50:00+00:00\",\"dateModified\":\"2025-07-04T10:09:57+00:00\",\"mainEntityOfPage\":{\"@id\":\"https:\/\/www.svalbard.fr\/actualites\/no\/sveits-mangler-arbeidskraft-utenlandske-arbeidere-er-na-uunnvaerlige\/\"},\"wordCount\":764,\"publisher\":{\"@id\":\"https:\/\/www.svalbard.fr\/actualites\/#organization\"},\"articleSection\":[\"Trender\"],\"inLanguage\":\"fr-FR\"},{\"@type\":\"WebPage\",\"@id\":\"https:\/\/www.svalbard.fr\/actualites\/no\/sveits-mangler-arbeidskraft-utenlandske-arbeidere-er-na-uunnvaerlige\/\",\"url\":\"https:\/\/www.svalbard.fr\/actualites\/no\/sveits-mangler-arbeidskraft-utenlandske-arbeidere-er-na-uunnvaerlige\/\",\"name\":\"Sveits mangler arbeidskraft \u2013 utenlandske arbeidere er n\u00e5 uunnv\u00e6rlige\",\"isPartOf\":{\"@id\":\"https:\/\/www.svalbard.fr\/actualites\/#website\"},\"datePublished\":\"2025-07-06T05:50:00+00:00\",\"dateModified\":\"2025-07-04T10:09:57+00:00\",\"breadcrumb\":{\"@id\":\"https:\/\/www.svalbard.fr\/actualites\/no\/sveits-mangler-arbeidskraft-utenlandske-arbeidere-er-na-uunnvaerlige\/#breadcrumb\"},\"inLanguage\":\"fr-FR\",\"potentialAction\":[{\"@type\":\"ReadAction\",\"target\":[\"https:\/\/www.svalbard.fr\/actualites\/no\/sveits-mangler-arbeidskraft-utenlandske-arbeidere-er-na-uunnvaerlige\/\"]}]},{\"@type\":\"BreadcrumbList\",\"@id\":\"https:\/\/www.svalbard.fr\/actualites\/no\/sveits-mangler-arbeidskraft-utenlandske-arbeidere-er-na-uunnvaerlige\/#breadcrumb\",\"itemListElement\":[{\"@type\":\"ListItem\",\"position\":1,\"name\":\"Accueil\",\"item\":\"https:\/\/www.svalbard.fr\/actualites\/\"},{\"@type\":\"ListItem\",\"position\":2,\"name\":\"Sveits mangler arbeidskraft \u2013 utenlandske arbeidere er n\u00e5 uunnv\u00e6rlige\"}]},{\"@type\":\"WebSite\",\"@id\":\"https:\/\/www.svalbard.fr\/actualites\/#website\",\"url\":\"https:\/\/www.svalbard.fr\/actualites\/\",\"name\":\"www.Svalbard.fr\",\"description\":\"\",\"publisher\":{\"@id\":\"https:\/\/www.svalbard.fr\/actualites\/#organization\"},\"potentialAction\":[{\"@type\":\"SearchAction\",\"target\":{\"@type\":\"EntryPoint\",\"urlTemplate\":\"https:\/\/www.svalbard.fr\/actualites\/?s={search_term_string}\"},\"query-input\":\"required name=search_term_string\"}],\"inLanguage\":\"fr-FR\"},{\"@type\":\"Organization\",\"@id\":\"https:\/\/www.svalbard.fr\/actualites\/#organization\",\"name\":\"www.Svalbard.fr\",\"url\":\"https:\/\/www.svalbard.fr\/actualites\/\",\"logo\":{\"@type\":\"ImageObject\",\"inLanguage\":\"fr-FR\",\"@id\":\"https:\/\/www.svalbard.fr\/actualites\/#\/schema\/logo\/image\/\",\"url\":\"https:\/\/www.svalbard.fr\/actualites\/wp-content\/uploads\/2023\/09\/head-nom.jpg\",\"contentUrl\":\"https:\/\/www.svalbard.fr\/actualites\/wp-content\/uploads\/2023\/09\/head-nom.jpg\",\"width\":264,\"height\":35,\"caption\":\"www.Svalbard.fr\"},\"image\":{\"@id\":\"https:\/\/www.svalbard.fr\/actualites\/#\/schema\/logo\/image\/\"}},{\"@type\":\"Person\",\"@id\":\"https:\/\/www.svalbard.fr\/actualites\/#\/schema\/person\/b9d185560b94bff7322d37cb676ee545\",\"name\":\"Guillaume Chen\",\"image\":{\"@type\":\"ImageObject\",\"inLanguage\":\"fr-FR\",\"@id\":\"https:\/\/www.svalbard.fr\/actualites\/#\/schema\/person\/image\/\",\"url\":\"https:\/\/secure.gravatar.com\/avatar\/0c3f9c94586035b795ad4049a06fb048?s=96&d=mm&r=g\",\"contentUrl\":\"https:\/\/secure.gravatar.com\/avatar\/0c3f9c94586035b795ad4049a06fb048?s=96&d=mm&r=g\",\"caption\":\"Guillaume Chen\"},\"sameAs\":[\"https:\/\/www.svalbard.fr\/\"]}]}<\/script>\n<!-- \/ Yoast SEO plugin. -->","yoast_head_json":{"title":"Sveits mangler arbeidskraft \u2013 utenlandske arbeidere er n\u00e5 uunnv\u00e6rlige","robots":{"index":"index","follow":"follow","max-snippet":"max-snippet:-1","max-image-preview":"max-image-preview:large","max-video-preview":"max-video-preview:-1"},"canonical":"https:\/\/www.svalbard.fr\/actualites\/no\/sveits-mangler-arbeidskraft-utenlandske-arbeidere-er-na-uunnvaerlige\/","og_locale":"fr_FR","og_type":"article","og_title":"Sveits mangler arbeidskraft \u2013 utenlandske arbeidere er n\u00e5 uunnv\u00e6rlige","og_description":"Sveits st\u00e5r midt i en utfordring som ikke bare handler om tall og statistikk, men om mennesker, behov og fremtid. Landet har for alvor f\u00e5tt","og_url":"https:\/\/www.svalbard.fr\/actualites\/no\/sveits-mangler-arbeidskraft-utenlandske-arbeidere-er-na-uunnvaerlige\/","og_site_name":"www.Svalbard.fr","article_published_time":"2025-07-06T05:50:00+00:00","article_modified_time":"2025-07-04T10:09:57+00:00","og_image":[{"width":1200,"height":675,"url":"https:\/\/www.svalbard.fr\/actualites\/wp-content\/uploads\/2025\/07\/penurie-de-main-doeuvre-Suisse.jpg","type":"image\/jpeg"}],"author":"Guillaume Chen","twitter_card":"summary_large_image","twitter_misc":{"\u00c9crit par":"Guillaume Chen","Dur\u00e9e de lecture estim\u00e9e":"4 minutes"},"schema":{"@context":"https:\/\/schema.org","@graph":[{"@type":"Article","@id":"https:\/\/www.svalbard.fr\/actualites\/no\/sveits-mangler-arbeidskraft-utenlandske-arbeidere-er-na-uunnvaerlige\/#article","isPartOf":{"@id":"https:\/\/www.svalbard.fr\/actualites\/no\/sveits-mangler-arbeidskraft-utenlandske-arbeidere-er-na-uunnvaerlige\/"},"author":{"name":"Guillaume Chen","@id":"https:\/\/www.svalbard.fr\/actualites\/#\/schema\/person\/b9d185560b94bff7322d37cb676ee545"},"headline":"Sveits mangler arbeidskraft \u2013 utenlandske arbeidere er n\u00e5 uunnv\u00e6rlige","datePublished":"2025-07-06T05:50:00+00:00","dateModified":"2025-07-04T10:09:57+00:00","mainEntityOfPage":{"@id":"https:\/\/www.svalbard.fr\/actualites\/no\/sveits-mangler-arbeidskraft-utenlandske-arbeidere-er-na-uunnvaerlige\/"},"wordCount":764,"publisher":{"@id":"https:\/\/www.svalbard.fr\/actualites\/#organization"},"articleSection":["Trender"],"inLanguage":"fr-FR"},{"@type":"WebPage","@id":"https:\/\/www.svalbard.fr\/actualites\/no\/sveits-mangler-arbeidskraft-utenlandske-arbeidere-er-na-uunnvaerlige\/","url":"https:\/\/www.svalbard.fr\/actualites\/no\/sveits-mangler-arbeidskraft-utenlandske-arbeidere-er-na-uunnvaerlige\/","name":"Sveits mangler arbeidskraft \u2013 utenlandske arbeidere er n\u00e5 uunnv\u00e6rlige","isPartOf":{"@id":"https:\/\/www.svalbard.fr\/actualites\/#website"},"datePublished":"2025-07-06T05:50:00+00:00","dateModified":"2025-07-04T10:09:57+00:00","breadcrumb":{"@id":"https:\/\/www.svalbard.fr\/actualites\/no\/sveits-mangler-arbeidskraft-utenlandske-arbeidere-er-na-uunnvaerlige\/#breadcrumb"},"inLanguage":"fr-FR","potentialAction":[{"@type":"ReadAction","target":["https:\/\/www.svalbard.fr\/actualites\/no\/sveits-mangler-arbeidskraft-utenlandske-arbeidere-er-na-uunnvaerlige\/"]}]},{"@type":"BreadcrumbList","@id":"https:\/\/www.svalbard.fr\/actualites\/no\/sveits-mangler-arbeidskraft-utenlandske-arbeidere-er-na-uunnvaerlige\/#breadcrumb","itemListElement":[{"@type":"ListItem","position":1,"name":"Accueil","item":"https:\/\/www.svalbard.fr\/actualites\/"},{"@type":"ListItem","position":2,"name":"Sveits mangler arbeidskraft \u2013 utenlandske arbeidere er n\u00e5 uunnv\u00e6rlige"}]},{"@type":"WebSite","@id":"https:\/\/www.svalbard.fr\/actualites\/#website","url":"https:\/\/www.svalbard.fr\/actualites\/","name":"www.Svalbard.fr","description":"","publisher":{"@id":"https:\/\/www.svalbard.fr\/actualites\/#organization"},"potentialAction":[{"@type":"SearchAction","target":{"@type":"EntryPoint","urlTemplate":"https:\/\/www.svalbard.fr\/actualites\/?s={search_term_string}"},"query-input":"required name=search_term_string"}],"inLanguage":"fr-FR"},{"@type":"Organization","@id":"https:\/\/www.svalbard.fr\/actualites\/#organization","name":"www.Svalbard.fr","url":"https:\/\/www.svalbard.fr\/actualites\/","logo":{"@type":"ImageObject","inLanguage":"fr-FR","@id":"https:\/\/www.svalbard.fr\/actualites\/#\/schema\/logo\/image\/","url":"https:\/\/www.svalbard.fr\/actualites\/wp-content\/uploads\/2023\/09\/head-nom.jpg","contentUrl":"https:\/\/www.svalbard.fr\/actualites\/wp-content\/uploads\/2023\/09\/head-nom.jpg","width":264,"height":35,"caption":"www.Svalbard.fr"},"image":{"@id":"https:\/\/www.svalbard.fr\/actualites\/#\/schema\/logo\/image\/"}},{"@type":"Person","@id":"https:\/\/www.svalbard.fr\/actualites\/#\/schema\/person\/b9d185560b94bff7322d37cb676ee545","name":"Guillaume Chen","image":{"@type":"ImageObject","inLanguage":"fr-FR","@id":"https:\/\/www.svalbard.fr\/actualites\/#\/schema\/person\/image\/","url":"https:\/\/secure.gravatar.com\/avatar\/0c3f9c94586035b795ad4049a06fb048?s=96&d=mm&r=g","contentUrl":"https:\/\/secure.gravatar.com\/avatar\/0c3f9c94586035b795ad4049a06fb048?s=96&d=mm&r=g","caption":"Guillaume Chen"},"sameAs":["https:\/\/www.svalbard.fr\/"]}]}},"_links":{"self":[{"href":"https:\/\/www.svalbard.fr\/actualites\/wp-json\/wp\/v2\/posts\/4573"}],"collection":[{"href":"https:\/\/www.svalbard.fr\/actualites\/wp-json\/wp\/v2\/posts"}],"about":[{"href":"https:\/\/www.svalbard.fr\/actualites\/wp-json\/wp\/v2\/types\/post"}],"author":[{"embeddable":true,"href":"https:\/\/www.svalbard.fr\/actualites\/wp-json\/wp\/v2\/users\/3"}],"replies":[{"embeddable":true,"href":"https:\/\/www.svalbard.fr\/actualites\/wp-json\/wp\/v2\/comments?post=4573"}],"version-history":[{"count":1,"href":"https:\/\/www.svalbard.fr\/actualites\/wp-json\/wp\/v2\/posts\/4573\/revisions"}],"predecessor-version":[{"id":4575,"href":"https:\/\/www.svalbard.fr\/actualites\/wp-json\/wp\/v2\/posts\/4573\/revisions\/4575"}],"wp:featuredmedia":[{"embeddable":true,"href":"https:\/\/www.svalbard.fr\/actualites\/wp-json\/wp\/v2\/media\/4574"}],"wp:attachment":[{"href":"https:\/\/www.svalbard.fr\/actualites\/wp-json\/wp\/v2\/media?parent=4573"}],"wp:term":[{"taxonomy":"category","embeddable":true,"href":"https:\/\/www.svalbard.fr\/actualites\/wp-json\/wp\/v2\/categories?post=4573"},{"taxonomy":"post_tag","embeddable":true,"href":"https:\/\/www.svalbard.fr\/actualites\/wp-json\/wp\/v2\/tags?post=4573"}],"curies":[{"name":"wp","href":"https:\/\/api.w.org\/{rel}","templated":true}]}}