{"id":4587,"date":"2025-07-08T06:30:00","date_gmt":"2025-07-08T04:30:00","guid":{"rendered":"https:\/\/www.svalbard.fr\/actualites\/?p=4587"},"modified":"2025-07-07T10:23:35","modified_gmt":"2025-07-07T08:23:35","slug":"voici-les-5-signes-qui-montrent-quil-est-temps-de-quitter-votre-job","status":"publish","type":"post","link":"https:\/\/www.svalbard.fr\/actualites\/voici-les-5-signes-qui-montrent-quil-est-temps-de-quitter-votre-job\/","title":{"rendered":"Voici les 5 signes qui montrent qu\u2019il est temps de quitter votre job"},"content":{"rendered":"\n<p><em><strong>Quand votre r\u00e9veil devient l\u2019ennemi num\u00e9ro un et que la machine \u00e0 caf\u00e9 est votre seule motivation pour vous rendre au bureau, il est peut-\u00eatre temps de faire le point. On vous aide \u00e0 y voir plus clair avec ces cinq signaux d\u2019alarme qu\u2019il ne vaut mieux pas ignorer.<\/strong><\/em><\/p>\n\n\n\n<!--more-->\n\n\n\n<h2 class=\"wp-block-heading\">Vous avez l\u2019impression d\u2019\u00eatre sur pause depuis trop longtemps<\/h2>\n\n\n\n<p>Se lever chaque matin avec <strong>le sentiment de stagner<\/strong>, de ne plus progresser, c\u2019est un signal d\u2019alerte \u00e0 ne pas n\u00e9gliger. Si <strong>votre quotidien professionnel ne vous apprend plus rien<\/strong>, si aucune <strong>nouvelle comp\u00e9tence<\/strong> ne vient enrichir votre parcours, il est peut-\u00eatre temps de changer d\u2019horizon.<\/p>\n\n\n\n<p>Dans un monde en perp\u00e9tuelle \u00e9volution, <strong>rester dans sa zone de confort<\/strong> trop longtemps peut freiner votre carri\u00e8re. Avant de prendre une d\u00e9cision radicale, proposez \u00e0 votre manager <strong>une mont\u00e9e en comp\u00e9tence<\/strong>, une <strong>formation<\/strong> ou <strong>un nouveau projet stimulant<\/strong>. Mais si rien ne bouge malgr\u00e9 vos efforts\u2026 il va falloir en tirer les conclusions qui s\u2019imposent.<\/p>\n\n\n\n<h2 class=\"wp-block-heading\">Vous passez votre temps \u00e0 faire semblant<\/h2>\n\n\n\n<p>S\u2019adapter, c\u2019est bien. Se transformer en cam\u00e9l\u00e9on permanent, c\u2019est autre chose. Si vous passez vos journ\u00e9es \u00e0 <strong>composer avec des dysfonctionnements<\/strong>, \u00e0 user de stratag\u00e8mes pour survivre dans un environnement tendu, il est probable que <strong>vos comp\u00e9tences soient \u00e9touff\u00e9es<\/strong>.<\/p>\n\n\n\n<p>Et quand vos journ\u00e9es ne sont qu\u2019un encha\u00eenement de contorsions mentales pour \u00e9viter les conflits ou <strong>faire accepter vos id\u00e9es<\/strong>, la lassitude s\u2019installe. Parlez-en \u00e0 quelqu\u2019un de neutre : un \u0153il ext\u00e9rieur vous aidera \u00e0 voir si <strong>vous banalisez une situation anormale<\/strong>.<\/p>\n\n\n\n<h2 class=\"wp-block-heading\">Vous ne recommanderiez jamais votre entreprise (m\u00eame \u00e0 votre pire ennemi)<\/h2>\n\n\n\n<p>Refuser d\u2019orienter une personne comp\u00e9tente vers votre entreprise est souvent un <strong>aveu silencieux<\/strong>. Si vous-m\u00eame n\u2019avez plus confiance dans votre organisation, vos valeurs sont s\u00fbrement en d\u00e9calage avec celles de l\u2019entreprise.<\/p>\n\n\n\n<p>Prenez le temps de vous demander : <strong>qu\u2019est-ce qui vous freine ?<\/strong> Est-ce la culture interne ? Le management ? L\u2019<a href=\"https:\/\/www.svalbard.fr\/actualites\/ces-elements-de-decoration-bon-marche-ruinent-lambiance-de-votre-interieur\/\"><strong>ambiance<\/strong><\/a> ? Si vous ne trouvez <strong>aucune raison de d\u00e9fendre votre lieu de travail<\/strong>, il y a sans doute un probl\u00e8me plus profond.<\/p>\n\n\n\n<h2 class=\"wp-block-heading\">Votre estime de vous-m\u00eame est en chute libre<\/h2>\n\n\n\n<p>Un emploi ne devrait jamais \u00eatre <strong>une source constante de doute<\/strong>. Si vous vous sentez <strong>moins comp\u00e9tent, moins \u00e9cout\u00e9<\/strong>, voire invisible, il est possible que le cadre dans lequel vous \u00e9voluez vous <strong>tire vers le bas<\/strong>.<\/p>\n\n\n\n<p>Perdre confiance en soi, c\u2019est aussi <strong>perdre l\u2019envie d\u2019avancer<\/strong>. Et plus on reste, plus on doute. Pourtant, vos qualit\u00e9s sont l\u00e0. Il faut parfois <strong>changer de d\u00e9cor pour les retrouver<\/strong>, et surtout, <strong>refuser de s\u2019auto-saboter<\/strong> en restant l\u00e0 o\u00f9 l\u2019on ne se sent pas reconnu.<\/p>\n\n\n\n<h2 class=\"wp-block-heading\">Votre corps vous envoie des signaux clairs<\/h2>\n\n\n\n<p>Quand le travail <strong>devient une source de stress physique<\/strong>, ce n\u2019est plus une simple baisse de r\u00e9gime. <strong>Fatigue chronique, insomnies, douleurs musculaires<\/strong>, tensions constantes\u2026 Tous ces signes sont des cris silencieux de votre organisme.<\/p>\n\n\n\n<p>Si la simple id\u00e9e de retourner au bureau vous <strong>noue l\u2019estomac<\/strong>, il est temps d\u2019\u00e9couter votre corps. Avant le burn-out, il y a des \u00e9tapes, et vous pouvez encore les \u00e9viter. Parlez-en \u00e0 un <a href=\"https:\/\/www.svalbard.fr\/actualites\/combien-gagne-un-medecin-generaliste-en-france-les-chiffres-precis\/\"><strong>m\u00e9decin<\/strong><\/a>, \u00e0 un proche ou m\u00eame \u00e0 un coach. Ce n\u2019est pas de la faiblesse, <strong>c\u2019est de la lucidit\u00e9<\/strong>.<\/p>\n\n\n\n<p><strong>En somme, quitter son job n\u2019est jamais une d\u00e9cision facile, mais parfois, c\u2019est une v\u00e9ritable n\u00e9cessit\u00e9.<\/strong> Pas pour fuir, mais pour se prot\u00e9ger, se retrouver, et surtout, avancer. Parce qu\u2019au fond, <strong>un travail devrait vous porter, pas vous \u00e9puiser<\/strong>. Prenez le temps d\u2019\u00e9couter les signaux faibles\u2026 avant qu\u2019ils ne crient trop fort.<\/p>\n","protected":false},"excerpt":{"rendered":"<p>Quand votre r\u00e9veil devient l\u2019ennemi num\u00e9ro un et que la machine \u00e0 caf\u00e9 est votre seule motivation pour vous rendre au bureau, il est peut-\u00eatre<\/p>\n","protected":false},"author":3,"featured_media":4588,"comment_status":"closed","ping_status":"closed","sticky":false,"template":"","format":"standard","meta":{"footnotes":""},"categories":[1725],"tags":[],"yoast_head":"<!-- This site is optimized with the Yoast SEO plugin v21.0 - https:\/\/yoast.com\/wordpress\/plugins\/seo\/ -->\n<title>Voici les 5 signes qui montrent qu\u2019il est temps de quitter votre job<\/title>\n<meta name=\"robots\" content=\"index, follow, max-snippet:-1, max-image-preview:large, max-video-preview:-1\" \/>\n<link rel=\"canonical\" href=\"https:\/\/www.svalbard.fr\/actualites\/voici-les-5-signes-qui-montrent-quil-est-temps-de-quitter-votre-job\/\" \/>\n<meta property=\"og:locale\" content=\"fr_FR\" \/>\n<meta property=\"og:type\" content=\"article\" \/>\n<meta property=\"og:title\" content=\"Voici les 5 signes qui montrent qu\u2019il est temps de quitter votre job\" \/>\n<meta property=\"og:description\" content=\"Quand votre r\u00e9veil devient l\u2019ennemi num\u00e9ro un et que la machine \u00e0 caf\u00e9 est votre seule motivation pour vous rendre au bureau, il est peut-\u00eatre\" \/>\n<meta property=\"og:url\" content=\"https:\/\/www.svalbard.fr\/actualites\/voici-les-5-signes-qui-montrent-quil-est-temps-de-quitter-votre-job\/\" \/>\n<meta property=\"og:site_name\" content=\"www.Svalbard.fr\" \/>\n<meta property=\"article:published_time\" content=\"2025-07-08T04:30:00+00:00\" \/>\n<meta property=\"article:modified_time\" content=\"2025-07-07T08:23:35+00:00\" \/>\n<meta property=\"og:image\" content=\"https:\/\/www.svalbard.fr\/actualites\/wp-content\/uploads\/2025\/07\/mario-gogh-vblhicvh-li-unsplash.jpg\" \/>\n\t<meta property=\"og:image:width\" content=\"1200\" \/>\n\t<meta property=\"og:image:height\" content=\"592\" \/>\n\t<meta property=\"og:image:type\" content=\"image\/jpeg\" \/>\n<meta name=\"author\" content=\"Guillaume Chen\" \/>\n<meta name=\"twitter:card\" content=\"summary_large_image\" \/>\n<meta name=\"twitter:label1\" content=\"\u00c9crit par\" \/>\n\t<meta name=\"twitter:data1\" content=\"Guillaume Chen\" \/>\n\t<meta name=\"twitter:label2\" content=\"Dur\u00e9e de lecture estim\u00e9e\" \/>\n\t<meta name=\"twitter:data2\" content=\"3 minutes\" \/>\n<script type=\"application\/ld+json\" class=\"yoast-schema-graph\">{\"@context\":\"https:\/\/schema.org\",\"@graph\":[{\"@type\":\"Article\",\"@id\":\"https:\/\/www.svalbard.fr\/actualites\/voici-les-5-signes-qui-montrent-quil-est-temps-de-quitter-votre-job\/#article\",\"isPartOf\":{\"@id\":\"https:\/\/www.svalbard.fr\/actualites\/voici-les-5-signes-qui-montrent-quil-est-temps-de-quitter-votre-job\/\"},\"author\":{\"name\":\"Guillaume Chen\",\"@id\":\"https:\/\/www.svalbard.fr\/actualites\/#\/schema\/person\/b9d185560b94bff7322d37cb676ee545\"},\"headline\":\"Voici les 5 signes qui montrent qu\u2019il est temps de quitter votre job\",\"datePublished\":\"2025-07-08T04:30:00+00:00\",\"dateModified\":\"2025-07-07T08:23:35+00:00\",\"mainEntityOfPage\":{\"@id\":\"https:\/\/www.svalbard.fr\/actualites\/voici-les-5-signes-qui-montrent-quil-est-temps-de-quitter-votre-job\/\"},\"wordCount\":637,\"publisher\":{\"@id\":\"https:\/\/www.svalbard.fr\/actualites\/#organization\"},\"articleSection\":[\"Tendances\"],\"inLanguage\":\"fr-FR\"},{\"@type\":\"WebPage\",\"@id\":\"https:\/\/www.svalbard.fr\/actualites\/voici-les-5-signes-qui-montrent-quil-est-temps-de-quitter-votre-job\/\",\"url\":\"https:\/\/www.svalbard.fr\/actualites\/voici-les-5-signes-qui-montrent-quil-est-temps-de-quitter-votre-job\/\",\"name\":\"Voici les 5 signes qui montrent qu\u2019il est temps de quitter votre job\",\"isPartOf\":{\"@id\":\"https:\/\/www.svalbard.fr\/actualites\/#website\"},\"datePublished\":\"2025-07-08T04:30:00+00:00\",\"dateModified\":\"2025-07-07T08:23:35+00:00\",\"breadcrumb\":{\"@id\":\"https:\/\/www.svalbard.fr\/actualites\/voici-les-5-signes-qui-montrent-quil-est-temps-de-quitter-votre-job\/#breadcrumb\"},\"inLanguage\":\"fr-FR\",\"potentialAction\":[{\"@type\":\"ReadAction\",\"target\":[\"https:\/\/www.svalbard.fr\/actualites\/voici-les-5-signes-qui-montrent-quil-est-temps-de-quitter-votre-job\/\"]}]},{\"@type\":\"BreadcrumbList\",\"@id\":\"https:\/\/www.svalbard.fr\/actualites\/voici-les-5-signes-qui-montrent-quil-est-temps-de-quitter-votre-job\/#breadcrumb\",\"itemListElement\":[{\"@type\":\"ListItem\",\"position\":1,\"name\":\"Accueil\",\"item\":\"https:\/\/www.svalbard.fr\/actualites\/\"},{\"@type\":\"ListItem\",\"position\":2,\"name\":\"Voici les 5 signes qui montrent qu\u2019il est temps de quitter votre job\"}]},{\"@type\":\"WebSite\",\"@id\":\"https:\/\/www.svalbard.fr\/actualites\/#website\",\"url\":\"https:\/\/www.svalbard.fr\/actualites\/\",\"name\":\"www.Svalbard.fr\",\"description\":\"\",\"publisher\":{\"@id\":\"https:\/\/www.svalbard.fr\/actualites\/#organization\"},\"potentialAction\":[{\"@type\":\"SearchAction\",\"target\":{\"@type\":\"EntryPoint\",\"urlTemplate\":\"https:\/\/www.svalbard.fr\/actualites\/?s={search_term_string}\"},\"query-input\":\"required name=search_term_string\"}],\"inLanguage\":\"fr-FR\"},{\"@type\":\"Organization\",\"@id\":\"https:\/\/www.svalbard.fr\/actualites\/#organization\",\"name\":\"www.Svalbard.fr\",\"url\":\"https:\/\/www.svalbard.fr\/actualites\/\",\"logo\":{\"@type\":\"ImageObject\",\"inLanguage\":\"fr-FR\",\"@id\":\"https:\/\/www.svalbard.fr\/actualites\/#\/schema\/logo\/image\/\",\"url\":\"https:\/\/www.svalbard.fr\/actualites\/wp-content\/uploads\/2023\/09\/head-nom.jpg\",\"contentUrl\":\"https:\/\/www.svalbard.fr\/actualites\/wp-content\/uploads\/2023\/09\/head-nom.jpg\",\"width\":264,\"height\":35,\"caption\":\"www.Svalbard.fr\"},\"image\":{\"@id\":\"https:\/\/www.svalbard.fr\/actualites\/#\/schema\/logo\/image\/\"}},{\"@type\":\"Person\",\"@id\":\"https:\/\/www.svalbard.fr\/actualites\/#\/schema\/person\/b9d185560b94bff7322d37cb676ee545\",\"name\":\"Guillaume Chen\",\"image\":{\"@type\":\"ImageObject\",\"inLanguage\":\"fr-FR\",\"@id\":\"https:\/\/www.svalbard.fr\/actualites\/#\/schema\/person\/image\/\",\"url\":\"https:\/\/secure.gravatar.com\/avatar\/0c3f9c94586035b795ad4049a06fb048?s=96&d=mm&r=g\",\"contentUrl\":\"https:\/\/secure.gravatar.com\/avatar\/0c3f9c94586035b795ad4049a06fb048?s=96&d=mm&r=g\",\"caption\":\"Guillaume Chen\"},\"sameAs\":[\"https:\/\/www.svalbard.fr\/\"]}]}<\/script>\n<!-- \/ Yoast SEO plugin. -->","yoast_head_json":{"title":"Voici les 5 signes qui montrent qu\u2019il est temps de quitter votre job","robots":{"index":"index","follow":"follow","max-snippet":"max-snippet:-1","max-image-preview":"max-image-preview:large","max-video-preview":"max-video-preview:-1"},"canonical":"https:\/\/www.svalbard.fr\/actualites\/voici-les-5-signes-qui-montrent-quil-est-temps-de-quitter-votre-job\/","og_locale":"fr_FR","og_type":"article","og_title":"Voici les 5 signes qui montrent qu\u2019il est temps de quitter votre job","og_description":"Quand votre r\u00e9veil devient l\u2019ennemi num\u00e9ro un et que la machine \u00e0 caf\u00e9 est votre seule motivation pour vous rendre au bureau, il est peut-\u00eatre","og_url":"https:\/\/www.svalbard.fr\/actualites\/voici-les-5-signes-qui-montrent-quil-est-temps-de-quitter-votre-job\/","og_site_name":"www.Svalbard.fr","article_published_time":"2025-07-08T04:30:00+00:00","article_modified_time":"2025-07-07T08:23:35+00:00","og_image":[{"width":1200,"height":592,"url":"https:\/\/www.svalbard.fr\/actualites\/wp-content\/uploads\/2025\/07\/mario-gogh-vblhicvh-li-unsplash.jpg","type":"image\/jpeg"}],"author":"Guillaume Chen","twitter_card":"summary_large_image","twitter_misc":{"\u00c9crit par":"Guillaume Chen","Dur\u00e9e de lecture estim\u00e9e":"3 minutes"},"schema":{"@context":"https:\/\/schema.org","@graph":[{"@type":"Article","@id":"https:\/\/www.svalbard.fr\/actualites\/voici-les-5-signes-qui-montrent-quil-est-temps-de-quitter-votre-job\/#article","isPartOf":{"@id":"https:\/\/www.svalbard.fr\/actualites\/voici-les-5-signes-qui-montrent-quil-est-temps-de-quitter-votre-job\/"},"author":{"name":"Guillaume Chen","@id":"https:\/\/www.svalbard.fr\/actualites\/#\/schema\/person\/b9d185560b94bff7322d37cb676ee545"},"headline":"Voici les 5 signes qui montrent qu\u2019il est temps de quitter votre job","datePublished":"2025-07-08T04:30:00+00:00","dateModified":"2025-07-07T08:23:35+00:00","mainEntityOfPage":{"@id":"https:\/\/www.svalbard.fr\/actualites\/voici-les-5-signes-qui-montrent-quil-est-temps-de-quitter-votre-job\/"},"wordCount":637,"publisher":{"@id":"https:\/\/www.svalbard.fr\/actualites\/#organization"},"articleSection":["Tendances"],"inLanguage":"fr-FR"},{"@type":"WebPage","@id":"https:\/\/www.svalbard.fr\/actualites\/voici-les-5-signes-qui-montrent-quil-est-temps-de-quitter-votre-job\/","url":"https:\/\/www.svalbard.fr\/actualites\/voici-les-5-signes-qui-montrent-quil-est-temps-de-quitter-votre-job\/","name":"Voici les 5 signes qui montrent qu\u2019il est temps de quitter votre job","isPartOf":{"@id":"https:\/\/www.svalbard.fr\/actualites\/#website"},"datePublished":"2025-07-08T04:30:00+00:00","dateModified":"2025-07-07T08:23:35+00:00","breadcrumb":{"@id":"https:\/\/www.svalbard.fr\/actualites\/voici-les-5-signes-qui-montrent-quil-est-temps-de-quitter-votre-job\/#breadcrumb"},"inLanguage":"fr-FR","potentialAction":[{"@type":"ReadAction","target":["https:\/\/www.svalbard.fr\/actualites\/voici-les-5-signes-qui-montrent-quil-est-temps-de-quitter-votre-job\/"]}]},{"@type":"BreadcrumbList","@id":"https:\/\/www.svalbard.fr\/actualites\/voici-les-5-signes-qui-montrent-quil-est-temps-de-quitter-votre-job\/#breadcrumb","itemListElement":[{"@type":"ListItem","position":1,"name":"Accueil","item":"https:\/\/www.svalbard.fr\/actualites\/"},{"@type":"ListItem","position":2,"name":"Voici les 5 signes qui montrent qu\u2019il est temps de quitter votre job"}]},{"@type":"WebSite","@id":"https:\/\/www.svalbard.fr\/actualites\/#website","url":"https:\/\/www.svalbard.fr\/actualites\/","name":"www.Svalbard.fr","description":"","publisher":{"@id":"https:\/\/www.svalbard.fr\/actualites\/#organization"},"potentialAction":[{"@type":"SearchAction","target":{"@type":"EntryPoint","urlTemplate":"https:\/\/www.svalbard.fr\/actualites\/?s={search_term_string}"},"query-input":"required name=search_term_string"}],"inLanguage":"fr-FR"},{"@type":"Organization","@id":"https:\/\/www.svalbard.fr\/actualites\/#organization","name":"www.Svalbard.fr","url":"https:\/\/www.svalbard.fr\/actualites\/","logo":{"@type":"ImageObject","inLanguage":"fr-FR","@id":"https:\/\/www.svalbard.fr\/actualites\/#\/schema\/logo\/image\/","url":"https:\/\/www.svalbard.fr\/actualites\/wp-content\/uploads\/2023\/09\/head-nom.jpg","contentUrl":"https:\/\/www.svalbard.fr\/actualites\/wp-content\/uploads\/2023\/09\/head-nom.jpg","width":264,"height":35,"caption":"www.Svalbard.fr"},"image":{"@id":"https:\/\/www.svalbard.fr\/actualites\/#\/schema\/logo\/image\/"}},{"@type":"Person","@id":"https:\/\/www.svalbard.fr\/actualites\/#\/schema\/person\/b9d185560b94bff7322d37cb676ee545","name":"Guillaume Chen","image":{"@type":"ImageObject","inLanguage":"fr-FR","@id":"https:\/\/www.svalbard.fr\/actualites\/#\/schema\/person\/image\/","url":"https:\/\/secure.gravatar.com\/avatar\/0c3f9c94586035b795ad4049a06fb048?s=96&d=mm&r=g","contentUrl":"https:\/\/secure.gravatar.com\/avatar\/0c3f9c94586035b795ad4049a06fb048?s=96&d=mm&r=g","caption":"Guillaume Chen"},"sameAs":["https:\/\/www.svalbard.fr\/"]}]}},"_links":{"self":[{"href":"https:\/\/www.svalbard.fr\/actualites\/wp-json\/wp\/v2\/posts\/4587"}],"collection":[{"href":"https:\/\/www.svalbard.fr\/actualites\/wp-json\/wp\/v2\/posts"}],"about":[{"href":"https:\/\/www.svalbard.fr\/actualites\/wp-json\/wp\/v2\/types\/post"}],"author":[{"embeddable":true,"href":"https:\/\/www.svalbard.fr\/actualites\/wp-json\/wp\/v2\/users\/3"}],"replies":[{"embeddable":true,"href":"https:\/\/www.svalbard.fr\/actualites\/wp-json\/wp\/v2\/comments?post=4587"}],"version-history":[{"count":1,"href":"https:\/\/www.svalbard.fr\/actualites\/wp-json\/wp\/v2\/posts\/4587\/revisions"}],"predecessor-version":[{"id":4589,"href":"https:\/\/www.svalbard.fr\/actualites\/wp-json\/wp\/v2\/posts\/4587\/revisions\/4589"}],"wp:featuredmedia":[{"embeddable":true,"href":"https:\/\/www.svalbard.fr\/actualites\/wp-json\/wp\/v2\/media\/4588"}],"wp:attachment":[{"href":"https:\/\/www.svalbard.fr\/actualites\/wp-json\/wp\/v2\/media?parent=4587"}],"wp:term":[{"taxonomy":"category","embeddable":true,"href":"https:\/\/www.svalbard.fr\/actualites\/wp-json\/wp\/v2\/categories?post=4587"},{"taxonomy":"post_tag","embeddable":true,"href":"https:\/\/www.svalbard.fr\/actualites\/wp-json\/wp\/v2\/tags?post=4587"}],"curies":[{"name":"wp","href":"https:\/\/api.w.org\/{rel}","templated":true}]}}