{"id":4590,"date":"2025-07-08T08:30:00","date_gmt":"2025-07-08T06:30:00","guid":{"rendered":"https:\/\/www.svalbard.fr\/actualites\/?p=4590"},"modified":"2025-07-07T10:28:14","modified_gmt":"2025-07-07T08:28:14","slug":"ce-que-vous-ne-saviez-pas-sur-le-salaire-dun-garde-suisse-au-vatican","status":"publish","type":"post","link":"https:\/\/www.svalbard.fr\/actualites\/ce-que-vous-ne-saviez-pas-sur-le-salaire-dun-garde-suisse-au-vatican\/","title":{"rendered":"Ce que vous ne saviez pas sur le salaire d\u2019un garde suisse au Vatican"},"content":{"rendered":"\n<p><em><strong>Armure brillante, allure impeccable, et regard vigilant : les gardes suisses au Vatican attirent les regards, fascinent les touristes\u2026 mais leur fiche de paie, elle, surprend souvent par sa discr\u00e9tion. Derri\u00e8re cette silhouette digne d\u2019un roman historique se cache un quotidien exigeant, entre discipline militaire et engagement spirituel.<\/strong><\/em><\/p>\n\n\n\n<!--more-->\n\n\n\n<h2 class=\"wp-block-heading\">Un salaire qui ne paie pas l\u2019habit<\/h2>\n\n\n\n<p>On imagine volontiers ces hommes en costume ray\u00e9 bleu, rouge et jaune comme les sentinelles d\u2019un monde hors du temps. Mais attention, <strong>leur mission est loin d\u2019\u00eatre folklorique<\/strong>. Ils assurent jour et nuit <strong>la <a href=\"https:\/\/www.svalbard.fr\/actualites\/comment-marcher-en-toute-securite-sur-la-glace-en-norvege\/\">s\u00e9curit\u00e9<\/a> du pape<\/strong>, l\u2019accompagnent dans tous ses d\u00e9placements, et veillent au bon d\u00e9roulement des c\u00e9r\u00e9monies les plus solennelles. Pourtant, leur <strong>salaire mensuel plafonne \u00e0 1 200 euros<\/strong>.<\/p>\n\n\n\n<p>Cela peut sembler d\u00e9risoire au regard des responsabilit\u00e9s assum\u00e9es. Mais \u00e0 ce montant s\u2019ajoutent <strong>des avantages non n\u00e9gligeables<\/strong> : <strong>logement gratuit dans la caserne vaticane<\/strong>, repas pris en charge, et un cadre de vie\u2026 disons unique, \u00e0 deux pas de la chapelle Sixtine. Cela dit, <strong>la disponibilit\u00e9 demand\u00e9e est totale<\/strong> : il faut \u00eatre pr\u00eat \u00e0 se tenir droit et alerte, que ce soit pour une b\u00e9n\u00e9diction dominicale ou un voyage officiel \u00e0 l\u2019autre bout du monde.<\/p>\n\n\n\n<h2 class=\"wp-block-heading\">Une s\u00e9lection digne d\u2019un roman de chevalerie<\/h2>\n\n\n\n<p>Devenir garde suisse ne s\u2019improvise pas. Ici, on ne parle pas simplement de candidater : il faut <strong>r\u00e9pondre \u00e0 un cahier des charges aussi rigoureux que symbolique<\/strong>. Pour esp\u00e9rer int\u00e9grer les rangs, il faut <strong>\u00eatre de nationalit\u00e9 suisse, catholique pratiquant, c\u00e9libataire<\/strong> au moment de l\u2019engagement, avoir entre 19 et 30 ans, mesurer au moins 1,74 m\u00e8tre, \u00eatre dipl\u00f4m\u00e9 du secondaire et\u2026 avoir l\u2019\u00e2me d\u2019un soldat d\u00e9vou\u00e9.<\/p>\n\n\n\n<p>Le contrat ? <strong>Un engagement minimum de 26 mois<\/strong>. Et c\u2019est peu dire que cette dur\u00e9e est mise \u00e0 l\u2019\u00e9preuve. Il ne s\u2019agit pas seulement de tenir un hallebarde pour la photo, mais bien de vivre <strong>au rythme d\u2019un protocole millim\u00e9tr\u00e9<\/strong>, en conciliant <strong>discipline militaire<\/strong> et <strong>d\u00e9votion religieuse<\/strong>. Une immersion dans une institution qui m\u00eale h\u00e9ritage ancestral et exigences tr\u00e8s actuelles.<\/p>\n\n\n\n<h2 class=\"wp-block-heading\">Des soldats d\u2019\u00e9lite sous un costume d\u2019apparat<\/h2>\n\n\n\n<p>Ne vous fiez pas \u00e0 l\u2019uniforme color\u00e9 : <strong>derri\u00e8re le panache, il y a de la sueur<\/strong>. Les gardes suisses re\u00e7oivent une <strong>formation militaire compl\u00e8te<\/strong> : protection rapproch\u00e9e, maniement d\u2019armes modernes, arts martiaux, et bien s\u00fbr, respect strict du protocole.<\/p>\n\n\n\n<p>Leur r\u00f4le va bien au-del\u00e0 de la simple repr\u00e9sentation. Ils doivent savoir intervenir rapidement en cas de menace, <strong>g\u00e9rer des situations de crise<\/strong>, et travailler en coordination avec <strong>la gendarmerie du Vatican<\/strong>, force distincte mais compl\u00e9mentaire. Leur silhouette peut pr\u00eater \u00e0 sourire, mais leur mission est prise <strong>tr\u00e8s au s\u00e9rieux<\/strong>. Dans les coulisses, l\u2019\u00e9l\u00e9gance ne doit jamais masquer l\u2019efficacit\u00e9.<\/p>\n\n\n\n<h2 class=\"wp-block-heading\">Une vitrine autant qu\u2019un rempart<\/h2>\n\n\n\n<p>La Garde suisse ne prot\u00e8ge pas uniquement un homme, elle prot\u00e8ge <strong>une institution mill\u00e9naire<\/strong>. Son existence m\u00eame est un <strong>symbole fort de continuit\u00e9 et de <a href=\"https:\/\/www.svalbard.fr\/actualites\/presentation-de-spenn-points-de-fidelite-partages-pour-les-voyageurs-nordiques\/\">fid\u00e9lit\u00e9<\/a><\/strong>. Depuis plus de 500 ans, elle incarne <strong>la stabilit\u00e9 du Vatican<\/strong>, et ce, dans le moindre d\u00e9tail : posture, costume, c\u00e9r\u00e9monial.<\/p>\n\n\n\n<p>Lors des grandes c\u00e9r\u00e9monies, chaque garde rev\u00eat <strong>la tenue de Grangala<\/strong>, armure argent\u00e9e et casque brillant. Le reste du temps, une tenue plus sobre, voire nocturne, assure <strong>une pr\u00e9sence constante mais discr\u00e8te<\/strong>. Tout est codifi\u00e9, pens\u00e9 pour maintenir <strong>l\u2019image sacr\u00e9e du Vatican<\/strong>, dans un monde o\u00f9 tout va trop vite.<\/p>\n\n\n\n<p><strong>\u00catre garde suisse, c\u2019est choisir un mode de vie autant qu\u2019un m\u00e9tier.<\/strong> Un r\u00f4le exigeant, peu lucratif en apparence, mais profond\u00e9ment valorisant pour ceux qui y voient une mission au service d\u2019un id\u00e9al. Et finalement, n\u2019est-ce pas l\u00e0 le vrai luxe ? Celui de se sentir utile, \u00e0 sa place, au c\u0153ur de l\u2019Histoire.<\/p>\n","protected":false},"excerpt":{"rendered":"<p>Armure brillante, allure impeccable, et regard vigilant : les gardes suisses au Vatican attirent les regards, fascinent les touristes\u2026 mais leur fiche de paie, elle,<\/p>\n","protected":false},"author":3,"featured_media":4591,"comment_status":"closed","ping_status":"closed","sticky":false,"template":"","format":"standard","meta":{"footnotes":""},"categories":[1725],"tags":[],"yoast_head":"<!-- This site is optimized with the Yoast SEO plugin v21.0 - https:\/\/yoast.com\/wordpress\/plugins\/seo\/ -->\n<title>Ce que vous ne saviez pas sur le salaire d\u2019un garde suisse au Vatican<\/title>\n<meta name=\"robots\" content=\"index, follow, max-snippet:-1, max-image-preview:large, max-video-preview:-1\" \/>\n<link rel=\"canonical\" href=\"https:\/\/www.svalbard.fr\/actualites\/ce-que-vous-ne-saviez-pas-sur-le-salaire-dun-garde-suisse-au-vatican\/\" \/>\n<meta property=\"og:locale\" content=\"fr_FR\" \/>\n<meta property=\"og:type\" content=\"article\" \/>\n<meta property=\"og:title\" content=\"Ce que vous ne saviez pas sur le salaire d\u2019un garde suisse au Vatican\" \/>\n<meta property=\"og:description\" content=\"Armure brillante, allure impeccable, et regard vigilant : les gardes suisses au Vatican attirent les regards, fascinent les touristes\u2026 mais leur fiche de paie, elle,\" \/>\n<meta property=\"og:url\" content=\"https:\/\/www.svalbard.fr\/actualites\/ce-que-vous-ne-saviez-pas-sur-le-salaire-dun-garde-suisse-au-vatican\/\" \/>\n<meta property=\"og:site_name\" content=\"www.Svalbard.fr\" \/>\n<meta property=\"article:published_time\" content=\"2025-07-08T06:30:00+00:00\" \/>\n<meta property=\"article:modified_time\" content=\"2025-07-07T08:28:14+00:00\" \/>\n<meta property=\"og:image\" content=\"https:\/\/www.svalbard.fr\/actualites\/wp-content\/uploads\/2025\/07\/combien-touche-un-agent-de-la-garde-suisse-au-vatican.jpg\" \/>\n\t<meta property=\"og:image:width\" content=\"1200\" \/>\n\t<meta property=\"og:image:height\" content=\"630\" \/>\n\t<meta property=\"og:image:type\" content=\"image\/jpeg\" \/>\n<meta name=\"author\" content=\"Guillaume Chen\" \/>\n<meta name=\"twitter:card\" content=\"summary_large_image\" \/>\n<meta name=\"twitter:label1\" content=\"\u00c9crit par\" \/>\n\t<meta name=\"twitter:data1\" content=\"Guillaume Chen\" \/>\n\t<meta name=\"twitter:label2\" content=\"Dur\u00e9e de lecture estim\u00e9e\" \/>\n\t<meta name=\"twitter:data2\" content=\"3 minutes\" \/>\n<script type=\"application\/ld+json\" class=\"yoast-schema-graph\">{\"@context\":\"https:\/\/schema.org\",\"@graph\":[{\"@type\":\"Article\",\"@id\":\"https:\/\/www.svalbard.fr\/actualites\/ce-que-vous-ne-saviez-pas-sur-le-salaire-dun-garde-suisse-au-vatican\/#article\",\"isPartOf\":{\"@id\":\"https:\/\/www.svalbard.fr\/actualites\/ce-que-vous-ne-saviez-pas-sur-le-salaire-dun-garde-suisse-au-vatican\/\"},\"author\":{\"name\":\"Guillaume Chen\",\"@id\":\"https:\/\/www.svalbard.fr\/actualites\/#\/schema\/person\/b9d185560b94bff7322d37cb676ee545\"},\"headline\":\"Ce que vous ne saviez pas sur le salaire d\u2019un garde suisse au Vatican\",\"datePublished\":\"2025-07-08T06:30:00+00:00\",\"dateModified\":\"2025-07-07T08:28:14+00:00\",\"mainEntityOfPage\":{\"@id\":\"https:\/\/www.svalbard.fr\/actualites\/ce-que-vous-ne-saviez-pas-sur-le-salaire-dun-garde-suisse-au-vatican\/\"},\"wordCount\":669,\"publisher\":{\"@id\":\"https:\/\/www.svalbard.fr\/actualites\/#organization\"},\"articleSection\":[\"Tendances\"],\"inLanguage\":\"fr-FR\"},{\"@type\":\"WebPage\",\"@id\":\"https:\/\/www.svalbard.fr\/actualites\/ce-que-vous-ne-saviez-pas-sur-le-salaire-dun-garde-suisse-au-vatican\/\",\"url\":\"https:\/\/www.svalbard.fr\/actualites\/ce-que-vous-ne-saviez-pas-sur-le-salaire-dun-garde-suisse-au-vatican\/\",\"name\":\"Ce que vous ne saviez pas sur le salaire d\u2019un garde suisse au Vatican\",\"isPartOf\":{\"@id\":\"https:\/\/www.svalbard.fr\/actualites\/#website\"},\"datePublished\":\"2025-07-08T06:30:00+00:00\",\"dateModified\":\"2025-07-07T08:28:14+00:00\",\"breadcrumb\":{\"@id\":\"https:\/\/www.svalbard.fr\/actualites\/ce-que-vous-ne-saviez-pas-sur-le-salaire-dun-garde-suisse-au-vatican\/#breadcrumb\"},\"inLanguage\":\"fr-FR\",\"potentialAction\":[{\"@type\":\"ReadAction\",\"target\":[\"https:\/\/www.svalbard.fr\/actualites\/ce-que-vous-ne-saviez-pas-sur-le-salaire-dun-garde-suisse-au-vatican\/\"]}]},{\"@type\":\"BreadcrumbList\",\"@id\":\"https:\/\/www.svalbard.fr\/actualites\/ce-que-vous-ne-saviez-pas-sur-le-salaire-dun-garde-suisse-au-vatican\/#breadcrumb\",\"itemListElement\":[{\"@type\":\"ListItem\",\"position\":1,\"name\":\"Accueil\",\"item\":\"https:\/\/www.svalbard.fr\/actualites\/\"},{\"@type\":\"ListItem\",\"position\":2,\"name\":\"Ce que vous ne saviez pas sur le salaire d\u2019un garde suisse au Vatican\"}]},{\"@type\":\"WebSite\",\"@id\":\"https:\/\/www.svalbard.fr\/actualites\/#website\",\"url\":\"https:\/\/www.svalbard.fr\/actualites\/\",\"name\":\"www.Svalbard.fr\",\"description\":\"\",\"publisher\":{\"@id\":\"https:\/\/www.svalbard.fr\/actualites\/#organization\"},\"potentialAction\":[{\"@type\":\"SearchAction\",\"target\":{\"@type\":\"EntryPoint\",\"urlTemplate\":\"https:\/\/www.svalbard.fr\/actualites\/?s={search_term_string}\"},\"query-input\":\"required name=search_term_string\"}],\"inLanguage\":\"fr-FR\"},{\"@type\":\"Organization\",\"@id\":\"https:\/\/www.svalbard.fr\/actualites\/#organization\",\"name\":\"www.Svalbard.fr\",\"url\":\"https:\/\/www.svalbard.fr\/actualites\/\",\"logo\":{\"@type\":\"ImageObject\",\"inLanguage\":\"fr-FR\",\"@id\":\"https:\/\/www.svalbard.fr\/actualites\/#\/schema\/logo\/image\/\",\"url\":\"https:\/\/www.svalbard.fr\/actualites\/wp-content\/uploads\/2023\/09\/head-nom.jpg\",\"contentUrl\":\"https:\/\/www.svalbard.fr\/actualites\/wp-content\/uploads\/2023\/09\/head-nom.jpg\",\"width\":264,\"height\":35,\"caption\":\"www.Svalbard.fr\"},\"image\":{\"@id\":\"https:\/\/www.svalbard.fr\/actualites\/#\/schema\/logo\/image\/\"}},{\"@type\":\"Person\",\"@id\":\"https:\/\/www.svalbard.fr\/actualites\/#\/schema\/person\/b9d185560b94bff7322d37cb676ee545\",\"name\":\"Guillaume Chen\",\"image\":{\"@type\":\"ImageObject\",\"inLanguage\":\"fr-FR\",\"@id\":\"https:\/\/www.svalbard.fr\/actualites\/#\/schema\/person\/image\/\",\"url\":\"https:\/\/secure.gravatar.com\/avatar\/0c3f9c94586035b795ad4049a06fb048?s=96&d=mm&r=g\",\"contentUrl\":\"https:\/\/secure.gravatar.com\/avatar\/0c3f9c94586035b795ad4049a06fb048?s=96&d=mm&r=g\",\"caption\":\"Guillaume Chen\"},\"sameAs\":[\"https:\/\/www.svalbard.fr\/\"]}]}<\/script>\n<!-- \/ Yoast SEO plugin. -->","yoast_head_json":{"title":"Ce que vous ne saviez pas sur le salaire d\u2019un garde suisse au Vatican","robots":{"index":"index","follow":"follow","max-snippet":"max-snippet:-1","max-image-preview":"max-image-preview:large","max-video-preview":"max-video-preview:-1"},"canonical":"https:\/\/www.svalbard.fr\/actualites\/ce-que-vous-ne-saviez-pas-sur-le-salaire-dun-garde-suisse-au-vatican\/","og_locale":"fr_FR","og_type":"article","og_title":"Ce que vous ne saviez pas sur le salaire d\u2019un garde suisse au Vatican","og_description":"Armure brillante, allure impeccable, et regard vigilant : les gardes suisses au Vatican attirent les regards, fascinent les touristes\u2026 mais leur fiche de paie, elle,","og_url":"https:\/\/www.svalbard.fr\/actualites\/ce-que-vous-ne-saviez-pas-sur-le-salaire-dun-garde-suisse-au-vatican\/","og_site_name":"www.Svalbard.fr","article_published_time":"2025-07-08T06:30:00+00:00","article_modified_time":"2025-07-07T08:28:14+00:00","og_image":[{"width":1200,"height":630,"url":"https:\/\/www.svalbard.fr\/actualites\/wp-content\/uploads\/2025\/07\/combien-touche-un-agent-de-la-garde-suisse-au-vatican.jpg","type":"image\/jpeg"}],"author":"Guillaume Chen","twitter_card":"summary_large_image","twitter_misc":{"\u00c9crit par":"Guillaume Chen","Dur\u00e9e de lecture estim\u00e9e":"3 minutes"},"schema":{"@context":"https:\/\/schema.org","@graph":[{"@type":"Article","@id":"https:\/\/www.svalbard.fr\/actualites\/ce-que-vous-ne-saviez-pas-sur-le-salaire-dun-garde-suisse-au-vatican\/#article","isPartOf":{"@id":"https:\/\/www.svalbard.fr\/actualites\/ce-que-vous-ne-saviez-pas-sur-le-salaire-dun-garde-suisse-au-vatican\/"},"author":{"name":"Guillaume Chen","@id":"https:\/\/www.svalbard.fr\/actualites\/#\/schema\/person\/b9d185560b94bff7322d37cb676ee545"},"headline":"Ce que vous ne saviez pas sur le salaire d\u2019un garde suisse au Vatican","datePublished":"2025-07-08T06:30:00+00:00","dateModified":"2025-07-07T08:28:14+00:00","mainEntityOfPage":{"@id":"https:\/\/www.svalbard.fr\/actualites\/ce-que-vous-ne-saviez-pas-sur-le-salaire-dun-garde-suisse-au-vatican\/"},"wordCount":669,"publisher":{"@id":"https:\/\/www.svalbard.fr\/actualites\/#organization"},"articleSection":["Tendances"],"inLanguage":"fr-FR"},{"@type":"WebPage","@id":"https:\/\/www.svalbard.fr\/actualites\/ce-que-vous-ne-saviez-pas-sur-le-salaire-dun-garde-suisse-au-vatican\/","url":"https:\/\/www.svalbard.fr\/actualites\/ce-que-vous-ne-saviez-pas-sur-le-salaire-dun-garde-suisse-au-vatican\/","name":"Ce que vous ne saviez pas sur le salaire d\u2019un garde suisse au Vatican","isPartOf":{"@id":"https:\/\/www.svalbard.fr\/actualites\/#website"},"datePublished":"2025-07-08T06:30:00+00:00","dateModified":"2025-07-07T08:28:14+00:00","breadcrumb":{"@id":"https:\/\/www.svalbard.fr\/actualites\/ce-que-vous-ne-saviez-pas-sur-le-salaire-dun-garde-suisse-au-vatican\/#breadcrumb"},"inLanguage":"fr-FR","potentialAction":[{"@type":"ReadAction","target":["https:\/\/www.svalbard.fr\/actualites\/ce-que-vous-ne-saviez-pas-sur-le-salaire-dun-garde-suisse-au-vatican\/"]}]},{"@type":"BreadcrumbList","@id":"https:\/\/www.svalbard.fr\/actualites\/ce-que-vous-ne-saviez-pas-sur-le-salaire-dun-garde-suisse-au-vatican\/#breadcrumb","itemListElement":[{"@type":"ListItem","position":1,"name":"Accueil","item":"https:\/\/www.svalbard.fr\/actualites\/"},{"@type":"ListItem","position":2,"name":"Ce que vous ne saviez pas sur le salaire d\u2019un garde suisse au Vatican"}]},{"@type":"WebSite","@id":"https:\/\/www.svalbard.fr\/actualites\/#website","url":"https:\/\/www.svalbard.fr\/actualites\/","name":"www.Svalbard.fr","description":"","publisher":{"@id":"https:\/\/www.svalbard.fr\/actualites\/#organization"},"potentialAction":[{"@type":"SearchAction","target":{"@type":"EntryPoint","urlTemplate":"https:\/\/www.svalbard.fr\/actualites\/?s={search_term_string}"},"query-input":"required name=search_term_string"}],"inLanguage":"fr-FR"},{"@type":"Organization","@id":"https:\/\/www.svalbard.fr\/actualites\/#organization","name":"www.Svalbard.fr","url":"https:\/\/www.svalbard.fr\/actualites\/","logo":{"@type":"ImageObject","inLanguage":"fr-FR","@id":"https:\/\/www.svalbard.fr\/actualites\/#\/schema\/logo\/image\/","url":"https:\/\/www.svalbard.fr\/actualites\/wp-content\/uploads\/2023\/09\/head-nom.jpg","contentUrl":"https:\/\/www.svalbard.fr\/actualites\/wp-content\/uploads\/2023\/09\/head-nom.jpg","width":264,"height":35,"caption":"www.Svalbard.fr"},"image":{"@id":"https:\/\/www.svalbard.fr\/actualites\/#\/schema\/logo\/image\/"}},{"@type":"Person","@id":"https:\/\/www.svalbard.fr\/actualites\/#\/schema\/person\/b9d185560b94bff7322d37cb676ee545","name":"Guillaume Chen","image":{"@type":"ImageObject","inLanguage":"fr-FR","@id":"https:\/\/www.svalbard.fr\/actualites\/#\/schema\/person\/image\/","url":"https:\/\/secure.gravatar.com\/avatar\/0c3f9c94586035b795ad4049a06fb048?s=96&d=mm&r=g","contentUrl":"https:\/\/secure.gravatar.com\/avatar\/0c3f9c94586035b795ad4049a06fb048?s=96&d=mm&r=g","caption":"Guillaume Chen"},"sameAs":["https:\/\/www.svalbard.fr\/"]}]}},"_links":{"self":[{"href":"https:\/\/www.svalbard.fr\/actualites\/wp-json\/wp\/v2\/posts\/4590"}],"collection":[{"href":"https:\/\/www.svalbard.fr\/actualites\/wp-json\/wp\/v2\/posts"}],"about":[{"href":"https:\/\/www.svalbard.fr\/actualites\/wp-json\/wp\/v2\/types\/post"}],"author":[{"embeddable":true,"href":"https:\/\/www.svalbard.fr\/actualites\/wp-json\/wp\/v2\/users\/3"}],"replies":[{"embeddable":true,"href":"https:\/\/www.svalbard.fr\/actualites\/wp-json\/wp\/v2\/comments?post=4590"}],"version-history":[{"count":1,"href":"https:\/\/www.svalbard.fr\/actualites\/wp-json\/wp\/v2\/posts\/4590\/revisions"}],"predecessor-version":[{"id":4592,"href":"https:\/\/www.svalbard.fr\/actualites\/wp-json\/wp\/v2\/posts\/4590\/revisions\/4592"}],"wp:featuredmedia":[{"embeddable":true,"href":"https:\/\/www.svalbard.fr\/actualites\/wp-json\/wp\/v2\/media\/4591"}],"wp:attachment":[{"href":"https:\/\/www.svalbard.fr\/actualites\/wp-json\/wp\/v2\/media?parent=4590"}],"wp:term":[{"taxonomy":"category","embeddable":true,"href":"https:\/\/www.svalbard.fr\/actualites\/wp-json\/wp\/v2\/categories?post=4590"},{"taxonomy":"post_tag","embeddable":true,"href":"https:\/\/www.svalbard.fr\/actualites\/wp-json\/wp\/v2\/tags?post=4590"}],"curies":[{"name":"wp","href":"https:\/\/api.w.org\/{rel}","templated":true}]}}