{"id":4599,"date":"2025-07-08T15:30:00","date_gmt":"2025-07-08T13:30:00","guid":{"rendered":"https:\/\/www.svalbard.fr\/actualites\/?p=4599"},"modified":"2025-07-07T10:40:21","modified_gmt":"2025-07-07T08:40:21","slug":"facteur-en-france-voici-combien-il-gagne-reellement-chaque-mois","status":"publish","type":"post","link":"https:\/\/www.svalbard.fr\/actualites\/facteur-en-france-voici-combien-il-gagne-reellement-chaque-mois\/","title":{"rendered":"Facteur en France : voici combien il gagne r\u00e9ellement chaque mois"},"content":{"rendered":"\n<p><em><strong>On le croise souvent t\u00f4t le matin, parfois sous la pluie, parfois \u00e0 v\u00e9lo. Le facteur fait partie du paysage quotidien des Fran\u00e7ais. Mais derri\u00e8re cette image famili\u00e8re, combien gagne r\u00e9ellement celui (ou celle) qui distribue notre courrier ? Le point sur une r\u00e9mun\u00e9ration qui soul\u00e8ve bien des questions.<\/strong><\/em><\/p>\n\n\n\n<!--more-->\n\n\n\n<h2 class=\"wp-block-heading\">Une moyenne nationale qui varie peu, mais qui reste modeste<\/h2>\n\n\n\n<p>D\u2019apr\u00e8s plusieurs \u00e9tudes r\u00e9centes, le <strong>salaire moyen d\u2019un facteur en France<\/strong> s\u2019\u00e9l\u00e8ve \u00e0 <strong>environ 1 615 \u20ac brut par mois<\/strong>, soit <strong>pr\u00e8s de 19 400 \u20ac brut par an<\/strong>. Ce chiffre, calcul\u00e9 par Emploi Le Figaro, donne un aper\u00e7u fid\u00e8le de la r\u00e9alit\u00e9 du terrain. En creusant un peu, on d\u00e9couvre que les salaires oscillent g\u00e9n\u00e9ralement entre <strong>1 500 \u20ac et 1 800 \u20ac brut mensuel<\/strong>, ce qui reste dans une fourchette relativement resserr\u00e9e.<\/p>\n\n\n\n<p>Chez <strong>La Poste<\/strong>, principal employeur du secteur, les <strong><a href=\"https:\/\/www.svalbard.fr\/actualites\/cancer-en-norvege-les-derniers-chiffres-et-ce-quils-signifient\/\">chiffres<\/a> <\/strong>sont l\u00e9g\u00e8rement plus \u00e9lev\u00e9s. Selon les retours collect\u00e9s par Indeed, <strong>le salaire moyen grimpe \u00e0 1 725 \u20ac brut<\/strong>, avec des pics pouvant atteindre <strong>2 600 \u20ac pour certains profils exp\u00e9riment\u00e9s<\/strong>. Cette diff\u00e9rence s\u2019explique notamment par les <strong>avantages sociaux internes<\/strong> et les particularit\u00e9s de gestion salariale propres \u00e0 l\u2019entreprise.<\/p>\n\n\n\n<h2 class=\"wp-block-heading\">L\u2019exp\u00e9rience ne change pas radicalement la donne<\/h2>\n\n\n\n<p>Contrairement \u00e0 d\u2019autres m\u00e9tiers o\u00f9 l\u2019anciennet\u00e9 est un levier de progression \u00e9vident, <strong>le m\u00e9tier de facteur offre une \u00e9volution salariale relativement plate<\/strong>. En d\u00e9but de carri\u00e8re, un facteur per\u00e7oit autour de <strong>1 582 \u20ac brut mensuel<\/strong>, et l\u2019\u00e9cart avec un salari\u00e9 ayant plusieurs ann\u00e9es d\u2019exp\u00e9rience reste faible. Cela tient principalement \u00e0 la structure des <strong>grilles salariales internes<\/strong>, tr\u00e8s norm\u00e9es dans le secteur public ou para-public.<\/p>\n\n\n\n<p>Certaines voix parmi les agents interrog\u00e9s regrettent ce manque de reconnaissance financi\u00e8re, m\u00eame apr\u00e8s plusieurs ann\u00e9es \u00e0 braver les intemp\u00e9ries. Un facteur avec dix ans de tourn\u00e9e, dans un petit village ou une grande ville, ne verra pas son <strong>bulletin de paie exploser<\/strong>, loin s\u2019en faut.<\/p>\n\n\n\n<h2 class=\"wp-block-heading\">Peu de disparit\u00e9s r\u00e9gionales<\/h2>\n\n\n\n<p>Que l\u2019on exerce \u00e0 Vienne, Saint-Maurice-l\u2019Exil ou dans un quartier de Marseille, <strong>la r\u00e9mun\u00e9ration reste sensiblement la m\u00eame<\/strong>. Cette homog\u00e9n\u00e9it\u00e9, qui peut surprendre, s\u2019explique par <strong>la centralisation des politiques de r\u00e9mun\u00e9ration<\/strong>, notamment \u00e0 La Poste, o\u00f9 les salaires sont majoritairement r\u00e9gis par <strong>les conventions collectives nationales<\/strong>.<\/p>\n\n\n\n<p>En clair, <strong>le facteur parisien ne gagne pas significativement plus<\/strong> que son coll\u00e8gue de province, m\u00eame si le co\u00fbt de la vie n\u2019est pas comparable. Une situation qui peut parfois cr\u00e9er un <strong>d\u00e9calage entre effort fourni et r\u00e9alit\u00e9 \u00e9conomique locale<\/strong>.<\/p>\n\n\n\n<h2 class=\"wp-block-heading\">Un m\u00e9tier exigeant&#8230; mais pas sans avantages<\/h2>\n\n\n\n<p>La plupart des t\u00e9moignages soulignent un quotidien <strong>physiquement \u00e9prouvant<\/strong>, surtout lors des p\u00e9riodes de forte activit\u00e9 (No\u00ebl, rentr\u00e9e scolaire, etc.). Peu de pauses, des horaires \u00e9tendus, des kilom\u00e8tres parcourus chaque jour, souvent \u00e0 pied ou \u00e0 v\u00e9lo. Ajoutez \u00e0 cela une m\u00e9t\u00e9o capricieuse et des impr\u00e9vus logistiques, et vous obtenez un m\u00e9tier <strong>aussi endurant qu\u2019autonome<\/strong>.<\/p>\n\n\n\n<p>Mais tout n\u2019est pas noir : <strong>tickets restaurant, cantine \u00e0 prix r\u00e9duit, logement social ou encore mutuelle d\u2019entreprise<\/strong> sont des atouts souvent cit\u00e9s. L\u2019<strong><a href=\"https:\/\/www.svalbard.fr\/actualites\/ces-elements-de-decoration-bon-marche-ruinent-lambiance-de-votre-interieur\/\">ambiance<\/a> d\u2019\u00e9quipe<\/strong>, aussi, semble faire la diff\u00e9rence dans de nombreux centres de tri ou bureaux de poste.<\/p>\n\n\n\n<p>Enfin, <strong>les possibilit\u00e9s d\u2019\u00e9volution existent<\/strong>, m\u00eame si elles demandent de la pers\u00e9v\u00e9rance. Certains agents saisissent l\u2019opportunit\u00e9 pour se former, changer de service, voire gravir les \u00e9chelons dans l&rsquo;encadrement ou la logistique.<\/p>\n\n\n\n<p><strong>En r\u00e9sum\u00e9, le m\u00e9tier de facteur reste un pilier discret mais essentiel de notre quotidien.<\/strong> Si la r\u00e9mun\u00e9ration n\u2019est pas flamboyante, elle s\u2019inscrit dans un ensemble d\u2019avantages et de stabilit\u00e9 que recherchent de nombreux candidats. Mais entre exigence physique, horaires \u00e9tendus et reconnaissance salariale limit\u00e9e, il est clair que <strong>le m\u00e9tier m\u00e9rite peut-\u00eatre un peu plus que quelques euros en retour.<\/strong><\/p>\n","protected":false},"excerpt":{"rendered":"<p>On le croise souvent t\u00f4t le matin, parfois sous la pluie, parfois \u00e0 v\u00e9lo. Le facteur fait partie du paysage quotidien des Fran\u00e7ais. Mais derri\u00e8re<\/p>\n","protected":false},"author":3,"featured_media":4600,"comment_status":"closed","ping_status":"closed","sticky":false,"template":"","format":"standard","meta":{"footnotes":""},"categories":[1725],"tags":[],"yoast_head":"<!-- This site is optimized with the Yoast SEO plugin v21.0 - https:\/\/yoast.com\/wordpress\/plugins\/seo\/ -->\n<title>Facteur en France : voici combien il gagne r\u00e9ellement chaque mois<\/title>\n<meta name=\"robots\" content=\"index, follow, max-snippet:-1, max-image-preview:large, max-video-preview:-1\" \/>\n<link rel=\"canonical\" href=\"https:\/\/www.svalbard.fr\/actualites\/facteur-en-france-voici-combien-il-gagne-reellement-chaque-mois\/\" \/>\n<meta property=\"og:locale\" content=\"fr_FR\" \/>\n<meta property=\"og:type\" content=\"article\" \/>\n<meta property=\"og:title\" content=\"Facteur en France : voici combien il gagne r\u00e9ellement chaque mois\" \/>\n<meta property=\"og:description\" content=\"On le croise souvent t\u00f4t le matin, parfois sous la pluie, parfois \u00e0 v\u00e9lo. Le facteur fait partie du paysage quotidien des Fran\u00e7ais. Mais derri\u00e8re\" \/>\n<meta property=\"og:url\" content=\"https:\/\/www.svalbard.fr\/actualites\/facteur-en-france-voici-combien-il-gagne-reellement-chaque-mois\/\" \/>\n<meta property=\"og:site_name\" content=\"www.Svalbard.fr\" \/>\n<meta property=\"article:published_time\" content=\"2025-07-08T13:30:00+00:00\" \/>\n<meta property=\"article:modified_time\" content=\"2025-07-07T08:40:21+00:00\" \/>\n<meta property=\"og:image\" content=\"https:\/\/www.svalbard.fr\/actualites\/wp-content\/uploads\/2025\/07\/quel-est-le-salaire-d-un-facteur.jpg\" \/>\n\t<meta property=\"og:image:width\" content=\"1200\" \/>\n\t<meta property=\"og:image:height\" content=\"630\" \/>\n\t<meta property=\"og:image:type\" content=\"image\/jpeg\" \/>\n<meta name=\"author\" content=\"Guillaume Chen\" \/>\n<meta name=\"twitter:card\" content=\"summary_large_image\" \/>\n<meta name=\"twitter:label1\" content=\"\u00c9crit par\" \/>\n\t<meta name=\"twitter:data1\" content=\"Guillaume Chen\" \/>\n\t<meta name=\"twitter:label2\" content=\"Dur\u00e9e de lecture estim\u00e9e\" \/>\n\t<meta name=\"twitter:data2\" content=\"4 minutes\" \/>\n<script type=\"application\/ld+json\" class=\"yoast-schema-graph\">{\"@context\":\"https:\/\/schema.org\",\"@graph\":[{\"@type\":\"Article\",\"@id\":\"https:\/\/www.svalbard.fr\/actualites\/facteur-en-france-voici-combien-il-gagne-reellement-chaque-mois\/#article\",\"isPartOf\":{\"@id\":\"https:\/\/www.svalbard.fr\/actualites\/facteur-en-france-voici-combien-il-gagne-reellement-chaque-mois\/\"},\"author\":{\"name\":\"Guillaume Chen\",\"@id\":\"https:\/\/www.svalbard.fr\/actualites\/#\/schema\/person\/b9d185560b94bff7322d37cb676ee545\"},\"headline\":\"Facteur en France : voici combien il gagne r\u00e9ellement chaque mois\",\"datePublished\":\"2025-07-08T13:30:00+00:00\",\"dateModified\":\"2025-07-07T08:40:21+00:00\",\"mainEntityOfPage\":{\"@id\":\"https:\/\/www.svalbard.fr\/actualites\/facteur-en-france-voici-combien-il-gagne-reellement-chaque-mois\/\"},\"wordCount\":680,\"publisher\":{\"@id\":\"https:\/\/www.svalbard.fr\/actualites\/#organization\"},\"articleSection\":[\"Tendances\"],\"inLanguage\":\"fr-FR\"},{\"@type\":\"WebPage\",\"@id\":\"https:\/\/www.svalbard.fr\/actualites\/facteur-en-france-voici-combien-il-gagne-reellement-chaque-mois\/\",\"url\":\"https:\/\/www.svalbard.fr\/actualites\/facteur-en-france-voici-combien-il-gagne-reellement-chaque-mois\/\",\"name\":\"Facteur en France : voici combien il gagne r\u00e9ellement chaque mois\",\"isPartOf\":{\"@id\":\"https:\/\/www.svalbard.fr\/actualites\/#website\"},\"datePublished\":\"2025-07-08T13:30:00+00:00\",\"dateModified\":\"2025-07-07T08:40:21+00:00\",\"breadcrumb\":{\"@id\":\"https:\/\/www.svalbard.fr\/actualites\/facteur-en-france-voici-combien-il-gagne-reellement-chaque-mois\/#breadcrumb\"},\"inLanguage\":\"fr-FR\",\"potentialAction\":[{\"@type\":\"ReadAction\",\"target\":[\"https:\/\/www.svalbard.fr\/actualites\/facteur-en-france-voici-combien-il-gagne-reellement-chaque-mois\/\"]}]},{\"@type\":\"BreadcrumbList\",\"@id\":\"https:\/\/www.svalbard.fr\/actualites\/facteur-en-france-voici-combien-il-gagne-reellement-chaque-mois\/#breadcrumb\",\"itemListElement\":[{\"@type\":\"ListItem\",\"position\":1,\"name\":\"Accueil\",\"item\":\"https:\/\/www.svalbard.fr\/actualites\/\"},{\"@type\":\"ListItem\",\"position\":2,\"name\":\"Facteur en France : voici combien il gagne r\u00e9ellement chaque mois\"}]},{\"@type\":\"WebSite\",\"@id\":\"https:\/\/www.svalbard.fr\/actualites\/#website\",\"url\":\"https:\/\/www.svalbard.fr\/actualites\/\",\"name\":\"www.Svalbard.fr\",\"description\":\"\",\"publisher\":{\"@id\":\"https:\/\/www.svalbard.fr\/actualites\/#organization\"},\"potentialAction\":[{\"@type\":\"SearchAction\",\"target\":{\"@type\":\"EntryPoint\",\"urlTemplate\":\"https:\/\/www.svalbard.fr\/actualites\/?s={search_term_string}\"},\"query-input\":\"required name=search_term_string\"}],\"inLanguage\":\"fr-FR\"},{\"@type\":\"Organization\",\"@id\":\"https:\/\/www.svalbard.fr\/actualites\/#organization\",\"name\":\"www.Svalbard.fr\",\"url\":\"https:\/\/www.svalbard.fr\/actualites\/\",\"logo\":{\"@type\":\"ImageObject\",\"inLanguage\":\"fr-FR\",\"@id\":\"https:\/\/www.svalbard.fr\/actualites\/#\/schema\/logo\/image\/\",\"url\":\"https:\/\/www.svalbard.fr\/actualites\/wp-content\/uploads\/2023\/09\/head-nom.jpg\",\"contentUrl\":\"https:\/\/www.svalbard.fr\/actualites\/wp-content\/uploads\/2023\/09\/head-nom.jpg\",\"width\":264,\"height\":35,\"caption\":\"www.Svalbard.fr\"},\"image\":{\"@id\":\"https:\/\/www.svalbard.fr\/actualites\/#\/schema\/logo\/image\/\"}},{\"@type\":\"Person\",\"@id\":\"https:\/\/www.svalbard.fr\/actualites\/#\/schema\/person\/b9d185560b94bff7322d37cb676ee545\",\"name\":\"Guillaume Chen\",\"image\":{\"@type\":\"ImageObject\",\"inLanguage\":\"fr-FR\",\"@id\":\"https:\/\/www.svalbard.fr\/actualites\/#\/schema\/person\/image\/\",\"url\":\"https:\/\/secure.gravatar.com\/avatar\/0c3f9c94586035b795ad4049a06fb048?s=96&d=mm&r=g\",\"contentUrl\":\"https:\/\/secure.gravatar.com\/avatar\/0c3f9c94586035b795ad4049a06fb048?s=96&d=mm&r=g\",\"caption\":\"Guillaume Chen\"},\"sameAs\":[\"https:\/\/www.svalbard.fr\/\"]}]}<\/script>\n<!-- \/ Yoast SEO plugin. -->","yoast_head_json":{"title":"Facteur en France : voici combien il gagne r\u00e9ellement chaque mois","robots":{"index":"index","follow":"follow","max-snippet":"max-snippet:-1","max-image-preview":"max-image-preview:large","max-video-preview":"max-video-preview:-1"},"canonical":"https:\/\/www.svalbard.fr\/actualites\/facteur-en-france-voici-combien-il-gagne-reellement-chaque-mois\/","og_locale":"fr_FR","og_type":"article","og_title":"Facteur en France : voici combien il gagne r\u00e9ellement chaque mois","og_description":"On le croise souvent t\u00f4t le matin, parfois sous la pluie, parfois \u00e0 v\u00e9lo. Le facteur fait partie du paysage quotidien des Fran\u00e7ais. Mais derri\u00e8re","og_url":"https:\/\/www.svalbard.fr\/actualites\/facteur-en-france-voici-combien-il-gagne-reellement-chaque-mois\/","og_site_name":"www.Svalbard.fr","article_published_time":"2025-07-08T13:30:00+00:00","article_modified_time":"2025-07-07T08:40:21+00:00","og_image":[{"width":1200,"height":630,"url":"https:\/\/www.svalbard.fr\/actualites\/wp-content\/uploads\/2025\/07\/quel-est-le-salaire-d-un-facteur.jpg","type":"image\/jpeg"}],"author":"Guillaume Chen","twitter_card":"summary_large_image","twitter_misc":{"\u00c9crit par":"Guillaume Chen","Dur\u00e9e de lecture estim\u00e9e":"4 minutes"},"schema":{"@context":"https:\/\/schema.org","@graph":[{"@type":"Article","@id":"https:\/\/www.svalbard.fr\/actualites\/facteur-en-france-voici-combien-il-gagne-reellement-chaque-mois\/#article","isPartOf":{"@id":"https:\/\/www.svalbard.fr\/actualites\/facteur-en-france-voici-combien-il-gagne-reellement-chaque-mois\/"},"author":{"name":"Guillaume Chen","@id":"https:\/\/www.svalbard.fr\/actualites\/#\/schema\/person\/b9d185560b94bff7322d37cb676ee545"},"headline":"Facteur en France : voici combien il gagne r\u00e9ellement chaque mois","datePublished":"2025-07-08T13:30:00+00:00","dateModified":"2025-07-07T08:40:21+00:00","mainEntityOfPage":{"@id":"https:\/\/www.svalbard.fr\/actualites\/facteur-en-france-voici-combien-il-gagne-reellement-chaque-mois\/"},"wordCount":680,"publisher":{"@id":"https:\/\/www.svalbard.fr\/actualites\/#organization"},"articleSection":["Tendances"],"inLanguage":"fr-FR"},{"@type":"WebPage","@id":"https:\/\/www.svalbard.fr\/actualites\/facteur-en-france-voici-combien-il-gagne-reellement-chaque-mois\/","url":"https:\/\/www.svalbard.fr\/actualites\/facteur-en-france-voici-combien-il-gagne-reellement-chaque-mois\/","name":"Facteur en France : voici combien il gagne r\u00e9ellement chaque mois","isPartOf":{"@id":"https:\/\/www.svalbard.fr\/actualites\/#website"},"datePublished":"2025-07-08T13:30:00+00:00","dateModified":"2025-07-07T08:40:21+00:00","breadcrumb":{"@id":"https:\/\/www.svalbard.fr\/actualites\/facteur-en-france-voici-combien-il-gagne-reellement-chaque-mois\/#breadcrumb"},"inLanguage":"fr-FR","potentialAction":[{"@type":"ReadAction","target":["https:\/\/www.svalbard.fr\/actualites\/facteur-en-france-voici-combien-il-gagne-reellement-chaque-mois\/"]}]},{"@type":"BreadcrumbList","@id":"https:\/\/www.svalbard.fr\/actualites\/facteur-en-france-voici-combien-il-gagne-reellement-chaque-mois\/#breadcrumb","itemListElement":[{"@type":"ListItem","position":1,"name":"Accueil","item":"https:\/\/www.svalbard.fr\/actualites\/"},{"@type":"ListItem","position":2,"name":"Facteur en France : voici combien il gagne r\u00e9ellement chaque mois"}]},{"@type":"WebSite","@id":"https:\/\/www.svalbard.fr\/actualites\/#website","url":"https:\/\/www.svalbard.fr\/actualites\/","name":"www.Svalbard.fr","description":"","publisher":{"@id":"https:\/\/www.svalbard.fr\/actualites\/#organization"},"potentialAction":[{"@type":"SearchAction","target":{"@type":"EntryPoint","urlTemplate":"https:\/\/www.svalbard.fr\/actualites\/?s={search_term_string}"},"query-input":"required name=search_term_string"}],"inLanguage":"fr-FR"},{"@type":"Organization","@id":"https:\/\/www.svalbard.fr\/actualites\/#organization","name":"www.Svalbard.fr","url":"https:\/\/www.svalbard.fr\/actualites\/","logo":{"@type":"ImageObject","inLanguage":"fr-FR","@id":"https:\/\/www.svalbard.fr\/actualites\/#\/schema\/logo\/image\/","url":"https:\/\/www.svalbard.fr\/actualites\/wp-content\/uploads\/2023\/09\/head-nom.jpg","contentUrl":"https:\/\/www.svalbard.fr\/actualites\/wp-content\/uploads\/2023\/09\/head-nom.jpg","width":264,"height":35,"caption":"www.Svalbard.fr"},"image":{"@id":"https:\/\/www.svalbard.fr\/actualites\/#\/schema\/logo\/image\/"}},{"@type":"Person","@id":"https:\/\/www.svalbard.fr\/actualites\/#\/schema\/person\/b9d185560b94bff7322d37cb676ee545","name":"Guillaume Chen","image":{"@type":"ImageObject","inLanguage":"fr-FR","@id":"https:\/\/www.svalbard.fr\/actualites\/#\/schema\/person\/image\/","url":"https:\/\/secure.gravatar.com\/avatar\/0c3f9c94586035b795ad4049a06fb048?s=96&d=mm&r=g","contentUrl":"https:\/\/secure.gravatar.com\/avatar\/0c3f9c94586035b795ad4049a06fb048?s=96&d=mm&r=g","caption":"Guillaume Chen"},"sameAs":["https:\/\/www.svalbard.fr\/"]}]}},"_links":{"self":[{"href":"https:\/\/www.svalbard.fr\/actualites\/wp-json\/wp\/v2\/posts\/4599"}],"collection":[{"href":"https:\/\/www.svalbard.fr\/actualites\/wp-json\/wp\/v2\/posts"}],"about":[{"href":"https:\/\/www.svalbard.fr\/actualites\/wp-json\/wp\/v2\/types\/post"}],"author":[{"embeddable":true,"href":"https:\/\/www.svalbard.fr\/actualites\/wp-json\/wp\/v2\/users\/3"}],"replies":[{"embeddable":true,"href":"https:\/\/www.svalbard.fr\/actualites\/wp-json\/wp\/v2\/comments?post=4599"}],"version-history":[{"count":1,"href":"https:\/\/www.svalbard.fr\/actualites\/wp-json\/wp\/v2\/posts\/4599\/revisions"}],"predecessor-version":[{"id":4601,"href":"https:\/\/www.svalbard.fr\/actualites\/wp-json\/wp\/v2\/posts\/4599\/revisions\/4601"}],"wp:featuredmedia":[{"embeddable":true,"href":"https:\/\/www.svalbard.fr\/actualites\/wp-json\/wp\/v2\/media\/4600"}],"wp:attachment":[{"href":"https:\/\/www.svalbard.fr\/actualites\/wp-json\/wp\/v2\/media?parent=4599"}],"wp:term":[{"taxonomy":"category","embeddable":true,"href":"https:\/\/www.svalbard.fr\/actualites\/wp-json\/wp\/v2\/categories?post=4599"},{"taxonomy":"post_tag","embeddable":true,"href":"https:\/\/www.svalbard.fr\/actualites\/wp-json\/wp\/v2\/tags?post=4599"}],"curies":[{"name":"wp","href":"https:\/\/api.w.org\/{rel}","templated":true}]}}