{"id":4611,"date":"2025-07-09T08:30:00","date_gmt":"2025-07-09T06:30:00","guid":{"rendered":"https:\/\/www.svalbard.fr\/actualites\/?p=4611"},"modified":"2025-07-08T08:30:39","modified_gmt":"2025-07-08T06:30:39","slug":"decouvrez-si-votre-salaire-depasse-celui-dun-francais-moyen","status":"publish","type":"post","link":"https:\/\/www.svalbard.fr\/actualites\/decouvrez-si-votre-salaire-depasse-celui-dun-francais-moyen\/","title":{"rendered":"D\u00e9couvrez si votre salaire d\u00e9passe celui d\u2019un Fran\u00e7ais moyen"},"content":{"rendered":"\n<p><em><strong>C\u2019est souvent la grande question qui trotte dans la t\u00eate \u00e0 l\u2019heure de choisir une orientation ou de d\u00e9crocher son premier CDI : vais-je gagner \u00ab assez \u00bb ? Car une fois les dipl\u00f4mes en poche, la r\u00e9alit\u00e9 salariale rattrape bien vite les espoirs. Et dans cette jungle du revenu, mieux vaut avoir les bons rep\u00e8res pour ne pas tomber de haut&#8230; ou se r\u00e9jouir discr\u00e8tement.<\/strong><\/em><\/p>\n\n\n\n<!--more-->\n\n\n\n<h2 class=\"wp-block-heading\">Dipl\u00f4me en main, mais quelle fiche de paie ?<\/h2>\n\n\n\n<p>Il faut bien l\u2019admettre : tous les dipl\u00f4mes ne se valent pas quand il s\u2019agit de <strong><a href=\"https:\/\/www.svalbard.fr\/actualites\/quelle-est-la-veritable-remuneration-dun-pilote-davion\/\">r\u00e9mun\u00e9ration<\/a><\/strong>. Et cette v\u00e9rit\u00e9 peut piquer un peu, surtout quand on a encha\u00een\u00e9 les ann\u00e9es d\u2019\u00e9tudes. Selon les derni\u00e8res donn\u00e9es de l\u2019Insee, un jeune dipl\u00f4m\u00e9 de <strong>master ou \u00e9quivalent (bac +5 et plus)<\/strong> touche en moyenne <strong>2 000 euros net par mois<\/strong> en \u00e9quivalent temps plein. C\u2019est correct, parfois m\u00eame confortable, surtout en d\u00e9but de carri\u00e8re.<\/p>\n\n\n\n<p>Mais \u00e0 mesure que l\u2019on descend dans les niveaux de dipl\u00f4me, le revenu, lui, suit la m\u00eame pente. Pour un titulaire de <strong>bac +2 ou +3<\/strong>, le salaire m\u00e9dian chute \u00e0 <strong>1 550 euros net<\/strong>. Et si l\u2019on n\u2019a qu\u2019un dipl\u00f4me du secondaire, on atteint \u00e0 peine <strong>1 410 euros<\/strong>, toujours en temps plein. Autant dire que le ticket d\u2019entr\u00e9e dans la vie active varie s\u00e9rieusement selon le cursus.<\/p>\n\n\n\n<p>Un exemple ? Camille, 26 ans, a termin\u00e9 son BTS il y a trois ans. Elle travaille comme assistante de gestion dans une PME et gagne 1 450 euros. Son fr\u00e8re a\u00een\u00e9, lui, sorti d\u2019une \u00e9cole d\u2019ing\u00e9nieurs, d\u00e9passe les 2 200 euros. Deux choix, deux r\u00e9alit\u00e9s salariales bien diff\u00e9rentes.<\/p>\n\n\n\n<h2 class=\"wp-block-heading\">Moins de dipl\u00f4me, plus de pr\u00e9carit\u00e9<\/h2>\n\n\n\n<p>L\u00e0 o\u00f9 l\u2019\u00e9cart devient vraiment criant, c\u2019est quand on prend en compte la <strong>pr\u00e9carit\u00e9 de l\u2019emploi<\/strong>. Les jeunes peu dipl\u00f4m\u00e9s occupent souvent des postes \u00e0 <strong>temps partiel<\/strong>, parfois par choix, souvent par n\u00e9cessit\u00e9. L\u2019Insee pr\u00e9cise qu\u2019en ajustant ces revenus \u00e0 un \u00e9quivalent temps plein, on reste sur une <strong>m\u00e9diane de 1 300 euros<\/strong>. C\u2019est <strong>700 euros de moins<\/strong> que les jeunes dipl\u00f4m\u00e9s d\u2019un master. Un \u00e9cart qui, sur quelques ann\u00e9es, peut faire une sacr\u00e9e diff\u00e9rence en \u00e9pargne, projets de vie ou m\u00eame simple confort au quotidien.<\/p>\n\n\n\n<p>Et ce n\u2019est pas qu\u2019une question d\u2019effort ou de m\u00e9rite. Il s\u2019agit aussi d\u2019acc\u00e8s aux m\u00e9tiers qualifi\u00e9s, aux r\u00e9seaux, \u00e0 la mobilit\u00e9. Bref, de tout ce qui fait l\u2019ascenseur social\u2026 ou son blocage.<\/p>\n\n\n\n<h2 class=\"wp-block-heading\">L&rsquo;\u00e9galit\u00e9 salariale, un mirage \u00e0 dur\u00e9e limit\u00e9e ?<\/h2>\n\n\n\n<p>Bonne nouvelle tout de m\u00eame : en tout d\u00e9but de carri\u00e8re, les <strong><a href=\"https:\/\/www.svalbard.fr\/actualites\/suisse-lecart-salarial-hommes-femmes-en-2024-reste-choquant-malgre-les-lois\/\">\u00e9carts entre les femmes et les hommes<\/a><\/strong> restent relativement faibles. Une jeune femme fra\u00eechement dipl\u00f4m\u00e9e gagne en moyenne <strong>1 570 euros net<\/strong>, contre <strong>1 600 euros<\/strong> pour son homologue masculin. On parle ici d\u2019un \u00e9cart de <strong>seulement 2 %<\/strong>. Encourageant, non ?<\/p>\n\n\n\n<p>Mais voil\u00e0, cette <strong>\u00e9galit\u00e9 de fa\u00e7ade<\/strong> ne r\u00e9siste pas longtemps \u00e0 l\u2019\u00e9preuve du temps. Apr\u00e8s une dizaine d\u2019ann\u00e9es de vie professionnelle, la tendance s\u2019inverse de fa\u00e7on spectaculaire. Les hommes affichent un revenu m\u00e9dian de <strong>2 100 euros<\/strong>, quand les femmes plafonnent \u00e0 <strong>1 700 euros<\/strong>. Un <strong>\u00e9cart de 24 %<\/strong>, autrement dit un quart de salaire en moins \u00e0 poste et anciennet\u00e9 comparables.<\/p>\n\n\n\n<p>Pourquoi cette d\u00e9rive ? Les femmes sont encore aujourd\u2019hui plus expos\u00e9es au <strong>temps partiel subi<\/strong>, aux <strong>interruptions de carri\u00e8re li\u00e9es \u00e0 la maternit\u00e9<\/strong>, et bien souvent, aux postes moins valoris\u00e9s \u00e9conomiquement.<\/p>\n\n\n\n<h2 class=\"wp-block-heading\">Transparence en vue, mais patience requise<\/h2>\n\n\n\n<p>Heureusement, les lignes pourraient enfin bouger. Une <strong>directive europ\u00e9enne sur la transparence salariale<\/strong> est attendue pour <strong>2026<\/strong>. L\u2019objectif ? Obliger les entreprises \u00e0 r\u00e9v\u00e9ler clairement leurs grilles de salaires et \u00e0 justifier les \u00e9carts. Une avanc\u00e9e qui, on l\u2019esp\u00e8re, donnera aux femmes les moyens de n\u00e9gocier \u00e0 armes \u00e9gales\u2026 et aux plus jeunes, un peu plus de clart\u00e9 sur ce \u00e0 quoi ils peuvent pr\u00e9tendre.<\/p>\n\n\n\n<p>En attendant, le meilleur conseil reste sans doute de s\u2019informer, de comparer, et de ne pas h\u00e9siter \u00e0 <strong>parler salaire<\/strong> \u2013 entre amis, entre coll\u00e8gues, et surtout, face \u00e0 son futur employeur. Car derri\u00e8re les chiffres, il y a toujours <strong>une marge de n\u00e9gociation<\/strong>\u2026 et parfois, quelques centaines d\u2019euros \u00e0 gagner.<\/p>\n","protected":false},"excerpt":{"rendered":"<p>C\u2019est souvent la grande question qui trotte dans la t\u00eate \u00e0 l\u2019heure de choisir une orientation ou de d\u00e9crocher son premier CDI : vais-je gagner<\/p>\n","protected":false},"author":3,"featured_media":4612,"comment_status":"closed","ping_status":"closed","sticky":false,"template":"","format":"standard","meta":{"footnotes":""},"categories":[1725],"tags":[],"yoast_head":"<!-- This site is optimized with the Yoast SEO plugin v21.0 - https:\/\/yoast.com\/wordpress\/plugins\/seo\/ -->\n<title>D\u00e9couvrez si votre salaire d\u00e9passe celui d\u2019un Fran\u00e7ais moyen<\/title>\n<meta name=\"robots\" content=\"index, follow, max-snippet:-1, max-image-preview:large, max-video-preview:-1\" \/>\n<link rel=\"canonical\" href=\"https:\/\/www.svalbard.fr\/actualites\/decouvrez-si-votre-salaire-depasse-celui-dun-francais-moyen\/\" \/>\n<meta property=\"og:locale\" content=\"fr_FR\" \/>\n<meta property=\"og:type\" content=\"article\" \/>\n<meta property=\"og:title\" content=\"D\u00e9couvrez si votre salaire d\u00e9passe celui d\u2019un Fran\u00e7ais moyen\" \/>\n<meta property=\"og:description\" content=\"C\u2019est souvent la grande question qui trotte dans la t\u00eate \u00e0 l\u2019heure de choisir une orientation ou de d\u00e9crocher son premier CDI : vais-je gagner\" \/>\n<meta property=\"og:url\" content=\"https:\/\/www.svalbard.fr\/actualites\/decouvrez-si-votre-salaire-depasse-celui-dun-francais-moyen\/\" \/>\n<meta property=\"og:site_name\" content=\"www.Svalbard.fr\" \/>\n<meta property=\"article:published_time\" content=\"2025-07-09T06:30:00+00:00\" \/>\n<meta property=\"article:modified_time\" content=\"2025-07-08T06:30:39+00:00\" \/>\n<meta property=\"og:image\" content=\"https:\/\/www.svalbard.fr\/actualites\/wp-content\/uploads\/2025\/07\/salaire-gagnez-vous-plus-qu-un-francais-moyen-selon-votre-profil.jpg\" \/>\n\t<meta property=\"og:image:width\" content=\"1200\" \/>\n\t<meta property=\"og:image:height\" content=\"630\" \/>\n\t<meta property=\"og:image:type\" content=\"image\/jpeg\" \/>\n<meta name=\"author\" content=\"Guillaume Chen\" \/>\n<meta name=\"twitter:card\" content=\"summary_large_image\" \/>\n<meta name=\"twitter:label1\" content=\"\u00c9crit par\" \/>\n\t<meta name=\"twitter:data1\" content=\"Guillaume Chen\" \/>\n\t<meta name=\"twitter:label2\" content=\"Dur\u00e9e de lecture estim\u00e9e\" \/>\n\t<meta name=\"twitter:data2\" content=\"4 minutes\" \/>\n<script type=\"application\/ld+json\" class=\"yoast-schema-graph\">{\"@context\":\"https:\/\/schema.org\",\"@graph\":[{\"@type\":\"Article\",\"@id\":\"https:\/\/www.svalbard.fr\/actualites\/decouvrez-si-votre-salaire-depasse-celui-dun-francais-moyen\/#article\",\"isPartOf\":{\"@id\":\"https:\/\/www.svalbard.fr\/actualites\/decouvrez-si-votre-salaire-depasse-celui-dun-francais-moyen\/\"},\"author\":{\"name\":\"Guillaume Chen\",\"@id\":\"https:\/\/www.svalbard.fr\/actualites\/#\/schema\/person\/b9d185560b94bff7322d37cb676ee545\"},\"headline\":\"D\u00e9couvrez si votre salaire d\u00e9passe celui d\u2019un Fran\u00e7ais moyen\",\"datePublished\":\"2025-07-09T06:30:00+00:00\",\"dateModified\":\"2025-07-08T06:30:39+00:00\",\"mainEntityOfPage\":{\"@id\":\"https:\/\/www.svalbard.fr\/actualites\/decouvrez-si-votre-salaire-depasse-celui-dun-francais-moyen\/\"},\"wordCount\":738,\"publisher\":{\"@id\":\"https:\/\/www.svalbard.fr\/actualites\/#organization\"},\"articleSection\":[\"Tendances\"],\"inLanguage\":\"fr-FR\"},{\"@type\":\"WebPage\",\"@id\":\"https:\/\/www.svalbard.fr\/actualites\/decouvrez-si-votre-salaire-depasse-celui-dun-francais-moyen\/\",\"url\":\"https:\/\/www.svalbard.fr\/actualites\/decouvrez-si-votre-salaire-depasse-celui-dun-francais-moyen\/\",\"name\":\"D\u00e9couvrez si votre salaire d\u00e9passe celui d\u2019un Fran\u00e7ais moyen\",\"isPartOf\":{\"@id\":\"https:\/\/www.svalbard.fr\/actualites\/#website\"},\"datePublished\":\"2025-07-09T06:30:00+00:00\",\"dateModified\":\"2025-07-08T06:30:39+00:00\",\"breadcrumb\":{\"@id\":\"https:\/\/www.svalbard.fr\/actualites\/decouvrez-si-votre-salaire-depasse-celui-dun-francais-moyen\/#breadcrumb\"},\"inLanguage\":\"fr-FR\",\"potentialAction\":[{\"@type\":\"ReadAction\",\"target\":[\"https:\/\/www.svalbard.fr\/actualites\/decouvrez-si-votre-salaire-depasse-celui-dun-francais-moyen\/\"]}]},{\"@type\":\"BreadcrumbList\",\"@id\":\"https:\/\/www.svalbard.fr\/actualites\/decouvrez-si-votre-salaire-depasse-celui-dun-francais-moyen\/#breadcrumb\",\"itemListElement\":[{\"@type\":\"ListItem\",\"position\":1,\"name\":\"Accueil\",\"item\":\"https:\/\/www.svalbard.fr\/actualites\/\"},{\"@type\":\"ListItem\",\"position\":2,\"name\":\"D\u00e9couvrez si votre salaire d\u00e9passe celui d\u2019un Fran\u00e7ais moyen\"}]},{\"@type\":\"WebSite\",\"@id\":\"https:\/\/www.svalbard.fr\/actualites\/#website\",\"url\":\"https:\/\/www.svalbard.fr\/actualites\/\",\"name\":\"www.Svalbard.fr\",\"description\":\"\",\"publisher\":{\"@id\":\"https:\/\/www.svalbard.fr\/actualites\/#organization\"},\"potentialAction\":[{\"@type\":\"SearchAction\",\"target\":{\"@type\":\"EntryPoint\",\"urlTemplate\":\"https:\/\/www.svalbard.fr\/actualites\/?s={search_term_string}\"},\"query-input\":\"required name=search_term_string\"}],\"inLanguage\":\"fr-FR\"},{\"@type\":\"Organization\",\"@id\":\"https:\/\/www.svalbard.fr\/actualites\/#organization\",\"name\":\"www.Svalbard.fr\",\"url\":\"https:\/\/www.svalbard.fr\/actualites\/\",\"logo\":{\"@type\":\"ImageObject\",\"inLanguage\":\"fr-FR\",\"@id\":\"https:\/\/www.svalbard.fr\/actualites\/#\/schema\/logo\/image\/\",\"url\":\"https:\/\/www.svalbard.fr\/actualites\/wp-content\/uploads\/2023\/09\/head-nom.jpg\",\"contentUrl\":\"https:\/\/www.svalbard.fr\/actualites\/wp-content\/uploads\/2023\/09\/head-nom.jpg\",\"width\":264,\"height\":35,\"caption\":\"www.Svalbard.fr\"},\"image\":{\"@id\":\"https:\/\/www.svalbard.fr\/actualites\/#\/schema\/logo\/image\/\"}},{\"@type\":\"Person\",\"@id\":\"https:\/\/www.svalbard.fr\/actualites\/#\/schema\/person\/b9d185560b94bff7322d37cb676ee545\",\"name\":\"Guillaume Chen\",\"image\":{\"@type\":\"ImageObject\",\"inLanguage\":\"fr-FR\",\"@id\":\"https:\/\/www.svalbard.fr\/actualites\/#\/schema\/person\/image\/\",\"url\":\"https:\/\/secure.gravatar.com\/avatar\/0c3f9c94586035b795ad4049a06fb048?s=96&d=mm&r=g\",\"contentUrl\":\"https:\/\/secure.gravatar.com\/avatar\/0c3f9c94586035b795ad4049a06fb048?s=96&d=mm&r=g\",\"caption\":\"Guillaume Chen\"},\"sameAs\":[\"https:\/\/www.svalbard.fr\/\"]}]}<\/script>\n<!-- \/ Yoast SEO plugin. -->","yoast_head_json":{"title":"D\u00e9couvrez si votre salaire d\u00e9passe celui d\u2019un Fran\u00e7ais moyen","robots":{"index":"index","follow":"follow","max-snippet":"max-snippet:-1","max-image-preview":"max-image-preview:large","max-video-preview":"max-video-preview:-1"},"canonical":"https:\/\/www.svalbard.fr\/actualites\/decouvrez-si-votre-salaire-depasse-celui-dun-francais-moyen\/","og_locale":"fr_FR","og_type":"article","og_title":"D\u00e9couvrez si votre salaire d\u00e9passe celui d\u2019un Fran\u00e7ais moyen","og_description":"C\u2019est souvent la grande question qui trotte dans la t\u00eate \u00e0 l\u2019heure de choisir une orientation ou de d\u00e9crocher son premier CDI : vais-je gagner","og_url":"https:\/\/www.svalbard.fr\/actualites\/decouvrez-si-votre-salaire-depasse-celui-dun-francais-moyen\/","og_site_name":"www.Svalbard.fr","article_published_time":"2025-07-09T06:30:00+00:00","article_modified_time":"2025-07-08T06:30:39+00:00","og_image":[{"width":1200,"height":630,"url":"https:\/\/www.svalbard.fr\/actualites\/wp-content\/uploads\/2025\/07\/salaire-gagnez-vous-plus-qu-un-francais-moyen-selon-votre-profil.jpg","type":"image\/jpeg"}],"author":"Guillaume Chen","twitter_card":"summary_large_image","twitter_misc":{"\u00c9crit par":"Guillaume Chen","Dur\u00e9e de lecture estim\u00e9e":"4 minutes"},"schema":{"@context":"https:\/\/schema.org","@graph":[{"@type":"Article","@id":"https:\/\/www.svalbard.fr\/actualites\/decouvrez-si-votre-salaire-depasse-celui-dun-francais-moyen\/#article","isPartOf":{"@id":"https:\/\/www.svalbard.fr\/actualites\/decouvrez-si-votre-salaire-depasse-celui-dun-francais-moyen\/"},"author":{"name":"Guillaume Chen","@id":"https:\/\/www.svalbard.fr\/actualites\/#\/schema\/person\/b9d185560b94bff7322d37cb676ee545"},"headline":"D\u00e9couvrez si votre salaire d\u00e9passe celui d\u2019un Fran\u00e7ais moyen","datePublished":"2025-07-09T06:30:00+00:00","dateModified":"2025-07-08T06:30:39+00:00","mainEntityOfPage":{"@id":"https:\/\/www.svalbard.fr\/actualites\/decouvrez-si-votre-salaire-depasse-celui-dun-francais-moyen\/"},"wordCount":738,"publisher":{"@id":"https:\/\/www.svalbard.fr\/actualites\/#organization"},"articleSection":["Tendances"],"inLanguage":"fr-FR"},{"@type":"WebPage","@id":"https:\/\/www.svalbard.fr\/actualites\/decouvrez-si-votre-salaire-depasse-celui-dun-francais-moyen\/","url":"https:\/\/www.svalbard.fr\/actualites\/decouvrez-si-votre-salaire-depasse-celui-dun-francais-moyen\/","name":"D\u00e9couvrez si votre salaire d\u00e9passe celui d\u2019un Fran\u00e7ais moyen","isPartOf":{"@id":"https:\/\/www.svalbard.fr\/actualites\/#website"},"datePublished":"2025-07-09T06:30:00+00:00","dateModified":"2025-07-08T06:30:39+00:00","breadcrumb":{"@id":"https:\/\/www.svalbard.fr\/actualites\/decouvrez-si-votre-salaire-depasse-celui-dun-francais-moyen\/#breadcrumb"},"inLanguage":"fr-FR","potentialAction":[{"@type":"ReadAction","target":["https:\/\/www.svalbard.fr\/actualites\/decouvrez-si-votre-salaire-depasse-celui-dun-francais-moyen\/"]}]},{"@type":"BreadcrumbList","@id":"https:\/\/www.svalbard.fr\/actualites\/decouvrez-si-votre-salaire-depasse-celui-dun-francais-moyen\/#breadcrumb","itemListElement":[{"@type":"ListItem","position":1,"name":"Accueil","item":"https:\/\/www.svalbard.fr\/actualites\/"},{"@type":"ListItem","position":2,"name":"D\u00e9couvrez si votre salaire d\u00e9passe celui d\u2019un Fran\u00e7ais moyen"}]},{"@type":"WebSite","@id":"https:\/\/www.svalbard.fr\/actualites\/#website","url":"https:\/\/www.svalbard.fr\/actualites\/","name":"www.Svalbard.fr","description":"","publisher":{"@id":"https:\/\/www.svalbard.fr\/actualites\/#organization"},"potentialAction":[{"@type":"SearchAction","target":{"@type":"EntryPoint","urlTemplate":"https:\/\/www.svalbard.fr\/actualites\/?s={search_term_string}"},"query-input":"required name=search_term_string"}],"inLanguage":"fr-FR"},{"@type":"Organization","@id":"https:\/\/www.svalbard.fr\/actualites\/#organization","name":"www.Svalbard.fr","url":"https:\/\/www.svalbard.fr\/actualites\/","logo":{"@type":"ImageObject","inLanguage":"fr-FR","@id":"https:\/\/www.svalbard.fr\/actualites\/#\/schema\/logo\/image\/","url":"https:\/\/www.svalbard.fr\/actualites\/wp-content\/uploads\/2023\/09\/head-nom.jpg","contentUrl":"https:\/\/www.svalbard.fr\/actualites\/wp-content\/uploads\/2023\/09\/head-nom.jpg","width":264,"height":35,"caption":"www.Svalbard.fr"},"image":{"@id":"https:\/\/www.svalbard.fr\/actualites\/#\/schema\/logo\/image\/"}},{"@type":"Person","@id":"https:\/\/www.svalbard.fr\/actualites\/#\/schema\/person\/b9d185560b94bff7322d37cb676ee545","name":"Guillaume Chen","image":{"@type":"ImageObject","inLanguage":"fr-FR","@id":"https:\/\/www.svalbard.fr\/actualites\/#\/schema\/person\/image\/","url":"https:\/\/secure.gravatar.com\/avatar\/0c3f9c94586035b795ad4049a06fb048?s=96&d=mm&r=g","contentUrl":"https:\/\/secure.gravatar.com\/avatar\/0c3f9c94586035b795ad4049a06fb048?s=96&d=mm&r=g","caption":"Guillaume Chen"},"sameAs":["https:\/\/www.svalbard.fr\/"]}]}},"_links":{"self":[{"href":"https:\/\/www.svalbard.fr\/actualites\/wp-json\/wp\/v2\/posts\/4611"}],"collection":[{"href":"https:\/\/www.svalbard.fr\/actualites\/wp-json\/wp\/v2\/posts"}],"about":[{"href":"https:\/\/www.svalbard.fr\/actualites\/wp-json\/wp\/v2\/types\/post"}],"author":[{"embeddable":true,"href":"https:\/\/www.svalbard.fr\/actualites\/wp-json\/wp\/v2\/users\/3"}],"replies":[{"embeddable":true,"href":"https:\/\/www.svalbard.fr\/actualites\/wp-json\/wp\/v2\/comments?post=4611"}],"version-history":[{"count":1,"href":"https:\/\/www.svalbard.fr\/actualites\/wp-json\/wp\/v2\/posts\/4611\/revisions"}],"predecessor-version":[{"id":4613,"href":"https:\/\/www.svalbard.fr\/actualites\/wp-json\/wp\/v2\/posts\/4611\/revisions\/4613"}],"wp:featuredmedia":[{"embeddable":true,"href":"https:\/\/www.svalbard.fr\/actualites\/wp-json\/wp\/v2\/media\/4612"}],"wp:attachment":[{"href":"https:\/\/www.svalbard.fr\/actualites\/wp-json\/wp\/v2\/media?parent=4611"}],"wp:term":[{"taxonomy":"category","embeddable":true,"href":"https:\/\/www.svalbard.fr\/actualites\/wp-json\/wp\/v2\/categories?post=4611"},{"taxonomy":"post_tag","embeddable":true,"href":"https:\/\/www.svalbard.fr\/actualites\/wp-json\/wp\/v2\/tags?post=4611"}],"curies":[{"name":"wp","href":"https:\/\/api.w.org\/{rel}","templated":true}]}}