{"id":4614,"date":"2025-07-09T10:30:00","date_gmt":"2025-07-09T08:30:00","guid":{"rendered":"https:\/\/www.svalbard.fr\/actualites\/?p=4614"},"modified":"2025-07-08T08:36:36","modified_gmt":"2025-07-08T06:36:36","slug":"un-million-de-retraites-ne-touchent-pas-tout-ce-quils-devraient-etes-vous-concerne","status":"publish","type":"post","link":"https:\/\/www.svalbard.fr\/actualites\/un-million-de-retraites-ne-touchent-pas-tout-ce-quils-devraient-etes-vous-concerne\/","title":{"rendered":"Un million de retrait\u00e9s ne touchent pas tout ce qu\u2019ils devraient : \u00eates-vous concern\u00e9 ?"},"content":{"rendered":"\n<p><em><strong>Ils pensaient avoir boucl\u00e9 leur carri\u00e8re, dossier \u00e0 l\u2019appui, mais pour pr\u00e8s d\u2019un million de retrait\u00e9s, le compte n\u2019y est pas. Faute de d\u00e9marches ou d\u2019informations claires, certains perdent chaque mois des dizaines, voire des centaines d\u2019euros. Un oubli qui co\u00fbte cher, surtout quand la retraite est cens\u00e9e rimer avec tranquillit\u00e9 d\u2019esprit.<\/strong><\/em><\/p>\n\n\n\n<!--more-->\n\n\n\n<h2 class=\"wp-block-heading\">Quand la retraite ne tombe pas toute seule<\/h2>\n\n\n\n<p>Qui n\u2019a jamais entendu un proche dire \u00ab je touche ma retraite, donc tout est bon \u00bb ? Eh bien\u2026 pas toujours. En France, pr\u00e8s de <strong>940 000 retrait\u00e9s<\/strong> \u2013 principalement \u00e2g\u00e9s de 70 \u00e0 90 ans \u2013 ne per\u00e7oivent <strong>pas l\u2019int\u00e9gralit\u00e9 de leur pension<\/strong>. C\u2019est ce que r\u00e9v\u00e8le une enqu\u00eate men\u00e9e par les <a href=\"https:\/\/www.svalbard.fr\/actualites\/decouverte-revolutionnaire-dans-les-profondeurs-oceaniques-qui-remet-en-question-nos-connaissances-sur-la-production-denergie-par-les-organismes-vivants\/\"><strong>organismes<\/strong><\/a> de retraite eux-m\u00eames, notamment <strong>l\u2019Union Retraite<\/strong>.<\/p>\n\n\n\n<p>Ce n\u2019est pas une question de fraude ou d\u2019oubli administratif de la part de l\u2019\u00c9tat, mais plut\u00f4t d\u2019un fonctionnement bien sp\u00e9cifique : en France, la retraite est un <strong>droit qu\u00e9rable<\/strong>. Autrement dit, ce n\u2019est pas l\u2019administration qui vient frapper \u00e0 votre porte pour vous verser ce que vous avez cotis\u00e9. C\u2019est \u00e0 vous de r\u00e9clamer chaque euro. Et l\u00e0, les choses se compliquent.<\/p>\n\n\n\n<h2 class=\"wp-block-heading\">Des d\u00e9marches souvent complexes ou oubli\u00e9es<\/h2>\n\n\n\n<p>Dans pr\u00e8s de <strong>600 000 cas<\/strong>, les retrait\u00e9s concern\u00e9s n\u2019ont <strong>jamais per\u00e7u la moindre pension du r\u00e9gime g\u00e9n\u00e9ral<\/strong>, alors m\u00eame qu\u2019ils y avaient droit. Souvent, il s\u2019agit de personnes ayant travaill\u00e9 de mani\u00e8re \u00e9pisodique, parfois en France, parfois \u00e0 l\u2019\u00e9tranger, avec des <strong>parcours professionnels fragment\u00e9s<\/strong>.<\/p>\n\n\n\n<p>Dans <strong>un quart des cas<\/strong>, ces personnes sont n\u00e9es hors de France, et ont travaill\u00e9 ponctuellement dans l\u2019Hexagone avant de repartir vivre ailleurs. R\u00e9sultat ? Une carri\u00e8re trop courte pour avoir \u00e9t\u00e9 prise au s\u00e9rieux, ou tout simplement <strong>oubli\u00e9e<\/strong> dans les m\u00e9andres administratifs.<\/p>\n\n\n\n<p>Autre sc\u00e9nario courant : le non-recours partiel. L\u00e0, le retrait\u00e9 touche bien une pension\u2026 mais <strong>pas de tous les r\u00e9gimes<\/strong> auxquels il a cotis\u00e9. Un poste saisonnier dans sa jeunesse, une courte mission en int\u00e9rim, un job d\u2019\u00e9tudiant\u2026 Autant de petits boulots facilement laiss\u00e9s de c\u00f4t\u00e9, surtout quand ils datent de plusieurs d\u00e9cennies.<\/p>\n\n\n\n<h2 class=\"wp-block-heading\">Des pertes qui p\u00e8sent lourd sur le budget<\/h2>\n\n\n\n<p>Ce qui frappe, c\u2019est que ces oublis ne repr\u00e9sentent pas seulement des petites sommes anecdotiques. Pour certains, il s\u2019agit de <strong>180 euros mensuels en moins<\/strong>, soit plus de 2 000 euros par an. Une somme loin d\u2019\u00eatre n\u00e9gligeable, surtout \u00e0 l\u2019heure o\u00f9 chaque d\u00e9pense compte dans un budget de retrait\u00e9.<\/p>\n\n\n\n<p>M\u00eame pour les non-recours partiels, les <strong>40 euros mensuels<\/strong> qui manquent peuvent faire la diff\u00e9rence. Ce n\u2019est pas un hasard si les services sociaux voient passer de nombreux dossiers de seniors en difficult\u00e9 financi\u00e8re, alors qu\u2019un simple <strong>recalcul des droits<\/strong> aurait pu all\u00e9ger leur <a href=\"https:\/\/www.svalbard.fr\/actualites\/isoles-pendant-40-ans-le-quotidien-bouleversant-de-cette-famille-hors-du-monde\/\"><strong>quotidien<\/strong><\/a>.<\/p>\n\n\n\n<h2 class=\"wp-block-heading\">Une vigilance n\u00e9cessaire\u2026 et des solutions<\/h2>\n\n\n\n<p>Pour \u00e9viter ce genre de d\u00e9convenue, des campagnes d\u2019information ont \u00e9t\u00e9 lanc\u00e9es, notamment en 2024 et 2025, ciblant les g\u00e9n\u00e9rations n\u00e9es entre <strong>1949 et 1955<\/strong>. Mais au-del\u00e0 de ces actions ponctuelles, la vraie cl\u00e9 reste l\u2019information et <strong>la proactivit\u00e9 individuelle<\/strong>.<\/p>\n\n\n\n<p>Les experts conseillent de <strong>v\u00e9rifier r\u00e9guli\u00e8rement son relev\u00e9 de carri\u00e8re<\/strong> sur le site de l\u2019Assurance retraite, et de <strong>recouper les p\u00e9riodes manquantes<\/strong> avec ses souvenirs ou documents de l\u2019\u00e9poque. Une fiche de paie oubli\u00e9e, une d\u00e9claration de stage, un contrat sign\u00e9 \u00e0 la va-vite\u2026 peuvent parfois faire toute la diff\u00e9rence.<\/p>\n\n\n\n<p>Et si les d\u00e9marches vous semblent complexes, il ne faut pas h\u00e9siter \u00e0 se tourner vers des structures d\u2019aide comme les <strong>centres d\u2019information retraite<\/strong> (CICAS) ou m\u00eame certaines associations de retrait\u00e9s qui proposent un accompagnement gratuit.<\/p>\n\n\n\n<p>Bref, ne rien laisser au hasard. Car \u00e0 la retraite aussi, <strong>chaque euro compte<\/strong> \u2013 surtout quand on les a durement gagn\u00e9s.<\/p>\n","protected":false},"excerpt":{"rendered":"<p>Ils pensaient avoir boucl\u00e9 leur carri\u00e8re, dossier \u00e0 l\u2019appui, mais pour pr\u00e8s d\u2019un million de retrait\u00e9s, le compte n\u2019y est pas. Faute de d\u00e9marches ou<\/p>\n","protected":false},"author":3,"featured_media":4615,"comment_status":"closed","ping_status":"closed","sticky":false,"template":"","format":"standard","meta":{"footnotes":""},"categories":[1725],"tags":[],"yoast_head":"<!-- This site is optimized with the Yoast SEO plugin v21.0 - https:\/\/yoast.com\/wordpress\/plugins\/seo\/ -->\n<title>Un million de retrait\u00e9s ne touchent pas tout ce qu\u2019ils devraient : \u00eates-vous concern\u00e9 ?<\/title>\n<meta name=\"robots\" content=\"index, follow, max-snippet:-1, max-image-preview:large, max-video-preview:-1\" \/>\n<link rel=\"canonical\" href=\"https:\/\/www.svalbard.fr\/actualites\/un-million-de-retraites-ne-touchent-pas-tout-ce-quils-devraient-etes-vous-concerne\/\" \/>\n<meta property=\"og:locale\" content=\"fr_FR\" \/>\n<meta property=\"og:type\" content=\"article\" \/>\n<meta property=\"og:title\" content=\"Un million de retrait\u00e9s ne touchent pas tout ce qu\u2019ils devraient : \u00eates-vous concern\u00e9 ?\" \/>\n<meta property=\"og:description\" content=\"Ils pensaient avoir boucl\u00e9 leur carri\u00e8re, dossier \u00e0 l\u2019appui, mais pour pr\u00e8s d\u2019un million de retrait\u00e9s, le compte n\u2019y est pas. Faute de d\u00e9marches ou\" \/>\n<meta property=\"og:url\" content=\"https:\/\/www.svalbard.fr\/actualites\/un-million-de-retraites-ne-touchent-pas-tout-ce-quils-devraient-etes-vous-concerne\/\" \/>\n<meta property=\"og:site_name\" content=\"www.Svalbard.fr\" \/>\n<meta property=\"article:published_time\" content=\"2025-07-09T08:30:00+00:00\" \/>\n<meta property=\"article:modified_time\" content=\"2025-07-08T06:36:36+00:00\" \/>\n<meta property=\"og:image\" content=\"https:\/\/www.svalbard.fr\/actualites\/wp-content\/uploads\/2025\/07\/pension-retraite.jpg\" \/>\n\t<meta property=\"og:image:width\" content=\"1199\" \/>\n\t<meta property=\"og:image:height\" content=\"674\" \/>\n\t<meta property=\"og:image:type\" content=\"image\/jpeg\" \/>\n<meta name=\"author\" content=\"Guillaume Chen\" \/>\n<meta name=\"twitter:card\" content=\"summary_large_image\" \/>\n<meta name=\"twitter:label1\" content=\"\u00c9crit par\" \/>\n\t<meta name=\"twitter:data1\" content=\"Guillaume Chen\" \/>\n\t<meta name=\"twitter:label2\" content=\"Dur\u00e9e de lecture estim\u00e9e\" \/>\n\t<meta name=\"twitter:data2\" content=\"3 minutes\" \/>\n<script type=\"application\/ld+json\" class=\"yoast-schema-graph\">{\"@context\":\"https:\/\/schema.org\",\"@graph\":[{\"@type\":\"Article\",\"@id\":\"https:\/\/www.svalbard.fr\/actualites\/un-million-de-retraites-ne-touchent-pas-tout-ce-quils-devraient-etes-vous-concerne\/#article\",\"isPartOf\":{\"@id\":\"https:\/\/www.svalbard.fr\/actualites\/un-million-de-retraites-ne-touchent-pas-tout-ce-quils-devraient-etes-vous-concerne\/\"},\"author\":{\"name\":\"Guillaume Chen\",\"@id\":\"https:\/\/www.svalbard.fr\/actualites\/#\/schema\/person\/b9d185560b94bff7322d37cb676ee545\"},\"headline\":\"Un million de retrait\u00e9s ne touchent pas tout ce qu\u2019ils devraient : \u00eates-vous concern\u00e9 ?\",\"datePublished\":\"2025-07-09T08:30:00+00:00\",\"dateModified\":\"2025-07-08T06:36:36+00:00\",\"mainEntityOfPage\":{\"@id\":\"https:\/\/www.svalbard.fr\/actualites\/un-million-de-retraites-ne-touchent-pas-tout-ce-quils-devraient-etes-vous-concerne\/\"},\"wordCount\":677,\"publisher\":{\"@id\":\"https:\/\/www.svalbard.fr\/actualites\/#organization\"},\"articleSection\":[\"Tendances\"],\"inLanguage\":\"fr-FR\"},{\"@type\":\"WebPage\",\"@id\":\"https:\/\/www.svalbard.fr\/actualites\/un-million-de-retraites-ne-touchent-pas-tout-ce-quils-devraient-etes-vous-concerne\/\",\"url\":\"https:\/\/www.svalbard.fr\/actualites\/un-million-de-retraites-ne-touchent-pas-tout-ce-quils-devraient-etes-vous-concerne\/\",\"name\":\"Un million de retrait\u00e9s ne touchent pas tout ce qu\u2019ils devraient : \u00eates-vous concern\u00e9 ?\",\"isPartOf\":{\"@id\":\"https:\/\/www.svalbard.fr\/actualites\/#website\"},\"datePublished\":\"2025-07-09T08:30:00+00:00\",\"dateModified\":\"2025-07-08T06:36:36+00:00\",\"breadcrumb\":{\"@id\":\"https:\/\/www.svalbard.fr\/actualites\/un-million-de-retraites-ne-touchent-pas-tout-ce-quils-devraient-etes-vous-concerne\/#breadcrumb\"},\"inLanguage\":\"fr-FR\",\"potentialAction\":[{\"@type\":\"ReadAction\",\"target\":[\"https:\/\/www.svalbard.fr\/actualites\/un-million-de-retraites-ne-touchent-pas-tout-ce-quils-devraient-etes-vous-concerne\/\"]}]},{\"@type\":\"BreadcrumbList\",\"@id\":\"https:\/\/www.svalbard.fr\/actualites\/un-million-de-retraites-ne-touchent-pas-tout-ce-quils-devraient-etes-vous-concerne\/#breadcrumb\",\"itemListElement\":[{\"@type\":\"ListItem\",\"position\":1,\"name\":\"Accueil\",\"item\":\"https:\/\/www.svalbard.fr\/actualites\/\"},{\"@type\":\"ListItem\",\"position\":2,\"name\":\"Un million de retrait\u00e9s ne touchent pas tout ce qu\u2019ils devraient : \u00eates-vous concern\u00e9 ?\"}]},{\"@type\":\"WebSite\",\"@id\":\"https:\/\/www.svalbard.fr\/actualites\/#website\",\"url\":\"https:\/\/www.svalbard.fr\/actualites\/\",\"name\":\"www.Svalbard.fr\",\"description\":\"\",\"publisher\":{\"@id\":\"https:\/\/www.svalbard.fr\/actualites\/#organization\"},\"potentialAction\":[{\"@type\":\"SearchAction\",\"target\":{\"@type\":\"EntryPoint\",\"urlTemplate\":\"https:\/\/www.svalbard.fr\/actualites\/?s={search_term_string}\"},\"query-input\":\"required name=search_term_string\"}],\"inLanguage\":\"fr-FR\"},{\"@type\":\"Organization\",\"@id\":\"https:\/\/www.svalbard.fr\/actualites\/#organization\",\"name\":\"www.Svalbard.fr\",\"url\":\"https:\/\/www.svalbard.fr\/actualites\/\",\"logo\":{\"@type\":\"ImageObject\",\"inLanguage\":\"fr-FR\",\"@id\":\"https:\/\/www.svalbard.fr\/actualites\/#\/schema\/logo\/image\/\",\"url\":\"https:\/\/www.svalbard.fr\/actualites\/wp-content\/uploads\/2023\/09\/head-nom.jpg\",\"contentUrl\":\"https:\/\/www.svalbard.fr\/actualites\/wp-content\/uploads\/2023\/09\/head-nom.jpg\",\"width\":264,\"height\":35,\"caption\":\"www.Svalbard.fr\"},\"image\":{\"@id\":\"https:\/\/www.svalbard.fr\/actualites\/#\/schema\/logo\/image\/\"}},{\"@type\":\"Person\",\"@id\":\"https:\/\/www.svalbard.fr\/actualites\/#\/schema\/person\/b9d185560b94bff7322d37cb676ee545\",\"name\":\"Guillaume Chen\",\"image\":{\"@type\":\"ImageObject\",\"inLanguage\":\"fr-FR\",\"@id\":\"https:\/\/www.svalbard.fr\/actualites\/#\/schema\/person\/image\/\",\"url\":\"https:\/\/secure.gravatar.com\/avatar\/0c3f9c94586035b795ad4049a06fb048?s=96&d=mm&r=g\",\"contentUrl\":\"https:\/\/secure.gravatar.com\/avatar\/0c3f9c94586035b795ad4049a06fb048?s=96&d=mm&r=g\",\"caption\":\"Guillaume Chen\"},\"sameAs\":[\"https:\/\/www.svalbard.fr\/\"]}]}<\/script>\n<!-- \/ Yoast SEO plugin. -->","yoast_head_json":{"title":"Un million de retrait\u00e9s ne touchent pas tout ce qu\u2019ils devraient : \u00eates-vous concern\u00e9 ?","robots":{"index":"index","follow":"follow","max-snippet":"max-snippet:-1","max-image-preview":"max-image-preview:large","max-video-preview":"max-video-preview:-1"},"canonical":"https:\/\/www.svalbard.fr\/actualites\/un-million-de-retraites-ne-touchent-pas-tout-ce-quils-devraient-etes-vous-concerne\/","og_locale":"fr_FR","og_type":"article","og_title":"Un million de retrait\u00e9s ne touchent pas tout ce qu\u2019ils devraient : \u00eates-vous concern\u00e9 ?","og_description":"Ils pensaient avoir boucl\u00e9 leur carri\u00e8re, dossier \u00e0 l\u2019appui, mais pour pr\u00e8s d\u2019un million de retrait\u00e9s, le compte n\u2019y est pas. Faute de d\u00e9marches ou","og_url":"https:\/\/www.svalbard.fr\/actualites\/un-million-de-retraites-ne-touchent-pas-tout-ce-quils-devraient-etes-vous-concerne\/","og_site_name":"www.Svalbard.fr","article_published_time":"2025-07-09T08:30:00+00:00","article_modified_time":"2025-07-08T06:36:36+00:00","og_image":[{"width":1199,"height":674,"url":"https:\/\/www.svalbard.fr\/actualites\/wp-content\/uploads\/2025\/07\/pension-retraite.jpg","type":"image\/jpeg"}],"author":"Guillaume Chen","twitter_card":"summary_large_image","twitter_misc":{"\u00c9crit par":"Guillaume Chen","Dur\u00e9e de lecture estim\u00e9e":"3 minutes"},"schema":{"@context":"https:\/\/schema.org","@graph":[{"@type":"Article","@id":"https:\/\/www.svalbard.fr\/actualites\/un-million-de-retraites-ne-touchent-pas-tout-ce-quils-devraient-etes-vous-concerne\/#article","isPartOf":{"@id":"https:\/\/www.svalbard.fr\/actualites\/un-million-de-retraites-ne-touchent-pas-tout-ce-quils-devraient-etes-vous-concerne\/"},"author":{"name":"Guillaume Chen","@id":"https:\/\/www.svalbard.fr\/actualites\/#\/schema\/person\/b9d185560b94bff7322d37cb676ee545"},"headline":"Un million de retrait\u00e9s ne touchent pas tout ce qu\u2019ils devraient : \u00eates-vous concern\u00e9 ?","datePublished":"2025-07-09T08:30:00+00:00","dateModified":"2025-07-08T06:36:36+00:00","mainEntityOfPage":{"@id":"https:\/\/www.svalbard.fr\/actualites\/un-million-de-retraites-ne-touchent-pas-tout-ce-quils-devraient-etes-vous-concerne\/"},"wordCount":677,"publisher":{"@id":"https:\/\/www.svalbard.fr\/actualites\/#organization"},"articleSection":["Tendances"],"inLanguage":"fr-FR"},{"@type":"WebPage","@id":"https:\/\/www.svalbard.fr\/actualites\/un-million-de-retraites-ne-touchent-pas-tout-ce-quils-devraient-etes-vous-concerne\/","url":"https:\/\/www.svalbard.fr\/actualites\/un-million-de-retraites-ne-touchent-pas-tout-ce-quils-devraient-etes-vous-concerne\/","name":"Un million de retrait\u00e9s ne touchent pas tout ce qu\u2019ils devraient : \u00eates-vous concern\u00e9 ?","isPartOf":{"@id":"https:\/\/www.svalbard.fr\/actualites\/#website"},"datePublished":"2025-07-09T08:30:00+00:00","dateModified":"2025-07-08T06:36:36+00:00","breadcrumb":{"@id":"https:\/\/www.svalbard.fr\/actualites\/un-million-de-retraites-ne-touchent-pas-tout-ce-quils-devraient-etes-vous-concerne\/#breadcrumb"},"inLanguage":"fr-FR","potentialAction":[{"@type":"ReadAction","target":["https:\/\/www.svalbard.fr\/actualites\/un-million-de-retraites-ne-touchent-pas-tout-ce-quils-devraient-etes-vous-concerne\/"]}]},{"@type":"BreadcrumbList","@id":"https:\/\/www.svalbard.fr\/actualites\/un-million-de-retraites-ne-touchent-pas-tout-ce-quils-devraient-etes-vous-concerne\/#breadcrumb","itemListElement":[{"@type":"ListItem","position":1,"name":"Accueil","item":"https:\/\/www.svalbard.fr\/actualites\/"},{"@type":"ListItem","position":2,"name":"Un million de retrait\u00e9s ne touchent pas tout ce qu\u2019ils devraient : \u00eates-vous concern\u00e9 ?"}]},{"@type":"WebSite","@id":"https:\/\/www.svalbard.fr\/actualites\/#website","url":"https:\/\/www.svalbard.fr\/actualites\/","name":"www.Svalbard.fr","description":"","publisher":{"@id":"https:\/\/www.svalbard.fr\/actualites\/#organization"},"potentialAction":[{"@type":"SearchAction","target":{"@type":"EntryPoint","urlTemplate":"https:\/\/www.svalbard.fr\/actualites\/?s={search_term_string}"},"query-input":"required name=search_term_string"}],"inLanguage":"fr-FR"},{"@type":"Organization","@id":"https:\/\/www.svalbard.fr\/actualites\/#organization","name":"www.Svalbard.fr","url":"https:\/\/www.svalbard.fr\/actualites\/","logo":{"@type":"ImageObject","inLanguage":"fr-FR","@id":"https:\/\/www.svalbard.fr\/actualites\/#\/schema\/logo\/image\/","url":"https:\/\/www.svalbard.fr\/actualites\/wp-content\/uploads\/2023\/09\/head-nom.jpg","contentUrl":"https:\/\/www.svalbard.fr\/actualites\/wp-content\/uploads\/2023\/09\/head-nom.jpg","width":264,"height":35,"caption":"www.Svalbard.fr"},"image":{"@id":"https:\/\/www.svalbard.fr\/actualites\/#\/schema\/logo\/image\/"}},{"@type":"Person","@id":"https:\/\/www.svalbard.fr\/actualites\/#\/schema\/person\/b9d185560b94bff7322d37cb676ee545","name":"Guillaume Chen","image":{"@type":"ImageObject","inLanguage":"fr-FR","@id":"https:\/\/www.svalbard.fr\/actualites\/#\/schema\/person\/image\/","url":"https:\/\/secure.gravatar.com\/avatar\/0c3f9c94586035b795ad4049a06fb048?s=96&d=mm&r=g","contentUrl":"https:\/\/secure.gravatar.com\/avatar\/0c3f9c94586035b795ad4049a06fb048?s=96&d=mm&r=g","caption":"Guillaume Chen"},"sameAs":["https:\/\/www.svalbard.fr\/"]}]}},"_links":{"self":[{"href":"https:\/\/www.svalbard.fr\/actualites\/wp-json\/wp\/v2\/posts\/4614"}],"collection":[{"href":"https:\/\/www.svalbard.fr\/actualites\/wp-json\/wp\/v2\/posts"}],"about":[{"href":"https:\/\/www.svalbard.fr\/actualites\/wp-json\/wp\/v2\/types\/post"}],"author":[{"embeddable":true,"href":"https:\/\/www.svalbard.fr\/actualites\/wp-json\/wp\/v2\/users\/3"}],"replies":[{"embeddable":true,"href":"https:\/\/www.svalbard.fr\/actualites\/wp-json\/wp\/v2\/comments?post=4614"}],"version-history":[{"count":1,"href":"https:\/\/www.svalbard.fr\/actualites\/wp-json\/wp\/v2\/posts\/4614\/revisions"}],"predecessor-version":[{"id":4616,"href":"https:\/\/www.svalbard.fr\/actualites\/wp-json\/wp\/v2\/posts\/4614\/revisions\/4616"}],"wp:featuredmedia":[{"embeddable":true,"href":"https:\/\/www.svalbard.fr\/actualites\/wp-json\/wp\/v2\/media\/4615"}],"wp:attachment":[{"href":"https:\/\/www.svalbard.fr\/actualites\/wp-json\/wp\/v2\/media?parent=4614"}],"wp:term":[{"taxonomy":"category","embeddable":true,"href":"https:\/\/www.svalbard.fr\/actualites\/wp-json\/wp\/v2\/categories?post=4614"},{"taxonomy":"post_tag","embeddable":true,"href":"https:\/\/www.svalbard.fr\/actualites\/wp-json\/wp\/v2\/tags?post=4614"}],"curies":[{"name":"wp","href":"https:\/\/api.w.org\/{rel}","templated":true}]}}