{"id":4617,"date":"2025-07-09T15:30:00","date_gmt":"2025-07-09T13:30:00","guid":{"rendered":"https:\/\/www.svalbard.fr\/actualites\/?p=4617"},"modified":"2025-07-08T08:45:10","modified_gmt":"2025-07-08T06:45:10","slug":"lidl-sanctionne-ce-que-vous-devez-savoir-sur-cette-affaire-qui-secoue-lenseigne","status":"publish","type":"post","link":"https:\/\/www.svalbard.fr\/actualites\/lidl-sanctionne-ce-que-vous-devez-savoir-sur-cette-affaire-qui-secoue-lenseigne\/","title":{"rendered":"Lidl sanctionn\u00e9 : ce que vous devez savoir sur cette affaire qui secoue l\u2019enseigne"},"content":{"rendered":"\n<p><em><strong>L\u2019image de l\u2019Italie, ses collines verdoyantes et ses champs de bl\u00e9 dor\u00e9s\u2026 Un clich\u00e9 savoureux qu\u2019on retrouve jusque dans nos assiettes. Mais quand les apparences trompent, c\u2019est parfois le portefeuille qui en paie le prix. Lidl, g\u00e9ant du discount, se retrouve aujourd\u2019hui au c\u0153ur d\u2019un bras de fer judiciaire o\u00f9 packaging, marketing et transparence ne font pas bon m\u00e9nage.<\/strong><\/em><\/p>\n\n\n\n<!--more-->\n\n\n\n<h2 class=\"wp-block-heading\">Des p\u00e2tes au go\u00fbt amer pour Lidl<\/h2>\n\n\n\n<p>Dans cette affaire qui remue les lin\u00e9aires de supermarch\u00e9s, tout commence par une belle promesse : des <strong>p\u00e2tes estampill\u00e9es \u00ab\u00a0fabriqu\u00e9es en <a href=\"https:\/\/www.svalbard.fr\/actualites\/quel-revenu-faut-il-atteindre-pour-faire-partie-de-la-classe-aisee-en-italie\/\">Italie<\/a>\u00ab\u00a0<\/strong>, sous des marques bien connues des clients de Lidl \u2013 Italiamo et Combino. Des noms \u00e9vocateurs, des visuels soign\u00e9s, et surtout cette inscription \u00ab Passione italiana \u00bb qui fait mouche. Mais voil\u00e0, derri\u00e8re cette jolie fa\u00e7ade se cache une r\u00e9alit\u00e9 plus nuanc\u00e9e\u2026 et juridiquement d\u00e9licate.<\/p>\n\n\n\n<p>Sur les emballages, l\u2019Italie est partout. Ou presque. Car en retournant les paquets, en tout petits caract\u00e8res, on d\u00e9couvre que le <strong>bl\u00e9 utilis\u00e9 n\u2019est pas exclusivement italien<\/strong>. Il est cultiv\u00e9 \u00ab en Union europ\u00e9enne et hors UE \u00bb, autrement dit un joyeux m\u00e9lange sans fronti\u00e8re d\u00e9finie. Un d\u00e9tail ? Pas pour l\u2019<strong>Autorit\u00e9 italienne de la concurrence<\/strong>, qui estime que ce flou marketing rel\u00e8ve d\u2019une <strong>pratique trompeuse<\/strong>.<\/p>\n\n\n<div class=\"wp-block-image\">\n<figure class=\"aligncenter size-large\"><img decoding=\"async\" loading=\"lazy\" width=\"1024\" height=\"791\" src=\"https:\/\/www.svalbard.fr\/actualites\/wp-content\/uploads\/2025\/07\/77104974-1024x791.jpg\" alt=\"p\u00e2tes italiennes\" class=\"wp-image-4618\" srcset=\"https:\/\/www.svalbard.fr\/actualites\/wp-content\/uploads\/2025\/07\/77104974-1024x791.jpg 1024w, https:\/\/www.svalbard.fr\/actualites\/wp-content\/uploads\/2025\/07\/77104974-300x232.jpg 300w, https:\/\/www.svalbard.fr\/actualites\/wp-content\/uploads\/2025\/07\/77104974-768x593.jpg 768w, https:\/\/www.svalbard.fr\/actualites\/wp-content\/uploads\/2025\/07\/77104974.jpg 1200w\" sizes=\"(max-width: 1024px) 100vw, 1024px\" \/><\/figure><\/div>\n\n\n<h2 class=\"wp-block-heading\">Une sanction sal\u00e9e pour un manque de clart\u00e9<\/h2>\n\n\n\n<p>Lidl, visiblement peu enclin \u00e0 changer son \u00e9tiquetage, a tent\u00e9 de d\u00e9fendre sa position : <strong>40 % du bl\u00e9 viendrait bien d\u2019Italie<\/strong>, selon l\u2019enseigne. Une pr\u00e9cision qui n\u2019a pas suffi \u00e0 convaincre le <strong>Tribunal Administratif r\u00e9gional du Latium<\/strong>, saisi en recours. R\u00e9sultat : une <strong>amende d\u2019un million d\u2019euros<\/strong> inflig\u00e9e en 2023, confirm\u00e9e d\u00e9but 2025.<\/p>\n\n\n\n<p>D\u2019autres marques, comme <strong>De Cecco<\/strong> ou <strong>Auchan<\/strong>, confront\u00e9es \u00e0 des reproches similaires, ont pris les devants : elles ont <strong>ajust\u00e9 leur communication<\/strong> pour lever toute ambigu\u00eft\u00e9. Lidl, lui, s\u2019est content\u00e9 de <strong>retirer le drapeau italien<\/strong> de certains de ses paquets\u2026 tout en le maintenant sur d\u2019autres produits de la gamme Italiamo. Une strat\u00e9gie minimaliste qui n\u2019a pas convaincu les juges italiens.<\/p>\n\n\n\n<h2 class=\"wp-block-heading\">Une transparence qui devient obligatoire<\/h2>\n\n\n\n<p>Cette d\u00e9cision r\u00e9sonne comme un avertissement pour l\u2019ensemble du secteur. L\u2019Autorit\u00e9 de la concurrence italienne ne compte pas s\u2019arr\u00eater l\u00e0. Elle souhaite d\u00e9sormais que <strong>l\u2019origine du bl\u00e9 soit indiqu\u00e9e clairement, d\u00e8s la face avant de l\u2019emballage<\/strong>, une exigence qui devrait devenir obligatoire <strong>d\u2019ici d\u00e9cembre 2025 en Italie<\/strong>. Un pas vers plus de lisibilit\u00e9 pour le consommateur, souvent noy\u00e9 dans les mentions l\u00e9gales microscopiques.<\/p>\n\n\n\n<p>Ce genre de m\u00e9saventure montre \u00e0 quel point <strong>l\u2019origine des produits est un sujet sensible<\/strong>, \u00e0 la fois pour des raisons culturelles, \u00e9conomiques et \u00e9thiques. Car pour le consommateur, choisir un paquet de p\u00e2tes \u00ab\u00a0italiennes\u00a0\u00bb, ce n\u2019est pas seulement un acte d\u2019achat, c\u2019est souvent un choix de qualit\u00e9, voire un geste de soutien \u00e0 une agriculture per\u00e7ue comme traditionnelle.<\/p>\n\n\n\n<h2 class=\"wp-block-heading\">\u00c0 lire entre les lignes (et les \u00e9tiquettes)<\/h2>\n\n\n\n<p>Ce qui semblait une simple affaire de packaging s\u2019est transform\u00e9 en <strong>affaire de confiance<\/strong>. Et cela vaut bien au-del\u00e0 de Lidl. Cette <a href=\"https:\/\/www.svalbard.fr\/actualites\/elle-envoie-une-facture-de-33-e-a-la-mere-dun-camarade-de-jeu-la-polemique-enfle\/\"><strong>pol\u00e9mique<\/strong><\/a> invite chacun \u00e0 <strong>reconsid\u00e9rer ce que signifie r\u00e9ellement \u00ab\u00a0fabriqu\u00e9 en\u00a0\u00bb<\/strong> \u2013 une mention parfois plus marketing que g\u00e9ographique. Pour \u00e9viter les d\u00e9convenues, mieux vaut lire <strong>avec attention les mentions obligatoires<\/strong>, aussi discr\u00e8tes soient-elles.<\/p>\n\n\n\n<p>Moralit\u00e9 ? M\u00eame les p\u00e2tes peuvent co\u00fbter cher\u2026 surtout quand le marketing se prend les pieds dans le plat.<\/p>\n","protected":false},"excerpt":{"rendered":"<p>L\u2019image de l\u2019Italie, ses collines verdoyantes et ses champs de bl\u00e9 dor\u00e9s\u2026 Un clich\u00e9 savoureux qu\u2019on retrouve jusque dans nos assiettes. Mais quand les apparences<\/p>\n","protected":false},"author":3,"featured_media":4619,"comment_status":"closed","ping_status":"closed","sticky":false,"template":"","format":"standard","meta":{"footnotes":""},"categories":[1725],"tags":[],"yoast_head":"<!-- This site is optimized with the Yoast SEO plugin v21.0 - https:\/\/yoast.com\/wordpress\/plugins\/seo\/ -->\n<title>Lidl sanctionn\u00e9 : ce que vous devez savoir sur cette affaire qui secoue l\u2019enseigne<\/title>\n<meta name=\"robots\" content=\"index, follow, max-snippet:-1, max-image-preview:large, max-video-preview:-1\" \/>\n<link rel=\"canonical\" href=\"https:\/\/www.svalbard.fr\/actualites\/lidl-sanctionne-ce-que-vous-devez-savoir-sur-cette-affaire-qui-secoue-lenseigne\/\" \/>\n<meta property=\"og:locale\" content=\"fr_FR\" \/>\n<meta property=\"og:type\" content=\"article\" \/>\n<meta property=\"og:title\" content=\"Lidl sanctionn\u00e9 : ce que vous devez savoir sur cette affaire qui secoue l\u2019enseigne\" \/>\n<meta property=\"og:description\" content=\"L\u2019image de l\u2019Italie, ses collines verdoyantes et ses champs de bl\u00e9 dor\u00e9s\u2026 Un clich\u00e9 savoureux qu\u2019on retrouve jusque dans nos assiettes. Mais quand les apparences\" \/>\n<meta property=\"og:url\" content=\"https:\/\/www.svalbard.fr\/actualites\/lidl-sanctionne-ce-que-vous-devez-savoir-sur-cette-affaire-qui-secoue-lenseigne\/\" \/>\n<meta property=\"og:site_name\" content=\"www.Svalbard.fr\" \/>\n<meta property=\"article:published_time\" content=\"2025-07-09T13:30:00+00:00\" \/>\n<meta property=\"article:modified_time\" content=\"2025-07-08T06:45:10+00:00\" \/>\n<meta property=\"og:image\" content=\"https:\/\/www.svalbard.fr\/actualites\/wp-content\/uploads\/2025\/07\/77004870.jpg\" \/>\n\t<meta property=\"og:image:width\" content=\"1200\" \/>\n\t<meta property=\"og:image:height\" content=\"800\" \/>\n\t<meta property=\"og:image:type\" content=\"image\/jpeg\" \/>\n<meta name=\"author\" content=\"Guillaume Chen\" \/>\n<meta name=\"twitter:card\" content=\"summary_large_image\" \/>\n<meta name=\"twitter:label1\" content=\"\u00c9crit par\" \/>\n\t<meta name=\"twitter:data1\" content=\"Guillaume Chen\" \/>\n\t<meta name=\"twitter:label2\" content=\"Dur\u00e9e de lecture estim\u00e9e\" \/>\n\t<meta name=\"twitter:data2\" content=\"3 minutes\" \/>\n<script type=\"application\/ld+json\" class=\"yoast-schema-graph\">{\"@context\":\"https:\/\/schema.org\",\"@graph\":[{\"@type\":\"Article\",\"@id\":\"https:\/\/www.svalbard.fr\/actualites\/lidl-sanctionne-ce-que-vous-devez-savoir-sur-cette-affaire-qui-secoue-lenseigne\/#article\",\"isPartOf\":{\"@id\":\"https:\/\/www.svalbard.fr\/actualites\/lidl-sanctionne-ce-que-vous-devez-savoir-sur-cette-affaire-qui-secoue-lenseigne\/\"},\"author\":{\"name\":\"Guillaume Chen\",\"@id\":\"https:\/\/www.svalbard.fr\/actualites\/#\/schema\/person\/b9d185560b94bff7322d37cb676ee545\"},\"headline\":\"Lidl sanctionn\u00e9 : ce que vous devez savoir sur cette affaire qui secoue l\u2019enseigne\",\"datePublished\":\"2025-07-09T13:30:00+00:00\",\"dateModified\":\"2025-07-08T06:45:10+00:00\",\"mainEntityOfPage\":{\"@id\":\"https:\/\/www.svalbard.fr\/actualites\/lidl-sanctionne-ce-que-vous-devez-savoir-sur-cette-affaire-qui-secoue-lenseigne\/\"},\"wordCount\":607,\"publisher\":{\"@id\":\"https:\/\/www.svalbard.fr\/actualites\/#organization\"},\"articleSection\":[\"Tendances\"],\"inLanguage\":\"fr-FR\"},{\"@type\":\"WebPage\",\"@id\":\"https:\/\/www.svalbard.fr\/actualites\/lidl-sanctionne-ce-que-vous-devez-savoir-sur-cette-affaire-qui-secoue-lenseigne\/\",\"url\":\"https:\/\/www.svalbard.fr\/actualites\/lidl-sanctionne-ce-que-vous-devez-savoir-sur-cette-affaire-qui-secoue-lenseigne\/\",\"name\":\"Lidl sanctionn\u00e9 : ce que vous devez savoir sur cette affaire qui secoue l\u2019enseigne\",\"isPartOf\":{\"@id\":\"https:\/\/www.svalbard.fr\/actualites\/#website\"},\"datePublished\":\"2025-07-09T13:30:00+00:00\",\"dateModified\":\"2025-07-08T06:45:10+00:00\",\"breadcrumb\":{\"@id\":\"https:\/\/www.svalbard.fr\/actualites\/lidl-sanctionne-ce-que-vous-devez-savoir-sur-cette-affaire-qui-secoue-lenseigne\/#breadcrumb\"},\"inLanguage\":\"fr-FR\",\"potentialAction\":[{\"@type\":\"ReadAction\",\"target\":[\"https:\/\/www.svalbard.fr\/actualites\/lidl-sanctionne-ce-que-vous-devez-savoir-sur-cette-affaire-qui-secoue-lenseigne\/\"]}]},{\"@type\":\"BreadcrumbList\",\"@id\":\"https:\/\/www.svalbard.fr\/actualites\/lidl-sanctionne-ce-que-vous-devez-savoir-sur-cette-affaire-qui-secoue-lenseigne\/#breadcrumb\",\"itemListElement\":[{\"@type\":\"ListItem\",\"position\":1,\"name\":\"Accueil\",\"item\":\"https:\/\/www.svalbard.fr\/actualites\/\"},{\"@type\":\"ListItem\",\"position\":2,\"name\":\"Lidl sanctionn\u00e9 : ce que vous devez savoir sur cette affaire qui secoue l\u2019enseigne\"}]},{\"@type\":\"WebSite\",\"@id\":\"https:\/\/www.svalbard.fr\/actualites\/#website\",\"url\":\"https:\/\/www.svalbard.fr\/actualites\/\",\"name\":\"www.Svalbard.fr\",\"description\":\"\",\"publisher\":{\"@id\":\"https:\/\/www.svalbard.fr\/actualites\/#organization\"},\"potentialAction\":[{\"@type\":\"SearchAction\",\"target\":{\"@type\":\"EntryPoint\",\"urlTemplate\":\"https:\/\/www.svalbard.fr\/actualites\/?s={search_term_string}\"},\"query-input\":\"required name=search_term_string\"}],\"inLanguage\":\"fr-FR\"},{\"@type\":\"Organization\",\"@id\":\"https:\/\/www.svalbard.fr\/actualites\/#organization\",\"name\":\"www.Svalbard.fr\",\"url\":\"https:\/\/www.svalbard.fr\/actualites\/\",\"logo\":{\"@type\":\"ImageObject\",\"inLanguage\":\"fr-FR\",\"@id\":\"https:\/\/www.svalbard.fr\/actualites\/#\/schema\/logo\/image\/\",\"url\":\"https:\/\/www.svalbard.fr\/actualites\/wp-content\/uploads\/2023\/09\/head-nom.jpg\",\"contentUrl\":\"https:\/\/www.svalbard.fr\/actualites\/wp-content\/uploads\/2023\/09\/head-nom.jpg\",\"width\":264,\"height\":35,\"caption\":\"www.Svalbard.fr\"},\"image\":{\"@id\":\"https:\/\/www.svalbard.fr\/actualites\/#\/schema\/logo\/image\/\"}},{\"@type\":\"Person\",\"@id\":\"https:\/\/www.svalbard.fr\/actualites\/#\/schema\/person\/b9d185560b94bff7322d37cb676ee545\",\"name\":\"Guillaume Chen\",\"image\":{\"@type\":\"ImageObject\",\"inLanguage\":\"fr-FR\",\"@id\":\"https:\/\/www.svalbard.fr\/actualites\/#\/schema\/person\/image\/\",\"url\":\"https:\/\/secure.gravatar.com\/avatar\/0c3f9c94586035b795ad4049a06fb048?s=96&d=mm&r=g\",\"contentUrl\":\"https:\/\/secure.gravatar.com\/avatar\/0c3f9c94586035b795ad4049a06fb048?s=96&d=mm&r=g\",\"caption\":\"Guillaume Chen\"},\"sameAs\":[\"https:\/\/www.svalbard.fr\/\"]}]}<\/script>\n<!-- \/ Yoast SEO plugin. -->","yoast_head_json":{"title":"Lidl sanctionn\u00e9 : ce que vous devez savoir sur cette affaire qui secoue l\u2019enseigne","robots":{"index":"index","follow":"follow","max-snippet":"max-snippet:-1","max-image-preview":"max-image-preview:large","max-video-preview":"max-video-preview:-1"},"canonical":"https:\/\/www.svalbard.fr\/actualites\/lidl-sanctionne-ce-que-vous-devez-savoir-sur-cette-affaire-qui-secoue-lenseigne\/","og_locale":"fr_FR","og_type":"article","og_title":"Lidl sanctionn\u00e9 : ce que vous devez savoir sur cette affaire qui secoue l\u2019enseigne","og_description":"L\u2019image de l\u2019Italie, ses collines verdoyantes et ses champs de bl\u00e9 dor\u00e9s\u2026 Un clich\u00e9 savoureux qu\u2019on retrouve jusque dans nos assiettes. Mais quand les apparences","og_url":"https:\/\/www.svalbard.fr\/actualites\/lidl-sanctionne-ce-que-vous-devez-savoir-sur-cette-affaire-qui-secoue-lenseigne\/","og_site_name":"www.Svalbard.fr","article_published_time":"2025-07-09T13:30:00+00:00","article_modified_time":"2025-07-08T06:45:10+00:00","og_image":[{"width":1200,"height":800,"url":"https:\/\/www.svalbard.fr\/actualites\/wp-content\/uploads\/2025\/07\/77004870.jpg","type":"image\/jpeg"}],"author":"Guillaume Chen","twitter_card":"summary_large_image","twitter_misc":{"\u00c9crit par":"Guillaume Chen","Dur\u00e9e de lecture estim\u00e9e":"3 minutes"},"schema":{"@context":"https:\/\/schema.org","@graph":[{"@type":"Article","@id":"https:\/\/www.svalbard.fr\/actualites\/lidl-sanctionne-ce-que-vous-devez-savoir-sur-cette-affaire-qui-secoue-lenseigne\/#article","isPartOf":{"@id":"https:\/\/www.svalbard.fr\/actualites\/lidl-sanctionne-ce-que-vous-devez-savoir-sur-cette-affaire-qui-secoue-lenseigne\/"},"author":{"name":"Guillaume Chen","@id":"https:\/\/www.svalbard.fr\/actualites\/#\/schema\/person\/b9d185560b94bff7322d37cb676ee545"},"headline":"Lidl sanctionn\u00e9 : ce que vous devez savoir sur cette affaire qui secoue l\u2019enseigne","datePublished":"2025-07-09T13:30:00+00:00","dateModified":"2025-07-08T06:45:10+00:00","mainEntityOfPage":{"@id":"https:\/\/www.svalbard.fr\/actualites\/lidl-sanctionne-ce-que-vous-devez-savoir-sur-cette-affaire-qui-secoue-lenseigne\/"},"wordCount":607,"publisher":{"@id":"https:\/\/www.svalbard.fr\/actualites\/#organization"},"articleSection":["Tendances"],"inLanguage":"fr-FR"},{"@type":"WebPage","@id":"https:\/\/www.svalbard.fr\/actualites\/lidl-sanctionne-ce-que-vous-devez-savoir-sur-cette-affaire-qui-secoue-lenseigne\/","url":"https:\/\/www.svalbard.fr\/actualites\/lidl-sanctionne-ce-que-vous-devez-savoir-sur-cette-affaire-qui-secoue-lenseigne\/","name":"Lidl sanctionn\u00e9 : ce que vous devez savoir sur cette affaire qui secoue l\u2019enseigne","isPartOf":{"@id":"https:\/\/www.svalbard.fr\/actualites\/#website"},"datePublished":"2025-07-09T13:30:00+00:00","dateModified":"2025-07-08T06:45:10+00:00","breadcrumb":{"@id":"https:\/\/www.svalbard.fr\/actualites\/lidl-sanctionne-ce-que-vous-devez-savoir-sur-cette-affaire-qui-secoue-lenseigne\/#breadcrumb"},"inLanguage":"fr-FR","potentialAction":[{"@type":"ReadAction","target":["https:\/\/www.svalbard.fr\/actualites\/lidl-sanctionne-ce-que-vous-devez-savoir-sur-cette-affaire-qui-secoue-lenseigne\/"]}]},{"@type":"BreadcrumbList","@id":"https:\/\/www.svalbard.fr\/actualites\/lidl-sanctionne-ce-que-vous-devez-savoir-sur-cette-affaire-qui-secoue-lenseigne\/#breadcrumb","itemListElement":[{"@type":"ListItem","position":1,"name":"Accueil","item":"https:\/\/www.svalbard.fr\/actualites\/"},{"@type":"ListItem","position":2,"name":"Lidl sanctionn\u00e9 : ce que vous devez savoir sur cette affaire qui secoue l\u2019enseigne"}]},{"@type":"WebSite","@id":"https:\/\/www.svalbard.fr\/actualites\/#website","url":"https:\/\/www.svalbard.fr\/actualites\/","name":"www.Svalbard.fr","description":"","publisher":{"@id":"https:\/\/www.svalbard.fr\/actualites\/#organization"},"potentialAction":[{"@type":"SearchAction","target":{"@type":"EntryPoint","urlTemplate":"https:\/\/www.svalbard.fr\/actualites\/?s={search_term_string}"},"query-input":"required name=search_term_string"}],"inLanguage":"fr-FR"},{"@type":"Organization","@id":"https:\/\/www.svalbard.fr\/actualites\/#organization","name":"www.Svalbard.fr","url":"https:\/\/www.svalbard.fr\/actualites\/","logo":{"@type":"ImageObject","inLanguage":"fr-FR","@id":"https:\/\/www.svalbard.fr\/actualites\/#\/schema\/logo\/image\/","url":"https:\/\/www.svalbard.fr\/actualites\/wp-content\/uploads\/2023\/09\/head-nom.jpg","contentUrl":"https:\/\/www.svalbard.fr\/actualites\/wp-content\/uploads\/2023\/09\/head-nom.jpg","width":264,"height":35,"caption":"www.Svalbard.fr"},"image":{"@id":"https:\/\/www.svalbard.fr\/actualites\/#\/schema\/logo\/image\/"}},{"@type":"Person","@id":"https:\/\/www.svalbard.fr\/actualites\/#\/schema\/person\/b9d185560b94bff7322d37cb676ee545","name":"Guillaume Chen","image":{"@type":"ImageObject","inLanguage":"fr-FR","@id":"https:\/\/www.svalbard.fr\/actualites\/#\/schema\/person\/image\/","url":"https:\/\/secure.gravatar.com\/avatar\/0c3f9c94586035b795ad4049a06fb048?s=96&d=mm&r=g","contentUrl":"https:\/\/secure.gravatar.com\/avatar\/0c3f9c94586035b795ad4049a06fb048?s=96&d=mm&r=g","caption":"Guillaume Chen"},"sameAs":["https:\/\/www.svalbard.fr\/"]}]}},"_links":{"self":[{"href":"https:\/\/www.svalbard.fr\/actualites\/wp-json\/wp\/v2\/posts\/4617"}],"collection":[{"href":"https:\/\/www.svalbard.fr\/actualites\/wp-json\/wp\/v2\/posts"}],"about":[{"href":"https:\/\/www.svalbard.fr\/actualites\/wp-json\/wp\/v2\/types\/post"}],"author":[{"embeddable":true,"href":"https:\/\/www.svalbard.fr\/actualites\/wp-json\/wp\/v2\/users\/3"}],"replies":[{"embeddable":true,"href":"https:\/\/www.svalbard.fr\/actualites\/wp-json\/wp\/v2\/comments?post=4617"}],"version-history":[{"count":1,"href":"https:\/\/www.svalbard.fr\/actualites\/wp-json\/wp\/v2\/posts\/4617\/revisions"}],"predecessor-version":[{"id":4620,"href":"https:\/\/www.svalbard.fr\/actualites\/wp-json\/wp\/v2\/posts\/4617\/revisions\/4620"}],"wp:featuredmedia":[{"embeddable":true,"href":"https:\/\/www.svalbard.fr\/actualites\/wp-json\/wp\/v2\/media\/4619"}],"wp:attachment":[{"href":"https:\/\/www.svalbard.fr\/actualites\/wp-json\/wp\/v2\/media?parent=4617"}],"wp:term":[{"taxonomy":"category","embeddable":true,"href":"https:\/\/www.svalbard.fr\/actualites\/wp-json\/wp\/v2\/categories?post=4617"},{"taxonomy":"post_tag","embeddable":true,"href":"https:\/\/www.svalbard.fr\/actualites\/wp-json\/wp\/v2\/tags?post=4617"}],"curies":[{"name":"wp","href":"https:\/\/api.w.org\/{rel}","templated":true}]}}