{"id":4633,"date":"2025-07-10T06:30:00","date_gmt":"2025-07-10T04:30:00","guid":{"rendered":"https:\/\/www.svalbard.fr\/actualites\/?p=4633"},"modified":"2025-07-09T07:17:08","modified_gmt":"2025-07-09T05:17:08","slug":"travailleurs-frontaliers-les-salaires-qui-attirent-toujours-plus-de-francais","status":"publish","type":"post","link":"https:\/\/www.svalbard.fr\/actualites\/travailleurs-frontaliers-les-salaires-qui-attirent-toujours-plus-de-francais\/","title":{"rendered":"Travailleurs frontaliers : les salaires qui attirent toujours plus de Fran\u00e7ais"},"content":{"rendered":"\n<p><em><strong>Chaque matin, ils sont des milliers \u00e0 prendre la route ou le train, franchissant la fronti\u00e8re dans un sens bien pr\u00e9cis : celui d\u2019un avenir professionnel plus prometteur. Si la Suisse a longtemps incarn\u00e9 l\u2019eldorado des travailleurs frontaliers, une autre destination gagne du terrain \u00e0 grande vitesse : le Luxembourg. Avec des salaires g\u00e9n\u00e9reux, une fiscalit\u00e9 avantageuse et un accueil francophone quasi naturel, le petit pays a tout d\u2019un grand.<\/strong><\/em><\/p>\n\n\n\n<!--more-->\n\n\n\n<h2 class=\"wp-block-heading\">Un salaire qui fait r\u00eaver (et pas que dans les comptes bancaires)<\/h2>\n\n\n\n<p>Soyons honn\u00eates : qui refuserait un salaire moyen de <strong>6 020 euros mensuels<\/strong> ? C\u2019est pourtant ce que per\u00e7oivent, en moyenne, les travailleurs frontaliers qui exercent au <strong>Luxembourg<\/strong>. Un chiffre qui d\u00e9passe celui de la tr\u00e8s r\u00e9put\u00e9e Suisse, dont les r\u00e9mun\u00e9rations tournent tout de m\u00eame autour de <strong>5 500 euros par mois<\/strong>. Et si les chiffres ne font pas tout, ils donnent quand m\u00eame s\u00e9rieusement envie de regarder vers le nord-est plut\u00f4t que vers les Alpes.<\/p>\n\n\n\n<p>Mais ce n\u2019est pas tout. Le Luxembourg d\u00e9tient depuis plus de 20 ans <strong>le PIB par habitant le plus \u00e9lev\u00e9 au monde<\/strong>, d\u2019apr\u00e8s le <strong>Fonds Mon\u00e9taire International<\/strong>. Autrement dit : le pays a les moyens de ses ambitions, et cela se ressent sur les fiches de paie.<\/p>\n\n\n\n<h2 class=\"wp-block-heading\">S\u00e9curit\u00e9 sociale et retraite : des garanties \u00e0 ne pas n\u00e9gliger<\/h2>\n\n\n\n<p>Parlons protection sociale. Parce qu\u2019avoir un bon salaire, c\u2019est bien. Mais pouvoir compter sur un syst\u00e8me de sant\u00e9 et de retraite solide, c\u2019est encore mieux. Sur ce terrain, le Luxembourg marque un point d\u00e9cisif.<\/p>\n\n\n\n<p>Les travailleurs frontaliers y sont <strong>automatiquement affili\u00e9s \u00e0 la s\u00e9curit\u00e9 sociale luxembourgeoise<\/strong>, ce qui leur \u00e9vite de payer une assurance sant\u00e9 priv\u00e9e, comme c\u2019est le cas en Suisse (comptez en moyenne <strong>345 euros mensuels<\/strong> pour une couverture maladie de base). En mati\u00e8re de retraite, c\u2019est \u00e9galement plus rassurant : <strong>seulement 10 ans de cotisations<\/strong> suffisent pour b\u00e9n\u00e9ficier d\u2019un droit \u00e0 pension. \u00c0 comparer avec le syst\u00e8me suisse, plus morcel\u00e9, o\u00f9 chaque ann\u00e9e travaill\u00e9e ne fait qu\u2019ajouter une fraction \u00e0 une pension pas toujours limpide.<\/p>\n\n\n\n<h2 class=\"wp-block-heading\">Fiscalit\u00e9 et accueil : la diff\u00e9rence qui fait pencher la balance<\/h2>\n\n\n\n<p>Niveau fiscalit\u00e9, pas de recette universelle : cela d\u00e9pend de votre situation. N\u00e9anmoins, le Luxembourg propose <strong>un pr\u00e9l\u00e8vement \u00e0 la source avantageux<\/strong> pour les revenus inf\u00e9rieurs \u00e0 <strong>40 000 euros par an<\/strong>. Un vrai coup de pouce pour les jeunes actifs et les m\u00e9nages modestes.<\/p>\n\n\n\n<p>Mais l\u2019argument choc, celui qui fait souvent basculer la d\u00e9cision, c\u2019est <strong>l\u2019accueil<\/strong>. En Suisse, certains cantons ont vu na\u00eetre des mouvements politiques <strong>anti-frontaliers<\/strong>. Ambiance\u2026 \u00c0 l\u2019oppos\u00e9, le Luxembourg ne cache pas sa reconnaissance : <strong>pr\u00e8s de 45% de sa <a href=\"https:\/\/www.svalbard.fr\/actualites\/voici-les-secteurs-les-plus-touches-par-la-penurie-de-main-doeuvre-en-suisse\/\">main-d&rsquo;\u0153uvre<\/a> est compos\u00e9e de frontaliers<\/strong>, dont <strong>la moiti\u00e9 sont fran\u00e7ais<\/strong>. Et cerise sur le g\u00e2teau : <strong>98% des Luxembourgeois parlent fran\u00e7ais<\/strong>, ce qui simplifie largement l\u2019int\u00e9gration, aussi bien professionnelle que personnelle.<\/p>\n\n\n\n<h2 class=\"wp-block-heading\">Trafic et secteurs porteurs : quelques b\u00e9mols dans ce tableau idyllique<\/h2>\n\n\n\n<p>Bien s\u00fbr, tout n\u2019est pas rose. Si la Suisse vous fait craindre les cols enneig\u00e9s, le Luxembourg, lui, vous r\u00e9serve des <strong>embouteillages parfois monstrueux<\/strong>, surtout si vous y allez en voiture depuis la Lorraine. Heureusement, des alternatives existent : <strong>Paris-Luxembourg en TGV, c\u2019est 2h15<\/strong>. Autant dire qu\u2019un bon podcast et un caf\u00e9 suffisent pour d\u00e9marrer la journ\u00e9e.<\/p>\n\n\n\n<p>C\u00f4t\u00e9 emploi, les <strong>secteurs qui recrutent<\/strong> restent tr\u00e8s stables et bien d\u00e9finis : <strong>finance<\/strong>, <strong>assurances<\/strong>, <strong>logistique<\/strong> et <strong>industrie<\/strong> sont les piliers de l\u2019\u00e9conomie luxembourgeoise. Des domaines dynamiques, bien structur\u00e9s, o\u00f9 les profils qualifi\u00e9s sont accueillis \u00e0 bras ouverts.<\/p>\n\n\n\n<h2 class=\"wp-block-heading\">En conclusion : tenter l\u2019aventure ?<\/h2>\n\n\n\n<p>Si vous \u00eates <strong>jeune dipl\u00f4m\u00e9<\/strong>, en qu\u00eate de <strong>meilleures conditions de travail<\/strong> ou simplement pr\u00eat \u00e0 faire quelques kilom\u00e8tres pour gagner bien plus, le <strong>Luxembourg<\/strong> a de quoi s\u00e9duire. Certes, il faudra jongler avec les trajets, mais les <strong>perspectives salariales<\/strong>, les <strong>avantages sociaux<\/strong> et <strong>l\u2019accueil chaleureux<\/strong> font rapidement oublier les kilom\u00e8tres parcourus.<\/p>\n\n\n\n<p>Comme souvent, le vrai <a href=\"https:\/\/www.svalbard.fr\/actualites\/lidl-relance-ses-baskets-a-12-e-inspirees-des-modeles-de-luxe\/\"><strong>luxe<\/strong><\/a>, c\u2019est de pouvoir choisir. Et pour beaucoup de Fran\u00e7ais, <strong>le Grand-Duch\u00e9 s\u2019impose comme un choix de raison autant que de c\u0153ur<\/strong>.<\/p>\n","protected":false},"excerpt":{"rendered":"<p>Chaque matin, ils sont des milliers \u00e0 prendre la route ou le train, franchissant la fronti\u00e8re dans un sens bien pr\u00e9cis : celui d\u2019un avenir<\/p>\n","protected":false},"author":3,"featured_media":4634,"comment_status":"closed","ping_status":"closed","sticky":false,"template":"","format":"standard","meta":{"footnotes":""},"categories":[1725],"tags":[],"yoast_head":"<!-- This site is optimized with the Yoast SEO plugin v21.0 - https:\/\/yoast.com\/wordpress\/plugins\/seo\/ -->\n<title>Travailleurs frontaliers : les salaires qui attirent toujours plus de Fran\u00e7ais<\/title>\n<meta name=\"robots\" content=\"index, follow, max-snippet:-1, max-image-preview:large, max-video-preview:-1\" \/>\n<link rel=\"canonical\" href=\"https:\/\/www.svalbard.fr\/actualites\/travailleurs-frontaliers-les-salaires-qui-attirent-toujours-plus-de-francais\/\" \/>\n<meta property=\"og:locale\" content=\"fr_FR\" \/>\n<meta property=\"og:type\" content=\"article\" \/>\n<meta property=\"og:title\" content=\"Travailleurs frontaliers : les salaires qui attirent toujours plus de Fran\u00e7ais\" \/>\n<meta property=\"og:description\" content=\"Chaque matin, ils sont des milliers \u00e0 prendre la route ou le train, franchissant la fronti\u00e8re dans un sens bien pr\u00e9cis : celui d\u2019un avenir\" \/>\n<meta property=\"og:url\" content=\"https:\/\/www.svalbard.fr\/actualites\/travailleurs-frontaliers-les-salaires-qui-attirent-toujours-plus-de-francais\/\" \/>\n<meta property=\"og:site_name\" content=\"www.Svalbard.fr\" \/>\n<meta property=\"article:published_time\" content=\"2025-07-10T04:30:00+00:00\" \/>\n<meta property=\"article:modified_time\" content=\"2025-07-09T05:17:08+00:00\" \/>\n<meta property=\"og:image\" content=\"https:\/\/www.svalbard.fr\/actualites\/wp-content\/uploads\/2025\/07\/39520054.jpg\" \/>\n\t<meta property=\"og:image:width\" content=\"1200\" \/>\n\t<meta property=\"og:image:height\" content=\"800\" \/>\n\t<meta property=\"og:image:type\" content=\"image\/jpeg\" \/>\n<meta name=\"author\" content=\"Guillaume Chen\" \/>\n<meta name=\"twitter:card\" content=\"summary_large_image\" \/>\n<meta name=\"twitter:label1\" content=\"\u00c9crit par\" \/>\n\t<meta name=\"twitter:data1\" content=\"Guillaume Chen\" \/>\n\t<meta name=\"twitter:label2\" content=\"Dur\u00e9e de lecture estim\u00e9e\" \/>\n\t<meta name=\"twitter:data2\" content=\"4 minutes\" \/>\n<script type=\"application\/ld+json\" class=\"yoast-schema-graph\">{\"@context\":\"https:\/\/schema.org\",\"@graph\":[{\"@type\":\"Article\",\"@id\":\"https:\/\/www.svalbard.fr\/actualites\/travailleurs-frontaliers-les-salaires-qui-attirent-toujours-plus-de-francais\/#article\",\"isPartOf\":{\"@id\":\"https:\/\/www.svalbard.fr\/actualites\/travailleurs-frontaliers-les-salaires-qui-attirent-toujours-plus-de-francais\/\"},\"author\":{\"name\":\"Guillaume Chen\",\"@id\":\"https:\/\/www.svalbard.fr\/actualites\/#\/schema\/person\/b9d185560b94bff7322d37cb676ee545\"},\"headline\":\"Travailleurs frontaliers : les salaires qui attirent toujours plus de Fran\u00e7ais\",\"datePublished\":\"2025-07-10T04:30:00+00:00\",\"dateModified\":\"2025-07-09T05:17:08+00:00\",\"mainEntityOfPage\":{\"@id\":\"https:\/\/www.svalbard.fr\/actualites\/travailleurs-frontaliers-les-salaires-qui-attirent-toujours-plus-de-francais\/\"},\"wordCount\":716,\"publisher\":{\"@id\":\"https:\/\/www.svalbard.fr\/actualites\/#organization\"},\"articleSection\":[\"Tendances\"],\"inLanguage\":\"fr-FR\"},{\"@type\":\"WebPage\",\"@id\":\"https:\/\/www.svalbard.fr\/actualites\/travailleurs-frontaliers-les-salaires-qui-attirent-toujours-plus-de-francais\/\",\"url\":\"https:\/\/www.svalbard.fr\/actualites\/travailleurs-frontaliers-les-salaires-qui-attirent-toujours-plus-de-francais\/\",\"name\":\"Travailleurs frontaliers : les salaires qui attirent toujours plus de Fran\u00e7ais\",\"isPartOf\":{\"@id\":\"https:\/\/www.svalbard.fr\/actualites\/#website\"},\"datePublished\":\"2025-07-10T04:30:00+00:00\",\"dateModified\":\"2025-07-09T05:17:08+00:00\",\"breadcrumb\":{\"@id\":\"https:\/\/www.svalbard.fr\/actualites\/travailleurs-frontaliers-les-salaires-qui-attirent-toujours-plus-de-francais\/#breadcrumb\"},\"inLanguage\":\"fr-FR\",\"potentialAction\":[{\"@type\":\"ReadAction\",\"target\":[\"https:\/\/www.svalbard.fr\/actualites\/travailleurs-frontaliers-les-salaires-qui-attirent-toujours-plus-de-francais\/\"]}]},{\"@type\":\"BreadcrumbList\",\"@id\":\"https:\/\/www.svalbard.fr\/actualites\/travailleurs-frontaliers-les-salaires-qui-attirent-toujours-plus-de-francais\/#breadcrumb\",\"itemListElement\":[{\"@type\":\"ListItem\",\"position\":1,\"name\":\"Accueil\",\"item\":\"https:\/\/www.svalbard.fr\/actualites\/\"},{\"@type\":\"ListItem\",\"position\":2,\"name\":\"Travailleurs frontaliers : les salaires qui attirent toujours plus de Fran\u00e7ais\"}]},{\"@type\":\"WebSite\",\"@id\":\"https:\/\/www.svalbard.fr\/actualites\/#website\",\"url\":\"https:\/\/www.svalbard.fr\/actualites\/\",\"name\":\"www.Svalbard.fr\",\"description\":\"\",\"publisher\":{\"@id\":\"https:\/\/www.svalbard.fr\/actualites\/#organization\"},\"potentialAction\":[{\"@type\":\"SearchAction\",\"target\":{\"@type\":\"EntryPoint\",\"urlTemplate\":\"https:\/\/www.svalbard.fr\/actualites\/?s={search_term_string}\"},\"query-input\":\"required name=search_term_string\"}],\"inLanguage\":\"fr-FR\"},{\"@type\":\"Organization\",\"@id\":\"https:\/\/www.svalbard.fr\/actualites\/#organization\",\"name\":\"www.Svalbard.fr\",\"url\":\"https:\/\/www.svalbard.fr\/actualites\/\",\"logo\":{\"@type\":\"ImageObject\",\"inLanguage\":\"fr-FR\",\"@id\":\"https:\/\/www.svalbard.fr\/actualites\/#\/schema\/logo\/image\/\",\"url\":\"https:\/\/www.svalbard.fr\/actualites\/wp-content\/uploads\/2023\/09\/head-nom.jpg\",\"contentUrl\":\"https:\/\/www.svalbard.fr\/actualites\/wp-content\/uploads\/2023\/09\/head-nom.jpg\",\"width\":264,\"height\":35,\"caption\":\"www.Svalbard.fr\"},\"image\":{\"@id\":\"https:\/\/www.svalbard.fr\/actualites\/#\/schema\/logo\/image\/\"}},{\"@type\":\"Person\",\"@id\":\"https:\/\/www.svalbard.fr\/actualites\/#\/schema\/person\/b9d185560b94bff7322d37cb676ee545\",\"name\":\"Guillaume Chen\",\"image\":{\"@type\":\"ImageObject\",\"inLanguage\":\"fr-FR\",\"@id\":\"https:\/\/www.svalbard.fr\/actualites\/#\/schema\/person\/image\/\",\"url\":\"https:\/\/secure.gravatar.com\/avatar\/0c3f9c94586035b795ad4049a06fb048?s=96&d=mm&r=g\",\"contentUrl\":\"https:\/\/secure.gravatar.com\/avatar\/0c3f9c94586035b795ad4049a06fb048?s=96&d=mm&r=g\",\"caption\":\"Guillaume Chen\"},\"sameAs\":[\"https:\/\/www.svalbard.fr\/\"]}]}<\/script>\n<!-- \/ Yoast SEO plugin. -->","yoast_head_json":{"title":"Travailleurs frontaliers : les salaires qui attirent toujours plus de Fran\u00e7ais","robots":{"index":"index","follow":"follow","max-snippet":"max-snippet:-1","max-image-preview":"max-image-preview:large","max-video-preview":"max-video-preview:-1"},"canonical":"https:\/\/www.svalbard.fr\/actualites\/travailleurs-frontaliers-les-salaires-qui-attirent-toujours-plus-de-francais\/","og_locale":"fr_FR","og_type":"article","og_title":"Travailleurs frontaliers : les salaires qui attirent toujours plus de Fran\u00e7ais","og_description":"Chaque matin, ils sont des milliers \u00e0 prendre la route ou le train, franchissant la fronti\u00e8re dans un sens bien pr\u00e9cis : celui d\u2019un avenir","og_url":"https:\/\/www.svalbard.fr\/actualites\/travailleurs-frontaliers-les-salaires-qui-attirent-toujours-plus-de-francais\/","og_site_name":"www.Svalbard.fr","article_published_time":"2025-07-10T04:30:00+00:00","article_modified_time":"2025-07-09T05:17:08+00:00","og_image":[{"width":1200,"height":800,"url":"https:\/\/www.svalbard.fr\/actualites\/wp-content\/uploads\/2025\/07\/39520054.jpg","type":"image\/jpeg"}],"author":"Guillaume Chen","twitter_card":"summary_large_image","twitter_misc":{"\u00c9crit par":"Guillaume Chen","Dur\u00e9e de lecture estim\u00e9e":"4 minutes"},"schema":{"@context":"https:\/\/schema.org","@graph":[{"@type":"Article","@id":"https:\/\/www.svalbard.fr\/actualites\/travailleurs-frontaliers-les-salaires-qui-attirent-toujours-plus-de-francais\/#article","isPartOf":{"@id":"https:\/\/www.svalbard.fr\/actualites\/travailleurs-frontaliers-les-salaires-qui-attirent-toujours-plus-de-francais\/"},"author":{"name":"Guillaume Chen","@id":"https:\/\/www.svalbard.fr\/actualites\/#\/schema\/person\/b9d185560b94bff7322d37cb676ee545"},"headline":"Travailleurs frontaliers : les salaires qui attirent toujours plus de Fran\u00e7ais","datePublished":"2025-07-10T04:30:00+00:00","dateModified":"2025-07-09T05:17:08+00:00","mainEntityOfPage":{"@id":"https:\/\/www.svalbard.fr\/actualites\/travailleurs-frontaliers-les-salaires-qui-attirent-toujours-plus-de-francais\/"},"wordCount":716,"publisher":{"@id":"https:\/\/www.svalbard.fr\/actualites\/#organization"},"articleSection":["Tendances"],"inLanguage":"fr-FR"},{"@type":"WebPage","@id":"https:\/\/www.svalbard.fr\/actualites\/travailleurs-frontaliers-les-salaires-qui-attirent-toujours-plus-de-francais\/","url":"https:\/\/www.svalbard.fr\/actualites\/travailleurs-frontaliers-les-salaires-qui-attirent-toujours-plus-de-francais\/","name":"Travailleurs frontaliers : les salaires qui attirent toujours plus de Fran\u00e7ais","isPartOf":{"@id":"https:\/\/www.svalbard.fr\/actualites\/#website"},"datePublished":"2025-07-10T04:30:00+00:00","dateModified":"2025-07-09T05:17:08+00:00","breadcrumb":{"@id":"https:\/\/www.svalbard.fr\/actualites\/travailleurs-frontaliers-les-salaires-qui-attirent-toujours-plus-de-francais\/#breadcrumb"},"inLanguage":"fr-FR","potentialAction":[{"@type":"ReadAction","target":["https:\/\/www.svalbard.fr\/actualites\/travailleurs-frontaliers-les-salaires-qui-attirent-toujours-plus-de-francais\/"]}]},{"@type":"BreadcrumbList","@id":"https:\/\/www.svalbard.fr\/actualites\/travailleurs-frontaliers-les-salaires-qui-attirent-toujours-plus-de-francais\/#breadcrumb","itemListElement":[{"@type":"ListItem","position":1,"name":"Accueil","item":"https:\/\/www.svalbard.fr\/actualites\/"},{"@type":"ListItem","position":2,"name":"Travailleurs frontaliers : les salaires qui attirent toujours plus de Fran\u00e7ais"}]},{"@type":"WebSite","@id":"https:\/\/www.svalbard.fr\/actualites\/#website","url":"https:\/\/www.svalbard.fr\/actualites\/","name":"www.Svalbard.fr","description":"","publisher":{"@id":"https:\/\/www.svalbard.fr\/actualites\/#organization"},"potentialAction":[{"@type":"SearchAction","target":{"@type":"EntryPoint","urlTemplate":"https:\/\/www.svalbard.fr\/actualites\/?s={search_term_string}"},"query-input":"required name=search_term_string"}],"inLanguage":"fr-FR"},{"@type":"Organization","@id":"https:\/\/www.svalbard.fr\/actualites\/#organization","name":"www.Svalbard.fr","url":"https:\/\/www.svalbard.fr\/actualites\/","logo":{"@type":"ImageObject","inLanguage":"fr-FR","@id":"https:\/\/www.svalbard.fr\/actualites\/#\/schema\/logo\/image\/","url":"https:\/\/www.svalbard.fr\/actualites\/wp-content\/uploads\/2023\/09\/head-nom.jpg","contentUrl":"https:\/\/www.svalbard.fr\/actualites\/wp-content\/uploads\/2023\/09\/head-nom.jpg","width":264,"height":35,"caption":"www.Svalbard.fr"},"image":{"@id":"https:\/\/www.svalbard.fr\/actualites\/#\/schema\/logo\/image\/"}},{"@type":"Person","@id":"https:\/\/www.svalbard.fr\/actualites\/#\/schema\/person\/b9d185560b94bff7322d37cb676ee545","name":"Guillaume Chen","image":{"@type":"ImageObject","inLanguage":"fr-FR","@id":"https:\/\/www.svalbard.fr\/actualites\/#\/schema\/person\/image\/","url":"https:\/\/secure.gravatar.com\/avatar\/0c3f9c94586035b795ad4049a06fb048?s=96&d=mm&r=g","contentUrl":"https:\/\/secure.gravatar.com\/avatar\/0c3f9c94586035b795ad4049a06fb048?s=96&d=mm&r=g","caption":"Guillaume Chen"},"sameAs":["https:\/\/www.svalbard.fr\/"]}]}},"_links":{"self":[{"href":"https:\/\/www.svalbard.fr\/actualites\/wp-json\/wp\/v2\/posts\/4633"}],"collection":[{"href":"https:\/\/www.svalbard.fr\/actualites\/wp-json\/wp\/v2\/posts"}],"about":[{"href":"https:\/\/www.svalbard.fr\/actualites\/wp-json\/wp\/v2\/types\/post"}],"author":[{"embeddable":true,"href":"https:\/\/www.svalbard.fr\/actualites\/wp-json\/wp\/v2\/users\/3"}],"replies":[{"embeddable":true,"href":"https:\/\/www.svalbard.fr\/actualites\/wp-json\/wp\/v2\/comments?post=4633"}],"version-history":[{"count":1,"href":"https:\/\/www.svalbard.fr\/actualites\/wp-json\/wp\/v2\/posts\/4633\/revisions"}],"predecessor-version":[{"id":4635,"href":"https:\/\/www.svalbard.fr\/actualites\/wp-json\/wp\/v2\/posts\/4633\/revisions\/4635"}],"wp:featuredmedia":[{"embeddable":true,"href":"https:\/\/www.svalbard.fr\/actualites\/wp-json\/wp\/v2\/media\/4634"}],"wp:attachment":[{"href":"https:\/\/www.svalbard.fr\/actualites\/wp-json\/wp\/v2\/media?parent=4633"}],"wp:term":[{"taxonomy":"category","embeddable":true,"href":"https:\/\/www.svalbard.fr\/actualites\/wp-json\/wp\/v2\/categories?post=4633"},{"taxonomy":"post_tag","embeddable":true,"href":"https:\/\/www.svalbard.fr\/actualites\/wp-json\/wp\/v2\/tags?post=4633"}],"curies":[{"name":"wp","href":"https:\/\/api.w.org\/{rel}","templated":true}]}}