{"id":4639,"date":"2025-07-10T10:30:00","date_gmt":"2025-07-10T08:30:00","guid":{"rendered":"https:\/\/www.svalbard.fr\/actualites\/?p=4639"},"modified":"2025-07-09T07:49:38","modified_gmt":"2025-07-09T05:49:38","slug":"de-profonds-changements-pour-les-pensions-de-reversion-des-2026-ce-qui-attend-les-veufs-et-veuves","status":"publish","type":"post","link":"https:\/\/www.svalbard.fr\/actualites\/de-profonds-changements-pour-les-pensions-de-reversion-des-2026-ce-qui-attend-les-veufs-et-veuves\/","title":{"rendered":"De profonds changements pour les pensions de r\u00e9version d\u00e8s 2026 : ce qui attend les veufs et veuves"},"content":{"rendered":"\n<p><em><strong>C\u2019est un sujet souvent repouss\u00e9, parfois mal compris, et pourtant crucial pour des milliers de Fran\u00e7ais : la pension de r\u00e9version. \u00c0 partir de 2026, de profonds changements vont bouleverser les r\u00e8gles du jeu. Pour les veufs et veuves, il s\u2019agira de s\u2019adapter \u00e0 de nouvelles conditions, souvent plus strictes, parfois plus justes, selon les cas. Objectif affich\u00e9 : harmoniser, moderniser, mais sans que cela ne tourne \u00e0 la loterie sociale.<\/strong><\/em><\/p>\n\n\n\n<!--more-->\n\n\n\n<h2 class=\"wp-block-heading\">Un syst\u00e8me r\u00e9form\u00e9 en profondeur pour plus d\u2019\u00e9quit\u00e9<\/h2>\n\n\n\n<p>\u00c0 ce jour, la <strong>pension de r\u00e9version<\/strong> est un v\u00e9ritable casse-t\u00eate : taux variables, \u00e2ges d\u2019\u00e9ligibilit\u00e9 diff\u00e9rents, conditions disparates selon les r\u00e9gimes (priv\u00e9, public, compl\u00e9mentaire\u2026). Difficile de s\u2019y retrouver, surtout dans un moment de deuil o\u00f9 la clart\u00e9 serait plus que bienvenue.<\/p>\n\n\n\n<p>\u00c0 partir du <strong>1er janvier 2026<\/strong>, le gouvernement souhaite <strong>uniformiser les r\u00e8gles<\/strong> pour mettre fin aux <strong>in\u00e9galit\u00e9s flagrantes<\/strong> entre salari\u00e9s du priv\u00e9 et fonctionnaires. Aujourd\u2019hui, un conjoint du priv\u00e9 peut percevoir <strong>60 % de la retraite compl\u00e9mentaire<\/strong> de son d\u00e9funt partenaire, tandis qu\u2019un fonctionnaire n\u2019a droit qu\u2019\u00e0 <strong>50 %<\/strong>. Trois options sont donc sur la table : un <strong>taux unique<\/strong> de <strong>50 %, 55 % ou 60 %<\/strong>, selon les recommandations du <strong>Conseil d\u2019orientation des retraites (COR)<\/strong>.<\/p>\n\n\n\n<h2 class=\"wp-block-heading\">Des crit\u00e8res d\u2019acc\u00e8s revus de fond en comble<\/h2>\n\n\n\n<p>Mais la r\u00e9forme ne s\u2019arr\u00eate pas au simple pourcentage. Elle s\u2019attaque aussi aux <strong>conditions d\u2019acc\u00e8s<\/strong>. Finies, peut-\u00eatre, les r\u00e8gles rigides qui excluent certains profils. Par exemple, l\u2019<strong>\u00e2ge minimal de 55 ans<\/strong> pourrait \u00eatre revu ou supprim\u00e9, ce qui permettrait une <strong>prise en charge plus rapide<\/strong>, notamment pour les jeunes veufs. Une v\u00e9ritable bouff\u00e9e d\u2019oxyg\u00e8ne pour certains <a href=\"https:\/\/www.svalbard.fr\/actualites\/cette-immense-plateforme-flottante-alimente-1-000-foyers-en-electricite\/\"><strong>foyers<\/strong><\/a>.<\/p>\n\n\n\n<p>Autre nouveaut\u00e9 : les <strong>conjoints pacs\u00e9s ou en concubinage<\/strong> pourraient \u00eatre int\u00e9gr\u00e9s au dispositif. Un pas vers une reconnaissance de toutes les formes d\u2019union, longtemps rest\u00e9es sur le bas-c\u00f4t\u00e9. Enfin, la <strong>condition de non-remariage<\/strong> \u2013 actuellement un crit\u00e8re d\u2019exclusion \u2013 pourrait tout simplement dispara\u00eetre. Car se reconstruire apr\u00e8s un deuil ne devrait pas \u00eatre p\u00e9nalisant.<\/p>\n\n\n\n<h2 class=\"wp-block-heading\">Des m\u00e9thodes de calcul plus r\u00e9alistes<\/h2>\n\n\n\n<p>C\u2019est sans doute l\u00e0 que la r\u00e9forme va le plus bousculer les habitudes : le <strong>mode de calcul<\/strong>. Deux sc\u00e9narios sont envisag\u00e9s.<\/p>\n\n\n\n<p>Le premier part d\u2019un <strong>objectif simple : pr\u00e9server le niveau de vie<\/strong> du conjoint survivant. Comment ? En allouant <strong>deux tiers de la retraite du d\u00e9funt<\/strong> moins <strong>un tiers de la retraite du survivant<\/strong>. Cette formule, assez intuitive, permettrait d\u2019<strong>adapter la pension aux besoins r\u00e9els<\/strong>, notamment pour les foyers modestes ou les conjoints ayant peu cotis\u00e9.<\/p>\n\n\n\n<p>Le second sc\u00e9nario, plus technique, se base sur une <strong>double proratisation<\/strong> : la <strong>dur\u00e9e du mariage<\/strong> et la <strong>carri\u00e8re du d\u00e9funt<\/strong>. En clair, plus vous avez partag\u00e9 de temps de vie (et de cotisations), plus vos droits sont \u00e9lev\u00e9s. Cela permettrait de <strong>supprimer les conditions de ressources<\/strong> et d\u2019<strong>\u00e9liminer les zones grises<\/strong> li\u00e9es aux remariages ou s\u00e9parations.<\/p>\n\n\n\n<h2 class=\"wp-block-heading\">Vers la fin du flou sur les plafonds de ressources<\/h2>\n\n\n\n<p>Et si on mettait tout le monde sur un pied d\u2019\u00e9galit\u00e9 ? Actuellement, seul le r\u00e9gime g\u00e9n\u00e9ral impose un <strong>plafond de ressources<\/strong> (24 232 euros annuels en 2024), mais ce n\u2019est pas le cas dans les r\u00e9gimes compl\u00e9mentaires ni pour les fonctionnaires.<\/p>\n\n\n\n<p>R\u00e9sultat : <strong>beaucoup de <a href=\"https:\/\/www.svalbard.fr\/actualites\/docteur-norvegien-a-viole-des-dizaines-de-femmes-et-de-filles-pendant-les-examens-medicaux\/\">femmes<\/a><\/strong>, en particulier, <strong>ignorent leurs droits<\/strong>, croyant \u00e0 tort que ce plafond s\u2019applique \u00e0 toutes les pensions. L\u2019uniformisation des crit\u00e8res permettrait donc de <strong>rendre le syst\u00e8me plus lisible<\/strong>, mais surtout <strong>plus juste<\/strong>.<\/p>\n\n\n\n<p>Car au fond, c\u2019est bien de cela qu\u2019il s\u2019agit : assurer \u00e0 chacun \u2013 veuf ou veuve \u2013 un <strong>revenu digne<\/strong> sans avoir \u00e0 d\u00e9crypter un labyrinthe administratif. Pour l\u2019heure, tout reste en discussion, mais une chose est s\u00fbre : <strong>d\u00e8s 2026, il faudra \u00eatre pr\u00eat \u00e0 naviguer dans un paysage totalement r\u00e9form\u00e9<\/strong>. Mieux vaut donc s\u2019y pr\u00e9parer d\u00e8s maintenant, avec l\u2019aide de <strong>France Travail<\/strong>, de sa <strong>caisse de retraite<\/strong> ou d\u2019un <strong>conseiller social qualifi\u00e9<\/strong>.<\/p>\n","protected":false},"excerpt":{"rendered":"<p>C\u2019est un sujet souvent repouss\u00e9, parfois mal compris, et pourtant crucial pour des milliers de Fran\u00e7ais : la pension de r\u00e9version. \u00c0 partir de 2026,<\/p>\n","protected":false},"author":3,"featured_media":4640,"comment_status":"closed","ping_status":"closed","sticky":false,"template":"","format":"standard","meta":{"footnotes":""},"categories":[1725],"tags":[],"yoast_head":"<!-- This site is optimized with the Yoast SEO plugin v21.0 - https:\/\/yoast.com\/wordpress\/plugins\/seo\/ -->\n<title>De profonds changements pour les pensions de r\u00e9version d\u00e8s 2026 : ce qui attend les veufs et veuves<\/title>\n<meta name=\"robots\" content=\"index, follow, max-snippet:-1, max-image-preview:large, max-video-preview:-1\" \/>\n<link rel=\"canonical\" href=\"https:\/\/www.svalbard.fr\/actualites\/de-profonds-changements-pour-les-pensions-de-reversion-des-2026-ce-qui-attend-les-veufs-et-veuves\/\" \/>\n<meta property=\"og:locale\" content=\"fr_FR\" \/>\n<meta property=\"og:type\" content=\"article\" \/>\n<meta property=\"og:title\" content=\"De profonds changements pour les pensions de r\u00e9version d\u00e8s 2026 : ce qui attend les veufs et veuves\" \/>\n<meta property=\"og:description\" content=\"C\u2019est un sujet souvent repouss\u00e9, parfois mal compris, et pourtant crucial pour des milliers de Fran\u00e7ais : la pension de r\u00e9version. \u00c0 partir de 2026,\" \/>\n<meta property=\"og:url\" content=\"https:\/\/www.svalbard.fr\/actualites\/de-profonds-changements-pour-les-pensions-de-reversion-des-2026-ce-qui-attend-les-veufs-et-veuves\/\" \/>\n<meta property=\"og:site_name\" content=\"www.Svalbard.fr\" \/>\n<meta property=\"article:published_time\" content=\"2025-07-10T08:30:00+00:00\" \/>\n<meta property=\"article:modified_time\" content=\"2025-07-09T05:49:38+00:00\" \/>\n<meta property=\"og:image\" content=\"https:\/\/www.svalbard.fr\/actualites\/wp-content\/uploads\/2025\/07\/iStock-1323100629.jpg\" \/>\n\t<meta property=\"og:image:width\" content=\"1200\" \/>\n\t<meta property=\"og:image:height\" content=\"800\" \/>\n\t<meta property=\"og:image:type\" content=\"image\/jpeg\" \/>\n<meta name=\"author\" content=\"Guillaume Chen\" \/>\n<meta name=\"twitter:card\" content=\"summary_large_image\" \/>\n<meta name=\"twitter:label1\" content=\"\u00c9crit par\" \/>\n\t<meta name=\"twitter:data1\" content=\"Guillaume Chen\" \/>\n\t<meta name=\"twitter:label2\" content=\"Dur\u00e9e de lecture estim\u00e9e\" \/>\n\t<meta name=\"twitter:data2\" content=\"4 minutes\" \/>\n<script type=\"application\/ld+json\" class=\"yoast-schema-graph\">{\"@context\":\"https:\/\/schema.org\",\"@graph\":[{\"@type\":\"Article\",\"@id\":\"https:\/\/www.svalbard.fr\/actualites\/de-profonds-changements-pour-les-pensions-de-reversion-des-2026-ce-qui-attend-les-veufs-et-veuves\/#article\",\"isPartOf\":{\"@id\":\"https:\/\/www.svalbard.fr\/actualites\/de-profonds-changements-pour-les-pensions-de-reversion-des-2026-ce-qui-attend-les-veufs-et-veuves\/\"},\"author\":{\"name\":\"Guillaume Chen\",\"@id\":\"https:\/\/www.svalbard.fr\/actualites\/#\/schema\/person\/b9d185560b94bff7322d37cb676ee545\"},\"headline\":\"De profonds changements pour les pensions de r\u00e9version d\u00e8s 2026 : ce qui attend les veufs et veuves\",\"datePublished\":\"2025-07-10T08:30:00+00:00\",\"dateModified\":\"2025-07-09T05:49:38+00:00\",\"mainEntityOfPage\":{\"@id\":\"https:\/\/www.svalbard.fr\/actualites\/de-profonds-changements-pour-les-pensions-de-reversion-des-2026-ce-qui-attend-les-veufs-et-veuves\/\"},\"wordCount\":695,\"publisher\":{\"@id\":\"https:\/\/www.svalbard.fr\/actualites\/#organization\"},\"articleSection\":[\"Tendances\"],\"inLanguage\":\"fr-FR\"},{\"@type\":\"WebPage\",\"@id\":\"https:\/\/www.svalbard.fr\/actualites\/de-profonds-changements-pour-les-pensions-de-reversion-des-2026-ce-qui-attend-les-veufs-et-veuves\/\",\"url\":\"https:\/\/www.svalbard.fr\/actualites\/de-profonds-changements-pour-les-pensions-de-reversion-des-2026-ce-qui-attend-les-veufs-et-veuves\/\",\"name\":\"De profonds changements pour les pensions de r\u00e9version d\u00e8s 2026 : ce qui attend les veufs et veuves\",\"isPartOf\":{\"@id\":\"https:\/\/www.svalbard.fr\/actualites\/#website\"},\"datePublished\":\"2025-07-10T08:30:00+00:00\",\"dateModified\":\"2025-07-09T05:49:38+00:00\",\"breadcrumb\":{\"@id\":\"https:\/\/www.svalbard.fr\/actualites\/de-profonds-changements-pour-les-pensions-de-reversion-des-2026-ce-qui-attend-les-veufs-et-veuves\/#breadcrumb\"},\"inLanguage\":\"fr-FR\",\"potentialAction\":[{\"@type\":\"ReadAction\",\"target\":[\"https:\/\/www.svalbard.fr\/actualites\/de-profonds-changements-pour-les-pensions-de-reversion-des-2026-ce-qui-attend-les-veufs-et-veuves\/\"]}]},{\"@type\":\"BreadcrumbList\",\"@id\":\"https:\/\/www.svalbard.fr\/actualites\/de-profonds-changements-pour-les-pensions-de-reversion-des-2026-ce-qui-attend-les-veufs-et-veuves\/#breadcrumb\",\"itemListElement\":[{\"@type\":\"ListItem\",\"position\":1,\"name\":\"Accueil\",\"item\":\"https:\/\/www.svalbard.fr\/actualites\/\"},{\"@type\":\"ListItem\",\"position\":2,\"name\":\"De profonds changements pour les pensions de r\u00e9version d\u00e8s 2026 : ce qui attend les veufs et veuves\"}]},{\"@type\":\"WebSite\",\"@id\":\"https:\/\/www.svalbard.fr\/actualites\/#website\",\"url\":\"https:\/\/www.svalbard.fr\/actualites\/\",\"name\":\"www.Svalbard.fr\",\"description\":\"\",\"publisher\":{\"@id\":\"https:\/\/www.svalbard.fr\/actualites\/#organization\"},\"potentialAction\":[{\"@type\":\"SearchAction\",\"target\":{\"@type\":\"EntryPoint\",\"urlTemplate\":\"https:\/\/www.svalbard.fr\/actualites\/?s={search_term_string}\"},\"query-input\":\"required name=search_term_string\"}],\"inLanguage\":\"fr-FR\"},{\"@type\":\"Organization\",\"@id\":\"https:\/\/www.svalbard.fr\/actualites\/#organization\",\"name\":\"www.Svalbard.fr\",\"url\":\"https:\/\/www.svalbard.fr\/actualites\/\",\"logo\":{\"@type\":\"ImageObject\",\"inLanguage\":\"fr-FR\",\"@id\":\"https:\/\/www.svalbard.fr\/actualites\/#\/schema\/logo\/image\/\",\"url\":\"https:\/\/www.svalbard.fr\/actualites\/wp-content\/uploads\/2023\/09\/head-nom.jpg\",\"contentUrl\":\"https:\/\/www.svalbard.fr\/actualites\/wp-content\/uploads\/2023\/09\/head-nom.jpg\",\"width\":264,\"height\":35,\"caption\":\"www.Svalbard.fr\"},\"image\":{\"@id\":\"https:\/\/www.svalbard.fr\/actualites\/#\/schema\/logo\/image\/\"}},{\"@type\":\"Person\",\"@id\":\"https:\/\/www.svalbard.fr\/actualites\/#\/schema\/person\/b9d185560b94bff7322d37cb676ee545\",\"name\":\"Guillaume Chen\",\"image\":{\"@type\":\"ImageObject\",\"inLanguage\":\"fr-FR\",\"@id\":\"https:\/\/www.svalbard.fr\/actualites\/#\/schema\/person\/image\/\",\"url\":\"https:\/\/secure.gravatar.com\/avatar\/0c3f9c94586035b795ad4049a06fb048?s=96&d=mm&r=g\",\"contentUrl\":\"https:\/\/secure.gravatar.com\/avatar\/0c3f9c94586035b795ad4049a06fb048?s=96&d=mm&r=g\",\"caption\":\"Guillaume Chen\"},\"sameAs\":[\"https:\/\/www.svalbard.fr\/\"]}]}<\/script>\n<!-- \/ Yoast SEO plugin. -->","yoast_head_json":{"title":"De profonds changements pour les pensions de r\u00e9version d\u00e8s 2026 : ce qui attend les veufs et veuves","robots":{"index":"index","follow":"follow","max-snippet":"max-snippet:-1","max-image-preview":"max-image-preview:large","max-video-preview":"max-video-preview:-1"},"canonical":"https:\/\/www.svalbard.fr\/actualites\/de-profonds-changements-pour-les-pensions-de-reversion-des-2026-ce-qui-attend-les-veufs-et-veuves\/","og_locale":"fr_FR","og_type":"article","og_title":"De profonds changements pour les pensions de r\u00e9version d\u00e8s 2026 : ce qui attend les veufs et veuves","og_description":"C\u2019est un sujet souvent repouss\u00e9, parfois mal compris, et pourtant crucial pour des milliers de Fran\u00e7ais : la pension de r\u00e9version. \u00c0 partir de 2026,","og_url":"https:\/\/www.svalbard.fr\/actualites\/de-profonds-changements-pour-les-pensions-de-reversion-des-2026-ce-qui-attend-les-veufs-et-veuves\/","og_site_name":"www.Svalbard.fr","article_published_time":"2025-07-10T08:30:00+00:00","article_modified_time":"2025-07-09T05:49:38+00:00","og_image":[{"width":1200,"height":800,"url":"https:\/\/www.svalbard.fr\/actualites\/wp-content\/uploads\/2025\/07\/iStock-1323100629.jpg","type":"image\/jpeg"}],"author":"Guillaume Chen","twitter_card":"summary_large_image","twitter_misc":{"\u00c9crit par":"Guillaume Chen","Dur\u00e9e de lecture estim\u00e9e":"4 minutes"},"schema":{"@context":"https:\/\/schema.org","@graph":[{"@type":"Article","@id":"https:\/\/www.svalbard.fr\/actualites\/de-profonds-changements-pour-les-pensions-de-reversion-des-2026-ce-qui-attend-les-veufs-et-veuves\/#article","isPartOf":{"@id":"https:\/\/www.svalbard.fr\/actualites\/de-profonds-changements-pour-les-pensions-de-reversion-des-2026-ce-qui-attend-les-veufs-et-veuves\/"},"author":{"name":"Guillaume Chen","@id":"https:\/\/www.svalbard.fr\/actualites\/#\/schema\/person\/b9d185560b94bff7322d37cb676ee545"},"headline":"De profonds changements pour les pensions de r\u00e9version d\u00e8s 2026 : ce qui attend les veufs et veuves","datePublished":"2025-07-10T08:30:00+00:00","dateModified":"2025-07-09T05:49:38+00:00","mainEntityOfPage":{"@id":"https:\/\/www.svalbard.fr\/actualites\/de-profonds-changements-pour-les-pensions-de-reversion-des-2026-ce-qui-attend-les-veufs-et-veuves\/"},"wordCount":695,"publisher":{"@id":"https:\/\/www.svalbard.fr\/actualites\/#organization"},"articleSection":["Tendances"],"inLanguage":"fr-FR"},{"@type":"WebPage","@id":"https:\/\/www.svalbard.fr\/actualites\/de-profonds-changements-pour-les-pensions-de-reversion-des-2026-ce-qui-attend-les-veufs-et-veuves\/","url":"https:\/\/www.svalbard.fr\/actualites\/de-profonds-changements-pour-les-pensions-de-reversion-des-2026-ce-qui-attend-les-veufs-et-veuves\/","name":"De profonds changements pour les pensions de r\u00e9version d\u00e8s 2026 : ce qui attend les veufs et veuves","isPartOf":{"@id":"https:\/\/www.svalbard.fr\/actualites\/#website"},"datePublished":"2025-07-10T08:30:00+00:00","dateModified":"2025-07-09T05:49:38+00:00","breadcrumb":{"@id":"https:\/\/www.svalbard.fr\/actualites\/de-profonds-changements-pour-les-pensions-de-reversion-des-2026-ce-qui-attend-les-veufs-et-veuves\/#breadcrumb"},"inLanguage":"fr-FR","potentialAction":[{"@type":"ReadAction","target":["https:\/\/www.svalbard.fr\/actualites\/de-profonds-changements-pour-les-pensions-de-reversion-des-2026-ce-qui-attend-les-veufs-et-veuves\/"]}]},{"@type":"BreadcrumbList","@id":"https:\/\/www.svalbard.fr\/actualites\/de-profonds-changements-pour-les-pensions-de-reversion-des-2026-ce-qui-attend-les-veufs-et-veuves\/#breadcrumb","itemListElement":[{"@type":"ListItem","position":1,"name":"Accueil","item":"https:\/\/www.svalbard.fr\/actualites\/"},{"@type":"ListItem","position":2,"name":"De profonds changements pour les pensions de r\u00e9version d\u00e8s 2026 : ce qui attend les veufs et veuves"}]},{"@type":"WebSite","@id":"https:\/\/www.svalbard.fr\/actualites\/#website","url":"https:\/\/www.svalbard.fr\/actualites\/","name":"www.Svalbard.fr","description":"","publisher":{"@id":"https:\/\/www.svalbard.fr\/actualites\/#organization"},"potentialAction":[{"@type":"SearchAction","target":{"@type":"EntryPoint","urlTemplate":"https:\/\/www.svalbard.fr\/actualites\/?s={search_term_string}"},"query-input":"required name=search_term_string"}],"inLanguage":"fr-FR"},{"@type":"Organization","@id":"https:\/\/www.svalbard.fr\/actualites\/#organization","name":"www.Svalbard.fr","url":"https:\/\/www.svalbard.fr\/actualites\/","logo":{"@type":"ImageObject","inLanguage":"fr-FR","@id":"https:\/\/www.svalbard.fr\/actualites\/#\/schema\/logo\/image\/","url":"https:\/\/www.svalbard.fr\/actualites\/wp-content\/uploads\/2023\/09\/head-nom.jpg","contentUrl":"https:\/\/www.svalbard.fr\/actualites\/wp-content\/uploads\/2023\/09\/head-nom.jpg","width":264,"height":35,"caption":"www.Svalbard.fr"},"image":{"@id":"https:\/\/www.svalbard.fr\/actualites\/#\/schema\/logo\/image\/"}},{"@type":"Person","@id":"https:\/\/www.svalbard.fr\/actualites\/#\/schema\/person\/b9d185560b94bff7322d37cb676ee545","name":"Guillaume Chen","image":{"@type":"ImageObject","inLanguage":"fr-FR","@id":"https:\/\/www.svalbard.fr\/actualites\/#\/schema\/person\/image\/","url":"https:\/\/secure.gravatar.com\/avatar\/0c3f9c94586035b795ad4049a06fb048?s=96&d=mm&r=g","contentUrl":"https:\/\/secure.gravatar.com\/avatar\/0c3f9c94586035b795ad4049a06fb048?s=96&d=mm&r=g","caption":"Guillaume Chen"},"sameAs":["https:\/\/www.svalbard.fr\/"]}]}},"_links":{"self":[{"href":"https:\/\/www.svalbard.fr\/actualites\/wp-json\/wp\/v2\/posts\/4639"}],"collection":[{"href":"https:\/\/www.svalbard.fr\/actualites\/wp-json\/wp\/v2\/posts"}],"about":[{"href":"https:\/\/www.svalbard.fr\/actualites\/wp-json\/wp\/v2\/types\/post"}],"author":[{"embeddable":true,"href":"https:\/\/www.svalbard.fr\/actualites\/wp-json\/wp\/v2\/users\/3"}],"replies":[{"embeddable":true,"href":"https:\/\/www.svalbard.fr\/actualites\/wp-json\/wp\/v2\/comments?post=4639"}],"version-history":[{"count":1,"href":"https:\/\/www.svalbard.fr\/actualites\/wp-json\/wp\/v2\/posts\/4639\/revisions"}],"predecessor-version":[{"id":4641,"href":"https:\/\/www.svalbard.fr\/actualites\/wp-json\/wp\/v2\/posts\/4639\/revisions\/4641"}],"wp:featuredmedia":[{"embeddable":true,"href":"https:\/\/www.svalbard.fr\/actualites\/wp-json\/wp\/v2\/media\/4640"}],"wp:attachment":[{"href":"https:\/\/www.svalbard.fr\/actualites\/wp-json\/wp\/v2\/media?parent=4639"}],"wp:term":[{"taxonomy":"category","embeddable":true,"href":"https:\/\/www.svalbard.fr\/actualites\/wp-json\/wp\/v2\/categories?post=4639"},{"taxonomy":"post_tag","embeddable":true,"href":"https:\/\/www.svalbard.fr\/actualites\/wp-json\/wp\/v2\/tags?post=4639"}],"curies":[{"name":"wp","href":"https:\/\/api.w.org\/{rel}","templated":true}]}}