{"id":4642,"date":"2025-07-10T15:30:00","date_gmt":"2025-07-10T13:30:00","guid":{"rendered":"https:\/\/www.svalbard.fr\/actualites\/?p=4642"},"modified":"2025-07-09T07:57:33","modified_gmt":"2025-07-09T05:57:33","slug":"facture-100-000-e-apres-une-expulsion-lhistoire-hallucinante-dun-octogenaire-et-de-sa-facture-deau","status":"publish","type":"post","link":"https:\/\/www.svalbard.fr\/actualites\/facture-100-000-e-apres-une-expulsion-lhistoire-hallucinante-dun-octogenaire-et-de-sa-facture-deau\/","title":{"rendered":"Factur\u00e9 100 000 \u20ac apr\u00e8s une expulsion : l\u2019histoire hallucinante d\u2019un octog\u00e9naire et de sa facture d\u2019eau"},"content":{"rendered":"\n<p><em><strong>Imaginez rentrer chez vous apr\u00e8s des ann\u00e9es de proc\u00e9dures, pensant enfin retrouver un peu de calme&#8230; et d\u00e9couvrir \u00e0 la place une dette de 100 000 euros. Une somme faramineuse, d\u00e9clench\u00e9e non pas par une mauvaise gestion ou une erreur bancaire, mais tout simplement&#8230; par des robinets laiss\u00e9s ouverts. C\u2019est le parcours hors du commun qu\u2019a v\u00e9cu Selim, 82 ans, ancien commer\u00e7ant et propri\u00e9taire d\u2019un immeuble \u00e0 Saint-Ouen.<\/strong><\/em><\/p>\n\n\n\n<!--more-->\n\n\n\n<h2 class=\"wp-block-heading\">Un immeuble envahi, un quotidien vol\u00e9<\/h2>\n\n\n\n<p>Selim pensait couler des jours paisibles, profitant de la retraite bien m\u00e9rit\u00e9e qu\u2019il s\u2019\u00e9tait construite au fil des ann\u00e9es. Mais son immeuble, autrefois le <strong>fruit de toute une vie de travail<\/strong>, a \u00e9t\u00e9 le th\u00e9\u00e2tre d\u2019un sc\u00e9nario digne d\u2019un mauvais polar : <strong>occupation ill\u00e9gale<\/strong>, d\u00e9gradation des lieux, et surtout, <strong>impuissance juridique<\/strong> face \u00e0 la lenteur des proc\u00e9dures.<\/p>\n\n\n\n<p>Dans son quartier, les langues se d\u00e9lient. Certains riverains \u00e9voquent d\u2019autres cas similaires, avec des <strong>propri\u00e9t\u00e9s squatt\u00e9es<\/strong>, des plaintes d\u00e9pos\u00e9es mais rarement suivies d\u2019effet imm\u00e9diat. Pour Selim, le constat \u00e9tait gla\u00e7ant : matelas jonchant le sol, murs ab\u00eem\u00e9s, ordures accumul\u00e9es&#8230; L\u2019atmosph\u00e8re \u00e9voquait plus un terrain vague qu\u2019un lieu de vie.<\/p>\n\n\n<div class=\"wp-block-image\">\n<figure class=\"aligncenter size-large\"><img decoding=\"async\" loading=\"lazy\" width=\"1024\" height=\"577\" src=\"https:\/\/www.svalbard.fr\/actualites\/wp-content\/uploads\/2025\/07\/Des-squatteurs-investissent-limmeuble-dun-homme-age-1024x577-1-1024x577.jpg\" alt=\"immeuble\" class=\"wp-image-4644\" srcset=\"https:\/\/www.svalbard.fr\/actualites\/wp-content\/uploads\/2025\/07\/Des-squatteurs-investissent-limmeuble-dun-homme-age-1024x577-1-1024x577.jpg 1024w, https:\/\/www.svalbard.fr\/actualites\/wp-content\/uploads\/2025\/07\/Des-squatteurs-investissent-limmeuble-dun-homme-age-1024x577-1-300x169.jpg 300w, https:\/\/www.svalbard.fr\/actualites\/wp-content\/uploads\/2025\/07\/Des-squatteurs-investissent-limmeuble-dun-homme-age-1024x577-1-768x433.jpg 768w, https:\/\/www.svalbard.fr\/actualites\/wp-content\/uploads\/2025\/07\/Des-squatteurs-investissent-limmeuble-dun-homme-age-1024x577-1.jpg 1200w\" sizes=\"(max-width: 1024px) 100vw, 1024px\" \/><\/figure><\/div>\n\n\n<h2 class=\"wp-block-heading\">Une consommation d\u2019eau surr\u00e9aliste<\/h2>\n\n\n\n<p>Mais ce n\u2019\u00e9tait l\u00e0 que <strong>la surface du probl\u00e8me<\/strong>. Car les squatteurs ne se sont pas content\u00e9s de s\u2019installer : ils ont laiss\u00e9 <strong>les robinets ouverts jour et nuit<\/strong>, pendant des mois. R\u00e9sultat ? Un immeuble litt\u00e9ralement <strong>transform\u00e9 en piscine<\/strong>. Le technicien de Veolia, venu sur place, a m\u00eame refus\u00e9 d\u2019entrer, \u00e9voquant un sol <strong>imbib\u00e9 d\u2019eau<\/strong> et la pr\u00e9sence massive de <strong>nuisibles<\/strong>.<\/p>\n\n\n\n<p>C\u2019est une situation extr\u00eame, mais pas isol\u00e9e. Les professionnels de l\u2019immobilier alertent r\u00e9guli\u00e8rement sur <strong>les cons\u00e9quences dramatiques d\u2019une occupation ill\u00e9gale mal g\u00e9r\u00e9e<\/strong>. Selon la F\u00e9d\u00e9ration Nationale de l\u2019Immobilier (FNAIM), des d\u00e9g\u00e2ts li\u00e9s \u00e0 l\u2019eau peuvent entra\u00eener non seulement des r\u00e9parations co\u00fbteuses, mais aussi <strong>des frais annexes rarement couverts par les assurances<\/strong>.<\/p>\n\n\n\n<h2 class=\"wp-block-heading\">Une addition sal\u00e9e et peu d\u2019espoir de recours<\/h2>\n\n\n\n<p>Une fois les squatteurs expuls\u00e9s \u2013 une proc\u00e9dure longue et \u00e9prouvante \u2013, Selim d\u00e9couvre la <strong><a href=\"https:\/\/www.svalbard.fr\/actualites\/astuce-simple-pour-reduire-votre-facture-delectricite-la-technique-de-la-tasse-dans-le-lave-vaisselle\/\">facture<\/a> <\/strong>: <strong>pr\u00e8s de 100 000 euros<\/strong> \u00e0 r\u00e9gler pour une eau qu\u2019il n\u2019a jamais utilis\u00e9e. Et l\u00e0, pas de miracle : <strong>ni l\u2019assurance<\/strong>, ni les institutions classiques ne prennent en charge ce genre de sinistre.<\/p>\n\n\n\n<p>Les assurances comme <strong>Axa<\/strong>, par exemple, excluent g\u00e9n\u00e9ralement les d\u00e9g\u00e2ts li\u00e9s \u00e0 une <strong>occupation ill\u00e9gale prolong\u00e9e<\/strong>, consid\u00e9rant cela comme un cas non fortuit. Pour Selim, c\u2019est <strong>une double peine<\/strong> : non seulement il a perdu l\u2019usage de son bien pendant des ann\u00e9es, mais il se retrouve d\u00e9sormais <strong>cribl\u00e9 de dettes<\/strong>.<\/p>\n\n\n\n<blockquote class=\"tiktok-embed\" cite=\"https:\/\/www.tiktok.com\/@w9lachaine\/video\/7299492110678412577\" data-video-id=\"7299492110678412577\" style=\"max-width: 605px;min-width: 325px;\" > <section> <a target=\"_blank\" title=\"@w9lachaine\" href=\"https:\/\/www.tiktok.com\/@w9lachaine?refer=embed\" rel=\"noopener\">@w9lachaine<\/a> &#34;Dans mon propre pays, je suis une SDF&#34; \ud83d\ude16  Alfredo, d\u00e9logeur de squatteurs, cherche la solution pour faire partir cette jeune femme qui occupe depuis 28 ans la maison de son oncle ! \ud83c\udfe1    \ud83d\udcfa <a title=\"squatsetconflits\" target=\"_blank\" href=\"https:\/\/www.tiktok.com\/tag\/squatsetconflits?refer=embed\" rel=\"noopener\">#SquatsEtConflits<\/a> <a target=\"_blank\" title=\"\u266c son original - w9officiel\" href=\"https:\/\/www.tiktok.com\/music\/son-original-7299492133953358624?refer=embed\" rel=\"noopener\">\u266c son original &#8211; w9officiel<\/a> <\/section> <\/blockquote> <script async src=\"https:\/\/www.tiktok.com\/embed.js\"><\/script>\n\n\n\n<h2 class=\"wp-block-heading\">Un cas d\u2019\u00e9cole pour les propri\u00e9taires<\/h2>\n\n\n\n<p>Cette affaire met en lumi\u00e8re un <strong>probl\u00e8me structurel<\/strong> : le manque de moyens pour prot\u00e9ger efficacement les <strong><a href=\"https:\/\/www.svalbard.fr\/actualites\/ce-que-deconseille-un-veterinaire-aux-proprietaires-de-chiens\/\">propri\u00e9taires<\/a> <\/strong>face \u00e0 ce type de situation. Pourtant, des outils existent. Des <strong>syst\u00e8mes de surveillance connect\u00e9e<\/strong>, des <strong>contrats juridiques bien ficel\u00e9s<\/strong>, voire des <strong>alertes automatiques en cas de consommation anormale d\u2019eau<\/strong> peuvent faire toute la diff\u00e9rence.<\/p>\n\n\n\n<p>De nombreuses voix, comme celle de l\u2019<strong>Association des Propri\u00e9taires de France<\/strong>, appellent \u00e0 une meilleure <strong>l\u00e9gislation protectrice<\/strong>, mais aussi \u00e0 une <strong>prise de conscience collective<\/strong>. Car aujourd\u2019hui, une m\u00e9saventure comme celle de Selim peut, en r\u00e9alit\u00e9, <strong>arriver \u00e0 n\u2019importe qui<\/strong>.<\/p>\n\n\n\n<p>Ce triste \u00e9pisode nous rappelle que prot\u00e9ger son logement, ce n\u2019est pas seulement installer une serrure solide ou souscrire une assurance. C\u2019est aussi <strong>rester vigilant<\/strong>, se tenir inform\u00e9, et parfois, <strong>se battre longtemps<\/strong> pour r\u00e9cup\u00e9rer ce qui nous appartient.<\/p>\n","protected":false},"excerpt":{"rendered":"<p>Imaginez rentrer chez vous apr\u00e8s des ann\u00e9es de proc\u00e9dures, pensant enfin retrouver un peu de calme&#8230; et d\u00e9couvrir \u00e0 la place une dette de 100<\/p>\n","protected":false},"author":3,"featured_media":4643,"comment_status":"closed","ping_status":"closed","sticky":false,"template":"","format":"standard","meta":{"footnotes":""},"categories":[1725],"tags":[],"yoast_head":"<!-- This site is optimized with the Yoast SEO plugin v21.0 - https:\/\/yoast.com\/wordpress\/plugins\/seo\/ -->\n<title>Factur\u00e9 100 000 \u20ac apr\u00e8s une expulsion : l\u2019histoire hallucinante d\u2019un octog\u00e9naire et de sa facture d\u2019eau<\/title>\n<meta name=\"robots\" content=\"index, follow, max-snippet:-1, max-image-preview:large, max-video-preview:-1\" \/>\n<link rel=\"canonical\" href=\"https:\/\/www.svalbard.fr\/actualites\/facture-100-000-e-apres-une-expulsion-lhistoire-hallucinante-dun-octogenaire-et-de-sa-facture-deau\/\" \/>\n<meta property=\"og:locale\" content=\"fr_FR\" \/>\n<meta property=\"og:type\" content=\"article\" \/>\n<meta property=\"og:title\" content=\"Factur\u00e9 100 000 \u20ac apr\u00e8s une expulsion : l\u2019histoire hallucinante d\u2019un octog\u00e9naire et de sa facture d\u2019eau\" \/>\n<meta property=\"og:description\" content=\"Imaginez rentrer chez vous apr\u00e8s des ann\u00e9es de proc\u00e9dures, pensant enfin retrouver un peu de calme&#8230; et d\u00e9couvrir \u00e0 la place une dette de 100\" \/>\n<meta property=\"og:url\" content=\"https:\/\/www.svalbard.fr\/actualites\/facture-100-000-e-apres-une-expulsion-lhistoire-hallucinante-dun-octogenaire-et-de-sa-facture-deau\/\" \/>\n<meta property=\"og:site_name\" content=\"www.Svalbard.fr\" \/>\n<meta property=\"article:published_time\" content=\"2025-07-10T13:30:00+00:00\" \/>\n<meta property=\"article:modified_time\" content=\"2025-07-09T05:57:33+00:00\" \/>\n<meta property=\"og:image\" content=\"https:\/\/www.svalbard.fr\/actualites\/wp-content\/uploads\/2025\/07\/100-000-euros-de-consommation-deau.jpg\" \/>\n\t<meta property=\"og:image:width\" content=\"1200\" \/>\n\t<meta property=\"og:image:height\" content=\"675\" \/>\n\t<meta property=\"og:image:type\" content=\"image\/jpeg\" \/>\n<meta name=\"author\" content=\"Guillaume Chen\" \/>\n<meta name=\"twitter:card\" content=\"summary_large_image\" \/>\n<meta name=\"twitter:label1\" content=\"\u00c9crit par\" \/>\n\t<meta name=\"twitter:data1\" content=\"Guillaume Chen\" \/>\n\t<meta name=\"twitter:label2\" content=\"Dur\u00e9e de lecture estim\u00e9e\" \/>\n\t<meta name=\"twitter:data2\" content=\"3 minutes\" \/>\n<script type=\"application\/ld+json\" class=\"yoast-schema-graph\">{\"@context\":\"https:\/\/schema.org\",\"@graph\":[{\"@type\":\"Article\",\"@id\":\"https:\/\/www.svalbard.fr\/actualites\/facture-100-000-e-apres-une-expulsion-lhistoire-hallucinante-dun-octogenaire-et-de-sa-facture-deau\/#article\",\"isPartOf\":{\"@id\":\"https:\/\/www.svalbard.fr\/actualites\/facture-100-000-e-apres-une-expulsion-lhistoire-hallucinante-dun-octogenaire-et-de-sa-facture-deau\/\"},\"author\":{\"name\":\"Guillaume Chen\",\"@id\":\"https:\/\/www.svalbard.fr\/actualites\/#\/schema\/person\/b9d185560b94bff7322d37cb676ee545\"},\"headline\":\"Factur\u00e9 100 000 \u20ac apr\u00e8s une expulsion : l\u2019histoire hallucinante d\u2019un octog\u00e9naire et de sa facture d\u2019eau\",\"datePublished\":\"2025-07-10T13:30:00+00:00\",\"dateModified\":\"2025-07-09T05:57:33+00:00\",\"mainEntityOfPage\":{\"@id\":\"https:\/\/www.svalbard.fr\/actualites\/facture-100-000-e-apres-une-expulsion-lhistoire-hallucinante-dun-octogenaire-et-de-sa-facture-deau\/\"},\"wordCount\":697,\"publisher\":{\"@id\":\"https:\/\/www.svalbard.fr\/actualites\/#organization\"},\"articleSection\":[\"Tendances\"],\"inLanguage\":\"fr-FR\"},{\"@type\":\"WebPage\",\"@id\":\"https:\/\/www.svalbard.fr\/actualites\/facture-100-000-e-apres-une-expulsion-lhistoire-hallucinante-dun-octogenaire-et-de-sa-facture-deau\/\",\"url\":\"https:\/\/www.svalbard.fr\/actualites\/facture-100-000-e-apres-une-expulsion-lhistoire-hallucinante-dun-octogenaire-et-de-sa-facture-deau\/\",\"name\":\"Factur\u00e9 100 000 \u20ac apr\u00e8s une expulsion : l\u2019histoire hallucinante d\u2019un octog\u00e9naire et de sa facture d\u2019eau\",\"isPartOf\":{\"@id\":\"https:\/\/www.svalbard.fr\/actualites\/#website\"},\"datePublished\":\"2025-07-10T13:30:00+00:00\",\"dateModified\":\"2025-07-09T05:57:33+00:00\",\"breadcrumb\":{\"@id\":\"https:\/\/www.svalbard.fr\/actualites\/facture-100-000-e-apres-une-expulsion-lhistoire-hallucinante-dun-octogenaire-et-de-sa-facture-deau\/#breadcrumb\"},\"inLanguage\":\"fr-FR\",\"potentialAction\":[{\"@type\":\"ReadAction\",\"target\":[\"https:\/\/www.svalbard.fr\/actualites\/facture-100-000-e-apres-une-expulsion-lhistoire-hallucinante-dun-octogenaire-et-de-sa-facture-deau\/\"]}]},{\"@type\":\"BreadcrumbList\",\"@id\":\"https:\/\/www.svalbard.fr\/actualites\/facture-100-000-e-apres-une-expulsion-lhistoire-hallucinante-dun-octogenaire-et-de-sa-facture-deau\/#breadcrumb\",\"itemListElement\":[{\"@type\":\"ListItem\",\"position\":1,\"name\":\"Accueil\",\"item\":\"https:\/\/www.svalbard.fr\/actualites\/\"},{\"@type\":\"ListItem\",\"position\":2,\"name\":\"Factur\u00e9 100 000 \u20ac apr\u00e8s une expulsion : l\u2019histoire hallucinante d\u2019un octog\u00e9naire et de sa facture d\u2019eau\"}]},{\"@type\":\"WebSite\",\"@id\":\"https:\/\/www.svalbard.fr\/actualites\/#website\",\"url\":\"https:\/\/www.svalbard.fr\/actualites\/\",\"name\":\"www.Svalbard.fr\",\"description\":\"\",\"publisher\":{\"@id\":\"https:\/\/www.svalbard.fr\/actualites\/#organization\"},\"potentialAction\":[{\"@type\":\"SearchAction\",\"target\":{\"@type\":\"EntryPoint\",\"urlTemplate\":\"https:\/\/www.svalbard.fr\/actualites\/?s={search_term_string}\"},\"query-input\":\"required name=search_term_string\"}],\"inLanguage\":\"fr-FR\"},{\"@type\":\"Organization\",\"@id\":\"https:\/\/www.svalbard.fr\/actualites\/#organization\",\"name\":\"www.Svalbard.fr\",\"url\":\"https:\/\/www.svalbard.fr\/actualites\/\",\"logo\":{\"@type\":\"ImageObject\",\"inLanguage\":\"fr-FR\",\"@id\":\"https:\/\/www.svalbard.fr\/actualites\/#\/schema\/logo\/image\/\",\"url\":\"https:\/\/www.svalbard.fr\/actualites\/wp-content\/uploads\/2023\/09\/head-nom.jpg\",\"contentUrl\":\"https:\/\/www.svalbard.fr\/actualites\/wp-content\/uploads\/2023\/09\/head-nom.jpg\",\"width\":264,\"height\":35,\"caption\":\"www.Svalbard.fr\"},\"image\":{\"@id\":\"https:\/\/www.svalbard.fr\/actualites\/#\/schema\/logo\/image\/\"}},{\"@type\":\"Person\",\"@id\":\"https:\/\/www.svalbard.fr\/actualites\/#\/schema\/person\/b9d185560b94bff7322d37cb676ee545\",\"name\":\"Guillaume Chen\",\"image\":{\"@type\":\"ImageObject\",\"inLanguage\":\"fr-FR\",\"@id\":\"https:\/\/www.svalbard.fr\/actualites\/#\/schema\/person\/image\/\",\"url\":\"https:\/\/secure.gravatar.com\/avatar\/0c3f9c94586035b795ad4049a06fb048?s=96&d=mm&r=g\",\"contentUrl\":\"https:\/\/secure.gravatar.com\/avatar\/0c3f9c94586035b795ad4049a06fb048?s=96&d=mm&r=g\",\"caption\":\"Guillaume Chen\"},\"sameAs\":[\"https:\/\/www.svalbard.fr\/\"]}]}<\/script>\n<!-- \/ Yoast SEO plugin. -->","yoast_head_json":{"title":"Factur\u00e9 100 000 \u20ac apr\u00e8s une expulsion : l\u2019histoire hallucinante d\u2019un octog\u00e9naire et de sa facture d\u2019eau","robots":{"index":"index","follow":"follow","max-snippet":"max-snippet:-1","max-image-preview":"max-image-preview:large","max-video-preview":"max-video-preview:-1"},"canonical":"https:\/\/www.svalbard.fr\/actualites\/facture-100-000-e-apres-une-expulsion-lhistoire-hallucinante-dun-octogenaire-et-de-sa-facture-deau\/","og_locale":"fr_FR","og_type":"article","og_title":"Factur\u00e9 100 000 \u20ac apr\u00e8s une expulsion : l\u2019histoire hallucinante d\u2019un octog\u00e9naire et de sa facture d\u2019eau","og_description":"Imaginez rentrer chez vous apr\u00e8s des ann\u00e9es de proc\u00e9dures, pensant enfin retrouver un peu de calme&#8230; et d\u00e9couvrir \u00e0 la place une dette de 100","og_url":"https:\/\/www.svalbard.fr\/actualites\/facture-100-000-e-apres-une-expulsion-lhistoire-hallucinante-dun-octogenaire-et-de-sa-facture-deau\/","og_site_name":"www.Svalbard.fr","article_published_time":"2025-07-10T13:30:00+00:00","article_modified_time":"2025-07-09T05:57:33+00:00","og_image":[{"width":1200,"height":675,"url":"https:\/\/www.svalbard.fr\/actualites\/wp-content\/uploads\/2025\/07\/100-000-euros-de-consommation-deau.jpg","type":"image\/jpeg"}],"author":"Guillaume Chen","twitter_card":"summary_large_image","twitter_misc":{"\u00c9crit par":"Guillaume Chen","Dur\u00e9e de lecture estim\u00e9e":"3 minutes"},"schema":{"@context":"https:\/\/schema.org","@graph":[{"@type":"Article","@id":"https:\/\/www.svalbard.fr\/actualites\/facture-100-000-e-apres-une-expulsion-lhistoire-hallucinante-dun-octogenaire-et-de-sa-facture-deau\/#article","isPartOf":{"@id":"https:\/\/www.svalbard.fr\/actualites\/facture-100-000-e-apres-une-expulsion-lhistoire-hallucinante-dun-octogenaire-et-de-sa-facture-deau\/"},"author":{"name":"Guillaume Chen","@id":"https:\/\/www.svalbard.fr\/actualites\/#\/schema\/person\/b9d185560b94bff7322d37cb676ee545"},"headline":"Factur\u00e9 100 000 \u20ac apr\u00e8s une expulsion : l\u2019histoire hallucinante d\u2019un octog\u00e9naire et de sa facture d\u2019eau","datePublished":"2025-07-10T13:30:00+00:00","dateModified":"2025-07-09T05:57:33+00:00","mainEntityOfPage":{"@id":"https:\/\/www.svalbard.fr\/actualites\/facture-100-000-e-apres-une-expulsion-lhistoire-hallucinante-dun-octogenaire-et-de-sa-facture-deau\/"},"wordCount":697,"publisher":{"@id":"https:\/\/www.svalbard.fr\/actualites\/#organization"},"articleSection":["Tendances"],"inLanguage":"fr-FR"},{"@type":"WebPage","@id":"https:\/\/www.svalbard.fr\/actualites\/facture-100-000-e-apres-une-expulsion-lhistoire-hallucinante-dun-octogenaire-et-de-sa-facture-deau\/","url":"https:\/\/www.svalbard.fr\/actualites\/facture-100-000-e-apres-une-expulsion-lhistoire-hallucinante-dun-octogenaire-et-de-sa-facture-deau\/","name":"Factur\u00e9 100 000 \u20ac apr\u00e8s une expulsion : l\u2019histoire hallucinante d\u2019un octog\u00e9naire et de sa facture d\u2019eau","isPartOf":{"@id":"https:\/\/www.svalbard.fr\/actualites\/#website"},"datePublished":"2025-07-10T13:30:00+00:00","dateModified":"2025-07-09T05:57:33+00:00","breadcrumb":{"@id":"https:\/\/www.svalbard.fr\/actualites\/facture-100-000-e-apres-une-expulsion-lhistoire-hallucinante-dun-octogenaire-et-de-sa-facture-deau\/#breadcrumb"},"inLanguage":"fr-FR","potentialAction":[{"@type":"ReadAction","target":["https:\/\/www.svalbard.fr\/actualites\/facture-100-000-e-apres-une-expulsion-lhistoire-hallucinante-dun-octogenaire-et-de-sa-facture-deau\/"]}]},{"@type":"BreadcrumbList","@id":"https:\/\/www.svalbard.fr\/actualites\/facture-100-000-e-apres-une-expulsion-lhistoire-hallucinante-dun-octogenaire-et-de-sa-facture-deau\/#breadcrumb","itemListElement":[{"@type":"ListItem","position":1,"name":"Accueil","item":"https:\/\/www.svalbard.fr\/actualites\/"},{"@type":"ListItem","position":2,"name":"Factur\u00e9 100 000 \u20ac apr\u00e8s une expulsion : l\u2019histoire hallucinante d\u2019un octog\u00e9naire et de sa facture d\u2019eau"}]},{"@type":"WebSite","@id":"https:\/\/www.svalbard.fr\/actualites\/#website","url":"https:\/\/www.svalbard.fr\/actualites\/","name":"www.Svalbard.fr","description":"","publisher":{"@id":"https:\/\/www.svalbard.fr\/actualites\/#organization"},"potentialAction":[{"@type":"SearchAction","target":{"@type":"EntryPoint","urlTemplate":"https:\/\/www.svalbard.fr\/actualites\/?s={search_term_string}"},"query-input":"required name=search_term_string"}],"inLanguage":"fr-FR"},{"@type":"Organization","@id":"https:\/\/www.svalbard.fr\/actualites\/#organization","name":"www.Svalbard.fr","url":"https:\/\/www.svalbard.fr\/actualites\/","logo":{"@type":"ImageObject","inLanguage":"fr-FR","@id":"https:\/\/www.svalbard.fr\/actualites\/#\/schema\/logo\/image\/","url":"https:\/\/www.svalbard.fr\/actualites\/wp-content\/uploads\/2023\/09\/head-nom.jpg","contentUrl":"https:\/\/www.svalbard.fr\/actualites\/wp-content\/uploads\/2023\/09\/head-nom.jpg","width":264,"height":35,"caption":"www.Svalbard.fr"},"image":{"@id":"https:\/\/www.svalbard.fr\/actualites\/#\/schema\/logo\/image\/"}},{"@type":"Person","@id":"https:\/\/www.svalbard.fr\/actualites\/#\/schema\/person\/b9d185560b94bff7322d37cb676ee545","name":"Guillaume Chen","image":{"@type":"ImageObject","inLanguage":"fr-FR","@id":"https:\/\/www.svalbard.fr\/actualites\/#\/schema\/person\/image\/","url":"https:\/\/secure.gravatar.com\/avatar\/0c3f9c94586035b795ad4049a06fb048?s=96&d=mm&r=g","contentUrl":"https:\/\/secure.gravatar.com\/avatar\/0c3f9c94586035b795ad4049a06fb048?s=96&d=mm&r=g","caption":"Guillaume Chen"},"sameAs":["https:\/\/www.svalbard.fr\/"]}]}},"_links":{"self":[{"href":"https:\/\/www.svalbard.fr\/actualites\/wp-json\/wp\/v2\/posts\/4642"}],"collection":[{"href":"https:\/\/www.svalbard.fr\/actualites\/wp-json\/wp\/v2\/posts"}],"about":[{"href":"https:\/\/www.svalbard.fr\/actualites\/wp-json\/wp\/v2\/types\/post"}],"author":[{"embeddable":true,"href":"https:\/\/www.svalbard.fr\/actualites\/wp-json\/wp\/v2\/users\/3"}],"replies":[{"embeddable":true,"href":"https:\/\/www.svalbard.fr\/actualites\/wp-json\/wp\/v2\/comments?post=4642"}],"version-history":[{"count":1,"href":"https:\/\/www.svalbard.fr\/actualites\/wp-json\/wp\/v2\/posts\/4642\/revisions"}],"predecessor-version":[{"id":4645,"href":"https:\/\/www.svalbard.fr\/actualites\/wp-json\/wp\/v2\/posts\/4642\/revisions\/4645"}],"wp:featuredmedia":[{"embeddable":true,"href":"https:\/\/www.svalbard.fr\/actualites\/wp-json\/wp\/v2\/media\/4643"}],"wp:attachment":[{"href":"https:\/\/www.svalbard.fr\/actualites\/wp-json\/wp\/v2\/media?parent=4642"}],"wp:term":[{"taxonomy":"category","embeddable":true,"href":"https:\/\/www.svalbard.fr\/actualites\/wp-json\/wp\/v2\/categories?post=4642"},{"taxonomy":"post_tag","embeddable":true,"href":"https:\/\/www.svalbard.fr\/actualites\/wp-json\/wp\/v2\/tags?post=4642"}],"curies":[{"name":"wp","href":"https:\/\/api.w.org\/{rel}","templated":true}]}}