{"id":4646,"date":"2025-07-11T06:30:00","date_gmt":"2025-07-11T04:30:00","guid":{"rendered":"https:\/\/www.svalbard.fr\/actualites\/?p=4646"},"modified":"2025-07-09T08:11:29","modified_gmt":"2025-07-09T06:11:29","slug":"cest-officiel-voici-la-date-et-montant-exact-de-lallocation-de-rentree-scolaire-en-2025","status":"publish","type":"post","link":"https:\/\/www.svalbard.fr\/actualites\/cest-officiel-voici-la-date-et-montant-exact-de-lallocation-de-rentree-scolaire-en-2025\/","title":{"rendered":"C&rsquo;est officiel, voici la date et montant exact de l&rsquo;Allocation de rentr\u00e9e scolaire en 2025"},"content":{"rendered":"\n<p><em><strong>Chaque \u00e9t\u00e9, elle revient comme une bouff\u00e9e d\u2019air frais pour des milliers de familles : l\u2019allocation de rentr\u00e9e scolaire (ARS), cette aide bien connue destin\u00e9e \u00e0 soulager les budgets mis \u00e0 rude \u00e9preuve par les fournitures, les v\u00eatements et les inscriptions en cascade. En 2025, comme chaque ann\u00e9e, le versement se fait selon un calendrier pr\u00e9cis et en fonction de l\u2019\u00e2ge des enfants. Montants, d\u00e9marches, pi\u00e8ges \u00e0 \u00e9viter : on vous dit tout.<\/strong><\/em><\/p>\n\n\n\n<!--more-->\n\n\n\n<h2 class=\"wp-block-heading\">Une date \u00e0 noter pour ne pas se retrouver \u00e0 d\u00e9couvert<\/h2>\n\n\n\n<p>Si vous \u00eates habitu\u00e9 \u00e0 recevoir cette aide, vous pouvez d\u00e9j\u00e0 <strong>cocher la mi-ao\u00fbt<\/strong> dans votre calendrier. En m\u00e9tropole, <strong>le versement de l\u2019ARS 2025<\/strong> devrait, sauf surprise, intervenir autour du <strong>20 ao\u00fbt<\/strong>. Rien d\u2019\u00e9tonnant : c\u2019est \u00e0 cette p\u00e9riode que les grandes surfaces se remplissent d\u2019enfants en qu\u00eate de cahiers \u00e0 spirales et de stylos quatre couleurs.<\/p>\n\n\n\n<p>Dans <strong>les d\u00e9partements d\u2019outre-mer<\/strong>, notamment <strong>Mayotte<\/strong> et <strong>La R\u00e9union<\/strong>, la rentr\u00e9e arrivant plus t\u00f4t, le <strong>versement anticip\u00e9 est aussi pr\u00e9vu d\u00e9but ao\u00fbt<\/strong>, probablement autour du <strong>1er ao\u00fbt<\/strong> comme les ann\u00e9es pr\u00e9c\u00e9dentes. Si vous vivez dans l\u2019un de ces territoires, mieux vaut donc garder un <strong><a href=\"https:\/\/www.svalbard.fr\/actualites\/lastuce-meconnue-de-la-tasse-dans-le-lave-vaisselle-votre-facture-delectricite-reduite-en-un-clin-doeil\/\">\u0153il<\/a> <\/strong>sur vos relev\u00e9s d\u00e8s le d\u00e9but du mois.<\/p>\n\n\n\n<h2 class=\"wp-block-heading\">Quel montant allez-vous toucher selon l\u2019\u00e2ge de vos enfants ?<\/h2>\n\n\n\n<p>L\u2019ARS est vers\u00e9e <strong>par enfant scolaris\u00e9<\/strong>, et son montant d\u00e9pend de son <strong>\u00e2ge au 31 d\u00e9cembre 2025<\/strong>. Voici les bar\u00e8mes applicables cette ann\u00e9e, apr\u00e8s une <strong>revalorisation de 1,7 %<\/strong> pour tenir compte de l\u2019inflation :<\/p>\n\n\n\n<ul>\n<li><strong>423,48 \u20ac<\/strong> pour un enfant de <strong>6 \u00e0 10 ans<\/strong><\/li>\n\n\n\n<li><strong>446,85 \u20ac<\/strong> pour un enfant de <strong>11 \u00e0 14 ans<\/strong><\/li>\n\n\n\n<li><strong>462,32 \u20ac<\/strong> pour un enfant de <strong>15 \u00e0 18 ans<\/strong><\/li>\n<\/ul>\n\n\n\n<p>Une famille avec trois enfants dans ces tranches d\u2019\u00e2ge peut ainsi percevoir <strong>plus de 1 300 euros<\/strong>, un coup de pouce significatif au moment d\u2019acheter chaussures neuves, cartables et manuels scolaires.<\/p>\n\n\n\n<h2 class=\"wp-block-heading\">Quelles d\u00e9marches devez-vous effectuer (ou pas) ?<\/h2>\n\n\n\n<p>L\u00e0 encore, tout d\u00e9pend de l\u2019\u00e2ge de vos enfants.<\/p>\n\n\n\n<ul>\n<li><strong>De 6 \u00e0 15 ans<\/strong> : <strong>rien \u00e0 faire<\/strong>. Si vous \u00eates d\u00e9j\u00e0 allocataire de la <strong>CAF<\/strong> ou de la <strong>MSA<\/strong> et que vos donn\u00e9es sont \u00e0 jour, le versement est automatique. Votre enfant doit simplement \u00eatre <strong>inscrit dans un \u00e9tablissement scolaire<\/strong> ou suivre des cours \u00e0 distance reconnus, comme ceux du <strong>CNED<\/strong>.<\/li>\n\n\n\n<li><strong>Moins de 6 ans<\/strong> mais inscrit en CP ? Il vous faudra <strong>fournir un justificatif de scolarit\u00e9<\/strong>, g\u00e9n\u00e9ralement remis par l\u2019\u00e9cole. Sans ce document, pas de versement.<\/li>\n\n\n\n<li><strong>16 \u00e0 18 ans<\/strong> : cette fois, le versement <strong>n\u2019est pas automatique<\/strong>. Il vous faudra d\u00e9clarer chaque ann\u00e9e que votre enfant est bien <strong>en formation scolaire ou en apprentissage<\/strong>. Cette d\u00e9claration s\u2019effectue directement depuis votre <strong>espace personnel CAF ou MSA<\/strong>.<\/li>\n<\/ul>\n\n\n\n<h2 class=\"wp-block-heading\">Et si l\u2019aide n\u2019arrive pas comme pr\u00e9vu ?<\/h2>\n\n\n\n<p>Pas de panique si l\u2019ARS ne s\u2019affiche pas imm\u00e9diatement sur votre compte courant. Quelques jours de <strong>d\u00e9lai bancaire (1 \u00e0 3 jours)<\/strong> sont tout \u00e0 fait normaux. En revanche, si vous \u00eates toujours sans nouvelles pass\u00e9 ce d\u00e9lai, pensez \u00e0 :<\/p>\n\n\n\n<ul>\n<li><strong>V\u00e9rifier vos informations personnelles<\/strong> : adresse, revenus, statut scolaire de vos <a href=\"https:\/\/www.svalbard.fr\/actualites\/ni-livret-a-ni-pel-voici-la-strategie-la-plus-avantageuse-pour-preparer-lavenir-de-vos-enfants\/\"><strong>enfants<\/strong><\/a>\u2026 Un simple oubli peut bloquer le versement.<\/li>\n\n\n\n<li><strong>Contacter directement la CAF ou la MSA<\/strong> pour \u00e9claircir la situation.<\/li>\n\n\n\n<li><strong>Cr\u00e9er un compte allocataire<\/strong>, si ce n\u2019est pas d\u00e9j\u00e0 fait, et y ajouter les pi\u00e8ces justificatives n\u00e9cessaires.<\/li>\n<\/ul>\n\n\n\n<p>La CAF met \u00e9galement \u00e0 disposition un <strong>simulateur en ligne<\/strong> pour v\u00e9rifier rapidement votre \u00e9ligibilit\u00e9, ainsi que des conseillers pour vous aider \u00e0 compl\u00e9ter votre dossier si besoin.<\/p>\n\n\n\n<p>L\u2019ARS reste, chaque ann\u00e9e, une <strong>aide pr\u00e9cieuse<\/strong> pour bien pr\u00e9parer la rentr\u00e9e. Mais comme tout soutien financier, elle demande un minimum d\u2019organisation. Un oubli, une d\u00e9claration en retard, et c\u2019est parfois tout un budget qui vacille. Alors mieux vaut s\u2019y prendre un peu \u00e0 l\u2019avance\u2026 histoire de commencer l\u2019ann\u00e9e scolaire du bon pied.<\/p>\n","protected":false},"excerpt":{"rendered":"<p>Chaque \u00e9t\u00e9, elle revient comme une bouff\u00e9e d\u2019air frais pour des milliers de familles : l\u2019allocation de rentr\u00e9e scolaire (ARS), cette aide bien connue destin\u00e9e<\/p>\n","protected":false},"author":3,"featured_media":4647,"comment_status":"closed","ping_status":"closed","sticky":false,"template":"","format":"standard","meta":{"footnotes":""},"categories":[1725],"tags":[],"yoast_head":"<!-- This site is optimized with the Yoast SEO plugin v21.0 - https:\/\/yoast.com\/wordpress\/plugins\/seo\/ -->\n<title>C&#039;est officiel, voici la date et montant exact de l&#039;Allocation de rentr\u00e9e scolaire en 2025<\/title>\n<meta name=\"robots\" content=\"index, follow, max-snippet:-1, max-image-preview:large, max-video-preview:-1\" \/>\n<link rel=\"canonical\" href=\"https:\/\/www.svalbard.fr\/actualites\/cest-officiel-voici-la-date-et-montant-exact-de-lallocation-de-rentree-scolaire-en-2025\/\" \/>\n<meta property=\"og:locale\" content=\"fr_FR\" \/>\n<meta property=\"og:type\" content=\"article\" \/>\n<meta property=\"og:title\" content=\"C&#039;est officiel, voici la date et montant exact de l&#039;Allocation de rentr\u00e9e scolaire en 2025\" \/>\n<meta property=\"og:description\" content=\"Chaque \u00e9t\u00e9, elle revient comme une bouff\u00e9e d\u2019air frais pour des milliers de familles : l\u2019allocation de rentr\u00e9e scolaire (ARS), cette aide bien connue destin\u00e9e\" \/>\n<meta property=\"og:url\" content=\"https:\/\/www.svalbard.fr\/actualites\/cest-officiel-voici-la-date-et-montant-exact-de-lallocation-de-rentree-scolaire-en-2025\/\" \/>\n<meta property=\"og:site_name\" content=\"www.Svalbard.fr\" \/>\n<meta property=\"article:published_time\" content=\"2025-07-11T04:30:00+00:00\" \/>\n<meta property=\"article:modified_time\" content=\"2025-07-09T06:11:29+00:00\" \/>\n<meta property=\"og:image\" content=\"https:\/\/www.svalbard.fr\/actualites\/wp-content\/uploads\/2025\/07\/allocation-rentree-scolaire.jpg\" \/>\n\t<meta property=\"og:image:width\" content=\"1200\" \/>\n\t<meta property=\"og:image:height\" content=\"797\" \/>\n\t<meta property=\"og:image:type\" content=\"image\/jpeg\" \/>\n<meta name=\"author\" content=\"Guillaume Chen\" \/>\n<meta name=\"twitter:card\" content=\"summary_large_image\" \/>\n<meta name=\"twitter:label1\" content=\"\u00c9crit par\" \/>\n\t<meta name=\"twitter:data1\" content=\"Guillaume Chen\" \/>\n\t<meta name=\"twitter:label2\" content=\"Dur\u00e9e de lecture estim\u00e9e\" \/>\n\t<meta name=\"twitter:data2\" content=\"4 minutes\" \/>\n<script type=\"application\/ld+json\" class=\"yoast-schema-graph\">{\"@context\":\"https:\/\/schema.org\",\"@graph\":[{\"@type\":\"Article\",\"@id\":\"https:\/\/www.svalbard.fr\/actualites\/cest-officiel-voici-la-date-et-montant-exact-de-lallocation-de-rentree-scolaire-en-2025\/#article\",\"isPartOf\":{\"@id\":\"https:\/\/www.svalbard.fr\/actualites\/cest-officiel-voici-la-date-et-montant-exact-de-lallocation-de-rentree-scolaire-en-2025\/\"},\"author\":{\"name\":\"Guillaume Chen\",\"@id\":\"https:\/\/www.svalbard.fr\/actualites\/#\/schema\/person\/b9d185560b94bff7322d37cb676ee545\"},\"headline\":\"C&rsquo;est officiel, voici la date et montant exact de l&rsquo;Allocation de rentr\u00e9e scolaire en 2025\",\"datePublished\":\"2025-07-11T04:30:00+00:00\",\"dateModified\":\"2025-07-09T06:11:29+00:00\",\"mainEntityOfPage\":{\"@id\":\"https:\/\/www.svalbard.fr\/actualites\/cest-officiel-voici-la-date-et-montant-exact-de-lallocation-de-rentree-scolaire-en-2025\/\"},\"wordCount\":656,\"publisher\":{\"@id\":\"https:\/\/www.svalbard.fr\/actualites\/#organization\"},\"articleSection\":[\"Tendances\"],\"inLanguage\":\"fr-FR\"},{\"@type\":\"WebPage\",\"@id\":\"https:\/\/www.svalbard.fr\/actualites\/cest-officiel-voici-la-date-et-montant-exact-de-lallocation-de-rentree-scolaire-en-2025\/\",\"url\":\"https:\/\/www.svalbard.fr\/actualites\/cest-officiel-voici-la-date-et-montant-exact-de-lallocation-de-rentree-scolaire-en-2025\/\",\"name\":\"C'est officiel, voici la date et montant exact de l'Allocation de rentr\u00e9e scolaire en 2025\",\"isPartOf\":{\"@id\":\"https:\/\/www.svalbard.fr\/actualites\/#website\"},\"datePublished\":\"2025-07-11T04:30:00+00:00\",\"dateModified\":\"2025-07-09T06:11:29+00:00\",\"breadcrumb\":{\"@id\":\"https:\/\/www.svalbard.fr\/actualites\/cest-officiel-voici-la-date-et-montant-exact-de-lallocation-de-rentree-scolaire-en-2025\/#breadcrumb\"},\"inLanguage\":\"fr-FR\",\"potentialAction\":[{\"@type\":\"ReadAction\",\"target\":[\"https:\/\/www.svalbard.fr\/actualites\/cest-officiel-voici-la-date-et-montant-exact-de-lallocation-de-rentree-scolaire-en-2025\/\"]}]},{\"@type\":\"BreadcrumbList\",\"@id\":\"https:\/\/www.svalbard.fr\/actualites\/cest-officiel-voici-la-date-et-montant-exact-de-lallocation-de-rentree-scolaire-en-2025\/#breadcrumb\",\"itemListElement\":[{\"@type\":\"ListItem\",\"position\":1,\"name\":\"Accueil\",\"item\":\"https:\/\/www.svalbard.fr\/actualites\/\"},{\"@type\":\"ListItem\",\"position\":2,\"name\":\"C&rsquo;est officiel, voici la date et montant exact de l&rsquo;Allocation de rentr\u00e9e scolaire en 2025\"}]},{\"@type\":\"WebSite\",\"@id\":\"https:\/\/www.svalbard.fr\/actualites\/#website\",\"url\":\"https:\/\/www.svalbard.fr\/actualites\/\",\"name\":\"www.Svalbard.fr\",\"description\":\"\",\"publisher\":{\"@id\":\"https:\/\/www.svalbard.fr\/actualites\/#organization\"},\"potentialAction\":[{\"@type\":\"SearchAction\",\"target\":{\"@type\":\"EntryPoint\",\"urlTemplate\":\"https:\/\/www.svalbard.fr\/actualites\/?s={search_term_string}\"},\"query-input\":\"required name=search_term_string\"}],\"inLanguage\":\"fr-FR\"},{\"@type\":\"Organization\",\"@id\":\"https:\/\/www.svalbard.fr\/actualites\/#organization\",\"name\":\"www.Svalbard.fr\",\"url\":\"https:\/\/www.svalbard.fr\/actualites\/\",\"logo\":{\"@type\":\"ImageObject\",\"inLanguage\":\"fr-FR\",\"@id\":\"https:\/\/www.svalbard.fr\/actualites\/#\/schema\/logo\/image\/\",\"url\":\"https:\/\/www.svalbard.fr\/actualites\/wp-content\/uploads\/2023\/09\/head-nom.jpg\",\"contentUrl\":\"https:\/\/www.svalbard.fr\/actualites\/wp-content\/uploads\/2023\/09\/head-nom.jpg\",\"width\":264,\"height\":35,\"caption\":\"www.Svalbard.fr\"},\"image\":{\"@id\":\"https:\/\/www.svalbard.fr\/actualites\/#\/schema\/logo\/image\/\"}},{\"@type\":\"Person\",\"@id\":\"https:\/\/www.svalbard.fr\/actualites\/#\/schema\/person\/b9d185560b94bff7322d37cb676ee545\",\"name\":\"Guillaume Chen\",\"image\":{\"@type\":\"ImageObject\",\"inLanguage\":\"fr-FR\",\"@id\":\"https:\/\/www.svalbard.fr\/actualites\/#\/schema\/person\/image\/\",\"url\":\"https:\/\/secure.gravatar.com\/avatar\/0c3f9c94586035b795ad4049a06fb048?s=96&d=mm&r=g\",\"contentUrl\":\"https:\/\/secure.gravatar.com\/avatar\/0c3f9c94586035b795ad4049a06fb048?s=96&d=mm&r=g\",\"caption\":\"Guillaume Chen\"},\"sameAs\":[\"https:\/\/www.svalbard.fr\/\"]}]}<\/script>\n<!-- \/ Yoast SEO plugin. -->","yoast_head_json":{"title":"C'est officiel, voici la date et montant exact de l'Allocation de rentr\u00e9e scolaire en 2025","robots":{"index":"index","follow":"follow","max-snippet":"max-snippet:-1","max-image-preview":"max-image-preview:large","max-video-preview":"max-video-preview:-1"},"canonical":"https:\/\/www.svalbard.fr\/actualites\/cest-officiel-voici-la-date-et-montant-exact-de-lallocation-de-rentree-scolaire-en-2025\/","og_locale":"fr_FR","og_type":"article","og_title":"C'est officiel, voici la date et montant exact de l'Allocation de rentr\u00e9e scolaire en 2025","og_description":"Chaque \u00e9t\u00e9, elle revient comme une bouff\u00e9e d\u2019air frais pour des milliers de familles : l\u2019allocation de rentr\u00e9e scolaire (ARS), cette aide bien connue destin\u00e9e","og_url":"https:\/\/www.svalbard.fr\/actualites\/cest-officiel-voici-la-date-et-montant-exact-de-lallocation-de-rentree-scolaire-en-2025\/","og_site_name":"www.Svalbard.fr","article_published_time":"2025-07-11T04:30:00+00:00","article_modified_time":"2025-07-09T06:11:29+00:00","og_image":[{"width":1200,"height":797,"url":"https:\/\/www.svalbard.fr\/actualites\/wp-content\/uploads\/2025\/07\/allocation-rentree-scolaire.jpg","type":"image\/jpeg"}],"author":"Guillaume Chen","twitter_card":"summary_large_image","twitter_misc":{"\u00c9crit par":"Guillaume Chen","Dur\u00e9e de lecture estim\u00e9e":"4 minutes"},"schema":{"@context":"https:\/\/schema.org","@graph":[{"@type":"Article","@id":"https:\/\/www.svalbard.fr\/actualites\/cest-officiel-voici-la-date-et-montant-exact-de-lallocation-de-rentree-scolaire-en-2025\/#article","isPartOf":{"@id":"https:\/\/www.svalbard.fr\/actualites\/cest-officiel-voici-la-date-et-montant-exact-de-lallocation-de-rentree-scolaire-en-2025\/"},"author":{"name":"Guillaume Chen","@id":"https:\/\/www.svalbard.fr\/actualites\/#\/schema\/person\/b9d185560b94bff7322d37cb676ee545"},"headline":"C&rsquo;est officiel, voici la date et montant exact de l&rsquo;Allocation de rentr\u00e9e scolaire en 2025","datePublished":"2025-07-11T04:30:00+00:00","dateModified":"2025-07-09T06:11:29+00:00","mainEntityOfPage":{"@id":"https:\/\/www.svalbard.fr\/actualites\/cest-officiel-voici-la-date-et-montant-exact-de-lallocation-de-rentree-scolaire-en-2025\/"},"wordCount":656,"publisher":{"@id":"https:\/\/www.svalbard.fr\/actualites\/#organization"},"articleSection":["Tendances"],"inLanguage":"fr-FR"},{"@type":"WebPage","@id":"https:\/\/www.svalbard.fr\/actualites\/cest-officiel-voici-la-date-et-montant-exact-de-lallocation-de-rentree-scolaire-en-2025\/","url":"https:\/\/www.svalbard.fr\/actualites\/cest-officiel-voici-la-date-et-montant-exact-de-lallocation-de-rentree-scolaire-en-2025\/","name":"C'est officiel, voici la date et montant exact de l'Allocation de rentr\u00e9e scolaire en 2025","isPartOf":{"@id":"https:\/\/www.svalbard.fr\/actualites\/#website"},"datePublished":"2025-07-11T04:30:00+00:00","dateModified":"2025-07-09T06:11:29+00:00","breadcrumb":{"@id":"https:\/\/www.svalbard.fr\/actualites\/cest-officiel-voici-la-date-et-montant-exact-de-lallocation-de-rentree-scolaire-en-2025\/#breadcrumb"},"inLanguage":"fr-FR","potentialAction":[{"@type":"ReadAction","target":["https:\/\/www.svalbard.fr\/actualites\/cest-officiel-voici-la-date-et-montant-exact-de-lallocation-de-rentree-scolaire-en-2025\/"]}]},{"@type":"BreadcrumbList","@id":"https:\/\/www.svalbard.fr\/actualites\/cest-officiel-voici-la-date-et-montant-exact-de-lallocation-de-rentree-scolaire-en-2025\/#breadcrumb","itemListElement":[{"@type":"ListItem","position":1,"name":"Accueil","item":"https:\/\/www.svalbard.fr\/actualites\/"},{"@type":"ListItem","position":2,"name":"C&rsquo;est officiel, voici la date et montant exact de l&rsquo;Allocation de rentr\u00e9e scolaire en 2025"}]},{"@type":"WebSite","@id":"https:\/\/www.svalbard.fr\/actualites\/#website","url":"https:\/\/www.svalbard.fr\/actualites\/","name":"www.Svalbard.fr","description":"","publisher":{"@id":"https:\/\/www.svalbard.fr\/actualites\/#organization"},"potentialAction":[{"@type":"SearchAction","target":{"@type":"EntryPoint","urlTemplate":"https:\/\/www.svalbard.fr\/actualites\/?s={search_term_string}"},"query-input":"required name=search_term_string"}],"inLanguage":"fr-FR"},{"@type":"Organization","@id":"https:\/\/www.svalbard.fr\/actualites\/#organization","name":"www.Svalbard.fr","url":"https:\/\/www.svalbard.fr\/actualites\/","logo":{"@type":"ImageObject","inLanguage":"fr-FR","@id":"https:\/\/www.svalbard.fr\/actualites\/#\/schema\/logo\/image\/","url":"https:\/\/www.svalbard.fr\/actualites\/wp-content\/uploads\/2023\/09\/head-nom.jpg","contentUrl":"https:\/\/www.svalbard.fr\/actualites\/wp-content\/uploads\/2023\/09\/head-nom.jpg","width":264,"height":35,"caption":"www.Svalbard.fr"},"image":{"@id":"https:\/\/www.svalbard.fr\/actualites\/#\/schema\/logo\/image\/"}},{"@type":"Person","@id":"https:\/\/www.svalbard.fr\/actualites\/#\/schema\/person\/b9d185560b94bff7322d37cb676ee545","name":"Guillaume Chen","image":{"@type":"ImageObject","inLanguage":"fr-FR","@id":"https:\/\/www.svalbard.fr\/actualites\/#\/schema\/person\/image\/","url":"https:\/\/secure.gravatar.com\/avatar\/0c3f9c94586035b795ad4049a06fb048?s=96&d=mm&r=g","contentUrl":"https:\/\/secure.gravatar.com\/avatar\/0c3f9c94586035b795ad4049a06fb048?s=96&d=mm&r=g","caption":"Guillaume Chen"},"sameAs":["https:\/\/www.svalbard.fr\/"]}]}},"_links":{"self":[{"href":"https:\/\/www.svalbard.fr\/actualites\/wp-json\/wp\/v2\/posts\/4646"}],"collection":[{"href":"https:\/\/www.svalbard.fr\/actualites\/wp-json\/wp\/v2\/posts"}],"about":[{"href":"https:\/\/www.svalbard.fr\/actualites\/wp-json\/wp\/v2\/types\/post"}],"author":[{"embeddable":true,"href":"https:\/\/www.svalbard.fr\/actualites\/wp-json\/wp\/v2\/users\/3"}],"replies":[{"embeddable":true,"href":"https:\/\/www.svalbard.fr\/actualites\/wp-json\/wp\/v2\/comments?post=4646"}],"version-history":[{"count":1,"href":"https:\/\/www.svalbard.fr\/actualites\/wp-json\/wp\/v2\/posts\/4646\/revisions"}],"predecessor-version":[{"id":4648,"href":"https:\/\/www.svalbard.fr\/actualites\/wp-json\/wp\/v2\/posts\/4646\/revisions\/4648"}],"wp:featuredmedia":[{"embeddable":true,"href":"https:\/\/www.svalbard.fr\/actualites\/wp-json\/wp\/v2\/media\/4647"}],"wp:attachment":[{"href":"https:\/\/www.svalbard.fr\/actualites\/wp-json\/wp\/v2\/media?parent=4646"}],"wp:term":[{"taxonomy":"category","embeddable":true,"href":"https:\/\/www.svalbard.fr\/actualites\/wp-json\/wp\/v2\/categories?post=4646"},{"taxonomy":"post_tag","embeddable":true,"href":"https:\/\/www.svalbard.fr\/actualites\/wp-json\/wp\/v2\/tags?post=4646"}],"curies":[{"name":"wp","href":"https:\/\/api.w.org\/{rel}","templated":true}]}}