{"id":4653,"date":"2025-07-11T10:30:00","date_gmt":"2025-07-11T08:30:00","guid":{"rendered":"https:\/\/www.svalbard.fr\/actualites\/?p=4653"},"modified":"2025-07-09T08:29:21","modified_gmt":"2025-07-09T06:29:21","slug":"ce-que-labbe-pierre-aurait-vraiment-fait-avec-largent-demmaus-selon-une-enquete-inedite","status":"publish","type":"post","link":"https:\/\/www.svalbard.fr\/actualites\/ce-que-labbe-pierre-aurait-vraiment-fait-avec-largent-demmaus-selon-une-enquete-inedite\/","title":{"rendered":"Ce que l\u2019abb\u00e9 Pierre aurait vraiment fait avec l\u2019argent d\u2019Emma\u00fcs selon une enqu\u00eate in\u00e9dite"},"content":{"rendered":"\n<p><em><strong>Symbole de la g\u00e9n\u00e9rosit\u00e9 et de la d\u00e9fense des plus vuln\u00e9rables, l\u2019abb\u00e9 Pierre incarne, pour beaucoup, une figure quasi sacr\u00e9e de l\u2019histoire sociale fran\u00e7aise. Pourtant, une r\u00e9cente enqu\u00eate met \u00e0 mal cette image lisse, en exposant une gestion trouble des dons, des d\u00e9penses inattendues et un train de vie difficile \u00e0 concilier avec l\u2019aust\u00e9rit\u00e9 affich\u00e9e. Derri\u00e8re l\u2019homme \u00e0 la cape us\u00e9e et aux discours bouleversants, se cache peut-\u00eatre une r\u00e9alit\u00e9 plus ambivalente.<\/strong><\/em><\/p>\n\n\n\n<!--more-->\n\n\n\n<h2 class=\"wp-block-heading\">Une aura incontestable&#8230; mais quelques fissures<\/h2>\n\n\n\n<p>Difficile de remettre en cause le r\u00f4le fondamental jou\u00e9 par l\u2019abb\u00e9 Pierre. Fondateur du mouvement <strong>Emma\u00fcs<\/strong>, d\u00e9fenseur inlassable des sans-abris, il \u00e9tait la voix des oubli\u00e9s, des invisibles. Mais une question d\u00e9range : a-t-il toujours g\u00e9r\u00e9 avec rigueur et exemplarit\u00e9 les <strong>millions d\u2019euros de dons<\/strong> que sa notori\u00e9t\u00e9 lui a permis de collecter ?<\/p>\n\n\n\n<p>Certains t\u00e9moignages d\u2019anciens compagnons d\u2019Emma\u00fcs laissent entendre que des <a href=\"https:\/\/www.svalbard.fr\/actualites\/la-ville-la-plus-du-nord-de-la-terre-ou-les-touristes-ne-peuvent-pas-quitter-les-zones-sures\/\"><strong>zones<\/strong><\/a> d\u2019ombre entourent <strong>la mani\u00e8re dont ces fonds ont \u00e9t\u00e9 utilis\u00e9s<\/strong>. Des proches \u00e9voquent des d\u00e9cisions parfois unilat\u00e9rales, des d\u00e9penses personnelles et un fonctionnement presque <strong>patriarcal<\/strong>, o\u00f9 la parole du fondateur ne souffrait gu\u00e8re la contradiction.<\/p>\n\n\n\n<h2 class=\"wp-block-heading\">Un flot de dons, peu de transparence<\/h2>\n\n\n\n<p>Apr\u00e8s le fameux appel de l\u2019hiver 1954, la France enti\u00e8re r\u00e9pond. R\u00e9sultat : des millions de francs (soit environ <strong>26 millions d\u2019euros<\/strong> aujourd\u2019hui) affluent en quelques mois. Probl\u00e8me : <strong>peu de m\u00e9canismes de contr\u00f4le<\/strong> encadraient alors la gestion de ces sommes.<\/p>\n\n\n\n<p>Selon certains extraits de l\u2019enqu\u00eate, l\u2019abb\u00e9 Pierre aurait conserv\u00e9 <strong>la main directe sur les fonds<\/strong>, sans organe de r\u00e9gulation externe. Si une partie de l\u2019argent a bien \u00e9t\u00e9 utilis\u00e9e pour des <strong>aides d\u2019urgence<\/strong>, d\u2019autres d\u00e9penses interpellent. Il aurait, \u00e0 plusieurs reprises, utilis\u00e9 ces dons pour r\u00e9pondre \u00e0 ses propres besoins ou soutenir des initiatives dont la nature reste floue.<\/p>\n\n\n\n<h2 class=\"wp-block-heading\">Un mode de vie discret\u2026 mais pas si modeste ?<\/h2>\n\n\n\n<p>L\u2019image de l\u2019abb\u00e9 aux chaussures trou\u00e9es a peut-\u00eatre brouill\u00e9 les pistes. Certains t\u00e9moignages r\u00e9cents parlent de <strong>voitures de luxe<\/strong>, de <strong>r\u00e9ceptions priv\u00e9es<\/strong>, et m\u00eame de <strong>soir\u00e9es mondaines<\/strong>, en marge des engagements caritatifs. Des mannequins auraient \u00e9t\u00e9 r\u00e9mun\u00e9r\u00e9es pour assister \u00e0 des \u00e9v\u00e9nements, et du <strong>champagne<\/strong> aurait coul\u00e9 \u00e0 flots lors de certaines occasions.<\/p>\n\n\n\n<p>Un tel tableau fait grincer des dents, surtout lorsqu\u2019on sait que ces d\u00e9penses pourraient avoir \u00e9t\u00e9, en partie, <strong>financ\u00e9es par des dons de particuliers<\/strong> convaincus de contribuer \u00e0 des \u0153uvres purement solidaires. Difficile, cependant, de trancher entre <strong>exag\u00e9ration<\/strong> et <strong>v\u00e9rit\u00e9 historique<\/strong>, les documents officiels manquant souvent \u00e0 l\u2019appel.<\/p>\n\n\n\n<h2 class=\"wp-block-heading\">Emma\u00fcs : un silence qui interroge<\/h2>\n\n\n\n<p>Contact\u00e9e \u00e0 plusieurs reprises, l\u2019association <strong>Emma\u00fcs<\/strong> n\u2019a pas pu (ou voulu) fournir de <strong>justificatifs clairs<\/strong> sur l\u2019usage de certaines sommes. Ce <strong>manque de tra\u00e7abilit\u00e9<\/strong> peut s\u2019expliquer par les pratiques de l\u2019\u00e9poque, o\u00f9 la notori\u00e9t\u00e9 d\u2019une figure suffisait \u00e0 instaurer une confiance presque aveugle.<\/p>\n\n\n\n<p>Ce flou, m\u00eame s\u2019il ne constitue pas une preuve de malversation, soul\u00e8ve des questions l\u00e9gitimes sur l\u2019organisation des dons et leur utilisation concr\u00e8te. Aujourd\u2019hui, une telle gestion serait probablement <strong>impensable sans audit ni contr\u00f4le externe<\/strong>.<\/p>\n\n\n\n<h2 class=\"wp-block-heading\">Des initiatives lucratives peu connues<\/h2>\n\n\n\n<p>Parmi les faits \u00e9voqu\u00e9s, on retrouve \u00e9galement l\u2019organisation de <strong>\u201ccamps de jeunes\u201d<\/strong> dans les ann\u00e9es 60. Pr\u00e9sent\u00e9s comme des moments de sensibilisation \u00e0 la solidarit\u00e9, ils auraient aussi g\u00e9n\u00e9r\u00e9 des <strong>b\u00e9n\u00e9fices non n\u00e9gligeables<\/strong>, dont une partie aurait \u00e9t\u00e9 conserv\u00e9e \u00e0 titre personnel. Encore une fois, difficile de trancher entre d\u00e9rive isol\u00e9e et <a href=\"https:\/\/www.svalbard.fr\/actualites\/ni-livret-a-ni-pel-voici-la-strategie-la-plus-avantageuse-pour-preparer-lavenir-de-vos-enfants\/\"><strong>strat\u00e9gie<\/strong><\/a> bien \u00e9tablie.<\/p>\n\n\n\n<h2 class=\"wp-block-heading\">Un homme avant tout, pas un saint<\/h2>\n\n\n\n<p>Ce que cette enqu\u00eate met en lumi\u00e8re, ce n\u2019est pas tant une <strong>chute<\/strong>, mais un <strong>regard plus nuanc\u00e9<\/strong> sur un homme que la France a plac\u00e9 sur un pi\u00e9destal. Peut-on incarner une cause avec sinc\u00e9rit\u00e9 tout en conservant ses <strong>failles humaines<\/strong> ? L\u2019histoire de l\u2019abb\u00e9 Pierre, telle qu\u2019elle est revisit\u00e9e aujourd\u2019hui, semble pencher pour un <strong>oui<\/strong>, sans pour autant tout excuser.<\/p>\n\n\n\n<p>Il reste cette figure de combat, cet homme qui a cri\u00e9 pour les sans-voix. Mais aussi un personnage <strong>complexe<\/strong>, parfois d\u00e9routant, et dont l\u2019h\u00e9ritage m\u00e9rite aujourd\u2019hui d\u2019\u00eatre <strong>questionn\u00e9 sans \u00eatre d\u00e9truit<\/strong>.<\/p>\n\n\n\n<p>Peut-\u00eatre est-il temps de voir en lui non un ange ou un imposteur, mais <strong>un \u00eatre humain<\/strong>, avec ses engagements, ses erreurs et ses zones d\u2019ombre. Un rappel, aussi, que <strong>m\u00eame les plus grands id\u00e9aux doivent s\u2019accompagner de vigilance et de transparence<\/strong>.<\/p>\n","protected":false},"excerpt":{"rendered":"<p>Symbole de la g\u00e9n\u00e9rosit\u00e9 et de la d\u00e9fense des plus vuln\u00e9rables, l\u2019abb\u00e9 Pierre incarne, pour beaucoup, une figure quasi sacr\u00e9e de l\u2019histoire sociale fran\u00e7aise. Pourtant,<\/p>\n","protected":false},"author":3,"featured_media":4654,"comment_status":"closed","ping_status":"closed","sticky":false,"template":"","format":"standard","meta":{"footnotes":""},"categories":[1725],"tags":[],"yoast_head":"<!-- This site is optimized with the Yoast SEO plugin v21.0 - https:\/\/yoast.com\/wordpress\/plugins\/seo\/ -->\n<title>Ce que l\u2019abb\u00e9 Pierre aurait vraiment fait avec l\u2019argent d\u2019Emma\u00fcs selon une enqu\u00eate in\u00e9dite<\/title>\n<meta name=\"robots\" content=\"index, follow, max-snippet:-1, max-image-preview:large, max-video-preview:-1\" \/>\n<link rel=\"canonical\" href=\"https:\/\/www.svalbard.fr\/actualites\/ce-que-labbe-pierre-aurait-vraiment-fait-avec-largent-demmaus-selon-une-enquete-inedite\/\" \/>\n<meta property=\"og:locale\" content=\"fr_FR\" \/>\n<meta property=\"og:type\" content=\"article\" \/>\n<meta property=\"og:title\" content=\"Ce que l\u2019abb\u00e9 Pierre aurait vraiment fait avec l\u2019argent d\u2019Emma\u00fcs selon une enqu\u00eate in\u00e9dite\" \/>\n<meta property=\"og:description\" content=\"Symbole de la g\u00e9n\u00e9rosit\u00e9 et de la d\u00e9fense des plus vuln\u00e9rables, l\u2019abb\u00e9 Pierre incarne, pour beaucoup, une figure quasi sacr\u00e9e de l\u2019histoire sociale fran\u00e7aise. Pourtant,\" \/>\n<meta property=\"og:url\" content=\"https:\/\/www.svalbard.fr\/actualites\/ce-que-labbe-pierre-aurait-vraiment-fait-avec-largent-demmaus-selon-une-enquete-inedite\/\" \/>\n<meta property=\"og:site_name\" content=\"www.Svalbard.fr\" \/>\n<meta property=\"article:published_time\" content=\"2025-07-11T08:30:00+00:00\" \/>\n<meta property=\"article:modified_time\" content=\"2025-07-09T06:29:21+00:00\" \/>\n<meta property=\"og:image\" content=\"https:\/\/www.svalbard.fr\/actualites\/wp-content\/uploads\/2025\/07\/dons-detournes-soirees-luxueuses-voici-ce-que-labbe-pierre-aurait-reellement-fait-avec-largent-demmaus.jpg\" \/>\n\t<meta property=\"og:image:width\" content=\"1200\" \/>\n\t<meta property=\"og:image:height\" content=\"675\" \/>\n\t<meta property=\"og:image:type\" content=\"image\/jpeg\" \/>\n<meta name=\"author\" content=\"Guillaume Chen\" \/>\n<meta name=\"twitter:card\" content=\"summary_large_image\" \/>\n<meta name=\"twitter:label1\" content=\"\u00c9crit par\" \/>\n\t<meta name=\"twitter:data1\" content=\"Guillaume Chen\" \/>\n\t<meta name=\"twitter:label2\" content=\"Dur\u00e9e de lecture estim\u00e9e\" \/>\n\t<meta name=\"twitter:data2\" content=\"4 minutes\" \/>\n<script type=\"application\/ld+json\" class=\"yoast-schema-graph\">{\"@context\":\"https:\/\/schema.org\",\"@graph\":[{\"@type\":\"Article\",\"@id\":\"https:\/\/www.svalbard.fr\/actualites\/ce-que-labbe-pierre-aurait-vraiment-fait-avec-largent-demmaus-selon-une-enquete-inedite\/#article\",\"isPartOf\":{\"@id\":\"https:\/\/www.svalbard.fr\/actualites\/ce-que-labbe-pierre-aurait-vraiment-fait-avec-largent-demmaus-selon-une-enquete-inedite\/\"},\"author\":{\"name\":\"Guillaume Chen\",\"@id\":\"https:\/\/www.svalbard.fr\/actualites\/#\/schema\/person\/b9d185560b94bff7322d37cb676ee545\"},\"headline\":\"Ce que l\u2019abb\u00e9 Pierre aurait vraiment fait avec l\u2019argent d\u2019Emma\u00fcs selon une enqu\u00eate in\u00e9dite\",\"datePublished\":\"2025-07-11T08:30:00+00:00\",\"dateModified\":\"2025-07-09T06:29:21+00:00\",\"mainEntityOfPage\":{\"@id\":\"https:\/\/www.svalbard.fr\/actualites\/ce-que-labbe-pierre-aurait-vraiment-fait-avec-largent-demmaus-selon-une-enquete-inedite\/\"},\"wordCount\":811,\"publisher\":{\"@id\":\"https:\/\/www.svalbard.fr\/actualites\/#organization\"},\"articleSection\":[\"Tendances\"],\"inLanguage\":\"fr-FR\"},{\"@type\":\"WebPage\",\"@id\":\"https:\/\/www.svalbard.fr\/actualites\/ce-que-labbe-pierre-aurait-vraiment-fait-avec-largent-demmaus-selon-une-enquete-inedite\/\",\"url\":\"https:\/\/www.svalbard.fr\/actualites\/ce-que-labbe-pierre-aurait-vraiment-fait-avec-largent-demmaus-selon-une-enquete-inedite\/\",\"name\":\"Ce que l\u2019abb\u00e9 Pierre aurait vraiment fait avec l\u2019argent d\u2019Emma\u00fcs selon une enqu\u00eate in\u00e9dite\",\"isPartOf\":{\"@id\":\"https:\/\/www.svalbard.fr\/actualites\/#website\"},\"datePublished\":\"2025-07-11T08:30:00+00:00\",\"dateModified\":\"2025-07-09T06:29:21+00:00\",\"breadcrumb\":{\"@id\":\"https:\/\/www.svalbard.fr\/actualites\/ce-que-labbe-pierre-aurait-vraiment-fait-avec-largent-demmaus-selon-une-enquete-inedite\/#breadcrumb\"},\"inLanguage\":\"fr-FR\",\"potentialAction\":[{\"@type\":\"ReadAction\",\"target\":[\"https:\/\/www.svalbard.fr\/actualites\/ce-que-labbe-pierre-aurait-vraiment-fait-avec-largent-demmaus-selon-une-enquete-inedite\/\"]}]},{\"@type\":\"BreadcrumbList\",\"@id\":\"https:\/\/www.svalbard.fr\/actualites\/ce-que-labbe-pierre-aurait-vraiment-fait-avec-largent-demmaus-selon-une-enquete-inedite\/#breadcrumb\",\"itemListElement\":[{\"@type\":\"ListItem\",\"position\":1,\"name\":\"Accueil\",\"item\":\"https:\/\/www.svalbard.fr\/actualites\/\"},{\"@type\":\"ListItem\",\"position\":2,\"name\":\"Ce que l\u2019abb\u00e9 Pierre aurait vraiment fait avec l\u2019argent d\u2019Emma\u00fcs selon une enqu\u00eate in\u00e9dite\"}]},{\"@type\":\"WebSite\",\"@id\":\"https:\/\/www.svalbard.fr\/actualites\/#website\",\"url\":\"https:\/\/www.svalbard.fr\/actualites\/\",\"name\":\"www.Svalbard.fr\",\"description\":\"\",\"publisher\":{\"@id\":\"https:\/\/www.svalbard.fr\/actualites\/#organization\"},\"potentialAction\":[{\"@type\":\"SearchAction\",\"target\":{\"@type\":\"EntryPoint\",\"urlTemplate\":\"https:\/\/www.svalbard.fr\/actualites\/?s={search_term_string}\"},\"query-input\":\"required name=search_term_string\"}],\"inLanguage\":\"fr-FR\"},{\"@type\":\"Organization\",\"@id\":\"https:\/\/www.svalbard.fr\/actualites\/#organization\",\"name\":\"www.Svalbard.fr\",\"url\":\"https:\/\/www.svalbard.fr\/actualites\/\",\"logo\":{\"@type\":\"ImageObject\",\"inLanguage\":\"fr-FR\",\"@id\":\"https:\/\/www.svalbard.fr\/actualites\/#\/schema\/logo\/image\/\",\"url\":\"https:\/\/www.svalbard.fr\/actualites\/wp-content\/uploads\/2023\/09\/head-nom.jpg\",\"contentUrl\":\"https:\/\/www.svalbard.fr\/actualites\/wp-content\/uploads\/2023\/09\/head-nom.jpg\",\"width\":264,\"height\":35,\"caption\":\"www.Svalbard.fr\"},\"image\":{\"@id\":\"https:\/\/www.svalbard.fr\/actualites\/#\/schema\/logo\/image\/\"}},{\"@type\":\"Person\",\"@id\":\"https:\/\/www.svalbard.fr\/actualites\/#\/schema\/person\/b9d185560b94bff7322d37cb676ee545\",\"name\":\"Guillaume Chen\",\"image\":{\"@type\":\"ImageObject\",\"inLanguage\":\"fr-FR\",\"@id\":\"https:\/\/www.svalbard.fr\/actualites\/#\/schema\/person\/image\/\",\"url\":\"https:\/\/secure.gravatar.com\/avatar\/0c3f9c94586035b795ad4049a06fb048?s=96&d=mm&r=g\",\"contentUrl\":\"https:\/\/secure.gravatar.com\/avatar\/0c3f9c94586035b795ad4049a06fb048?s=96&d=mm&r=g\",\"caption\":\"Guillaume Chen\"},\"sameAs\":[\"https:\/\/www.svalbard.fr\/\"]}]}<\/script>\n<!-- \/ Yoast SEO plugin. -->","yoast_head_json":{"title":"Ce que l\u2019abb\u00e9 Pierre aurait vraiment fait avec l\u2019argent d\u2019Emma\u00fcs selon une enqu\u00eate in\u00e9dite","robots":{"index":"index","follow":"follow","max-snippet":"max-snippet:-1","max-image-preview":"max-image-preview:large","max-video-preview":"max-video-preview:-1"},"canonical":"https:\/\/www.svalbard.fr\/actualites\/ce-que-labbe-pierre-aurait-vraiment-fait-avec-largent-demmaus-selon-une-enquete-inedite\/","og_locale":"fr_FR","og_type":"article","og_title":"Ce que l\u2019abb\u00e9 Pierre aurait vraiment fait avec l\u2019argent d\u2019Emma\u00fcs selon une enqu\u00eate in\u00e9dite","og_description":"Symbole de la g\u00e9n\u00e9rosit\u00e9 et de la d\u00e9fense des plus vuln\u00e9rables, l\u2019abb\u00e9 Pierre incarne, pour beaucoup, une figure quasi sacr\u00e9e de l\u2019histoire sociale fran\u00e7aise. Pourtant,","og_url":"https:\/\/www.svalbard.fr\/actualites\/ce-que-labbe-pierre-aurait-vraiment-fait-avec-largent-demmaus-selon-une-enquete-inedite\/","og_site_name":"www.Svalbard.fr","article_published_time":"2025-07-11T08:30:00+00:00","article_modified_time":"2025-07-09T06:29:21+00:00","og_image":[{"width":1200,"height":675,"url":"https:\/\/www.svalbard.fr\/actualites\/wp-content\/uploads\/2025\/07\/dons-detournes-soirees-luxueuses-voici-ce-que-labbe-pierre-aurait-reellement-fait-avec-largent-demmaus.jpg","type":"image\/jpeg"}],"author":"Guillaume Chen","twitter_card":"summary_large_image","twitter_misc":{"\u00c9crit par":"Guillaume Chen","Dur\u00e9e de lecture estim\u00e9e":"4 minutes"},"schema":{"@context":"https:\/\/schema.org","@graph":[{"@type":"Article","@id":"https:\/\/www.svalbard.fr\/actualites\/ce-que-labbe-pierre-aurait-vraiment-fait-avec-largent-demmaus-selon-une-enquete-inedite\/#article","isPartOf":{"@id":"https:\/\/www.svalbard.fr\/actualites\/ce-que-labbe-pierre-aurait-vraiment-fait-avec-largent-demmaus-selon-une-enquete-inedite\/"},"author":{"name":"Guillaume Chen","@id":"https:\/\/www.svalbard.fr\/actualites\/#\/schema\/person\/b9d185560b94bff7322d37cb676ee545"},"headline":"Ce que l\u2019abb\u00e9 Pierre aurait vraiment fait avec l\u2019argent d\u2019Emma\u00fcs selon une enqu\u00eate in\u00e9dite","datePublished":"2025-07-11T08:30:00+00:00","dateModified":"2025-07-09T06:29:21+00:00","mainEntityOfPage":{"@id":"https:\/\/www.svalbard.fr\/actualites\/ce-que-labbe-pierre-aurait-vraiment-fait-avec-largent-demmaus-selon-une-enquete-inedite\/"},"wordCount":811,"publisher":{"@id":"https:\/\/www.svalbard.fr\/actualites\/#organization"},"articleSection":["Tendances"],"inLanguage":"fr-FR"},{"@type":"WebPage","@id":"https:\/\/www.svalbard.fr\/actualites\/ce-que-labbe-pierre-aurait-vraiment-fait-avec-largent-demmaus-selon-une-enquete-inedite\/","url":"https:\/\/www.svalbard.fr\/actualites\/ce-que-labbe-pierre-aurait-vraiment-fait-avec-largent-demmaus-selon-une-enquete-inedite\/","name":"Ce que l\u2019abb\u00e9 Pierre aurait vraiment fait avec l\u2019argent d\u2019Emma\u00fcs selon une enqu\u00eate in\u00e9dite","isPartOf":{"@id":"https:\/\/www.svalbard.fr\/actualites\/#website"},"datePublished":"2025-07-11T08:30:00+00:00","dateModified":"2025-07-09T06:29:21+00:00","breadcrumb":{"@id":"https:\/\/www.svalbard.fr\/actualites\/ce-que-labbe-pierre-aurait-vraiment-fait-avec-largent-demmaus-selon-une-enquete-inedite\/#breadcrumb"},"inLanguage":"fr-FR","potentialAction":[{"@type":"ReadAction","target":["https:\/\/www.svalbard.fr\/actualites\/ce-que-labbe-pierre-aurait-vraiment-fait-avec-largent-demmaus-selon-une-enquete-inedite\/"]}]},{"@type":"BreadcrumbList","@id":"https:\/\/www.svalbard.fr\/actualites\/ce-que-labbe-pierre-aurait-vraiment-fait-avec-largent-demmaus-selon-une-enquete-inedite\/#breadcrumb","itemListElement":[{"@type":"ListItem","position":1,"name":"Accueil","item":"https:\/\/www.svalbard.fr\/actualites\/"},{"@type":"ListItem","position":2,"name":"Ce que l\u2019abb\u00e9 Pierre aurait vraiment fait avec l\u2019argent d\u2019Emma\u00fcs selon une enqu\u00eate in\u00e9dite"}]},{"@type":"WebSite","@id":"https:\/\/www.svalbard.fr\/actualites\/#website","url":"https:\/\/www.svalbard.fr\/actualites\/","name":"www.Svalbard.fr","description":"","publisher":{"@id":"https:\/\/www.svalbard.fr\/actualites\/#organization"},"potentialAction":[{"@type":"SearchAction","target":{"@type":"EntryPoint","urlTemplate":"https:\/\/www.svalbard.fr\/actualites\/?s={search_term_string}"},"query-input":"required name=search_term_string"}],"inLanguage":"fr-FR"},{"@type":"Organization","@id":"https:\/\/www.svalbard.fr\/actualites\/#organization","name":"www.Svalbard.fr","url":"https:\/\/www.svalbard.fr\/actualites\/","logo":{"@type":"ImageObject","inLanguage":"fr-FR","@id":"https:\/\/www.svalbard.fr\/actualites\/#\/schema\/logo\/image\/","url":"https:\/\/www.svalbard.fr\/actualites\/wp-content\/uploads\/2023\/09\/head-nom.jpg","contentUrl":"https:\/\/www.svalbard.fr\/actualites\/wp-content\/uploads\/2023\/09\/head-nom.jpg","width":264,"height":35,"caption":"www.Svalbard.fr"},"image":{"@id":"https:\/\/www.svalbard.fr\/actualites\/#\/schema\/logo\/image\/"}},{"@type":"Person","@id":"https:\/\/www.svalbard.fr\/actualites\/#\/schema\/person\/b9d185560b94bff7322d37cb676ee545","name":"Guillaume Chen","image":{"@type":"ImageObject","inLanguage":"fr-FR","@id":"https:\/\/www.svalbard.fr\/actualites\/#\/schema\/person\/image\/","url":"https:\/\/secure.gravatar.com\/avatar\/0c3f9c94586035b795ad4049a06fb048?s=96&d=mm&r=g","contentUrl":"https:\/\/secure.gravatar.com\/avatar\/0c3f9c94586035b795ad4049a06fb048?s=96&d=mm&r=g","caption":"Guillaume Chen"},"sameAs":["https:\/\/www.svalbard.fr\/"]}]}},"_links":{"self":[{"href":"https:\/\/www.svalbard.fr\/actualites\/wp-json\/wp\/v2\/posts\/4653"}],"collection":[{"href":"https:\/\/www.svalbard.fr\/actualites\/wp-json\/wp\/v2\/posts"}],"about":[{"href":"https:\/\/www.svalbard.fr\/actualites\/wp-json\/wp\/v2\/types\/post"}],"author":[{"embeddable":true,"href":"https:\/\/www.svalbard.fr\/actualites\/wp-json\/wp\/v2\/users\/3"}],"replies":[{"embeddable":true,"href":"https:\/\/www.svalbard.fr\/actualites\/wp-json\/wp\/v2\/comments?post=4653"}],"version-history":[{"count":1,"href":"https:\/\/www.svalbard.fr\/actualites\/wp-json\/wp\/v2\/posts\/4653\/revisions"}],"predecessor-version":[{"id":4655,"href":"https:\/\/www.svalbard.fr\/actualites\/wp-json\/wp\/v2\/posts\/4653\/revisions\/4655"}],"wp:featuredmedia":[{"embeddable":true,"href":"https:\/\/www.svalbard.fr\/actualites\/wp-json\/wp\/v2\/media\/4654"}],"wp:attachment":[{"href":"https:\/\/www.svalbard.fr\/actualites\/wp-json\/wp\/v2\/media?parent=4653"}],"wp:term":[{"taxonomy":"category","embeddable":true,"href":"https:\/\/www.svalbard.fr\/actualites\/wp-json\/wp\/v2\/categories?post=4653"},{"taxonomy":"post_tag","embeddable":true,"href":"https:\/\/www.svalbard.fr\/actualites\/wp-json\/wp\/v2\/tags?post=4653"}],"curies":[{"name":"wp","href":"https:\/\/api.w.org\/{rel}","templated":true}]}}