{"id":4662,"date":"2025-07-12T08:30:00","date_gmt":"2025-07-12T06:30:00","guid":{"rendered":"https:\/\/www.svalbard.fr\/actualites\/?p=4662"},"modified":"2025-07-09T08:54:43","modified_gmt":"2025-07-09T06:54:43","slug":"elle-na-jamais-travaille-touche-1-600-e-de-retraite-son-parcours-interroge","status":"publish","type":"post","link":"https:\/\/www.svalbard.fr\/actualites\/elle-na-jamais-travaille-touche-1-600-e-de-retraite-son-parcours-interroge\/","title":{"rendered":"Elle n\u2019a jamais travaill\u00e9, touche 1 600 \u20ac de retraite : son parcours interroge"},"content":{"rendered":"\n<p><em><strong>Peut-on r\u00e9ellement toucher plus de 1 600 euros de retraite sans avoir jamais travaill\u00e9 ? C\u2019est l\u2019histoire \u00e9tonnante d\u2019une femme, aujourd\u2019hui retrait\u00e9e, qui n\u2019a jamais exerc\u00e9 d\u2019activit\u00e9 professionnelle&#8230; mais per\u00e7oit pourtant une pension bien sup\u00e9rieure \u00e0 celle de nombreux ex-salari\u00e9s. Une situation qui, au-del\u00e0 de l\u2019\u00e9tonnement, ouvre un d\u00e9bat sur l\u2019\u00e9quit\u00e9 de notre syst\u00e8me de retraite et les m\u00e9canismes de solidarit\u00e9 qui le composent.<\/strong><\/em><\/p>\n\n\n\n<!--more-->\n\n\n\n<h2 class=\"wp-block-heading\">Une pension sans emploi : une exception ou un sympt\u00f4me ?<\/h2>\n\n\n\n<p>Ce cas interpelle : comment une personne sans carri\u00e8re professionnelle peut-elle b\u00e9n\u00e9ficier d\u2019un tel <strong><a href=\"https:\/\/www.svalbard.fr\/actualites\/quel-revenu-faut-il-atteindre-pour-faire-partie-de-la-classe-aisee-en-italie\/\">revenu<\/a> <\/strong>de retraite ? Pour beaucoup, l\u2019id\u00e9e m\u00eame semble <strong>injuste<\/strong>, tant le syst\u00e8me repose sur les <strong>cotisations<\/strong> vers\u00e9es tout au long de la vie active. Et pourtant, plusieurs dispositifs bien l\u00e9gaux rendent cela possible.<\/p>\n\n\n\n<p>L\u2019un des piliers de cette pension inattendue est la <strong>pension de r\u00e9version<\/strong> : un droit accord\u00e9 au conjoint survivant d\u2019un retrait\u00e9 d\u00e9c\u00e9d\u00e9, sous certaines conditions. C\u2019est notamment le cas pour les femmes ayant \u00e9t\u00e9 <strong>m\u00e8res au foyer<\/strong> toute leur vie, un choix de vie encore courant il y a quelques d\u00e9cennies. En cumulant pension de r\u00e9version, <strong>Allocation de solidarit\u00e9 aux personnes \u00e2g\u00e9es (Aspa)<\/strong> et parfois <strong>droits d\u00e9riv\u00e9s comme l\u2019AVPF<\/strong>, il est donc envisageable d\u2019atteindre des montants confortables.<\/p>\n\n\n\n<h2 class=\"wp-block-heading\">La peur de la retraite : un sentiment partag\u00e9<\/h2>\n\n\n\n<p>Ce cas, aussi particulier soit-il, r\u00e9sonne avec une r\u00e9alit\u00e9 plus large : la <strong>crainte de la pr\u00e9carit\u00e9<\/strong> \u00e0 la retraite. Selon la CFDT, <strong>70 % des actifs s\u2019inqui\u00e8tent pour leur avenir<\/strong>, principalement en raison de la perte de revenus. Pr\u00e8s d\u2019un tiers redoutent m\u00eame de <strong>basculer sous le seuil de pauvret\u00e9<\/strong> une fois \u00e0 la retraite.<\/p>\n\n\n\n<p>Cons\u00e9quence directe : les Fran\u00e7ais \u00e9pargnent de plus en plus. Selon un barom\u00e8tre Ipsos, <strong>pr\u00e8s de 40 %<\/strong> pr\u00e9voient d\u2019augmenter leur effort d\u2019\u00e9pargne en 2025. L\u2019engouement pour le <strong>Plan d\u2019\u00c9pargne Retraite (PER)<\/strong> en t\u00e9moigne, avec plus de <strong>11 millions de souscripteurs<\/strong> \u00e0 ce jour. Mais cette anticipation est loin d\u2019\u00eatre accessible \u00e0 tous\u2026<\/p>\n\n\n\n<h2 class=\"wp-block-heading\">Des aides discr\u00e8tes, mais d\u00e9cisives<\/h2>\n\n\n\n<p>En marge des solutions d\u2019\u00e9pargne classiques, <strong>les aides sociales jouent un r\u00f4le crucial<\/strong> pour ceux dont la carri\u00e8re est absente ou morcel\u00e9e. L\u2019<strong>Aspa<\/strong>, par exemple, garantit un minimum de ressources aux seniors sans revenus suffisants : <strong>jusqu\u2019\u00e0 1 034,28 \u20ac pour une personne seule<\/strong>, et <strong>1 605,73 \u20ac pour un couple<\/strong>. Ce n\u2019est pas automatique : il faut en faire la demande, et respecter des crit\u00e8res stricts.<\/p>\n\n\n\n<p>Autre levier souvent ignor\u00e9 : <strong>les trimestres dits \u00ab\u00a0assimil\u00e9s\u00a0\u00bb<\/strong>. Vous n\u2019avez jamais eu de fiche de paie, mais vous avez connu des p\u00e9riodes de <strong>ch\u00f4mage, maladie, maternit\u00e9 ou service militaire<\/strong> ? Ces moments peuvent \u00eatre comptabilis\u00e9s dans le calcul de votre retraite, et vous ouvrir des droits inattendus.<\/p>\n\n\n\n<h2 class=\"wp-block-heading\">L\u2019AVPF : une s\u00e9curit\u00e9 pour les parents au foyer<\/h2>\n\n\n\n<p>C\u2019est un dispositif peu connu, mais essentiel : l\u2019<strong>Assurance Vieillesse des Parents au Foyer (AVPF)<\/strong>. Mis en place par la CAF, il permet \u00e0 ceux et celles qui ont \u00e9lev\u00e9 un ou plusieurs enfants ou aid\u00e9 un proche d\u00e9pendant, de <strong>valider des trimestres de retraite<\/strong> sans avoir cotis\u00e9. Ce m\u00e9canisme refl\u00e8te une volont\u00e9 de reconna\u00eetre <strong>le travail invisible<\/strong>, mais indispensable, des aidants familiaux.<\/p>\n\n\n\n<p>Les personnes en situation de <strong>handicap<\/strong> b\u00e9n\u00e9ficient \u00e9galement de r\u00e8gles sp\u00e9cifiques, avec des conditions d\u2019ouverture de droits adapt\u00e9es, et parfois une majoration de pension. L\u00e0 encore, peu de personnes connaissent leurs droits\u2026 et les laissent dormir.<\/p>\n\n\n\n<h2 class=\"wp-block-heading\">Un syst\u00e8me entre justice sociale et sentiment d\u2019injustice<\/h2>\n\n\n\n<p>L\u2019histoire de cette retrait\u00e9e, qui touche <strong>1 600 euros sans jamais avoir travaill\u00e9<\/strong>, provoque parfois de l\u2019indignation. Mais elle met surtout en lumi\u00e8re un <strong>syst\u00e8me de retraite \u00e0 plusieurs vitesses<\/strong>, o\u00f9 <strong>solidarit\u00e9 nationale<\/strong> et <strong>cotisation individuelle<\/strong> coexistent tant bien que mal.<\/p>\n\n\n\n<p>Entre <strong>m\u00e9canismes d\u2019\u00e9quit\u00e9 sociale<\/strong> et zones d\u2019ombre mal comprises, il devient essentiel de mieux informer chaque citoyen sur ses droits, ses possibilit\u00e9s, et les <a href=\"https:\/\/www.svalbard.fr\/actualites\/apprenez-le-norvegien-gratuitement-7-ressources-pour-commencer\/\"><strong>ressources<\/strong><\/a> \u00e0 activer. Car dans ce domaine, l\u2019ignorance peut co\u00fbter cher\u2026 ou rapporter gros.<\/p>\n","protected":false},"excerpt":{"rendered":"<p>Peut-on r\u00e9ellement toucher plus de 1 600 euros de retraite sans avoir jamais travaill\u00e9 ? C\u2019est l\u2019histoire \u00e9tonnante d\u2019une femme, aujourd\u2019hui retrait\u00e9e, qui n\u2019a jamais<\/p>\n","protected":false},"author":3,"featured_media":4663,"comment_status":"closed","ping_status":"closed","sticky":false,"template":"","format":"standard","meta":{"footnotes":""},"categories":[1725],"tags":[],"yoast_head":"<!-- This site is optimized with the Yoast SEO plugin v21.0 - https:\/\/yoast.com\/wordpress\/plugins\/seo\/ -->\n<title>Elle n\u2019a jamais travaill\u00e9, touche 1 600 \u20ac de retraite : son parcours interroge<\/title>\n<meta name=\"robots\" content=\"index, follow, max-snippet:-1, max-image-preview:large, max-video-preview:-1\" \/>\n<link rel=\"canonical\" href=\"https:\/\/www.svalbard.fr\/actualites\/elle-na-jamais-travaille-touche-1-600-e-de-retraite-son-parcours-interroge\/\" \/>\n<meta property=\"og:locale\" content=\"fr_FR\" \/>\n<meta property=\"og:type\" content=\"article\" \/>\n<meta property=\"og:title\" content=\"Elle n\u2019a jamais travaill\u00e9, touche 1 600 \u20ac de retraite : son parcours interroge\" \/>\n<meta property=\"og:description\" content=\"Peut-on r\u00e9ellement toucher plus de 1 600 euros de retraite sans avoir jamais travaill\u00e9 ? C\u2019est l\u2019histoire \u00e9tonnante d\u2019une femme, aujourd\u2019hui retrait\u00e9e, qui n\u2019a jamais\" \/>\n<meta property=\"og:url\" content=\"https:\/\/www.svalbard.fr\/actualites\/elle-na-jamais-travaille-touche-1-600-e-de-retraite-son-parcours-interroge\/\" \/>\n<meta property=\"og:site_name\" content=\"www.Svalbard.fr\" \/>\n<meta property=\"article:published_time\" content=\"2025-07-12T06:30:00+00:00\" \/>\n<meta property=\"article:modified_time\" content=\"2025-07-09T06:54:43+00:00\" \/>\n<meta property=\"og:image\" content=\"https:\/\/www.svalbard.fr\/actualites\/wp-content\/uploads\/2025\/07\/je-nai-jamais-travaille-de-ma-vie-et-je-touche-quand-meme-plus-de-1600e-a-la-retraite.jpg\" \/>\n\t<meta property=\"og:image:width\" content=\"1200\" \/>\n\t<meta property=\"og:image:height\" content=\"675\" \/>\n\t<meta property=\"og:image:type\" content=\"image\/jpeg\" \/>\n<meta name=\"author\" content=\"Guillaume Chen\" \/>\n<meta name=\"twitter:card\" content=\"summary_large_image\" \/>\n<meta name=\"twitter:label1\" content=\"\u00c9crit par\" \/>\n\t<meta name=\"twitter:data1\" content=\"Guillaume Chen\" \/>\n\t<meta name=\"twitter:label2\" content=\"Dur\u00e9e de lecture estim\u00e9e\" \/>\n\t<meta name=\"twitter:data2\" content=\"4 minutes\" \/>\n<script type=\"application\/ld+json\" class=\"yoast-schema-graph\">{\"@context\":\"https:\/\/schema.org\",\"@graph\":[{\"@type\":\"Article\",\"@id\":\"https:\/\/www.svalbard.fr\/actualites\/elle-na-jamais-travaille-touche-1-600-e-de-retraite-son-parcours-interroge\/#article\",\"isPartOf\":{\"@id\":\"https:\/\/www.svalbard.fr\/actualites\/elle-na-jamais-travaille-touche-1-600-e-de-retraite-son-parcours-interroge\/\"},\"author\":{\"name\":\"Guillaume Chen\",\"@id\":\"https:\/\/www.svalbard.fr\/actualites\/#\/schema\/person\/b9d185560b94bff7322d37cb676ee545\"},\"headline\":\"Elle n\u2019a jamais travaill\u00e9, touche 1 600 \u20ac de retraite : son parcours interroge\",\"datePublished\":\"2025-07-12T06:30:00+00:00\",\"dateModified\":\"2025-07-09T06:54:43+00:00\",\"mainEntityOfPage\":{\"@id\":\"https:\/\/www.svalbard.fr\/actualites\/elle-na-jamais-travaille-touche-1-600-e-de-retraite-son-parcours-interroge\/\"},\"wordCount\":706,\"publisher\":{\"@id\":\"https:\/\/www.svalbard.fr\/actualites\/#organization\"},\"articleSection\":[\"Tendances\"],\"inLanguage\":\"fr-FR\"},{\"@type\":\"WebPage\",\"@id\":\"https:\/\/www.svalbard.fr\/actualites\/elle-na-jamais-travaille-touche-1-600-e-de-retraite-son-parcours-interroge\/\",\"url\":\"https:\/\/www.svalbard.fr\/actualites\/elle-na-jamais-travaille-touche-1-600-e-de-retraite-son-parcours-interroge\/\",\"name\":\"Elle n\u2019a jamais travaill\u00e9, touche 1 600 \u20ac de retraite : son parcours interroge\",\"isPartOf\":{\"@id\":\"https:\/\/www.svalbard.fr\/actualites\/#website\"},\"datePublished\":\"2025-07-12T06:30:00+00:00\",\"dateModified\":\"2025-07-09T06:54:43+00:00\",\"breadcrumb\":{\"@id\":\"https:\/\/www.svalbard.fr\/actualites\/elle-na-jamais-travaille-touche-1-600-e-de-retraite-son-parcours-interroge\/#breadcrumb\"},\"inLanguage\":\"fr-FR\",\"potentialAction\":[{\"@type\":\"ReadAction\",\"target\":[\"https:\/\/www.svalbard.fr\/actualites\/elle-na-jamais-travaille-touche-1-600-e-de-retraite-son-parcours-interroge\/\"]}]},{\"@type\":\"BreadcrumbList\",\"@id\":\"https:\/\/www.svalbard.fr\/actualites\/elle-na-jamais-travaille-touche-1-600-e-de-retraite-son-parcours-interroge\/#breadcrumb\",\"itemListElement\":[{\"@type\":\"ListItem\",\"position\":1,\"name\":\"Accueil\",\"item\":\"https:\/\/www.svalbard.fr\/actualites\/\"},{\"@type\":\"ListItem\",\"position\":2,\"name\":\"Elle n\u2019a jamais travaill\u00e9, touche 1 600 \u20ac de retraite : son parcours interroge\"}]},{\"@type\":\"WebSite\",\"@id\":\"https:\/\/www.svalbard.fr\/actualites\/#website\",\"url\":\"https:\/\/www.svalbard.fr\/actualites\/\",\"name\":\"www.Svalbard.fr\",\"description\":\"\",\"publisher\":{\"@id\":\"https:\/\/www.svalbard.fr\/actualites\/#organization\"},\"potentialAction\":[{\"@type\":\"SearchAction\",\"target\":{\"@type\":\"EntryPoint\",\"urlTemplate\":\"https:\/\/www.svalbard.fr\/actualites\/?s={search_term_string}\"},\"query-input\":\"required name=search_term_string\"}],\"inLanguage\":\"fr-FR\"},{\"@type\":\"Organization\",\"@id\":\"https:\/\/www.svalbard.fr\/actualites\/#organization\",\"name\":\"www.Svalbard.fr\",\"url\":\"https:\/\/www.svalbard.fr\/actualites\/\",\"logo\":{\"@type\":\"ImageObject\",\"inLanguage\":\"fr-FR\",\"@id\":\"https:\/\/www.svalbard.fr\/actualites\/#\/schema\/logo\/image\/\",\"url\":\"https:\/\/www.svalbard.fr\/actualites\/wp-content\/uploads\/2023\/09\/head-nom.jpg\",\"contentUrl\":\"https:\/\/www.svalbard.fr\/actualites\/wp-content\/uploads\/2023\/09\/head-nom.jpg\",\"width\":264,\"height\":35,\"caption\":\"www.Svalbard.fr\"},\"image\":{\"@id\":\"https:\/\/www.svalbard.fr\/actualites\/#\/schema\/logo\/image\/\"}},{\"@type\":\"Person\",\"@id\":\"https:\/\/www.svalbard.fr\/actualites\/#\/schema\/person\/b9d185560b94bff7322d37cb676ee545\",\"name\":\"Guillaume Chen\",\"image\":{\"@type\":\"ImageObject\",\"inLanguage\":\"fr-FR\",\"@id\":\"https:\/\/www.svalbard.fr\/actualites\/#\/schema\/person\/image\/\",\"url\":\"https:\/\/secure.gravatar.com\/avatar\/0c3f9c94586035b795ad4049a06fb048?s=96&d=mm&r=g\",\"contentUrl\":\"https:\/\/secure.gravatar.com\/avatar\/0c3f9c94586035b795ad4049a06fb048?s=96&d=mm&r=g\",\"caption\":\"Guillaume Chen\"},\"sameAs\":[\"https:\/\/www.svalbard.fr\/\"]}]}<\/script>\n<!-- \/ Yoast SEO plugin. -->","yoast_head_json":{"title":"Elle n\u2019a jamais travaill\u00e9, touche 1 600 \u20ac de retraite : son parcours interroge","robots":{"index":"index","follow":"follow","max-snippet":"max-snippet:-1","max-image-preview":"max-image-preview:large","max-video-preview":"max-video-preview:-1"},"canonical":"https:\/\/www.svalbard.fr\/actualites\/elle-na-jamais-travaille-touche-1-600-e-de-retraite-son-parcours-interroge\/","og_locale":"fr_FR","og_type":"article","og_title":"Elle n\u2019a jamais travaill\u00e9, touche 1 600 \u20ac de retraite : son parcours interroge","og_description":"Peut-on r\u00e9ellement toucher plus de 1 600 euros de retraite sans avoir jamais travaill\u00e9 ? C\u2019est l\u2019histoire \u00e9tonnante d\u2019une femme, aujourd\u2019hui retrait\u00e9e, qui n\u2019a jamais","og_url":"https:\/\/www.svalbard.fr\/actualites\/elle-na-jamais-travaille-touche-1-600-e-de-retraite-son-parcours-interroge\/","og_site_name":"www.Svalbard.fr","article_published_time":"2025-07-12T06:30:00+00:00","article_modified_time":"2025-07-09T06:54:43+00:00","og_image":[{"width":1200,"height":675,"url":"https:\/\/www.svalbard.fr\/actualites\/wp-content\/uploads\/2025\/07\/je-nai-jamais-travaille-de-ma-vie-et-je-touche-quand-meme-plus-de-1600e-a-la-retraite.jpg","type":"image\/jpeg"}],"author":"Guillaume Chen","twitter_card":"summary_large_image","twitter_misc":{"\u00c9crit par":"Guillaume Chen","Dur\u00e9e de lecture estim\u00e9e":"4 minutes"},"schema":{"@context":"https:\/\/schema.org","@graph":[{"@type":"Article","@id":"https:\/\/www.svalbard.fr\/actualites\/elle-na-jamais-travaille-touche-1-600-e-de-retraite-son-parcours-interroge\/#article","isPartOf":{"@id":"https:\/\/www.svalbard.fr\/actualites\/elle-na-jamais-travaille-touche-1-600-e-de-retraite-son-parcours-interroge\/"},"author":{"name":"Guillaume Chen","@id":"https:\/\/www.svalbard.fr\/actualites\/#\/schema\/person\/b9d185560b94bff7322d37cb676ee545"},"headline":"Elle n\u2019a jamais travaill\u00e9, touche 1 600 \u20ac de retraite : son parcours interroge","datePublished":"2025-07-12T06:30:00+00:00","dateModified":"2025-07-09T06:54:43+00:00","mainEntityOfPage":{"@id":"https:\/\/www.svalbard.fr\/actualites\/elle-na-jamais-travaille-touche-1-600-e-de-retraite-son-parcours-interroge\/"},"wordCount":706,"publisher":{"@id":"https:\/\/www.svalbard.fr\/actualites\/#organization"},"articleSection":["Tendances"],"inLanguage":"fr-FR"},{"@type":"WebPage","@id":"https:\/\/www.svalbard.fr\/actualites\/elle-na-jamais-travaille-touche-1-600-e-de-retraite-son-parcours-interroge\/","url":"https:\/\/www.svalbard.fr\/actualites\/elle-na-jamais-travaille-touche-1-600-e-de-retraite-son-parcours-interroge\/","name":"Elle n\u2019a jamais travaill\u00e9, touche 1 600 \u20ac de retraite : son parcours interroge","isPartOf":{"@id":"https:\/\/www.svalbard.fr\/actualites\/#website"},"datePublished":"2025-07-12T06:30:00+00:00","dateModified":"2025-07-09T06:54:43+00:00","breadcrumb":{"@id":"https:\/\/www.svalbard.fr\/actualites\/elle-na-jamais-travaille-touche-1-600-e-de-retraite-son-parcours-interroge\/#breadcrumb"},"inLanguage":"fr-FR","potentialAction":[{"@type":"ReadAction","target":["https:\/\/www.svalbard.fr\/actualites\/elle-na-jamais-travaille-touche-1-600-e-de-retraite-son-parcours-interroge\/"]}]},{"@type":"BreadcrumbList","@id":"https:\/\/www.svalbard.fr\/actualites\/elle-na-jamais-travaille-touche-1-600-e-de-retraite-son-parcours-interroge\/#breadcrumb","itemListElement":[{"@type":"ListItem","position":1,"name":"Accueil","item":"https:\/\/www.svalbard.fr\/actualites\/"},{"@type":"ListItem","position":2,"name":"Elle n\u2019a jamais travaill\u00e9, touche 1 600 \u20ac de retraite : son parcours interroge"}]},{"@type":"WebSite","@id":"https:\/\/www.svalbard.fr\/actualites\/#website","url":"https:\/\/www.svalbard.fr\/actualites\/","name":"www.Svalbard.fr","description":"","publisher":{"@id":"https:\/\/www.svalbard.fr\/actualites\/#organization"},"potentialAction":[{"@type":"SearchAction","target":{"@type":"EntryPoint","urlTemplate":"https:\/\/www.svalbard.fr\/actualites\/?s={search_term_string}"},"query-input":"required name=search_term_string"}],"inLanguage":"fr-FR"},{"@type":"Organization","@id":"https:\/\/www.svalbard.fr\/actualites\/#organization","name":"www.Svalbard.fr","url":"https:\/\/www.svalbard.fr\/actualites\/","logo":{"@type":"ImageObject","inLanguage":"fr-FR","@id":"https:\/\/www.svalbard.fr\/actualites\/#\/schema\/logo\/image\/","url":"https:\/\/www.svalbard.fr\/actualites\/wp-content\/uploads\/2023\/09\/head-nom.jpg","contentUrl":"https:\/\/www.svalbard.fr\/actualites\/wp-content\/uploads\/2023\/09\/head-nom.jpg","width":264,"height":35,"caption":"www.Svalbard.fr"},"image":{"@id":"https:\/\/www.svalbard.fr\/actualites\/#\/schema\/logo\/image\/"}},{"@type":"Person","@id":"https:\/\/www.svalbard.fr\/actualites\/#\/schema\/person\/b9d185560b94bff7322d37cb676ee545","name":"Guillaume Chen","image":{"@type":"ImageObject","inLanguage":"fr-FR","@id":"https:\/\/www.svalbard.fr\/actualites\/#\/schema\/person\/image\/","url":"https:\/\/secure.gravatar.com\/avatar\/0c3f9c94586035b795ad4049a06fb048?s=96&d=mm&r=g","contentUrl":"https:\/\/secure.gravatar.com\/avatar\/0c3f9c94586035b795ad4049a06fb048?s=96&d=mm&r=g","caption":"Guillaume Chen"},"sameAs":["https:\/\/www.svalbard.fr\/"]}]}},"_links":{"self":[{"href":"https:\/\/www.svalbard.fr\/actualites\/wp-json\/wp\/v2\/posts\/4662"}],"collection":[{"href":"https:\/\/www.svalbard.fr\/actualites\/wp-json\/wp\/v2\/posts"}],"about":[{"href":"https:\/\/www.svalbard.fr\/actualites\/wp-json\/wp\/v2\/types\/post"}],"author":[{"embeddable":true,"href":"https:\/\/www.svalbard.fr\/actualites\/wp-json\/wp\/v2\/users\/3"}],"replies":[{"embeddable":true,"href":"https:\/\/www.svalbard.fr\/actualites\/wp-json\/wp\/v2\/comments?post=4662"}],"version-history":[{"count":1,"href":"https:\/\/www.svalbard.fr\/actualites\/wp-json\/wp\/v2\/posts\/4662\/revisions"}],"predecessor-version":[{"id":4664,"href":"https:\/\/www.svalbard.fr\/actualites\/wp-json\/wp\/v2\/posts\/4662\/revisions\/4664"}],"wp:featuredmedia":[{"embeddable":true,"href":"https:\/\/www.svalbard.fr\/actualites\/wp-json\/wp\/v2\/media\/4663"}],"wp:attachment":[{"href":"https:\/\/www.svalbard.fr\/actualites\/wp-json\/wp\/v2\/media?parent=4662"}],"wp:term":[{"taxonomy":"category","embeddable":true,"href":"https:\/\/www.svalbard.fr\/actualites\/wp-json\/wp\/v2\/categories?post=4662"},{"taxonomy":"post_tag","embeddable":true,"href":"https:\/\/www.svalbard.fr\/actualites\/wp-json\/wp\/v2\/tags?post=4662"}],"curies":[{"name":"wp","href":"https:\/\/api.w.org\/{rel}","templated":true}]}}