{"id":4691,"date":"2025-07-11T09:38:24","date_gmt":"2025-07-11T07:38:24","guid":{"rendered":"https:\/\/www.svalbard.fr\/actualites\/podcast-89-comment-etre-norvegien\/"},"modified":"2025-07-11T09:38:24","modified_gmt":"2025-07-11T07:38:24","slug":"podcast-89-comment-etre-norvegien","status":"publish","type":"post","link":"https:\/\/www.svalbard.fr\/actualites\/podcast-89-comment-etre-norvegien\/","title":{"rendered":"Podcast 89: Comment \u00eatre norv\u00e9gien"},"content":{"rendered":"<div itemprop=\"text\">\n\t\t\t<span id=\"dpsp-post-content-markup\" data-image-pin-it=\"false\"><\/span><\/p>\n<p class=\"intro\">La vie en norv\u00e9giste \u00e9pisode 89: Ami de l&#39;\u00e9mission Lorelou Desjardins est de retour pour parler de devenir citoyen norv\u00e9gien et de son dernier livre, \u00abHow to Be Norwegian\u00bb.<\/p>\n<p>Lorelou de \u00abA Frog in the Fjord\u00bb est toujours un invit\u00e9 populaire dans la s\u00e9rie. Comme elle vient d&#39;\u00e9crire et de publier un nouveau livre, c&#39;\u00e9tait comme le moment id\u00e9al pour l&#39;inviter \u00e0 parler de tout ce qui est la culture norv\u00e9gienne.<\/p>\n<figure class=\"wp-block-image size-large\"><img data-lazyloaded=\"1\" data-placeholder-resp=\"768x420\" fetchpriority=\"high\" decoding=\"async\" width=\"768\" height=\"420\" src=\"https:\/\/www.svalbard.fr\/actualites\/wp-content\/uploads\/2025\/06\/Comment-faire-la-fete-comme-un-norvegien.jpg\" alt=\"Lorelou Desjardins et son livre \u00abHow to Be Norwegian\u00bb.\" class=\"wp-image-84032\"  data-><noscript><img fetchpriority=\"high\" decoding=\"async\" width=\"768\" height=\"420\" src=\"https:\/\/www.svalbard.fr\/actualites\/wp-content\/uploads\/2025\/06\/Comment-faire-la-fete-comme-un-norvegien.jpg\" alt=\"Lorelou Desjardins et son livre \u00abHow to Be Norwegian\u00bb.\" class=\"wp-image-84032\"  ><\/noscript><\/figure>\n<p>Nous parlons de son propre voyage pour devenir citoyenne norv\u00e9gienne et de certaines des id\u00e9es culturelles qu&#39;elle partage dans son nouveau livre, \u00abComment \u00eatre norv\u00e9gien\u00bb.<\/p>\n<h2 class=\"wp-block-heading\">\u00c9coutez le spectacle<\/h2>\n<p>Vous pouvez \u00e9couter l&#39;\u00e9mission en utilisant le lecteur Web ci-dessous, ou sur votre lecteur de podcast de choix. Cela comprend les podcasts Apple, Audible et Spotify. Recherchez simplement \u00abla vie en Norv\u00e8ge\u00bb sur votre plate-forme de choix pour commencer.<\/p>\n<p><iframe loading=\"lazy\" title=\"Embed Player\" src=\"https:\/\/play.libsyn.com\/embed\/episode\/id\/37371460\/height\/192\/theme\/modern\/size\/large\/thumbnail\/yes\/custom-color\/8c1414\/time-start\/00:00:00\/playlist-height\/200\/direction\/backward\/download\/yes\/font-color\/FFFFFF\" height=\"192\" width=\"100%\" scrolling=\"no\" allowfullscreen=\"\" webkitallowfullscreen=\"true\" mozallowfullscreen=\"true\" oallowfullscreen=\"true\" msallowfullscreen=\"true\" style=\"border: medium;\"><\/iframe><\/p>\n<p>O\u00f9 que vous \u00e9coutiez, n&#39;oubliez pas de frapper \u00ab\u00a0 vous abonner &#39;&#39; afin de ne pas manquer un futur \u00e9pisode.<\/p>\n<h2 class=\"wp-block-heading\">Pr\u00e9sentation de Lorelou<\/h2>\n<p>Lorelou Desjardins est un avocat, \u00e9crivain et blogueur fran\u00e7ais qui vit en Norv\u00e8ge depuis 2009, apr\u00e8s un voyage mondial \u00e0 travers sept pays.<\/p>\n<p>Surtout connu pour son blog \u00abA Frog in the Fjord\u00bb et ses fr\u00e9quentes contributions au journal norv\u00e9gien <em>Vg<\/em>elle partage des r\u00e9flexions humoristiques et r\u00e9fl\u00e9chies sur la vie en Norv\u00e8ge et ce qu&#39;il faut pour s&#39;int\u00e9grer dans la culture.<\/p>\n<p>\u00c0 travers des livres, des colonnes de journaux, des ateliers et m\u00eame des conf\u00e9rences TEDX, LoreLou aide le public international \u00e0 comprendre tout de <em>frileftsliv<\/em> aux subtilit\u00e9s du lieu de travail norv\u00e9gien.<\/p>\n<h2 class=\"wp-block-heading\">Devenir citoyen norv\u00e9gien<\/h2>\n<p>Lorelou et moi sommes devenus des citoyens norv\u00e9giens au cours des derni\u00e8res ann\u00e9es. En tant que tel, je tenais \u00e0 d\u00e9couvrir son expeirence du processus de demande, ce qui ne s&#39;est pas bien pass\u00e9 que le mien!<\/p>\n<p>Elle partage \u00e9galement un mot d&#39;avertissement de postuler pour la citoyennet\u00e9 norv\u00e9gienne, qui peut tr\u00e9bucher les gens avec un certain type d&#39;emploi.<\/p>\n<p>Lorelou explique qu&#39;elle \u00abressent\u00bb maintenant le norv\u00e9gien, et ce sentiment n&#39;est am\u00e9lior\u00e9 que lorsqu&#39;elle visite la France.<\/p>\n<h2 class=\"wp-block-heading\">Une plong\u00e9e profonde dans la culture norv\u00e9gienne<\/h2>\n<p>J&#39;ai d\u00e9crit le nouveau livre de LoreLou \u00abComment \u00eatre norv\u00e9gien\u00bb comme un \u00abguide culturel\u00bb. Plut\u00f4t qu&#39;une suite de la populaire \u00ab\u00a0 A Frog in the Fjord: One Year in Norway &#39;&#39;, le nouveau livre est un guide plein d&#39;esprit de la culture norv\u00e9gienne, pleine d&#39;id\u00e9es utiles et d&#39;illustrations dr\u00f4les.<\/p>\n<p>Curieux du livre? Vous pouvez en fait lire un extrait ici sur la vie en Norv\u00e8ge. Lorelou a eu la gentillesse de me laisser republier son court chapitre sur la fa\u00e7on de faire la f\u00eate comme un norv\u00e9gien.<\/p>\n<h2 class=\"wp-block-heading\">Liens du spectacle<\/h2>\n<\/p><\/div>\n","protected":false},"excerpt":{"rendered":"<p>La vie en norv\u00e9giste \u00e9pisode 89: Ami de l&#39;\u00e9mission Lorelou Desjardins est de retour pour parler de devenir citoyen norv\u00e9gien et de son dernier livre,<\/p>\n","protected":false},"author":1,"featured_media":4692,"comment_status":"","ping_status":"","sticky":false,"template":"","format":"standard","meta":{"footnotes":""},"categories":[2277],"tags":[323,748,184,631],"yoast_head":"<!-- This site is optimized with the Yoast SEO plugin v21.0 - https:\/\/yoast.com\/wordpress\/plugins\/seo\/ -->\n<title>Podcast 89: Comment \u00eatre norv\u00e9gien<\/title>\n<meta name=\"robots\" content=\"index, follow, max-snippet:-1, max-image-preview:large, max-video-preview:-1\" \/>\n<link rel=\"canonical\" href=\"https:\/\/www.svalbard.fr\/actualites\/podcast-89-comment-etre-norvegien\/\" \/>\n<meta property=\"og:locale\" content=\"fr_FR\" \/>\n<meta property=\"og:type\" content=\"article\" \/>\n<meta property=\"og:title\" content=\"Podcast 89: Comment \u00eatre norv\u00e9gien\" \/>\n<meta property=\"og:description\" content=\"La vie en norv\u00e9giste \u00e9pisode 89: Ami de l&#039;\u00e9mission Lorelou Desjardins est de retour pour parler de devenir citoyen norv\u00e9gien et de son dernier livre,\" \/>\n<meta property=\"og:url\" content=\"https:\/\/www.svalbard.fr\/actualites\/podcast-89-comment-etre-norvegien\/\" \/>\n<meta property=\"og:site_name\" content=\"www.Svalbard.fr\" \/>\n<meta property=\"article:published_time\" content=\"2025-07-11T07:38:24+00:00\" \/>\n<meta property=\"og:image\" content=\"https:\/\/www.svalbard.fr\/actualites\/wp-content\/uploads\/2025\/06\/Comment-faire-la-fete-comme-un-norvegien.jpg\" \/>\n<meta name=\"author\" content=\"Hilmar\" \/>\n<meta name=\"twitter:card\" content=\"summary_large_image\" \/>\n<meta name=\"twitter:label1\" content=\"\u00c9crit par\" \/>\n\t<meta name=\"twitter:data1\" content=\"Hilmar\" \/>\n\t<meta name=\"twitter:label2\" content=\"Dur\u00e9e de lecture estim\u00e9e\" \/>\n\t<meta name=\"twitter:data2\" content=\"2 minutes\" \/>\n<script type=\"application\/ld+json\" class=\"yoast-schema-graph\">{\"@context\":\"https:\/\/schema.org\",\"@graph\":[{\"@type\":\"Article\",\"@id\":\"https:\/\/www.svalbard.fr\/actualites\/podcast-89-comment-etre-norvegien\/#article\",\"isPartOf\":{\"@id\":\"https:\/\/www.svalbard.fr\/actualites\/podcast-89-comment-etre-norvegien\/\"},\"author\":{\"name\":\"Hilmar\",\"@id\":\"https:\/\/www.svalbard.fr\/actualites\/#\/schema\/person\/a2f937d5712222366738fae98755c600\"},\"headline\":\"Podcast 89: Comment \u00eatre norv\u00e9gien\",\"datePublished\":\"2025-07-11T07:38:24+00:00\",\"dateModified\":\"2025-07-11T07:38:24+00:00\",\"mainEntityOfPage\":{\"@id\":\"https:\/\/www.svalbard.fr\/actualites\/podcast-89-comment-etre-norvegien\/\"},\"wordCount\":489,\"publisher\":{\"@id\":\"https:\/\/www.svalbard.fr\/actualites\/#organization\"},\"keywords\":[\"comment\",\"\u00eatre\",\"norv\u00e9gien\",\"Podcast\"],\"inLanguage\":\"fr-FR\"},{\"@type\":\"WebPage\",\"@id\":\"https:\/\/www.svalbard.fr\/actualites\/podcast-89-comment-etre-norvegien\/\",\"url\":\"https:\/\/www.svalbard.fr\/actualites\/podcast-89-comment-etre-norvegien\/\",\"name\":\"Podcast 89: Comment \u00eatre norv\u00e9gien\",\"isPartOf\":{\"@id\":\"https:\/\/www.svalbard.fr\/actualites\/#website\"},\"datePublished\":\"2025-07-11T07:38:24+00:00\",\"dateModified\":\"2025-07-11T07:38:24+00:00\",\"breadcrumb\":{\"@id\":\"https:\/\/www.svalbard.fr\/actualites\/podcast-89-comment-etre-norvegien\/#breadcrumb\"},\"inLanguage\":\"fr-FR\",\"potentialAction\":[{\"@type\":\"ReadAction\",\"target\":[\"https:\/\/www.svalbard.fr\/actualites\/podcast-89-comment-etre-norvegien\/\"]}]},{\"@type\":\"BreadcrumbList\",\"@id\":\"https:\/\/www.svalbard.fr\/actualites\/podcast-89-comment-etre-norvegien\/#breadcrumb\",\"itemListElement\":[{\"@type\":\"ListItem\",\"position\":1,\"name\":\"Accueil\",\"item\":\"https:\/\/www.svalbard.fr\/actualites\/\"},{\"@type\":\"ListItem\",\"position\":2,\"name\":\"Podcast 89: Comment \u00eatre norv\u00e9gien\"}]},{\"@type\":\"WebSite\",\"@id\":\"https:\/\/www.svalbard.fr\/actualites\/#website\",\"url\":\"https:\/\/www.svalbard.fr\/actualites\/\",\"name\":\"www.Svalbard.fr\",\"description\":\"\",\"publisher\":{\"@id\":\"https:\/\/www.svalbard.fr\/actualites\/#organization\"},\"potentialAction\":[{\"@type\":\"SearchAction\",\"target\":{\"@type\":\"EntryPoint\",\"urlTemplate\":\"https:\/\/www.svalbard.fr\/actualites\/?s={search_term_string}\"},\"query-input\":\"required name=search_term_string\"}],\"inLanguage\":\"fr-FR\"},{\"@type\":\"Organization\",\"@id\":\"https:\/\/www.svalbard.fr\/actualites\/#organization\",\"name\":\"www.Svalbard.fr\",\"url\":\"https:\/\/www.svalbard.fr\/actualites\/\",\"logo\":{\"@type\":\"ImageObject\",\"inLanguage\":\"fr-FR\",\"@id\":\"https:\/\/www.svalbard.fr\/actualites\/#\/schema\/logo\/image\/\",\"url\":\"https:\/\/www.svalbard.fr\/actualites\/wp-content\/uploads\/2023\/09\/head-nom.jpg\",\"contentUrl\":\"https:\/\/www.svalbard.fr\/actualites\/wp-content\/uploads\/2023\/09\/head-nom.jpg\",\"width\":264,\"height\":35,\"caption\":\"www.Svalbard.fr\"},\"image\":{\"@id\":\"https:\/\/www.svalbard.fr\/actualites\/#\/schema\/logo\/image\/\"}},{\"@type\":\"Person\",\"@id\":\"https:\/\/www.svalbard.fr\/actualites\/#\/schema\/person\/a2f937d5712222366738fae98755c600\",\"name\":\"Hilmar\",\"image\":{\"@type\":\"ImageObject\",\"inLanguage\":\"fr-FR\",\"@id\":\"https:\/\/www.svalbard.fr\/actualites\/#\/schema\/person\/image\/\",\"url\":\"https:\/\/secure.gravatar.com\/avatar\/4daa437093476dbc32da415c112b6512?s=96&d=mm&r=g\",\"contentUrl\":\"https:\/\/secure.gravatar.com\/avatar\/4daa437093476dbc32da415c112b6512?s=96&d=mm&r=g\",\"caption\":\"Hilmar\"},\"description\":\"Hilmar est un passionn\u00e9 des r\u00e9gions polaires, sp\u00e9cialis\u00e9 dans la r\u00e9daction d'articles sur le Spitzberg et autres destinations arctiques. Il apporte son expertise et sa passion pour l'Arctique au sein de l'\u00e9quipe de r\u00e9daction de Svalbard depuis de nombreuses ann\u00e9es.\",\"sameAs\":[\"https:\/\/www.svalbard.fr\/\"]}]}<\/script>\n<!-- \/ Yoast SEO plugin. -->","yoast_head_json":{"title":"Podcast 89: Comment \u00eatre norv\u00e9gien","robots":{"index":"index","follow":"follow","max-snippet":"max-snippet:-1","max-image-preview":"max-image-preview:large","max-video-preview":"max-video-preview:-1"},"canonical":"https:\/\/www.svalbard.fr\/actualites\/podcast-89-comment-etre-norvegien\/","og_locale":"fr_FR","og_type":"article","og_title":"Podcast 89: Comment \u00eatre norv\u00e9gien","og_description":"La vie en norv\u00e9giste \u00e9pisode 89: Ami de l&#39;\u00e9mission Lorelou Desjardins est de retour pour parler de devenir citoyen norv\u00e9gien et de son dernier livre,","og_url":"https:\/\/www.svalbard.fr\/actualites\/podcast-89-comment-etre-norvegien\/","og_site_name":"www.Svalbard.fr","article_published_time":"2025-07-11T07:38:24+00:00","og_image":[{"url":"https:\/\/www.svalbard.fr\/actualites\/wp-content\/uploads\/2025\/06\/Comment-faire-la-fete-comme-un-norvegien.jpg"}],"author":"Hilmar","twitter_card":"summary_large_image","twitter_misc":{"\u00c9crit par":"Hilmar","Dur\u00e9e de lecture estim\u00e9e":"2 minutes"},"schema":{"@context":"https:\/\/schema.org","@graph":[{"@type":"Article","@id":"https:\/\/www.svalbard.fr\/actualites\/podcast-89-comment-etre-norvegien\/#article","isPartOf":{"@id":"https:\/\/www.svalbard.fr\/actualites\/podcast-89-comment-etre-norvegien\/"},"author":{"name":"Hilmar","@id":"https:\/\/www.svalbard.fr\/actualites\/#\/schema\/person\/a2f937d5712222366738fae98755c600"},"headline":"Podcast 89: Comment \u00eatre norv\u00e9gien","datePublished":"2025-07-11T07:38:24+00:00","dateModified":"2025-07-11T07:38:24+00:00","mainEntityOfPage":{"@id":"https:\/\/www.svalbard.fr\/actualites\/podcast-89-comment-etre-norvegien\/"},"wordCount":489,"publisher":{"@id":"https:\/\/www.svalbard.fr\/actualites\/#organization"},"keywords":["comment","\u00eatre","norv\u00e9gien","Podcast"],"inLanguage":"fr-FR"},{"@type":"WebPage","@id":"https:\/\/www.svalbard.fr\/actualites\/podcast-89-comment-etre-norvegien\/","url":"https:\/\/www.svalbard.fr\/actualites\/podcast-89-comment-etre-norvegien\/","name":"Podcast 89: Comment \u00eatre norv\u00e9gien","isPartOf":{"@id":"https:\/\/www.svalbard.fr\/actualites\/#website"},"datePublished":"2025-07-11T07:38:24+00:00","dateModified":"2025-07-11T07:38:24+00:00","breadcrumb":{"@id":"https:\/\/www.svalbard.fr\/actualites\/podcast-89-comment-etre-norvegien\/#breadcrumb"},"inLanguage":"fr-FR","potentialAction":[{"@type":"ReadAction","target":["https:\/\/www.svalbard.fr\/actualites\/podcast-89-comment-etre-norvegien\/"]}]},{"@type":"BreadcrumbList","@id":"https:\/\/www.svalbard.fr\/actualites\/podcast-89-comment-etre-norvegien\/#breadcrumb","itemListElement":[{"@type":"ListItem","position":1,"name":"Accueil","item":"https:\/\/www.svalbard.fr\/actualites\/"},{"@type":"ListItem","position":2,"name":"Podcast 89: Comment \u00eatre norv\u00e9gien"}]},{"@type":"WebSite","@id":"https:\/\/www.svalbard.fr\/actualites\/#website","url":"https:\/\/www.svalbard.fr\/actualites\/","name":"www.Svalbard.fr","description":"","publisher":{"@id":"https:\/\/www.svalbard.fr\/actualites\/#organization"},"potentialAction":[{"@type":"SearchAction","target":{"@type":"EntryPoint","urlTemplate":"https:\/\/www.svalbard.fr\/actualites\/?s={search_term_string}"},"query-input":"required name=search_term_string"}],"inLanguage":"fr-FR"},{"@type":"Organization","@id":"https:\/\/www.svalbard.fr\/actualites\/#organization","name":"www.Svalbard.fr","url":"https:\/\/www.svalbard.fr\/actualites\/","logo":{"@type":"ImageObject","inLanguage":"fr-FR","@id":"https:\/\/www.svalbard.fr\/actualites\/#\/schema\/logo\/image\/","url":"https:\/\/www.svalbard.fr\/actualites\/wp-content\/uploads\/2023\/09\/head-nom.jpg","contentUrl":"https:\/\/www.svalbard.fr\/actualites\/wp-content\/uploads\/2023\/09\/head-nom.jpg","width":264,"height":35,"caption":"www.Svalbard.fr"},"image":{"@id":"https:\/\/www.svalbard.fr\/actualites\/#\/schema\/logo\/image\/"}},{"@type":"Person","@id":"https:\/\/www.svalbard.fr\/actualites\/#\/schema\/person\/a2f937d5712222366738fae98755c600","name":"Hilmar","image":{"@type":"ImageObject","inLanguage":"fr-FR","@id":"https:\/\/www.svalbard.fr\/actualites\/#\/schema\/person\/image\/","url":"https:\/\/secure.gravatar.com\/avatar\/4daa437093476dbc32da415c112b6512?s=96&d=mm&r=g","contentUrl":"https:\/\/secure.gravatar.com\/avatar\/4daa437093476dbc32da415c112b6512?s=96&d=mm&r=g","caption":"Hilmar"},"description":"Hilmar est un passionn\u00e9 des r\u00e9gions polaires, sp\u00e9cialis\u00e9 dans la r\u00e9daction d'articles sur le Spitzberg et autres destinations arctiques. Il apporte son expertise et sa passion pour l'Arctique au sein de l'\u00e9quipe de r\u00e9daction de Svalbard depuis de nombreuses ann\u00e9es.","sameAs":["https:\/\/www.svalbard.fr\/"]}]}},"_links":{"self":[{"href":"https:\/\/www.svalbard.fr\/actualites\/wp-json\/wp\/v2\/posts\/4691"}],"collection":[{"href":"https:\/\/www.svalbard.fr\/actualites\/wp-json\/wp\/v2\/posts"}],"about":[{"href":"https:\/\/www.svalbard.fr\/actualites\/wp-json\/wp\/v2\/types\/post"}],"author":[{"embeddable":true,"href":"https:\/\/www.svalbard.fr\/actualites\/wp-json\/wp\/v2\/users\/1"}],"replies":[{"embeddable":true,"href":"https:\/\/www.svalbard.fr\/actualites\/wp-json\/wp\/v2\/comments?post=4691"}],"version-history":[{"count":0,"href":"https:\/\/www.svalbard.fr\/actualites\/wp-json\/wp\/v2\/posts\/4691\/revisions"}],"wp:featuredmedia":[{"embeddable":true,"href":"https:\/\/www.svalbard.fr\/actualites\/wp-json\/wp\/v2\/media\/4692"}],"wp:attachment":[{"href":"https:\/\/www.svalbard.fr\/actualites\/wp-json\/wp\/v2\/media?parent=4691"}],"wp:term":[{"taxonomy":"category","embeddable":true,"href":"https:\/\/www.svalbard.fr\/actualites\/wp-json\/wp\/v2\/categories?post=4691"},{"taxonomy":"post_tag","embeddable":true,"href":"https:\/\/www.svalbard.fr\/actualites\/wp-json\/wp\/v2\/tags?post=4691"}],"curies":[{"name":"wp","href":"https:\/\/api.w.org\/{rel}","templated":true}]}}