{"id":4706,"date":"2025-07-14T15:30:00","date_gmt":"2025-07-14T13:30:00","guid":{"rendered":"https:\/\/www.svalbard.fr\/actualites\/?p=4706"},"modified":"2025-07-14T08:27:22","modified_gmt":"2025-07-14T06:27:22","slug":"etre-considere-comme-un-retraite-aise-a-partir-de-quel-montant-mensuel","status":"publish","type":"post","link":"https:\/\/www.svalbard.fr\/actualites\/etre-considere-comme-un-retraite-aise-a-partir-de-quel-montant-mensuel\/","title":{"rendered":"\u00catre consid\u00e9r\u00e9 comme un retrait\u00e9 ais\u00e9 : \u00e0 partir de quel montant mensuel ?"},"content":{"rendered":"\n<p><em><strong>Vivre une retraite paisible, c\u2019est le r\u00eave de beaucoup. Mais entre le montant des pensions, le lieu de r\u00e9sidence et les d\u00e9penses qui s\u2019envolent, \u00eatre un retrait\u00e9 \u00ab\u00a0\u00e0 l\u2019aise\u00a0\u00bb n\u2019est pas aussi simple qu\u2019on l\u2019imagine. Alors, \u00e0 partir de quel revenu peut-on dire qu\u2019un retrait\u00e9 m\u00e8ne une vie confortable ? Et surtout, quels sont les crit\u00e8res \u00e0 prendre en compte pour \u00e9valuer ce fameux \u00ab\u00a0bon niveau de vie\u00a0\u00bb ?<\/strong><\/em><\/p>\n\n\n\n<!--more-->\n\n\n\n<h2 class=\"wp-block-heading\">Une question de chiffres\u2026 mais pas seulement<\/h2>\n\n\n\n<p>En 2025, la pension moyenne en France tourne autour de <strong>1 626 \u20ac brut mensuel<\/strong> (soit environ <strong>1 545 \u20ac net<\/strong>). Un chiffre qui donne un rep\u00e8re, mais reste loin de refl\u00e9ter les disparit\u00e9s. Les <strong>anciens <a href=\"https:\/\/www.svalbard.fr\/actualites\/greve-inedite-chez-lidl-a-paimpol-pourquoi-les-salaries-ne-lachent-rien\/\">salari\u00e9s<\/a> du priv\u00e9<\/strong> per\u00e7oivent souvent des montants proches de cette moyenne. Les <strong>ind\u00e9pendants ou artisans<\/strong>, eux, doivent souvent se contenter de pensions plus modestes, cons\u00e9quence de cotisations moindres durant leur vie active. \u00c0 l\u2019inverse, les <strong>fonctionnaires<\/strong>, dont la retraite est calcul\u00e9e sur la base du dernier traitement, d\u00e9passent fr\u00e9quemment les <strong>2 000 \u20ac mensuels<\/strong>.<\/p>\n\n\n\n<p>Mais attention \u00e0 l\u2019illusion d\u2019optique : ces chiffres ne disent rien des <strong>d\u00e9penses incompressibles<\/strong>, ni des besoins sp\u00e9cifiques li\u00e9s \u00e0 l\u2019\u00e2ge.<\/p>\n\n\n\n<h2 class=\"wp-block-heading\">Des revenus annexes qui changent la donne<\/h2>\n\n\n\n<p>Certains retrait\u00e9s ne se contentent pas de leur pension : <strong>revenus locatifs<\/strong>, <strong>placements financiers<\/strong> ou <strong>consulting ponctuel<\/strong> viennent souvent gonfler leur pouvoir d\u2019achat. Ce n\u2019est pas rare de croiser d\u2019anciens cadres qui continuent \u00e0 travailler \u00e0 temps partiel ou \u00e0 partager leur expertise en freelance, par go\u00fbt mais aussi par n\u00e9cessit\u00e9.<\/p>\n\n\n\n<p>Les <strong>assurances-vie<\/strong>, <strong>investissements en bourse<\/strong>, ou encore <strong>\u00e9pargnes retraites<\/strong> peuvent aussi offrir une vraie respiration financi\u00e8re. Ces compl\u00e9ments permettent non seulement de <strong>maintenir un bon niveau de vie<\/strong>, mais aussi de conserver un sentiment de libert\u00e9.<\/p>\n\n\n\n<h2 class=\"wp-block-heading\">Tout d\u00e9pend d\u2019o\u00f9 l\u2019on vit<\/h2>\n\n\n\n<p>Un m\u00eame montant n\u2019offre pas le m\u00eame confort partout. <strong>3 000 \u20ac \u00e0 Paris<\/strong>, ce n\u2019est pas <strong>3 000 \u20ac \u00e0 Rodez<\/strong>. Dans les grandes villes, les charges explosent : <strong>loyer<\/strong>, <strong>alimentation<\/strong>, <strong>sant\u00e9<\/strong>&#8230; Tandis qu\u2019en milieu rural, les prix sont souvent plus doux, permettant un meilleur \u00e9quilibre budg\u00e9taire.<\/p>\n\n\n\n<p>Un retrait\u00e9 francilien pourra avoir du mal \u00e0 finir ses mois avec ce que d&rsquo;autres consid\u00e8rent comme un revenu ais\u00e9. \u00c0 l\u2019inverse, <strong>un retrait\u00e9 install\u00e9 dans une petite ville ou un village<\/strong> pourra vivre tr\u00e8s confortablement avec une somme bien moindre.<\/p>\n\n\n\n<h2 class=\"wp-block-heading\">Le seuil symbolique des 3 000 \u20ac<\/h2>\n\n\n\n<p>Selon plusieurs \u00e9tudes, <strong>au-del\u00e0 de 2 000 \u20ac brut par mois<\/strong>, on commence \u00e0 parler d\u2019un certain confort. \u00c0 <strong>3 000 \u20ac mensuels<\/strong>, on atteint g\u00e9n\u00e9ralement une zone o\u00f9 les contraintes financi\u00e8res s\u2019effacent : <strong>voyages r\u00e9guliers<\/strong>, <strong>loisirs sans culpabilit\u00e9<\/strong>, <strong>acc\u00e8s aux meilleurs soins<\/strong>&#8230; bref, la possibilit\u00e9 de profiter pleinement de sa retraite.<\/p>\n\n\n\n<p>Ce niveau de revenu permet \u00e9galement de <strong>pr\u00e9voir sereinement l\u2019avenir<\/strong>, d\u2019investir, ou m\u00eame d\u2019aider ses enfants ou petits-enfants. Mais ce seuil est \u00e0 relativiser : il ne suffit pas d\u2019une somme sur un relev\u00e9 bancaire pour que tout roule.<\/p>\n\n\n\n<h2 class=\"wp-block-heading\">Une fracture toujours aussi marqu\u00e9e entre hommes et femmes<\/h2>\n\n\n\n<p>C\u2019est un fait : <strong>les femmes retrait\u00e9es restent nettement d\u00e9savantag\u00e9es<\/strong>. En moyenne, elles touchent <strong>pr\u00e8s de 40 % de moins que les hommes<\/strong>. Une in\u00e9galit\u00e9 qui s\u2019explique par des carri\u00e8res plus fragment\u00e9es, des temps partiels, des salaires moindres. La <strong>pension de r\u00e9version<\/strong> att\u00e9nue un peu cette diff\u00e9rence, mais ne gomme pas la r\u00e9alit\u00e9 : beaucoup de <strong><a href=\"https:\/\/www.svalbard.fr\/actualites\/suisse-lecart-salarial-hommes-femmes-en-2024-reste-choquant-malgre-les-lois\/\">femmes<\/a> <\/strong>\u00e2g\u00e9es vivent dans une <strong>pr\u00e9carit\u00e9 silencieuse<\/strong>.<\/p>\n\n\n\n<p>Et pour celles qui n\u2019ont pas de patrimoine \u00e0 faire valoir, la situation peut vite devenir pr\u00e9occupante, surtout en cas de d\u00e9penses impr\u00e9vues ou de perte d\u2019autonomie.<\/p>\n\n\n\n<h2 class=\"wp-block-heading\">Inflation et revalorisation : une course-poursuite<\/h2>\n\n\n\n<p>Chaque ann\u00e9e, les pensions sont l\u00e9g\u00e8rement revaloris\u00e9es. En 2025, la hausse pr\u00e9vue est de <strong>2,2 %<\/strong>. Mais dans un contexte o\u00f9 <strong>les prix flambent<\/strong>, cette augmentation ressemble plus \u00e0 un pansement qu\u2019\u00e0 un vrai r\u00e9ajustement. Le <strong>pouvoir d\u2019achat<\/strong> des retrait\u00e9s fond plus vite qu\u2019il ne grimpe.<\/p>\n\n\n\n<p>Les d\u00e9penses li\u00e9es \u00e0 la sant\u00e9, \u00e0 l\u2019\u00e9nergie ou \u00e0 l\u2019alimentation grignotent peu \u00e0 peu le budget. R\u00e9sultat : m\u00eame avec une pension correcte, il faut souvent jongler.<\/p>\n\n\n\n<p><strong>Alors, \u00eatre un retrait\u00e9 ais\u00e9 ?<\/strong> Ce n\u2019est pas qu\u2019une question de chiffres. C\u2019est un \u00e9quilibre, fragile, entre revenus, lieu de vie, sant\u00e9, et surtout, une bonne dose d\u2019anticipation.<\/p>\n","protected":false},"excerpt":{"rendered":"<p>Vivre une retraite paisible, c\u2019est le r\u00eave de beaucoup. Mais entre le montant des pensions, le lieu de r\u00e9sidence et les d\u00e9penses qui s\u2019envolent, \u00eatre<\/p>\n","protected":false},"author":3,"featured_media":4711,"comment_status":"closed","ping_status":"closed","sticky":false,"template":"","format":"standard","meta":{"footnotes":""},"categories":[1725],"tags":[],"yoast_head":"<!-- This site is optimized with the Yoast SEO plugin v21.0 - https:\/\/yoast.com\/wordpress\/plugins\/seo\/ -->\n<title>\u00catre consid\u00e9r\u00e9 comme un retrait\u00e9 ais\u00e9 : \u00e0 partir de quel montant mensuel ?<\/title>\n<meta name=\"robots\" content=\"index, follow, max-snippet:-1, max-image-preview:large, max-video-preview:-1\" \/>\n<link rel=\"canonical\" href=\"https:\/\/www.svalbard.fr\/actualites\/etre-considere-comme-un-retraite-aise-a-partir-de-quel-montant-mensuel\/\" \/>\n<meta property=\"og:locale\" content=\"fr_FR\" \/>\n<meta property=\"og:type\" content=\"article\" \/>\n<meta property=\"og:title\" content=\"\u00catre consid\u00e9r\u00e9 comme un retrait\u00e9 ais\u00e9 : \u00e0 partir de quel montant mensuel ?\" \/>\n<meta property=\"og:description\" content=\"Vivre une retraite paisible, c\u2019est le r\u00eave de beaucoup. Mais entre le montant des pensions, le lieu de r\u00e9sidence et les d\u00e9penses qui s\u2019envolent, \u00eatre\" \/>\n<meta property=\"og:url\" content=\"https:\/\/www.svalbard.fr\/actualites\/etre-considere-comme-un-retraite-aise-a-partir-de-quel-montant-mensuel\/\" \/>\n<meta property=\"og:site_name\" content=\"www.Svalbard.fr\" \/>\n<meta property=\"article:published_time\" content=\"2025-07-14T13:30:00+00:00\" \/>\n<meta property=\"article:modified_time\" content=\"2025-07-14T06:27:22+00:00\" \/>\n<meta property=\"og:image\" content=\"https:\/\/www.svalbard.fr\/actualites\/wp-content\/uploads\/2025\/07\/iStock-874788596.jpg\" \/>\n\t<meta property=\"og:image:width\" content=\"1254\" \/>\n\t<meta property=\"og:image:height\" content=\"836\" \/>\n\t<meta property=\"og:image:type\" content=\"image\/jpeg\" \/>\n<meta name=\"author\" content=\"Guillaume Chen\" \/>\n<meta name=\"twitter:card\" content=\"summary_large_image\" \/>\n<meta name=\"twitter:label1\" content=\"\u00c9crit par\" \/>\n\t<meta name=\"twitter:data1\" content=\"Guillaume Chen\" \/>\n\t<meta name=\"twitter:label2\" content=\"Dur\u00e9e de lecture estim\u00e9e\" \/>\n\t<meta name=\"twitter:data2\" content=\"4 minutes\" \/>\n<script type=\"application\/ld+json\" class=\"yoast-schema-graph\">{\"@context\":\"https:\/\/schema.org\",\"@graph\":[{\"@type\":\"Article\",\"@id\":\"https:\/\/www.svalbard.fr\/actualites\/etre-considere-comme-un-retraite-aise-a-partir-de-quel-montant-mensuel\/#article\",\"isPartOf\":{\"@id\":\"https:\/\/www.svalbard.fr\/actualites\/etre-considere-comme-un-retraite-aise-a-partir-de-quel-montant-mensuel\/\"},\"author\":{\"name\":\"Guillaume Chen\",\"@id\":\"https:\/\/www.svalbard.fr\/actualites\/#\/schema\/person\/b9d185560b94bff7322d37cb676ee545\"},\"headline\":\"\u00catre consid\u00e9r\u00e9 comme un retrait\u00e9 ais\u00e9 : \u00e0 partir de quel montant mensuel ?\",\"datePublished\":\"2025-07-14T13:30:00+00:00\",\"dateModified\":\"2025-07-14T06:27:22+00:00\",\"mainEntityOfPage\":{\"@id\":\"https:\/\/www.svalbard.fr\/actualites\/etre-considere-comme-un-retraite-aise-a-partir-de-quel-montant-mensuel\/\"},\"wordCount\":731,\"publisher\":{\"@id\":\"https:\/\/www.svalbard.fr\/actualites\/#organization\"},\"articleSection\":[\"Tendances\"],\"inLanguage\":\"fr-FR\"},{\"@type\":\"WebPage\",\"@id\":\"https:\/\/www.svalbard.fr\/actualites\/etre-considere-comme-un-retraite-aise-a-partir-de-quel-montant-mensuel\/\",\"url\":\"https:\/\/www.svalbard.fr\/actualites\/etre-considere-comme-un-retraite-aise-a-partir-de-quel-montant-mensuel\/\",\"name\":\"\u00catre consid\u00e9r\u00e9 comme un retrait\u00e9 ais\u00e9 : \u00e0 partir de quel montant mensuel ?\",\"isPartOf\":{\"@id\":\"https:\/\/www.svalbard.fr\/actualites\/#website\"},\"datePublished\":\"2025-07-14T13:30:00+00:00\",\"dateModified\":\"2025-07-14T06:27:22+00:00\",\"breadcrumb\":{\"@id\":\"https:\/\/www.svalbard.fr\/actualites\/etre-considere-comme-un-retraite-aise-a-partir-de-quel-montant-mensuel\/#breadcrumb\"},\"inLanguage\":\"fr-FR\",\"potentialAction\":[{\"@type\":\"ReadAction\",\"target\":[\"https:\/\/www.svalbard.fr\/actualites\/etre-considere-comme-un-retraite-aise-a-partir-de-quel-montant-mensuel\/\"]}]},{\"@type\":\"BreadcrumbList\",\"@id\":\"https:\/\/www.svalbard.fr\/actualites\/etre-considere-comme-un-retraite-aise-a-partir-de-quel-montant-mensuel\/#breadcrumb\",\"itemListElement\":[{\"@type\":\"ListItem\",\"position\":1,\"name\":\"Accueil\",\"item\":\"https:\/\/www.svalbard.fr\/actualites\/\"},{\"@type\":\"ListItem\",\"position\":2,\"name\":\"\u00catre consid\u00e9r\u00e9 comme un retrait\u00e9 ais\u00e9 : \u00e0 partir de quel montant mensuel ?\"}]},{\"@type\":\"WebSite\",\"@id\":\"https:\/\/www.svalbard.fr\/actualites\/#website\",\"url\":\"https:\/\/www.svalbard.fr\/actualites\/\",\"name\":\"www.Svalbard.fr\",\"description\":\"\",\"publisher\":{\"@id\":\"https:\/\/www.svalbard.fr\/actualites\/#organization\"},\"potentialAction\":[{\"@type\":\"SearchAction\",\"target\":{\"@type\":\"EntryPoint\",\"urlTemplate\":\"https:\/\/www.svalbard.fr\/actualites\/?s={search_term_string}\"},\"query-input\":\"required name=search_term_string\"}],\"inLanguage\":\"fr-FR\"},{\"@type\":\"Organization\",\"@id\":\"https:\/\/www.svalbard.fr\/actualites\/#organization\",\"name\":\"www.Svalbard.fr\",\"url\":\"https:\/\/www.svalbard.fr\/actualites\/\",\"logo\":{\"@type\":\"ImageObject\",\"inLanguage\":\"fr-FR\",\"@id\":\"https:\/\/www.svalbard.fr\/actualites\/#\/schema\/logo\/image\/\",\"url\":\"https:\/\/www.svalbard.fr\/actualites\/wp-content\/uploads\/2023\/09\/head-nom.jpg\",\"contentUrl\":\"https:\/\/www.svalbard.fr\/actualites\/wp-content\/uploads\/2023\/09\/head-nom.jpg\",\"width\":264,\"height\":35,\"caption\":\"www.Svalbard.fr\"},\"image\":{\"@id\":\"https:\/\/www.svalbard.fr\/actualites\/#\/schema\/logo\/image\/\"}},{\"@type\":\"Person\",\"@id\":\"https:\/\/www.svalbard.fr\/actualites\/#\/schema\/person\/b9d185560b94bff7322d37cb676ee545\",\"name\":\"Guillaume Chen\",\"image\":{\"@type\":\"ImageObject\",\"inLanguage\":\"fr-FR\",\"@id\":\"https:\/\/www.svalbard.fr\/actualites\/#\/schema\/person\/image\/\",\"url\":\"https:\/\/secure.gravatar.com\/avatar\/0c3f9c94586035b795ad4049a06fb048?s=96&d=mm&r=g\",\"contentUrl\":\"https:\/\/secure.gravatar.com\/avatar\/0c3f9c94586035b795ad4049a06fb048?s=96&d=mm&r=g\",\"caption\":\"Guillaume Chen\"},\"sameAs\":[\"https:\/\/www.svalbard.fr\/\"]}]}<\/script>\n<!-- \/ Yoast SEO plugin. -->","yoast_head_json":{"title":"\u00catre consid\u00e9r\u00e9 comme un retrait\u00e9 ais\u00e9 : \u00e0 partir de quel montant mensuel ?","robots":{"index":"index","follow":"follow","max-snippet":"max-snippet:-1","max-image-preview":"max-image-preview:large","max-video-preview":"max-video-preview:-1"},"canonical":"https:\/\/www.svalbard.fr\/actualites\/etre-considere-comme-un-retraite-aise-a-partir-de-quel-montant-mensuel\/","og_locale":"fr_FR","og_type":"article","og_title":"\u00catre consid\u00e9r\u00e9 comme un retrait\u00e9 ais\u00e9 : \u00e0 partir de quel montant mensuel ?","og_description":"Vivre une retraite paisible, c\u2019est le r\u00eave de beaucoup. Mais entre le montant des pensions, le lieu de r\u00e9sidence et les d\u00e9penses qui s\u2019envolent, \u00eatre","og_url":"https:\/\/www.svalbard.fr\/actualites\/etre-considere-comme-un-retraite-aise-a-partir-de-quel-montant-mensuel\/","og_site_name":"www.Svalbard.fr","article_published_time":"2025-07-14T13:30:00+00:00","article_modified_time":"2025-07-14T06:27:22+00:00","og_image":[{"width":1254,"height":836,"url":"https:\/\/www.svalbard.fr\/actualites\/wp-content\/uploads\/2025\/07\/iStock-874788596.jpg","type":"image\/jpeg"}],"author":"Guillaume Chen","twitter_card":"summary_large_image","twitter_misc":{"\u00c9crit par":"Guillaume Chen","Dur\u00e9e de lecture estim\u00e9e":"4 minutes"},"schema":{"@context":"https:\/\/schema.org","@graph":[{"@type":"Article","@id":"https:\/\/www.svalbard.fr\/actualites\/etre-considere-comme-un-retraite-aise-a-partir-de-quel-montant-mensuel\/#article","isPartOf":{"@id":"https:\/\/www.svalbard.fr\/actualites\/etre-considere-comme-un-retraite-aise-a-partir-de-quel-montant-mensuel\/"},"author":{"name":"Guillaume Chen","@id":"https:\/\/www.svalbard.fr\/actualites\/#\/schema\/person\/b9d185560b94bff7322d37cb676ee545"},"headline":"\u00catre consid\u00e9r\u00e9 comme un retrait\u00e9 ais\u00e9 : \u00e0 partir de quel montant mensuel ?","datePublished":"2025-07-14T13:30:00+00:00","dateModified":"2025-07-14T06:27:22+00:00","mainEntityOfPage":{"@id":"https:\/\/www.svalbard.fr\/actualites\/etre-considere-comme-un-retraite-aise-a-partir-de-quel-montant-mensuel\/"},"wordCount":731,"publisher":{"@id":"https:\/\/www.svalbard.fr\/actualites\/#organization"},"articleSection":["Tendances"],"inLanguage":"fr-FR"},{"@type":"WebPage","@id":"https:\/\/www.svalbard.fr\/actualites\/etre-considere-comme-un-retraite-aise-a-partir-de-quel-montant-mensuel\/","url":"https:\/\/www.svalbard.fr\/actualites\/etre-considere-comme-un-retraite-aise-a-partir-de-quel-montant-mensuel\/","name":"\u00catre consid\u00e9r\u00e9 comme un retrait\u00e9 ais\u00e9 : \u00e0 partir de quel montant mensuel ?","isPartOf":{"@id":"https:\/\/www.svalbard.fr\/actualites\/#website"},"datePublished":"2025-07-14T13:30:00+00:00","dateModified":"2025-07-14T06:27:22+00:00","breadcrumb":{"@id":"https:\/\/www.svalbard.fr\/actualites\/etre-considere-comme-un-retraite-aise-a-partir-de-quel-montant-mensuel\/#breadcrumb"},"inLanguage":"fr-FR","potentialAction":[{"@type":"ReadAction","target":["https:\/\/www.svalbard.fr\/actualites\/etre-considere-comme-un-retraite-aise-a-partir-de-quel-montant-mensuel\/"]}]},{"@type":"BreadcrumbList","@id":"https:\/\/www.svalbard.fr\/actualites\/etre-considere-comme-un-retraite-aise-a-partir-de-quel-montant-mensuel\/#breadcrumb","itemListElement":[{"@type":"ListItem","position":1,"name":"Accueil","item":"https:\/\/www.svalbard.fr\/actualites\/"},{"@type":"ListItem","position":2,"name":"\u00catre consid\u00e9r\u00e9 comme un retrait\u00e9 ais\u00e9 : \u00e0 partir de quel montant mensuel ?"}]},{"@type":"WebSite","@id":"https:\/\/www.svalbard.fr\/actualites\/#website","url":"https:\/\/www.svalbard.fr\/actualites\/","name":"www.Svalbard.fr","description":"","publisher":{"@id":"https:\/\/www.svalbard.fr\/actualites\/#organization"},"potentialAction":[{"@type":"SearchAction","target":{"@type":"EntryPoint","urlTemplate":"https:\/\/www.svalbard.fr\/actualites\/?s={search_term_string}"},"query-input":"required name=search_term_string"}],"inLanguage":"fr-FR"},{"@type":"Organization","@id":"https:\/\/www.svalbard.fr\/actualites\/#organization","name":"www.Svalbard.fr","url":"https:\/\/www.svalbard.fr\/actualites\/","logo":{"@type":"ImageObject","inLanguage":"fr-FR","@id":"https:\/\/www.svalbard.fr\/actualites\/#\/schema\/logo\/image\/","url":"https:\/\/www.svalbard.fr\/actualites\/wp-content\/uploads\/2023\/09\/head-nom.jpg","contentUrl":"https:\/\/www.svalbard.fr\/actualites\/wp-content\/uploads\/2023\/09\/head-nom.jpg","width":264,"height":35,"caption":"www.Svalbard.fr"},"image":{"@id":"https:\/\/www.svalbard.fr\/actualites\/#\/schema\/logo\/image\/"}},{"@type":"Person","@id":"https:\/\/www.svalbard.fr\/actualites\/#\/schema\/person\/b9d185560b94bff7322d37cb676ee545","name":"Guillaume Chen","image":{"@type":"ImageObject","inLanguage":"fr-FR","@id":"https:\/\/www.svalbard.fr\/actualites\/#\/schema\/person\/image\/","url":"https:\/\/secure.gravatar.com\/avatar\/0c3f9c94586035b795ad4049a06fb048?s=96&d=mm&r=g","contentUrl":"https:\/\/secure.gravatar.com\/avatar\/0c3f9c94586035b795ad4049a06fb048?s=96&d=mm&r=g","caption":"Guillaume Chen"},"sameAs":["https:\/\/www.svalbard.fr\/"]}]}},"_links":{"self":[{"href":"https:\/\/www.svalbard.fr\/actualites\/wp-json\/wp\/v2\/posts\/4706"}],"collection":[{"href":"https:\/\/www.svalbard.fr\/actualites\/wp-json\/wp\/v2\/posts"}],"about":[{"href":"https:\/\/www.svalbard.fr\/actualites\/wp-json\/wp\/v2\/types\/post"}],"author":[{"embeddable":true,"href":"https:\/\/www.svalbard.fr\/actualites\/wp-json\/wp\/v2\/users\/3"}],"replies":[{"embeddable":true,"href":"https:\/\/www.svalbard.fr\/actualites\/wp-json\/wp\/v2\/comments?post=4706"}],"version-history":[{"count":1,"href":"https:\/\/www.svalbard.fr\/actualites\/wp-json\/wp\/v2\/posts\/4706\/revisions"}],"predecessor-version":[{"id":4712,"href":"https:\/\/www.svalbard.fr\/actualites\/wp-json\/wp\/v2\/posts\/4706\/revisions\/4712"}],"wp:featuredmedia":[{"embeddable":true,"href":"https:\/\/www.svalbard.fr\/actualites\/wp-json\/wp\/v2\/media\/4711"}],"wp:attachment":[{"href":"https:\/\/www.svalbard.fr\/actualites\/wp-json\/wp\/v2\/media?parent=4706"}],"wp:term":[{"taxonomy":"category","embeddable":true,"href":"https:\/\/www.svalbard.fr\/actualites\/wp-json\/wp\/v2\/categories?post=4706"},{"taxonomy":"post_tag","embeddable":true,"href":"https:\/\/www.svalbard.fr\/actualites\/wp-json\/wp\/v2\/tags?post=4706"}],"curies":[{"name":"wp","href":"https:\/\/api.w.org\/{rel}","templated":true}]}}