{"id":4713,"date":"2025-07-15T06:30:00","date_gmt":"2025-07-15T04:30:00","guid":{"rendered":"https:\/\/www.svalbard.fr\/actualites\/?p=4713"},"modified":"2025-07-14T08:35:16","modified_gmt":"2025-07-14T06:35:16","slug":"a-72-ans-il-doit-retravailler-pour-vivre-le-cri-dalerte-de-serge-sur-la-precarite-des-retraites","status":"publish","type":"post","link":"https:\/\/www.svalbard.fr\/actualites\/a-72-ans-il-doit-retravailler-pour-vivre-le-cri-dalerte-de-serge-sur-la-precarite-des-retraites\/","title":{"rendered":"\u00c0 72 ans, il doit retravailler pour vivre : le cri d\u2019alerte de Serge sur la pr\u00e9carit\u00e9 des retrait\u00e9s"},"content":{"rendered":"\n<p><em><strong>\u00c0 l\u2019heure o\u00f9 certains profitent des joies de la retraite entre balades et petits-enfants, d\u2019autres, comme Serge, 72 ans, doivent remettre le pied \u00e0 l\u2019\u00e9trier pour joindre les deux bouts. Une situation qui illustre, de mani\u00e8re poignante, la pr\u00e9carit\u00e9 grandissante des seniors en France, et leur combat quotidien pour conserver un minimum de dignit\u00e9.<\/strong><\/em><\/p>\n\n\n\n<!--more-->\n\n\n\n<h2 class=\"wp-block-heading\">Une retraite bien m\u00e9rit\u00e9e&#8230; mais insuffisante<\/h2>\n\n\n\n<p>Serge vit seul \u00e0 Saint-Quentin, dans l\u2019Aisne, dans un <strong>modeste appartement en location<\/strong>. C\u00e9libataire, sans enfant, il est \u00e0 la retraite depuis pr\u00e8s de dix ans. Ancien technicien de maintenance, il percevait un salaire de <strong>2 500 \u20ac nets<\/strong> \u00e0 la fin de sa carri\u00e8re. Aujourd\u2019hui, il doit se contenter de <strong>1 603,08 \u20ac de pension mensuelle<\/strong>, retraite compl\u00e9mentaire incluse. Une chute brutale de 35 % qui n\u2019a pas \u00e9pargn\u00e9 ses charges fixes.<\/p>\n\n\n\n<p>Car le quotidien de Serge est millim\u00e9tr\u00e9. Il paie <strong>470 \u20ac de loyer<\/strong>, <strong>320 \u20ac de prestation compensatoire<\/strong> \u00e0 son ex-\u00e9pouse, et <strong>environ 285 \u20ac de d\u00e9penses courantes<\/strong> (assurances, \u00e9nergie, mutuelle, imp\u00f4ts&#8230;). Une fois tout cela r\u00e9gl\u00e9, il lui reste <strong>\u00e0 peine 500 \u20ac pour vivre<\/strong>. Et encore, une bonne part part d\u00e9j\u00e0 dans le <strong><a href=\"https:\/\/www.svalbard.fr\/actualites\/ce-jet-sans-ailes-va-a-1837-km-h-sans-carburant-grace-a-une-technologie-revolutionnaire\/\">carburant<\/a> <\/strong>et les courses. Pas de marge, pas d\u2019extra.<\/p>\n\n\n\n<p>Mais Serge n\u2019est pas du genre \u00e0 baisser les bras. Il tient ses comptes avec rigueur, sur papier et sur ordinateur, comme une sentinelle veillant sur un \u00e9quilibre fragile. \u00ab J\u2019ai toujours surveill\u00e9 mes d\u00e9penses. J\u2019ai un fichier Excel, je colle mes tableaux dans un cahier. Je raye au fur et \u00e0 mesure. C\u2019est ma petite m\u00e9thode. \u00bb Une organisation de fer, oui, mais qui ne suffit plus face \u00e0 la hausse du co\u00fbt de la vie.<\/p>\n\n\n\n<h2 class=\"wp-block-heading\">Travailler \u00e0 nouveau&#8230; pour respirer<\/h2>\n\n\n\n<p>Alors, Serge a retrouss\u00e9 ses manches. \u00c0 70 ans pass\u00e9s, il a trouv\u00e9 un <strong>petit boulot de chauffeur de taxi scolaire<\/strong>. Tous les matins, il parcourait <strong>280 km par jour<\/strong> pour emmener un lyc\u00e9en handicap\u00e9 \u00e0 Amiens. Pour cela, il gagnait environ <strong>700 \u00e0 800 \u20ac par mois<\/strong>, au <strong>Smic horaire<\/strong>. Une bouff\u00e9e d\u2019oxyg\u00e8ne&#8230; jusqu\u2019\u00e0 ce que les imp\u00f4ts le rattrapent.<\/p>\n\n\n\n<p>\u00ab En reprenant une activit\u00e9, je suis devenu imposable. R\u00e9sultat : ce que je gagnais en plus, je le reperdais en taxes. J\u2019ai fini par arr\u00eater. \u00bb R\u00e9sign\u00e9, il continue malgr\u00e9 tout de piocher dans <strong>ses \u00e9conomies<\/strong> pour boucler chaque fin de mois. Mais son matelas fond. Si rien ne change, il estime que son <strong>\u00e9pargne sera vide d\u2019ici trois ans<\/strong>.<\/p>\n\n\n\n<h2 class=\"wp-block-heading\">Un quotidien sans luxe, mais pas sans inqui\u00e9tudes<\/h2>\n\n\n\n<p>Aujourd\u2019hui, ses loisirs se limitent \u00e0 quelques <strong>th\u00e9s dansants<\/strong>, des moments simples, partag\u00e9s avec une amie. \u00ab \u00c7a me co\u00fbte 40 \u20ac, alors je n\u2019y vais pas souvent. \u00bb Il reste actif au sein d\u2019une <strong>association<\/strong>, mais m\u00eame ces engagements ont un co\u00fbt \u2014 essence, p\u00e9ages \u2014 difficile \u00e0 int\u00e9grer dans un budget si serr\u00e9.<\/p>\n\n\n\n<p>Et comme si cela ne suffisait pas, sa <strong>voiture de quatorze ans<\/strong> lui joue des tours : <strong>quatre pneus \u00e0 changer<\/strong> pour passer le contr\u00f4le technique. Une d\u00e9pense de plus, impr\u00e9vue, impossible \u00e0 repousser.<\/p>\n\n\n\n<h2 class=\"wp-block-heading\">Une situation trop banale en France<\/h2>\n\n\n\n<p>L\u2019histoire de Serge n\u2019est pas une exception. Elle r\u00e9v\u00e8le les failles d\u2019un syst\u00e8me o\u00f9 <strong>le passage \u00e0 la retraite s\u2019accompagne souvent d\u2019un appauvrissement brutal<\/strong>. Selon le Conseil d\u2019orientation des retraites, le <strong>niveau de vie moyen des <a href=\"https:\/\/www.svalbard.fr\/actualites\/un-million-de-retraites-ne-touchent-pas-tout-ce-quils-devraient-etes-vous-concerne\/\">retrait\u00e9s<\/a> reste proche de celui des actifs<\/strong>, mais les \u00e9carts se creusent. Et pour ceux qui louent, qui sont seuls ou qui doivent encore verser une pension, la situation devient vite critique.<\/p>\n\n\n\n<p>Des dispositifs comme le <strong>Livret d\u2019\u00c9pargne Durable<\/strong>, les <strong>ch\u00e8ques vacances de la CAF<\/strong>, ou le <strong>billet cong\u00e9 annuel SNCF<\/strong> existent, mais restent souvent insuffisants. Ils all\u00e8gent \u00e0 peine une r\u00e9alit\u00e9 plus lourde : <strong>celle d\u2019une retraite o\u00f9 chaque d\u00e9pense se n\u00e9gocie<\/strong>.<\/p>\n\n\n\n<p><strong>Alors Serge s\u2019adapte. Il serre les dents, fait ses comptes, coupe dans le superflu. Mais \u00e0 72 ans, il esp\u00e9rait autre chose qu\u2019une bataille quotidienne pour garder la t\u00eate hors de l\u2019eau.<\/strong><\/p>\n","protected":false},"excerpt":{"rendered":"<p>\u00c0 l\u2019heure o\u00f9 certains profitent des joies de la retraite entre balades et petits-enfants, d\u2019autres, comme Serge, 72 ans, doivent remettre le pied \u00e0 l\u2019\u00e9trier<\/p>\n","protected":false},"author":3,"featured_media":4714,"comment_status":"closed","ping_status":"closed","sticky":false,"template":"","format":"standard","meta":{"footnotes":""},"categories":[1725],"tags":[],"yoast_head":"<!-- This site is optimized with the Yoast SEO plugin v21.0 - https:\/\/yoast.com\/wordpress\/plugins\/seo\/ -->\n<title>\u00c0 72 ans, il doit retravailler pour vivre : le cri d\u2019alerte de Serge sur la pr\u00e9carit\u00e9 des retrait\u00e9s<\/title>\n<meta name=\"robots\" content=\"index, follow, max-snippet:-1, max-image-preview:large, max-video-preview:-1\" \/>\n<link rel=\"canonical\" href=\"https:\/\/www.svalbard.fr\/actualites\/a-72-ans-il-doit-retravailler-pour-vivre-le-cri-dalerte-de-serge-sur-la-precarite-des-retraites\/\" \/>\n<meta property=\"og:locale\" content=\"fr_FR\" \/>\n<meta property=\"og:type\" content=\"article\" \/>\n<meta property=\"og:title\" content=\"\u00c0 72 ans, il doit retravailler pour vivre : le cri d\u2019alerte de Serge sur la pr\u00e9carit\u00e9 des retrait\u00e9s\" \/>\n<meta property=\"og:description\" content=\"\u00c0 l\u2019heure o\u00f9 certains profitent des joies de la retraite entre balades et petits-enfants, d\u2019autres, comme Serge, 72 ans, doivent remettre le pied \u00e0 l\u2019\u00e9trier\" \/>\n<meta property=\"og:url\" content=\"https:\/\/www.svalbard.fr\/actualites\/a-72-ans-il-doit-retravailler-pour-vivre-le-cri-dalerte-de-serge-sur-la-precarite-des-retraites\/\" \/>\n<meta property=\"og:site_name\" content=\"www.Svalbard.fr\" \/>\n<meta property=\"article:published_time\" content=\"2025-07-15T04:30:00+00:00\" \/>\n<meta property=\"article:modified_time\" content=\"2025-07-14T06:35:16+00:00\" \/>\n<meta property=\"og:image\" content=\"https:\/\/www.svalbard.fr\/actualites\/wp-content\/uploads\/2025\/07\/serge2-sanslogo.jpeg\" \/>\n\t<meta property=\"og:image:width\" content=\"1200\" \/>\n\t<meta property=\"og:image:height\" content=\"675\" \/>\n\t<meta property=\"og:image:type\" content=\"image\/jpeg\" \/>\n<meta name=\"author\" content=\"Guillaume Chen\" \/>\n<meta name=\"twitter:card\" content=\"summary_large_image\" \/>\n<meta name=\"twitter:label1\" content=\"\u00c9crit par\" \/>\n\t<meta name=\"twitter:data1\" content=\"Guillaume Chen\" \/>\n\t<meta name=\"twitter:label2\" content=\"Dur\u00e9e de lecture estim\u00e9e\" \/>\n\t<meta name=\"twitter:data2\" content=\"4 minutes\" \/>\n<script type=\"application\/ld+json\" class=\"yoast-schema-graph\">{\"@context\":\"https:\/\/schema.org\",\"@graph\":[{\"@type\":\"Article\",\"@id\":\"https:\/\/www.svalbard.fr\/actualites\/a-72-ans-il-doit-retravailler-pour-vivre-le-cri-dalerte-de-serge-sur-la-precarite-des-retraites\/#article\",\"isPartOf\":{\"@id\":\"https:\/\/www.svalbard.fr\/actualites\/a-72-ans-il-doit-retravailler-pour-vivre-le-cri-dalerte-de-serge-sur-la-precarite-des-retraites\/\"},\"author\":{\"name\":\"Guillaume Chen\",\"@id\":\"https:\/\/www.svalbard.fr\/actualites\/#\/schema\/person\/b9d185560b94bff7322d37cb676ee545\"},\"headline\":\"\u00c0 72 ans, il doit retravailler pour vivre : le cri d\u2019alerte de Serge sur la pr\u00e9carit\u00e9 des retrait\u00e9s\",\"datePublished\":\"2025-07-15T04:30:00+00:00\",\"dateModified\":\"2025-07-14T06:35:16+00:00\",\"mainEntityOfPage\":{\"@id\":\"https:\/\/www.svalbard.fr\/actualites\/a-72-ans-il-doit-retravailler-pour-vivre-le-cri-dalerte-de-serge-sur-la-precarite-des-retraites\/\"},\"wordCount\":682,\"publisher\":{\"@id\":\"https:\/\/www.svalbard.fr\/actualites\/#organization\"},\"articleSection\":[\"Tendances\"],\"inLanguage\":\"fr-FR\"},{\"@type\":\"WebPage\",\"@id\":\"https:\/\/www.svalbard.fr\/actualites\/a-72-ans-il-doit-retravailler-pour-vivre-le-cri-dalerte-de-serge-sur-la-precarite-des-retraites\/\",\"url\":\"https:\/\/www.svalbard.fr\/actualites\/a-72-ans-il-doit-retravailler-pour-vivre-le-cri-dalerte-de-serge-sur-la-precarite-des-retraites\/\",\"name\":\"\u00c0 72 ans, il doit retravailler pour vivre : le cri d\u2019alerte de Serge sur la pr\u00e9carit\u00e9 des retrait\u00e9s\",\"isPartOf\":{\"@id\":\"https:\/\/www.svalbard.fr\/actualites\/#website\"},\"datePublished\":\"2025-07-15T04:30:00+00:00\",\"dateModified\":\"2025-07-14T06:35:16+00:00\",\"breadcrumb\":{\"@id\":\"https:\/\/www.svalbard.fr\/actualites\/a-72-ans-il-doit-retravailler-pour-vivre-le-cri-dalerte-de-serge-sur-la-precarite-des-retraites\/#breadcrumb\"},\"inLanguage\":\"fr-FR\",\"potentialAction\":[{\"@type\":\"ReadAction\",\"target\":[\"https:\/\/www.svalbard.fr\/actualites\/a-72-ans-il-doit-retravailler-pour-vivre-le-cri-dalerte-de-serge-sur-la-precarite-des-retraites\/\"]}]},{\"@type\":\"BreadcrumbList\",\"@id\":\"https:\/\/www.svalbard.fr\/actualites\/a-72-ans-il-doit-retravailler-pour-vivre-le-cri-dalerte-de-serge-sur-la-precarite-des-retraites\/#breadcrumb\",\"itemListElement\":[{\"@type\":\"ListItem\",\"position\":1,\"name\":\"Accueil\",\"item\":\"https:\/\/www.svalbard.fr\/actualites\/\"},{\"@type\":\"ListItem\",\"position\":2,\"name\":\"\u00c0 72 ans, il doit retravailler pour vivre : le cri d\u2019alerte de Serge sur la pr\u00e9carit\u00e9 des retrait\u00e9s\"}]},{\"@type\":\"WebSite\",\"@id\":\"https:\/\/www.svalbard.fr\/actualites\/#website\",\"url\":\"https:\/\/www.svalbard.fr\/actualites\/\",\"name\":\"www.Svalbard.fr\",\"description\":\"\",\"publisher\":{\"@id\":\"https:\/\/www.svalbard.fr\/actualites\/#organization\"},\"potentialAction\":[{\"@type\":\"SearchAction\",\"target\":{\"@type\":\"EntryPoint\",\"urlTemplate\":\"https:\/\/www.svalbard.fr\/actualites\/?s={search_term_string}\"},\"query-input\":\"required name=search_term_string\"}],\"inLanguage\":\"fr-FR\"},{\"@type\":\"Organization\",\"@id\":\"https:\/\/www.svalbard.fr\/actualites\/#organization\",\"name\":\"www.Svalbard.fr\",\"url\":\"https:\/\/www.svalbard.fr\/actualites\/\",\"logo\":{\"@type\":\"ImageObject\",\"inLanguage\":\"fr-FR\",\"@id\":\"https:\/\/www.svalbard.fr\/actualites\/#\/schema\/logo\/image\/\",\"url\":\"https:\/\/www.svalbard.fr\/actualites\/wp-content\/uploads\/2023\/09\/head-nom.jpg\",\"contentUrl\":\"https:\/\/www.svalbard.fr\/actualites\/wp-content\/uploads\/2023\/09\/head-nom.jpg\",\"width\":264,\"height\":35,\"caption\":\"www.Svalbard.fr\"},\"image\":{\"@id\":\"https:\/\/www.svalbard.fr\/actualites\/#\/schema\/logo\/image\/\"}},{\"@type\":\"Person\",\"@id\":\"https:\/\/www.svalbard.fr\/actualites\/#\/schema\/person\/b9d185560b94bff7322d37cb676ee545\",\"name\":\"Guillaume Chen\",\"image\":{\"@type\":\"ImageObject\",\"inLanguage\":\"fr-FR\",\"@id\":\"https:\/\/www.svalbard.fr\/actualites\/#\/schema\/person\/image\/\",\"url\":\"https:\/\/secure.gravatar.com\/avatar\/0c3f9c94586035b795ad4049a06fb048?s=96&d=mm&r=g\",\"contentUrl\":\"https:\/\/secure.gravatar.com\/avatar\/0c3f9c94586035b795ad4049a06fb048?s=96&d=mm&r=g\",\"caption\":\"Guillaume Chen\"},\"sameAs\":[\"https:\/\/www.svalbard.fr\/\"]}]}<\/script>\n<!-- \/ Yoast SEO plugin. -->","yoast_head_json":{"title":"\u00c0 72 ans, il doit retravailler pour vivre : le cri d\u2019alerte de Serge sur la pr\u00e9carit\u00e9 des retrait\u00e9s","robots":{"index":"index","follow":"follow","max-snippet":"max-snippet:-1","max-image-preview":"max-image-preview:large","max-video-preview":"max-video-preview:-1"},"canonical":"https:\/\/www.svalbard.fr\/actualites\/a-72-ans-il-doit-retravailler-pour-vivre-le-cri-dalerte-de-serge-sur-la-precarite-des-retraites\/","og_locale":"fr_FR","og_type":"article","og_title":"\u00c0 72 ans, il doit retravailler pour vivre : le cri d\u2019alerte de Serge sur la pr\u00e9carit\u00e9 des retrait\u00e9s","og_description":"\u00c0 l\u2019heure o\u00f9 certains profitent des joies de la retraite entre balades et petits-enfants, d\u2019autres, comme Serge, 72 ans, doivent remettre le pied \u00e0 l\u2019\u00e9trier","og_url":"https:\/\/www.svalbard.fr\/actualites\/a-72-ans-il-doit-retravailler-pour-vivre-le-cri-dalerte-de-serge-sur-la-precarite-des-retraites\/","og_site_name":"www.Svalbard.fr","article_published_time":"2025-07-15T04:30:00+00:00","article_modified_time":"2025-07-14T06:35:16+00:00","og_image":[{"width":1200,"height":675,"url":"https:\/\/www.svalbard.fr\/actualites\/wp-content\/uploads\/2025\/07\/serge2-sanslogo.jpeg","type":"image\/jpeg"}],"author":"Guillaume Chen","twitter_card":"summary_large_image","twitter_misc":{"\u00c9crit par":"Guillaume Chen","Dur\u00e9e de lecture estim\u00e9e":"4 minutes"},"schema":{"@context":"https:\/\/schema.org","@graph":[{"@type":"Article","@id":"https:\/\/www.svalbard.fr\/actualites\/a-72-ans-il-doit-retravailler-pour-vivre-le-cri-dalerte-de-serge-sur-la-precarite-des-retraites\/#article","isPartOf":{"@id":"https:\/\/www.svalbard.fr\/actualites\/a-72-ans-il-doit-retravailler-pour-vivre-le-cri-dalerte-de-serge-sur-la-precarite-des-retraites\/"},"author":{"name":"Guillaume Chen","@id":"https:\/\/www.svalbard.fr\/actualites\/#\/schema\/person\/b9d185560b94bff7322d37cb676ee545"},"headline":"\u00c0 72 ans, il doit retravailler pour vivre : le cri d\u2019alerte de Serge sur la pr\u00e9carit\u00e9 des retrait\u00e9s","datePublished":"2025-07-15T04:30:00+00:00","dateModified":"2025-07-14T06:35:16+00:00","mainEntityOfPage":{"@id":"https:\/\/www.svalbard.fr\/actualites\/a-72-ans-il-doit-retravailler-pour-vivre-le-cri-dalerte-de-serge-sur-la-precarite-des-retraites\/"},"wordCount":682,"publisher":{"@id":"https:\/\/www.svalbard.fr\/actualites\/#organization"},"articleSection":["Tendances"],"inLanguage":"fr-FR"},{"@type":"WebPage","@id":"https:\/\/www.svalbard.fr\/actualites\/a-72-ans-il-doit-retravailler-pour-vivre-le-cri-dalerte-de-serge-sur-la-precarite-des-retraites\/","url":"https:\/\/www.svalbard.fr\/actualites\/a-72-ans-il-doit-retravailler-pour-vivre-le-cri-dalerte-de-serge-sur-la-precarite-des-retraites\/","name":"\u00c0 72 ans, il doit retravailler pour vivre : le cri d\u2019alerte de Serge sur la pr\u00e9carit\u00e9 des retrait\u00e9s","isPartOf":{"@id":"https:\/\/www.svalbard.fr\/actualites\/#website"},"datePublished":"2025-07-15T04:30:00+00:00","dateModified":"2025-07-14T06:35:16+00:00","breadcrumb":{"@id":"https:\/\/www.svalbard.fr\/actualites\/a-72-ans-il-doit-retravailler-pour-vivre-le-cri-dalerte-de-serge-sur-la-precarite-des-retraites\/#breadcrumb"},"inLanguage":"fr-FR","potentialAction":[{"@type":"ReadAction","target":["https:\/\/www.svalbard.fr\/actualites\/a-72-ans-il-doit-retravailler-pour-vivre-le-cri-dalerte-de-serge-sur-la-precarite-des-retraites\/"]}]},{"@type":"BreadcrumbList","@id":"https:\/\/www.svalbard.fr\/actualites\/a-72-ans-il-doit-retravailler-pour-vivre-le-cri-dalerte-de-serge-sur-la-precarite-des-retraites\/#breadcrumb","itemListElement":[{"@type":"ListItem","position":1,"name":"Accueil","item":"https:\/\/www.svalbard.fr\/actualites\/"},{"@type":"ListItem","position":2,"name":"\u00c0 72 ans, il doit retravailler pour vivre : le cri d\u2019alerte de Serge sur la pr\u00e9carit\u00e9 des retrait\u00e9s"}]},{"@type":"WebSite","@id":"https:\/\/www.svalbard.fr\/actualites\/#website","url":"https:\/\/www.svalbard.fr\/actualites\/","name":"www.Svalbard.fr","description":"","publisher":{"@id":"https:\/\/www.svalbard.fr\/actualites\/#organization"},"potentialAction":[{"@type":"SearchAction","target":{"@type":"EntryPoint","urlTemplate":"https:\/\/www.svalbard.fr\/actualites\/?s={search_term_string}"},"query-input":"required name=search_term_string"}],"inLanguage":"fr-FR"},{"@type":"Organization","@id":"https:\/\/www.svalbard.fr\/actualites\/#organization","name":"www.Svalbard.fr","url":"https:\/\/www.svalbard.fr\/actualites\/","logo":{"@type":"ImageObject","inLanguage":"fr-FR","@id":"https:\/\/www.svalbard.fr\/actualites\/#\/schema\/logo\/image\/","url":"https:\/\/www.svalbard.fr\/actualites\/wp-content\/uploads\/2023\/09\/head-nom.jpg","contentUrl":"https:\/\/www.svalbard.fr\/actualites\/wp-content\/uploads\/2023\/09\/head-nom.jpg","width":264,"height":35,"caption":"www.Svalbard.fr"},"image":{"@id":"https:\/\/www.svalbard.fr\/actualites\/#\/schema\/logo\/image\/"}},{"@type":"Person","@id":"https:\/\/www.svalbard.fr\/actualites\/#\/schema\/person\/b9d185560b94bff7322d37cb676ee545","name":"Guillaume Chen","image":{"@type":"ImageObject","inLanguage":"fr-FR","@id":"https:\/\/www.svalbard.fr\/actualites\/#\/schema\/person\/image\/","url":"https:\/\/secure.gravatar.com\/avatar\/0c3f9c94586035b795ad4049a06fb048?s=96&d=mm&r=g","contentUrl":"https:\/\/secure.gravatar.com\/avatar\/0c3f9c94586035b795ad4049a06fb048?s=96&d=mm&r=g","caption":"Guillaume Chen"},"sameAs":["https:\/\/www.svalbard.fr\/"]}]}},"_links":{"self":[{"href":"https:\/\/www.svalbard.fr\/actualites\/wp-json\/wp\/v2\/posts\/4713"}],"collection":[{"href":"https:\/\/www.svalbard.fr\/actualites\/wp-json\/wp\/v2\/posts"}],"about":[{"href":"https:\/\/www.svalbard.fr\/actualites\/wp-json\/wp\/v2\/types\/post"}],"author":[{"embeddable":true,"href":"https:\/\/www.svalbard.fr\/actualites\/wp-json\/wp\/v2\/users\/3"}],"replies":[{"embeddable":true,"href":"https:\/\/www.svalbard.fr\/actualites\/wp-json\/wp\/v2\/comments?post=4713"}],"version-history":[{"count":1,"href":"https:\/\/www.svalbard.fr\/actualites\/wp-json\/wp\/v2\/posts\/4713\/revisions"}],"predecessor-version":[{"id":4715,"href":"https:\/\/www.svalbard.fr\/actualites\/wp-json\/wp\/v2\/posts\/4713\/revisions\/4715"}],"wp:featuredmedia":[{"embeddable":true,"href":"https:\/\/www.svalbard.fr\/actualites\/wp-json\/wp\/v2\/media\/4714"}],"wp:attachment":[{"href":"https:\/\/www.svalbard.fr\/actualites\/wp-json\/wp\/v2\/media?parent=4713"}],"wp:term":[{"taxonomy":"category","embeddable":true,"href":"https:\/\/www.svalbard.fr\/actualites\/wp-json\/wp\/v2\/categories?post=4713"},{"taxonomy":"post_tag","embeddable":true,"href":"https:\/\/www.svalbard.fr\/actualites\/wp-json\/wp\/v2\/tags?post=4713"}],"curies":[{"name":"wp","href":"https:\/\/api.w.org\/{rel}","templated":true}]}}