{"id":4717,"date":"2025-07-14T09:42:04","date_gmt":"2025-07-14T07:42:04","guid":{"rendered":"https:\/\/www.svalbard.fr\/actualites\/agurktid-pourquoi-les-nouvelles-norvegiennes-deviennent-bizarres-en-ete\/"},"modified":"2025-07-14T09:42:04","modified_gmt":"2025-07-14T07:42:04","slug":"agurktid-pourquoi-les-nouvelles-norvegiennes-deviennent-bizarres-en-ete","status":"publish","type":"post","link":"https:\/\/www.svalbard.fr\/actualites\/agurktid-pourquoi-les-nouvelles-norvegiennes-deviennent-bizarres-en-ete\/","title":{"rendered":"&#39;Agurktid&#39;: Pourquoi les nouvelles norv\u00e9giennes deviennent bizarres en \u00e9t\u00e9"},"content":{"rendered":"<div itemprop=\"text\">\n\t\t\t<span id=\"dpsp-post-content-markup\" data-image-pin-it=\"false\"><\/span><\/p>\n<p class=\"intro\">Lorsque les politiciens disparaissent et que les gros titres deviennent \u00e9tranges, vous \u00eates entr\u00e9 dans le \u00abAgurktid\u00bb de la Norv\u00e8ge ou le temps de concombre. D\u00e9couvrez le ralentissement de l&#39;\u00e9t\u00e9 lorsque m\u00eame les nouvelles prennent une pause bien m\u00e9rit\u00e9e.<\/p>\n<p>Si vous avez pass\u00e9 du temps en Norv\u00e8ge en juillet, vous saurez que le pays ralentit \u00e0 une rampe. Les bureaux vides, les politiciens disparaissent et les journalistes restent se gratter la t\u00eate pour quelque chose, n&#39;importe quoi, pour signaler. Bienvenue <em>agurktid<\/em>.<\/p>\n<figure class=\"wp-block-image size-large\"><img data-lazyloaded=\"1\" data-placeholder-resp=\"768x432\" fetchpriority=\"high\" decoding=\"async\" width=\"768\" height=\"432\" src=\"https:\/\/www.svalbard.fr\/actualites\/wp-content\/uploads\/2025\/07\/39Agurktid39-Pourquoi-les-nouvelles-norvegiennes-deviennent-bizarres-en-ete.jpg\" alt=\"Un bol de concombres et un journal par un fjord en Norv\u00e8ge.\" class=\"wp-image-84427\"  data-><noscript><img fetchpriority=\"high\" decoding=\"async\" width=\"768\" height=\"432\" src=\"https:\/\/www.svalbard.fr\/actualites\/wp-content\/uploads\/2025\/07\/39Agurktid39-Pourquoi-les-nouvelles-norvegiennes-deviennent-bizarres-en-ete.jpg\" alt=\"Un bol de concombres et un journal par un fjord en Norv\u00e8ge.\" class=\"wp-image-84427\"  ><\/noscript><\/figure>\n<p>J&#39;\u00e9cris ceci alors que je fonde dans notre vague de chaleur d&#39;\u00e9t\u00e9. Il devrait frapper un \u00e9tonnant 32 \u00b0 C ce soir, presque inconnu des temp\u00e9ratures \u00e0 Trondheim. Pour essayer de me d\u00e9barrasser de la chaleur, je me tourne souvent vers les nouvelles.<\/p>\n<p>Qu&#39;est-ce que je trouve? Cette histoire NRK sur les jeunes Norv\u00e9giens qui pr\u00e9tendent ne pas manger sans regarder quelque chose en premier, d\u00e9crivant comment ils font d\u00e9filer la vid\u00e9o parfaite avant de prendre une seule bouch\u00e9e.<\/p>\n<p>C&#39;est le genre d&#39;histoire \u00e9trangement relatable mais absurde qui ne pouvait faire la une des journaux nationaux que pendant <em>agurktid<\/em> Quand m\u00eame les habitudes quotidiennes deviennent dignes d&#39;int\u00e9r\u00eat.<\/p>\n<h2 class=\"wp-block-heading\">Qu&#39;est-ce que \u00abAgurktid\u00bb?<\/h2>\n<p>Litt\u00e9ralement traduit par \u00abtemps de concombre\u00bb, <em>agurktid<\/em> est un concept utilis\u00e9 pour d\u00e9crire la p\u00e9riode de nouvelles lente en \u00e9t\u00e9, en particulier en juillet et d\u00e9but ao\u00fbt.<\/p>\n<p>C&#39;est la p\u00e9riode de l&#39;ann\u00e9e o\u00f9 les nouvelles r\u00e9guli\u00e8res se dess\u00e8chent et les journaux norv\u00e9giens remplissent leurs pages de bizarreries, d&#39;histoires d&#39;int\u00e9r\u00eat humain et de caract\u00e9ristiques de vacances.<\/p>\n<p>Malgr\u00e9 son nom l\u00e9g\u00e8rement idiot, <em>agurktid<\/em> est un ph\u00e9nom\u00e8ne reconnu. Il ne s&#39;agit pas seulement de rapports paresseux. Il refl\u00e8te le rythme de la soci\u00e9t\u00e9 norv\u00e9gienne elle-m\u00eame.<\/p>\n<p>Le ralentissement de l&#39;\u00e9t\u00e9 est r\u00e9el: le Parlement est en r\u00e9cr\u00e9ation, les tribunaux sont calmes et de nombreuses entreprises ferment ou courent sur le personnel squelettique. M\u00eame les taux de criminalit\u00e9 ont tendance \u00e0 baisser. Pour les journalistes, cela signifie moins de nouvelles difficiles et plus d&#39;espace \u00e0 remplir.<\/p>\n<h2 class=\"wp-block-heading\">L&#39;origine du terme<\/h2>\n<p>Le mot <em>agurktid<\/em> a ses racines dans le terme allemand <em>Sauregurkenzeit<\/em>qui fait r\u00e9f\u00e9rence \u00e0 la p\u00e9riode de l&#39;ann\u00e9e o\u00f9 les commer\u00e7ants avaient peu d&#39;affaires et les journaux manquaient de contenu s\u00e9rieux.<\/p>\n<p>La connexion du concombre est encore un peu myst\u00e8re, bien que certains sugg\u00e8rent qu&#39;il fait r\u00e9f\u00e9rence au sommet de la saison de r\u00e9colte du concombre, qui est une p\u00e9riode de l&#39;ann\u00e9e qui aurait pu se sentir sans incident pour tout le monde.<\/p>\n<p>En tout cas, le terme a \u00e9t\u00e9 adopt\u00e9 dans l&#39;argot journalistique norv\u00e9gien \u00e0 la fin du XIXe si\u00e8cle, et il est rest\u00e9 depuis. Aujourd&#39;hui, il est utilis\u00e9 \u00e0 la fois dans les m\u00e9dias et dans les conversations quotidiennes, souvent avec un sourire ironique.<\/p>\n<h2 class=\"wp-block-heading\">Qu&#39;est-ce qui fait la nouvelle pendant Agurktid?<\/h2>\n<p>Avec peu d&#39;histoires majeures \u00e0 couvrir, les m\u00e9dias norv\u00e9giens deviennent souvent cr\u00e9atifs. Pendant <em>agurktid<\/em>vous \u00eates plus susceptible de lire sur un chien qui sauve son propri\u00e9taire d&#39;une rivi\u00e8re, d&#39;un l\u00e9gume de forme inhabituelle ou du nombre de glaces que les Norv\u00e9giens consomment par habitant.<\/p>\n<p>Ou, comme je l&#39;ai mentionn\u00e9 plus t\u00f4t, comment les jeunes norv\u00e9giens doivent faire d\u00e9filer sans cesse \u00e0 travers YouTube ou Netflix pour trouver quelque chose \u00e0 surveiller avant de manger!<\/p>\n<p>Certains journaux s&#39;y penchent d\u00e9lib\u00e9r\u00e9ment, ex\u00e9cutant d\u00e9lib\u00e9r\u00e9ment des caract\u00e9ristiques estivales originales ou nostalgiques, des id\u00e9es de voyage ou des nouvelles remani\u00e9es de l&#39;ann\u00e9e plus t\u00f4t dans l&#39;ann\u00e9e. Pour de nombreux lecteurs, c&#39;est une pause bienvenue dans les histoires lourdes qui dominent le reste du calendrier.<\/p>\n<h2 class=\"wp-block-heading\">Le temps de concombre devient litt\u00e9ral<\/h2>\n<p>Parfois, les actualit\u00e9s d&#39;Agurktid n&#39;essaient m\u00eame pas de cacher leur b\u00eatise. Dans un r\u00e9cent communiqu\u00e9 de presse, la cha\u00eene de supermarch\u00e9s Rema 1000 a fi\u00e8rement d\u00e9clar\u00e9: \u00abLe temps de concombre est l\u00e0, et les concombres en t\u00eate des ventes!\u00bb<\/p>\n<p>Oui, en classique <em>agurktid<\/em> La mode, le concombre lui-m\u00eame dominait. Pas seulement dans les nouvelles, mais aussi sur les listes de courses.<\/p>\n<p>Selon Rema 1000, plus de 1,5 million de concombres ont \u00e9t\u00e9 vendus en quelques semaines et plus de 8,7 millions jusqu&#39;\u00e0 pr\u00e9sent cette ann\u00e9e. Cela bat les pommes, les bananes et les tomates pour faire des concombres les fruits ou les l\u00e9gumes les plus vendus de la saison.<\/p>\n<p>\u00abCela pourrait \u00eatre le plus appropri\u00e9 <em>agurktid<\/em> histoire que nous pourrions offrir \u00bb, a d\u00e9clar\u00e9 Pia Mellbye, directrice des ventes et marketing de la cha\u00eene.\u00ab Les gens ach\u00e8tent des concombres comme jamais auparavant. \u00bb<\/p>\n<p>Et pourquoi pas? Ils sont en bonne sant\u00e9, bon march\u00e9, ne n\u00e9cessitent pas de cuisson et sont rafra\u00eechissants directement du r\u00e9frig\u00e9rateur.<\/p>\n<p>Dans l&#39;esprit de la saison, Rema 1000 a m\u00eame pr\u00e9dit qu&#39;Agurktid continuerait \u00e0 la fois dans les m\u00e9dias et sur les \u00e9tag\u00e8res des supermarch\u00e9s: \u00ab\u00a0Il reste encore beaucoup de concombre en \u00e9t\u00e9 et \u00e0 Agurktid lui-m\u00eame.\u00a0\u00bb<\/p>\n<p>Vous ne pouviez pas vous rattraper, bien que quelqu&#39;un ait probablement.<\/p>\n<\/p><\/div>\n","protected":false},"excerpt":{"rendered":"<p>Lorsque les politiciens disparaissent et que les gros titres deviennent \u00e9tranges, vous \u00eates entr\u00e9 dans le \u00abAgurktid\u00bb de la Norv\u00e8ge ou le temps de concombre.<\/p>\n","protected":false},"author":1,"featured_media":4718,"comment_status":"","ping_status":"","sticky":false,"template":"","format":"standard","meta":{"footnotes":""},"categories":[2277],"tags":[4867,4871,4869,185,3,172,293,284],"yoast_head":"<!-- This site is optimized with the Yoast SEO plugin v21.0 - https:\/\/yoast.com\/wordpress\/plugins\/seo\/ -->\n<title>&#039;Agurktid&#039;: Pourquoi les nouvelles norv\u00e9giennes deviennent bizarres en \u00e9t\u00e9<\/title>\n<meta name=\"robots\" content=\"index, follow, max-snippet:-1, max-image-preview:large, max-video-preview:-1\" \/>\n<link rel=\"canonical\" href=\"https:\/\/www.svalbard.fr\/actualites\/agurktid-pourquoi-les-nouvelles-norvegiennes-deviennent-bizarres-en-ete\/\" \/>\n<meta property=\"og:locale\" content=\"fr_FR\" \/>\n<meta property=\"og:type\" content=\"article\" \/>\n<meta property=\"og:title\" content=\"&#039;Agurktid&#039;: Pourquoi les nouvelles norv\u00e9giennes deviennent bizarres en \u00e9t\u00e9\" \/>\n<meta property=\"og:description\" content=\"Lorsque les politiciens disparaissent et que les gros titres deviennent \u00e9tranges, vous \u00eates entr\u00e9 dans le \u00abAgurktid\u00bb de la Norv\u00e8ge ou le temps de concombre.\" \/>\n<meta property=\"og:url\" content=\"https:\/\/www.svalbard.fr\/actualites\/agurktid-pourquoi-les-nouvelles-norvegiennes-deviennent-bizarres-en-ete\/\" \/>\n<meta property=\"og:site_name\" content=\"www.Svalbard.fr\" \/>\n<meta property=\"article:published_time\" content=\"2025-07-14T07:42:04+00:00\" \/>\n<meta property=\"og:image\" content=\"https:\/\/www.svalbard.fr\/actualites\/wp-content\/uploads\/2025\/07\/39Agurktid39-Pourquoi-les-nouvelles-norvegiennes-deviennent-bizarres-en-ete.jpg\" \/>\n<meta name=\"author\" content=\"Hilmar\" \/>\n<meta name=\"twitter:card\" content=\"summary_large_image\" \/>\n<meta name=\"twitter:label1\" content=\"\u00c9crit par\" \/>\n\t<meta name=\"twitter:data1\" content=\"Hilmar\" \/>\n\t<meta name=\"twitter:label2\" content=\"Dur\u00e9e de lecture estim\u00e9e\" \/>\n\t<meta name=\"twitter:data2\" content=\"5 minutes\" \/>\n<script type=\"application\/ld+json\" class=\"yoast-schema-graph\">{\"@context\":\"https:\/\/schema.org\",\"@graph\":[{\"@type\":\"Article\",\"@id\":\"https:\/\/www.svalbard.fr\/actualites\/agurktid-pourquoi-les-nouvelles-norvegiennes-deviennent-bizarres-en-ete\/#article\",\"isPartOf\":{\"@id\":\"https:\/\/www.svalbard.fr\/actualites\/agurktid-pourquoi-les-nouvelles-norvegiennes-deviennent-bizarres-en-ete\/\"},\"author\":{\"name\":\"Hilmar\",\"@id\":\"https:\/\/www.svalbard.fr\/actualites\/#\/schema\/person\/a2f937d5712222366738fae98755c600\"},\"headline\":\"&#39;Agurktid&#39;: Pourquoi les nouvelles norv\u00e9giennes deviennent bizarres en \u00e9t\u00e9\",\"datePublished\":\"2025-07-14T07:42:04+00:00\",\"dateModified\":\"2025-07-14T07:42:04+00:00\",\"mainEntityOfPage\":{\"@id\":\"https:\/\/www.svalbard.fr\/actualites\/agurktid-pourquoi-les-nouvelles-norvegiennes-deviennent-bizarres-en-ete\/\"},\"wordCount\":920,\"publisher\":{\"@id\":\"https:\/\/www.svalbard.fr\/actualites\/#organization\"},\"keywords\":[\"39Agurktid39\",\"bizarres\",\"deviennent\",\"\u00e9t\u00e9\",\"Les\",\"norv\u00e9giennes\",\"Nouvelles\",\"pourquoi\"],\"inLanguage\":\"fr-FR\"},{\"@type\":\"WebPage\",\"@id\":\"https:\/\/www.svalbard.fr\/actualites\/agurktid-pourquoi-les-nouvelles-norvegiennes-deviennent-bizarres-en-ete\/\",\"url\":\"https:\/\/www.svalbard.fr\/actualites\/agurktid-pourquoi-les-nouvelles-norvegiennes-deviennent-bizarres-en-ete\/\",\"name\":\"&#39;Agurktid&#39;: Pourquoi les nouvelles norv\u00e9giennes deviennent bizarres en \u00e9t\u00e9\",\"isPartOf\":{\"@id\":\"https:\/\/www.svalbard.fr\/actualites\/#website\"},\"datePublished\":\"2025-07-14T07:42:04+00:00\",\"dateModified\":\"2025-07-14T07:42:04+00:00\",\"breadcrumb\":{\"@id\":\"https:\/\/www.svalbard.fr\/actualites\/agurktid-pourquoi-les-nouvelles-norvegiennes-deviennent-bizarres-en-ete\/#breadcrumb\"},\"inLanguage\":\"fr-FR\",\"potentialAction\":[{\"@type\":\"ReadAction\",\"target\":[\"https:\/\/www.svalbard.fr\/actualites\/agurktid-pourquoi-les-nouvelles-norvegiennes-deviennent-bizarres-en-ete\/\"]}]},{\"@type\":\"BreadcrumbList\",\"@id\":\"https:\/\/www.svalbard.fr\/actualites\/agurktid-pourquoi-les-nouvelles-norvegiennes-deviennent-bizarres-en-ete\/#breadcrumb\",\"itemListElement\":[{\"@type\":\"ListItem\",\"position\":1,\"name\":\"Accueil\",\"item\":\"https:\/\/www.svalbard.fr\/actualites\/\"},{\"@type\":\"ListItem\",\"position\":2,\"name\":\"&#39;Agurktid&#39;: Pourquoi les nouvelles norv\u00e9giennes deviennent bizarres en \u00e9t\u00e9\"}]},{\"@type\":\"WebSite\",\"@id\":\"https:\/\/www.svalbard.fr\/actualites\/#website\",\"url\":\"https:\/\/www.svalbard.fr\/actualites\/\",\"name\":\"www.Svalbard.fr\",\"description\":\"\",\"publisher\":{\"@id\":\"https:\/\/www.svalbard.fr\/actualites\/#organization\"},\"potentialAction\":[{\"@type\":\"SearchAction\",\"target\":{\"@type\":\"EntryPoint\",\"urlTemplate\":\"https:\/\/www.svalbard.fr\/actualites\/?s={search_term_string}\"},\"query-input\":\"required name=search_term_string\"}],\"inLanguage\":\"fr-FR\"},{\"@type\":\"Organization\",\"@id\":\"https:\/\/www.svalbard.fr\/actualites\/#organization\",\"name\":\"www.Svalbard.fr\",\"url\":\"https:\/\/www.svalbard.fr\/actualites\/\",\"logo\":{\"@type\":\"ImageObject\",\"inLanguage\":\"fr-FR\",\"@id\":\"https:\/\/www.svalbard.fr\/actualites\/#\/schema\/logo\/image\/\",\"url\":\"https:\/\/www.svalbard.fr\/actualites\/wp-content\/uploads\/2023\/09\/head-nom.jpg\",\"contentUrl\":\"https:\/\/www.svalbard.fr\/actualites\/wp-content\/uploads\/2023\/09\/head-nom.jpg\",\"width\":264,\"height\":35,\"caption\":\"www.Svalbard.fr\"},\"image\":{\"@id\":\"https:\/\/www.svalbard.fr\/actualites\/#\/schema\/logo\/image\/\"}},{\"@type\":\"Person\",\"@id\":\"https:\/\/www.svalbard.fr\/actualites\/#\/schema\/person\/a2f937d5712222366738fae98755c600\",\"name\":\"Hilmar\",\"image\":{\"@type\":\"ImageObject\",\"inLanguage\":\"fr-FR\",\"@id\":\"https:\/\/www.svalbard.fr\/actualites\/#\/schema\/person\/image\/\",\"url\":\"https:\/\/secure.gravatar.com\/avatar\/4daa437093476dbc32da415c112b6512?s=96&d=mm&r=g\",\"contentUrl\":\"https:\/\/secure.gravatar.com\/avatar\/4daa437093476dbc32da415c112b6512?s=96&d=mm&r=g\",\"caption\":\"Hilmar\"},\"description\":\"Hilmar est un passionn\u00e9 des r\u00e9gions polaires, sp\u00e9cialis\u00e9 dans la r\u00e9daction d'articles sur le Spitzberg et autres destinations arctiques. Il apporte son expertise et sa passion pour l'Arctique au sein de l'\u00e9quipe de r\u00e9daction de Svalbard depuis de nombreuses ann\u00e9es.\",\"sameAs\":[\"https:\/\/www.svalbard.fr\/\"]}]}<\/script>\n<!-- \/ Yoast SEO plugin. -->","yoast_head_json":{"title":"&#39;Agurktid&#39;: Pourquoi les nouvelles norv\u00e9giennes deviennent bizarres en \u00e9t\u00e9","robots":{"index":"index","follow":"follow","max-snippet":"max-snippet:-1","max-image-preview":"max-image-preview:large","max-video-preview":"max-video-preview:-1"},"canonical":"https:\/\/www.svalbard.fr\/actualites\/agurktid-pourquoi-les-nouvelles-norvegiennes-deviennent-bizarres-en-ete\/","og_locale":"fr_FR","og_type":"article","og_title":"&#39;Agurktid&#39;: Pourquoi les nouvelles norv\u00e9giennes deviennent bizarres en \u00e9t\u00e9","og_description":"Lorsque les politiciens disparaissent et que les gros titres deviennent \u00e9tranges, vous \u00eates entr\u00e9 dans le \u00abAgurktid\u00bb de la Norv\u00e8ge ou le temps de concombre.","og_url":"https:\/\/www.svalbard.fr\/actualites\/agurktid-pourquoi-les-nouvelles-norvegiennes-deviennent-bizarres-en-ete\/","og_site_name":"www.Svalbard.fr","article_published_time":"2025-07-14T07:42:04+00:00","og_image":[{"url":"https:\/\/www.svalbard.fr\/actualites\/wp-content\/uploads\/2025\/07\/39Agurktid39-Pourquoi-les-nouvelles-norvegiennes-deviennent-bizarres-en-ete.jpg"}],"author":"Hilmar","twitter_card":"summary_large_image","twitter_misc":{"\u00c9crit par":"Hilmar","Dur\u00e9e de lecture estim\u00e9e":"5 minutes"},"schema":{"@context":"https:\/\/schema.org","@graph":[{"@type":"Article","@id":"https:\/\/www.svalbard.fr\/actualites\/agurktid-pourquoi-les-nouvelles-norvegiennes-deviennent-bizarres-en-ete\/#article","isPartOf":{"@id":"https:\/\/www.svalbard.fr\/actualites\/agurktid-pourquoi-les-nouvelles-norvegiennes-deviennent-bizarres-en-ete\/"},"author":{"name":"Hilmar","@id":"https:\/\/www.svalbard.fr\/actualites\/#\/schema\/person\/a2f937d5712222366738fae98755c600"},"headline":"&#39;Agurktid&#39;: Pourquoi les nouvelles norv\u00e9giennes deviennent bizarres en \u00e9t\u00e9","datePublished":"2025-07-14T07:42:04+00:00","dateModified":"2025-07-14T07:42:04+00:00","mainEntityOfPage":{"@id":"https:\/\/www.svalbard.fr\/actualites\/agurktid-pourquoi-les-nouvelles-norvegiennes-deviennent-bizarres-en-ete\/"},"wordCount":920,"publisher":{"@id":"https:\/\/www.svalbard.fr\/actualites\/#organization"},"keywords":["39Agurktid39","bizarres","deviennent","\u00e9t\u00e9","Les","norv\u00e9giennes","Nouvelles","pourquoi"],"inLanguage":"fr-FR"},{"@type":"WebPage","@id":"https:\/\/www.svalbard.fr\/actualites\/agurktid-pourquoi-les-nouvelles-norvegiennes-deviennent-bizarres-en-ete\/","url":"https:\/\/www.svalbard.fr\/actualites\/agurktid-pourquoi-les-nouvelles-norvegiennes-deviennent-bizarres-en-ete\/","name":"&#39;Agurktid&#39;: Pourquoi les nouvelles norv\u00e9giennes deviennent bizarres en \u00e9t\u00e9","isPartOf":{"@id":"https:\/\/www.svalbard.fr\/actualites\/#website"},"datePublished":"2025-07-14T07:42:04+00:00","dateModified":"2025-07-14T07:42:04+00:00","breadcrumb":{"@id":"https:\/\/www.svalbard.fr\/actualites\/agurktid-pourquoi-les-nouvelles-norvegiennes-deviennent-bizarres-en-ete\/#breadcrumb"},"inLanguage":"fr-FR","potentialAction":[{"@type":"ReadAction","target":["https:\/\/www.svalbard.fr\/actualites\/agurktid-pourquoi-les-nouvelles-norvegiennes-deviennent-bizarres-en-ete\/"]}]},{"@type":"BreadcrumbList","@id":"https:\/\/www.svalbard.fr\/actualites\/agurktid-pourquoi-les-nouvelles-norvegiennes-deviennent-bizarres-en-ete\/#breadcrumb","itemListElement":[{"@type":"ListItem","position":1,"name":"Accueil","item":"https:\/\/www.svalbard.fr\/actualites\/"},{"@type":"ListItem","position":2,"name":"&#39;Agurktid&#39;: Pourquoi les nouvelles norv\u00e9giennes deviennent bizarres en \u00e9t\u00e9"}]},{"@type":"WebSite","@id":"https:\/\/www.svalbard.fr\/actualites\/#website","url":"https:\/\/www.svalbard.fr\/actualites\/","name":"www.Svalbard.fr","description":"","publisher":{"@id":"https:\/\/www.svalbard.fr\/actualites\/#organization"},"potentialAction":[{"@type":"SearchAction","target":{"@type":"EntryPoint","urlTemplate":"https:\/\/www.svalbard.fr\/actualites\/?s={search_term_string}"},"query-input":"required name=search_term_string"}],"inLanguage":"fr-FR"},{"@type":"Organization","@id":"https:\/\/www.svalbard.fr\/actualites\/#organization","name":"www.Svalbard.fr","url":"https:\/\/www.svalbard.fr\/actualites\/","logo":{"@type":"ImageObject","inLanguage":"fr-FR","@id":"https:\/\/www.svalbard.fr\/actualites\/#\/schema\/logo\/image\/","url":"https:\/\/www.svalbard.fr\/actualites\/wp-content\/uploads\/2023\/09\/head-nom.jpg","contentUrl":"https:\/\/www.svalbard.fr\/actualites\/wp-content\/uploads\/2023\/09\/head-nom.jpg","width":264,"height":35,"caption":"www.Svalbard.fr"},"image":{"@id":"https:\/\/www.svalbard.fr\/actualites\/#\/schema\/logo\/image\/"}},{"@type":"Person","@id":"https:\/\/www.svalbard.fr\/actualites\/#\/schema\/person\/a2f937d5712222366738fae98755c600","name":"Hilmar","image":{"@type":"ImageObject","inLanguage":"fr-FR","@id":"https:\/\/www.svalbard.fr\/actualites\/#\/schema\/person\/image\/","url":"https:\/\/secure.gravatar.com\/avatar\/4daa437093476dbc32da415c112b6512?s=96&d=mm&r=g","contentUrl":"https:\/\/secure.gravatar.com\/avatar\/4daa437093476dbc32da415c112b6512?s=96&d=mm&r=g","caption":"Hilmar"},"description":"Hilmar est un passionn\u00e9 des r\u00e9gions polaires, sp\u00e9cialis\u00e9 dans la r\u00e9daction d'articles sur le Spitzberg et autres destinations arctiques. Il apporte son expertise et sa passion pour l'Arctique au sein de l'\u00e9quipe de r\u00e9daction de Svalbard depuis de nombreuses ann\u00e9es.","sameAs":["https:\/\/www.svalbard.fr\/"]}]}},"_links":{"self":[{"href":"https:\/\/www.svalbard.fr\/actualites\/wp-json\/wp\/v2\/posts\/4717"}],"collection":[{"href":"https:\/\/www.svalbard.fr\/actualites\/wp-json\/wp\/v2\/posts"}],"about":[{"href":"https:\/\/www.svalbard.fr\/actualites\/wp-json\/wp\/v2\/types\/post"}],"author":[{"embeddable":true,"href":"https:\/\/www.svalbard.fr\/actualites\/wp-json\/wp\/v2\/users\/1"}],"replies":[{"embeddable":true,"href":"https:\/\/www.svalbard.fr\/actualites\/wp-json\/wp\/v2\/comments?post=4717"}],"version-history":[{"count":0,"href":"https:\/\/www.svalbard.fr\/actualites\/wp-json\/wp\/v2\/posts\/4717\/revisions"}],"wp:featuredmedia":[{"embeddable":true,"href":"https:\/\/www.svalbard.fr\/actualites\/wp-json\/wp\/v2\/media\/4718"}],"wp:attachment":[{"href":"https:\/\/www.svalbard.fr\/actualites\/wp-json\/wp\/v2\/media?parent=4717"}],"wp:term":[{"taxonomy":"category","embeddable":true,"href":"https:\/\/www.svalbard.fr\/actualites\/wp-json\/wp\/v2\/categories?post=4717"},{"taxonomy":"post_tag","embeddable":true,"href":"https:\/\/www.svalbard.fr\/actualites\/wp-json\/wp\/v2\/tags?post=4717"}],"curies":[{"name":"wp","href":"https:\/\/api.w.org\/{rel}","templated":true}]}}