{"id":4722,"date":"2025-07-15T10:30:00","date_gmt":"2025-07-15T08:30:00","guid":{"rendered":"https:\/\/www.svalbard.fr\/actualites\/?p=4722"},"modified":"2025-07-14T10:01:24","modified_gmt":"2025-07-14T08:01:24","slug":"votre-pension-de-retraite-sera-elle-augmentee-en-2026","status":"publish","type":"post","link":"https:\/\/www.svalbard.fr\/actualites\/votre-pension-de-retraite-sera-elle-augmentee-en-2026\/","title":{"rendered":"Votre pension de retraite sera-elle augment\u00e9e en 2026 ?"},"content":{"rendered":"\n<p><em><strong>Alors que l\u2019\u00c9tat cherche \u00e0 faire des \u00e9conomies et que les retraites sont, une fois de plus, dans le viseur, une question se pose : faut-il s\u2019attendre \u00e0 un gel des pensions en 2026 ? Spoiler : rien n\u2019est encore d\u00e9cid\u00e9, mais le sc\u00e9nario fait son chemin\u2026<\/strong><\/em><\/p>\n\n\n\n<!--more-->\n\n\n\n<h2 class=\"wp-block-heading\">Une \u00ab ann\u00e9e blanche \u00bb qui pourrait tout geler\u2026 sauf les inqui\u00e9tudes<\/h2>\n\n\n\n<p>Dans les coulisses de Bercy, un mot commence \u00e0 faire fr\u00e9mir : <em>gel<\/em>. Pas celui du matin d\u2019hiver, mais celui des <strong>d\u00e9penses publiques<\/strong>, qui pourraient \u00eatre maintenues \u00e0 leur niveau actuel l\u2019an prochain. L&rsquo;id\u00e9e, surnomm\u00e9e \u00ab ann\u00e9e blanche \u00bb, serait de reconduire les budgets 2025 en 2026 sans les adapter \u00e0 l\u2019inflation. Un peu comme si votre <strong><a href=\"https:\/\/www.svalbard.fr\/actualites\/astuce-simple-pour-reduire-votre-facture-delectricite-la-technique-de-la-tasse-dans-le-lave-vaisselle\/\">facture<\/a> <\/strong>de courses augmentait, mais que votre portefeuille, lui, restait fig\u00e9.<\/p>\n\n\n\n<p>Ce sc\u00e9nario, \u00e9voqu\u00e9 par Am\u00e9lie de Montchalin (ministre des Comptes publics), s\u2019inscrit dans une strat\u00e9gie plus large : trouver 40 milliards d\u2019euros d\u2019\u00e9conomies. Rien que \u00e7a. Objectif ? Redresser les comptes sans faire porter tout le poids \u00e0 une seule cat\u00e9gorie de la population. Sauf que dans les faits, certaines poches risquent de sentir passer l\u2019effort plus que d\u2019autres.<\/p>\n\n\n\n<h2 class=\"wp-block-heading\">Des retraites sous haute tension<\/h2>\n\n\n\n<p>Habituellement, les <strong>pensions de retraite sont revaloris\u00e9es chaque ann\u00e9e<\/strong> en fonction de l\u2019inflation, selon les r\u00e8gles du Code de la S\u00e9curit\u00e9 sociale. Mais si le gel entre en vigueur, fini le petit coup de pouce habituel en janvier.<\/p>\n\n\n\n<p>On parle ici d\u2019un manque \u00e0 gagner d\u2019environ <strong>3 milliards d\u2019euros pour les seuls retrait\u00e9s<\/strong>. Et pour ceux qui scrutent leur fiche de pension comme un bulletin m\u00e9t\u00e9o en esp\u00e9rant le beau temps, cette nouvelle n\u2019a rien de r\u00e9jouissant. \u00c0 titre d\u2019exemple, si l\u2019inflation se situe entre 1,1 % et 1,3 % d\u00e9but 2026, c\u2019est autant de pouvoir d\u2019achat qui s\u2019envolerait\u2026 sans rattrapage.<\/p>\n\n\n\n<p>Ce ne serait d\u2019ailleurs pas une premi\u00e8re : <strong>en 2019, certaines pensions avaient d\u00e9j\u00e0 \u00e9t\u00e9 gel\u00e9es<\/strong> pour les retrait\u00e9s au-dessus d\u2019un certain seuil. Une mesure qui reste en travers de la gorge de beaucoup.<\/p>\n\n\n\n<h2 class=\"wp-block-heading\">Fiscalit\u00e9 : quand l\u2019inflation vous fait payer plus<\/h2>\n\n\n\n<p>Autre victime potentielle de cette ann\u00e9e blanche : <strong>le bar\u00e8me de l\u2019imp\u00f4t sur le revenu<\/strong>. Lui aussi est normalement ajust\u00e9 \u00e0 l\u2019inflation pour \u00e9viter que les hausses de salaire (m\u00eame minimes) ne fassent grimper injustement la facture fiscale.<\/p>\n\n\n\n<p>Sans cette revalorisation, l\u2019<strong>Observatoire Fran\u00e7ais des Conjonctures \u00c9conomiques (OFCE)<\/strong> estime que pr\u00e8s de <strong>18 millions de foyers<\/strong> pourraient voir leur imp\u00f4t augmenter. Pire : environ <strong>400 000 contribuables deviendraient imposables<\/strong> du jour au lendemain. Voil\u00e0 qui change les perspectives quand on pensait \u00e9chapper \u00e0 l\u2019imp\u00f4t cette ann\u00e9e-l\u00e0.<\/p>\n\n\n\n<h2 class=\"wp-block-heading\">Et maintenant ?<\/h2>\n\n\n\n<p>Rien n\u2019est encore officiel. Le Haut-commissaire au Plan, Fran\u00e7ois Bayrou, doit d\u00e9voiler ses propositions d\u2019ici la mi-juillet. Mais une chose est s\u00fbre : dans un contexte o\u00f9 l\u2019inflation peine \u00e0 ralentir et o\u00f9 les Fran\u00e7ais doivent d\u00e9j\u00e0 composer avec la hausse des prix alimentaires, de l\u2019\u00e9nergie et des loyers, <strong>le moindre gel de <a href=\"https:\/\/www.svalbard.fr\/actualites\/le-revenu-dun-ingenieur-en-aeronautique-ce-que-vous-devez-savoir-en-2025\/\">revenu<\/a> sera ressenti comme un coup de froid<\/strong>.<\/p>\n\n\n\n<p>\u00c0 noter que les \u00e9conomistes rappellent r\u00e9guli\u00e8rement qu\u2019un gel temporaire peut avoir un effet cumulatif sur le long terme. Autrement dit, si la retraite n\u2019est pas revaloris\u00e9e une ann\u00e9e, cela impacte aussi toutes les suivantes.<\/p>\n\n\n\n<p>En attendant les annonces officielles, mieux vaut garder un \u0153il sur ses finances et anticiper. Car si les pensions ne suivent pas, c\u2019est le pouvoir d\u2019achat qui recule. Et dans une France qui vieillit, cela pourrait peser lourd dans la balance\u2026 surtout celle des fins de mois.<\/p>\n","protected":false},"excerpt":{"rendered":"<p>Alors que l\u2019\u00c9tat cherche \u00e0 faire des \u00e9conomies et que les retraites sont, une fois de plus, dans le viseur, une question se pose :<\/p>\n","protected":false},"author":3,"featured_media":4723,"comment_status":"closed","ping_status":"closed","sticky":false,"template":"","format":"standard","meta":{"footnotes":""},"categories":[1725],"tags":[],"yoast_head":"<!-- This site is optimized with the Yoast SEO plugin v21.0 - https:\/\/yoast.com\/wordpress\/plugins\/seo\/ -->\n<title>Votre pension de retraite sera-elle augment\u00e9e en 2026 ?<\/title>\n<meta name=\"robots\" content=\"index, follow, max-snippet:-1, max-image-preview:large, max-video-preview:-1\" \/>\n<link rel=\"canonical\" href=\"https:\/\/www.svalbard.fr\/actualites\/votre-pension-de-retraite-sera-elle-augmentee-en-2026\/\" \/>\n<meta property=\"og:locale\" content=\"fr_FR\" \/>\n<meta property=\"og:type\" content=\"article\" \/>\n<meta property=\"og:title\" content=\"Votre pension de retraite sera-elle augment\u00e9e en 2026 ?\" \/>\n<meta property=\"og:description\" content=\"Alors que l\u2019\u00c9tat cherche \u00e0 faire des \u00e9conomies et que les retraites sont, une fois de plus, dans le viseur, une question se pose :\" \/>\n<meta property=\"og:url\" content=\"https:\/\/www.svalbard.fr\/actualites\/votre-pension-de-retraite-sera-elle-augmentee-en-2026\/\" \/>\n<meta property=\"og:site_name\" content=\"www.Svalbard.fr\" \/>\n<meta property=\"article:published_time\" content=\"2025-07-15T08:30:00+00:00\" \/>\n<meta property=\"article:modified_time\" content=\"2025-07-14T08:01:24+00:00\" \/>\n<meta property=\"og:image\" content=\"https:\/\/www.svalbard.fr\/actualites\/wp-content\/uploads\/2025\/07\/iStock-1312906992.jpg\" \/>\n\t<meta property=\"og:image:width\" content=\"1200\" \/>\n\t<meta property=\"og:image:height\" content=\"677\" \/>\n\t<meta property=\"og:image:type\" content=\"image\/jpeg\" \/>\n<meta name=\"author\" content=\"Guillaume Chen\" \/>\n<meta name=\"twitter:card\" content=\"summary_large_image\" \/>\n<meta name=\"twitter:label1\" content=\"\u00c9crit par\" \/>\n\t<meta name=\"twitter:data1\" content=\"Guillaume Chen\" \/>\n\t<meta name=\"twitter:label2\" content=\"Dur\u00e9e de lecture estim\u00e9e\" \/>\n\t<meta name=\"twitter:data2\" content=\"3 minutes\" \/>\n<script type=\"application\/ld+json\" class=\"yoast-schema-graph\">{\"@context\":\"https:\/\/schema.org\",\"@graph\":[{\"@type\":\"Article\",\"@id\":\"https:\/\/www.svalbard.fr\/actualites\/votre-pension-de-retraite-sera-elle-augmentee-en-2026\/#article\",\"isPartOf\":{\"@id\":\"https:\/\/www.svalbard.fr\/actualites\/votre-pension-de-retraite-sera-elle-augmentee-en-2026\/\"},\"author\":{\"name\":\"Guillaume Chen\",\"@id\":\"https:\/\/www.svalbard.fr\/actualites\/#\/schema\/person\/b9d185560b94bff7322d37cb676ee545\"},\"headline\":\"Votre pension de retraite sera-elle augment\u00e9e en 2026 ?\",\"datePublished\":\"2025-07-15T08:30:00+00:00\",\"dateModified\":\"2025-07-14T08:01:24+00:00\",\"mainEntityOfPage\":{\"@id\":\"https:\/\/www.svalbard.fr\/actualites\/votre-pension-de-retraite-sera-elle-augmentee-en-2026\/\"},\"wordCount\":612,\"publisher\":{\"@id\":\"https:\/\/www.svalbard.fr\/actualites\/#organization\"},\"articleSection\":[\"Tendances\"],\"inLanguage\":\"fr-FR\"},{\"@type\":\"WebPage\",\"@id\":\"https:\/\/www.svalbard.fr\/actualites\/votre-pension-de-retraite-sera-elle-augmentee-en-2026\/\",\"url\":\"https:\/\/www.svalbard.fr\/actualites\/votre-pension-de-retraite-sera-elle-augmentee-en-2026\/\",\"name\":\"Votre pension de retraite sera-elle augment\u00e9e en 2026 ?\",\"isPartOf\":{\"@id\":\"https:\/\/www.svalbard.fr\/actualites\/#website\"},\"datePublished\":\"2025-07-15T08:30:00+00:00\",\"dateModified\":\"2025-07-14T08:01:24+00:00\",\"breadcrumb\":{\"@id\":\"https:\/\/www.svalbard.fr\/actualites\/votre-pension-de-retraite-sera-elle-augmentee-en-2026\/#breadcrumb\"},\"inLanguage\":\"fr-FR\",\"potentialAction\":[{\"@type\":\"ReadAction\",\"target\":[\"https:\/\/www.svalbard.fr\/actualites\/votre-pension-de-retraite-sera-elle-augmentee-en-2026\/\"]}]},{\"@type\":\"BreadcrumbList\",\"@id\":\"https:\/\/www.svalbard.fr\/actualites\/votre-pension-de-retraite-sera-elle-augmentee-en-2026\/#breadcrumb\",\"itemListElement\":[{\"@type\":\"ListItem\",\"position\":1,\"name\":\"Accueil\",\"item\":\"https:\/\/www.svalbard.fr\/actualites\/\"},{\"@type\":\"ListItem\",\"position\":2,\"name\":\"Votre pension de retraite sera-elle augment\u00e9e en 2026 ?\"}]},{\"@type\":\"WebSite\",\"@id\":\"https:\/\/www.svalbard.fr\/actualites\/#website\",\"url\":\"https:\/\/www.svalbard.fr\/actualites\/\",\"name\":\"www.Svalbard.fr\",\"description\":\"\",\"publisher\":{\"@id\":\"https:\/\/www.svalbard.fr\/actualites\/#organization\"},\"potentialAction\":[{\"@type\":\"SearchAction\",\"target\":{\"@type\":\"EntryPoint\",\"urlTemplate\":\"https:\/\/www.svalbard.fr\/actualites\/?s={search_term_string}\"},\"query-input\":\"required name=search_term_string\"}],\"inLanguage\":\"fr-FR\"},{\"@type\":\"Organization\",\"@id\":\"https:\/\/www.svalbard.fr\/actualites\/#organization\",\"name\":\"www.Svalbard.fr\",\"url\":\"https:\/\/www.svalbard.fr\/actualites\/\",\"logo\":{\"@type\":\"ImageObject\",\"inLanguage\":\"fr-FR\",\"@id\":\"https:\/\/www.svalbard.fr\/actualites\/#\/schema\/logo\/image\/\",\"url\":\"https:\/\/www.svalbard.fr\/actualites\/wp-content\/uploads\/2023\/09\/head-nom.jpg\",\"contentUrl\":\"https:\/\/www.svalbard.fr\/actualites\/wp-content\/uploads\/2023\/09\/head-nom.jpg\",\"width\":264,\"height\":35,\"caption\":\"www.Svalbard.fr\"},\"image\":{\"@id\":\"https:\/\/www.svalbard.fr\/actualites\/#\/schema\/logo\/image\/\"}},{\"@type\":\"Person\",\"@id\":\"https:\/\/www.svalbard.fr\/actualites\/#\/schema\/person\/b9d185560b94bff7322d37cb676ee545\",\"name\":\"Guillaume Chen\",\"image\":{\"@type\":\"ImageObject\",\"inLanguage\":\"fr-FR\",\"@id\":\"https:\/\/www.svalbard.fr\/actualites\/#\/schema\/person\/image\/\",\"url\":\"https:\/\/secure.gravatar.com\/avatar\/0c3f9c94586035b795ad4049a06fb048?s=96&d=mm&r=g\",\"contentUrl\":\"https:\/\/secure.gravatar.com\/avatar\/0c3f9c94586035b795ad4049a06fb048?s=96&d=mm&r=g\",\"caption\":\"Guillaume Chen\"},\"sameAs\":[\"https:\/\/www.svalbard.fr\/\"]}]}<\/script>\n<!-- \/ Yoast SEO plugin. -->","yoast_head_json":{"title":"Votre pension de retraite sera-elle augment\u00e9e en 2026 ?","robots":{"index":"index","follow":"follow","max-snippet":"max-snippet:-1","max-image-preview":"max-image-preview:large","max-video-preview":"max-video-preview:-1"},"canonical":"https:\/\/www.svalbard.fr\/actualites\/votre-pension-de-retraite-sera-elle-augmentee-en-2026\/","og_locale":"fr_FR","og_type":"article","og_title":"Votre pension de retraite sera-elle augment\u00e9e en 2026 ?","og_description":"Alors que l\u2019\u00c9tat cherche \u00e0 faire des \u00e9conomies et que les retraites sont, une fois de plus, dans le viseur, une question se pose :","og_url":"https:\/\/www.svalbard.fr\/actualites\/votre-pension-de-retraite-sera-elle-augmentee-en-2026\/","og_site_name":"www.Svalbard.fr","article_published_time":"2025-07-15T08:30:00+00:00","article_modified_time":"2025-07-14T08:01:24+00:00","og_image":[{"width":1200,"height":677,"url":"https:\/\/www.svalbard.fr\/actualites\/wp-content\/uploads\/2025\/07\/iStock-1312906992.jpg","type":"image\/jpeg"}],"author":"Guillaume Chen","twitter_card":"summary_large_image","twitter_misc":{"\u00c9crit par":"Guillaume Chen","Dur\u00e9e de lecture estim\u00e9e":"3 minutes"},"schema":{"@context":"https:\/\/schema.org","@graph":[{"@type":"Article","@id":"https:\/\/www.svalbard.fr\/actualites\/votre-pension-de-retraite-sera-elle-augmentee-en-2026\/#article","isPartOf":{"@id":"https:\/\/www.svalbard.fr\/actualites\/votre-pension-de-retraite-sera-elle-augmentee-en-2026\/"},"author":{"name":"Guillaume Chen","@id":"https:\/\/www.svalbard.fr\/actualites\/#\/schema\/person\/b9d185560b94bff7322d37cb676ee545"},"headline":"Votre pension de retraite sera-elle augment\u00e9e en 2026 ?","datePublished":"2025-07-15T08:30:00+00:00","dateModified":"2025-07-14T08:01:24+00:00","mainEntityOfPage":{"@id":"https:\/\/www.svalbard.fr\/actualites\/votre-pension-de-retraite-sera-elle-augmentee-en-2026\/"},"wordCount":612,"publisher":{"@id":"https:\/\/www.svalbard.fr\/actualites\/#organization"},"articleSection":["Tendances"],"inLanguage":"fr-FR"},{"@type":"WebPage","@id":"https:\/\/www.svalbard.fr\/actualites\/votre-pension-de-retraite-sera-elle-augmentee-en-2026\/","url":"https:\/\/www.svalbard.fr\/actualites\/votre-pension-de-retraite-sera-elle-augmentee-en-2026\/","name":"Votre pension de retraite sera-elle augment\u00e9e en 2026 ?","isPartOf":{"@id":"https:\/\/www.svalbard.fr\/actualites\/#website"},"datePublished":"2025-07-15T08:30:00+00:00","dateModified":"2025-07-14T08:01:24+00:00","breadcrumb":{"@id":"https:\/\/www.svalbard.fr\/actualites\/votre-pension-de-retraite-sera-elle-augmentee-en-2026\/#breadcrumb"},"inLanguage":"fr-FR","potentialAction":[{"@type":"ReadAction","target":["https:\/\/www.svalbard.fr\/actualites\/votre-pension-de-retraite-sera-elle-augmentee-en-2026\/"]}]},{"@type":"BreadcrumbList","@id":"https:\/\/www.svalbard.fr\/actualites\/votre-pension-de-retraite-sera-elle-augmentee-en-2026\/#breadcrumb","itemListElement":[{"@type":"ListItem","position":1,"name":"Accueil","item":"https:\/\/www.svalbard.fr\/actualites\/"},{"@type":"ListItem","position":2,"name":"Votre pension de retraite sera-elle augment\u00e9e en 2026 ?"}]},{"@type":"WebSite","@id":"https:\/\/www.svalbard.fr\/actualites\/#website","url":"https:\/\/www.svalbard.fr\/actualites\/","name":"www.Svalbard.fr","description":"","publisher":{"@id":"https:\/\/www.svalbard.fr\/actualites\/#organization"},"potentialAction":[{"@type":"SearchAction","target":{"@type":"EntryPoint","urlTemplate":"https:\/\/www.svalbard.fr\/actualites\/?s={search_term_string}"},"query-input":"required name=search_term_string"}],"inLanguage":"fr-FR"},{"@type":"Organization","@id":"https:\/\/www.svalbard.fr\/actualites\/#organization","name":"www.Svalbard.fr","url":"https:\/\/www.svalbard.fr\/actualites\/","logo":{"@type":"ImageObject","inLanguage":"fr-FR","@id":"https:\/\/www.svalbard.fr\/actualites\/#\/schema\/logo\/image\/","url":"https:\/\/www.svalbard.fr\/actualites\/wp-content\/uploads\/2023\/09\/head-nom.jpg","contentUrl":"https:\/\/www.svalbard.fr\/actualites\/wp-content\/uploads\/2023\/09\/head-nom.jpg","width":264,"height":35,"caption":"www.Svalbard.fr"},"image":{"@id":"https:\/\/www.svalbard.fr\/actualites\/#\/schema\/logo\/image\/"}},{"@type":"Person","@id":"https:\/\/www.svalbard.fr\/actualites\/#\/schema\/person\/b9d185560b94bff7322d37cb676ee545","name":"Guillaume Chen","image":{"@type":"ImageObject","inLanguage":"fr-FR","@id":"https:\/\/www.svalbard.fr\/actualites\/#\/schema\/person\/image\/","url":"https:\/\/secure.gravatar.com\/avatar\/0c3f9c94586035b795ad4049a06fb048?s=96&d=mm&r=g","contentUrl":"https:\/\/secure.gravatar.com\/avatar\/0c3f9c94586035b795ad4049a06fb048?s=96&d=mm&r=g","caption":"Guillaume Chen"},"sameAs":["https:\/\/www.svalbard.fr\/"]}]}},"_links":{"self":[{"href":"https:\/\/www.svalbard.fr\/actualites\/wp-json\/wp\/v2\/posts\/4722"}],"collection":[{"href":"https:\/\/www.svalbard.fr\/actualites\/wp-json\/wp\/v2\/posts"}],"about":[{"href":"https:\/\/www.svalbard.fr\/actualites\/wp-json\/wp\/v2\/types\/post"}],"author":[{"embeddable":true,"href":"https:\/\/www.svalbard.fr\/actualites\/wp-json\/wp\/v2\/users\/3"}],"replies":[{"embeddable":true,"href":"https:\/\/www.svalbard.fr\/actualites\/wp-json\/wp\/v2\/comments?post=4722"}],"version-history":[{"count":1,"href":"https:\/\/www.svalbard.fr\/actualites\/wp-json\/wp\/v2\/posts\/4722\/revisions"}],"predecessor-version":[{"id":4724,"href":"https:\/\/www.svalbard.fr\/actualites\/wp-json\/wp\/v2\/posts\/4722\/revisions\/4724"}],"wp:featuredmedia":[{"embeddable":true,"href":"https:\/\/www.svalbard.fr\/actualites\/wp-json\/wp\/v2\/media\/4723"}],"wp:attachment":[{"href":"https:\/\/www.svalbard.fr\/actualites\/wp-json\/wp\/v2\/media?parent=4722"}],"wp:term":[{"taxonomy":"category","embeddable":true,"href":"https:\/\/www.svalbard.fr\/actualites\/wp-json\/wp\/v2\/categories?post=4722"},{"taxonomy":"post_tag","embeddable":true,"href":"https:\/\/www.svalbard.fr\/actualites\/wp-json\/wp\/v2\/tags?post=4722"}],"curies":[{"name":"wp","href":"https:\/\/api.w.org\/{rel}","templated":true}]}}