{"id":4739,"date":"2025-07-16T08:30:00","date_gmt":"2025-07-16T06:30:00","guid":{"rendered":"https:\/\/www.svalbard.fr\/actualites\/?p=4739"},"modified":"2025-07-15T10:11:15","modified_gmt":"2025-07-15T08:11:15","slug":"voici-toutes-les-hausses-qui-vont-impacter-votre-retraite-dici-2026","status":"publish","type":"post","link":"https:\/\/www.svalbard.fr\/actualites\/voici-toutes-les-hausses-qui-vont-impacter-votre-retraite-dici-2026\/","title":{"rendered":"Voici toutes les hausses qui vont impacter votre retraite d\u2019ici 2026"},"content":{"rendered":"\n<p><strong><em>Pas de grand bouleversement \u00e0 pr\u00e9voir c\u00f4t\u00e9 retraite, mais une s\u00e9rie d\u2019ajustements qui m\u00e9ritent votre attention. Si les ann\u00e9es pr\u00e9c\u00e9dentes ont connu des revalorisations notables, 2026 s\u2019annonce plus sage, sans pour autant \u00eatre insignifiante. Que vous soyez retrait\u00e9 ou bient\u00f4t concern\u00e9, ces petites hausses pourraient bien faire la diff\u00e9rence sur le long terme. Zoom sur ce qui vous attend concr\u00e8tement.<\/em><\/strong><\/p>\n\n\n\n<!--more-->\n\n\n\n<h2 class=\"wp-block-heading\">Des ajustements mesur\u00e9s \u00e0 l\u2019horizon<\/h2>\n\n\n\n<p>Si vous esp\u00e9riez une revalorisation spectaculaire de votre pension en 2026, il va falloir revoir vos ambitions \u00e0 la baisse. Les ann\u00e9es pr\u00e9c\u00e9dentes avaient \u00e9t\u00e9 marqu\u00e9es par des hausses notables \u2014 notamment pour faire face \u00e0 une inflation galopante \u2014 mais cette fois, place \u00e0 une <strong>mod\u00e9ration calcul\u00e9e<\/strong>.<\/p>\n\n\n\n<p>Deux grands temps forts sont \u00e0 retenir : une hausse pr\u00e9vue des pensions compl\u00e9mentaires <strong>Agirc-Arrco d\u00e8s le 1er novembre 2025<\/strong>, puis une autre pour les pensions de base <strong>\u00e0 partir du 1er janvier 2026<\/strong>. Deux moments-cl\u00e9s pour les retrait\u00e9s, \u00e0 marquer dans vos calendriers.<\/p>\n\n\n\n<h2 class=\"wp-block-heading\">Ce que disent les chiffres (et les experts)<\/h2>\n\n\n\n<p>Derri\u00e8re ces hausses se cachent des m\u00e9canismes aussi rigoureux qu\u2019un cours de maths en terminale. Pour les pensions de base (Carsat, MSA, SRE, CNRACL, etc.), la formule est assez simple sur le papier : on prend la <strong>moyenne des douze derniers indices d\u2019inflation<\/strong>, hors tabac, calcul\u00e9e jusqu\u2019\u00e0 octobre 2025. Et voil\u00e0, on obtient une <strong>augmentation estim\u00e9e \u00e0 +1,1\u202f%<\/strong>.<\/p>\n\n\n\n<p>Mais ne rangez pas votre calculette trop vite. En cas de rebondissement politique, comme ce fut le cas fin 2024 avec la censure du PLFSS (Projet de Loi de Financement de la S\u00e9curit\u00e9 Sociale), cette formule peut s\u2019appliquer <strong>automatiquement<\/strong>, entra\u00eenant une revalorisation sup\u00e9rieure \u2014 +2,2\u202f% cette ann\u00e9e-l\u00e0. Rien n\u2019est fig\u00e9, donc.<\/p>\n\n\n\n<p>Quant \u00e0 l\u2019<strong>Agirc-Arrco<\/strong>, le calcul se base sur l\u2019\u00e9volution des prix \u00e0 la <a href=\"https:\/\/www.svalbard.fr\/actualites\/ce-truc-simple-pour-votre-lave-vaisselle-pourrait-reduire-considerablement-votre-consommation-delectricite\/\"><strong>consommation<\/strong><\/a> (hors tabac aussi), attendue autour de <strong>+0,9\u202f%<\/strong>. Mais pour pr\u00e9server l\u2019\u00e9quilibre du r\u00e9gime, un petit ajustement est pr\u00e9vu : un <strong>facteur de soutenabilit\u00e9<\/strong> de 0,4 point. R\u00e9sultat ? Une revalorisation finale estim\u00e9e entre <strong>+0,5\u202f% et +0,9\u202f%<\/strong>. Verdict en octobre.<\/p>\n\n\n\n<h2 class=\"wp-block-heading\">Ce que cela change (vraiment) pour votre portefeuille<\/h2>\n\n\n\n<p>D\u2019accord, les pourcentages c\u2019est bien, mais en euros, \u00e7a donne quoi ? Voici quelques sc\u00e9narios concrets pour mieux visualiser l\u2019impact sur vos finances :<\/p>\n\n\n\n<ul>\n<li>Pour une pension de base de <strong>1\u202f200\u202f\u20ac brut<\/strong>, une hausse de 1,1\u202f% repr\u00e9senterait <strong>13 euros suppl\u00e9mentaires par mois<\/strong>.<\/li>\n\n\n\n<li>Pour une compl\u00e9mentaire Agirc-Arrco de <strong>500\u202f\u20ac<\/strong>, selon la revalorisation d\u00e9cid\u00e9e, cela donne entre <strong>2,50 et 4,50 euros<\/strong> de plus.<\/li>\n<\/ul>\n\n\n\n<p>On est loin du jackpot, mais dans un contexte d\u2019inflation ma\u00eetris\u00e9e, ces montants refl\u00e8tent <strong>une volont\u00e9 de stabilit\u00e9 \u00e9conomique<\/strong>.<\/p>\n\n\n\n<h2 class=\"wp-block-heading\">Patience et vigilance : les derniers mots-cl\u00e9s<\/h2>\n\n\n\n<p>Rien n\u2019est encore grav\u00e9 dans le marbre. Les <a href=\"https:\/\/www.svalbard.fr\/actualites\/cancer-en-norvege-les-derniers-chiffres-et-ce-quils-signifient\/\"><strong>chiffres<\/strong><\/a> avanc\u00e9s aujourd\u2019hui sont bas\u00e9s sur les projections de l\u2019Insee, qui, comme tout organisme de pr\u00e9vision, peut ajuster ses estimations en fonction de l\u2019\u00e9volution \u00e9conomique. Autrement dit, <strong>les montants pr\u00e9cis seront affin\u00e9s \u00e0 l\u2019automne<\/strong>, lorsque syndicats, partenaires sociaux et institutions auront finalis\u00e9 leurs n\u00e9gociations.<\/p>\n\n\n\n<p>En attendant, que vous soyez d\u00e9j\u00e0 retrait\u00e9 ou en passe de le devenir, un bon conseil : restez \u00e0 l\u2019\u00e9coute des annonces officielles, continuez \u00e0 suivre l\u2019\u00e9volution de votre relev\u00e9 de carri\u00e8re, et gardez \u00e0 l\u2019esprit que <strong>chaque petit pourcentage compte<\/strong>. Apr\u00e8s tout, c\u2019est souvent la r\u00e9gularit\u00e9 des gouttes qui remplit la carafe.<\/p>\n\n\n\n<p><strong>Et si on terminait par une touche de bon sens ?<\/strong> Pr\u00e9parer sa retraite, c\u2019est aussi anticiper ces \u00e9volutions discr\u00e8tes mais significatives. Ce n\u2019est peut-\u00eatre pas l\u2019ann\u00e9e des grandes man\u0153uvres, mais celle des petits ajustements bien sentis. Et parfois, c\u2019est tout ce qu\u2019il faut pour faire la diff\u00e9rence.<\/p>\n","protected":false},"excerpt":{"rendered":"<p>Pas de grand bouleversement \u00e0 pr\u00e9voir c\u00f4t\u00e9 retraite, mais une s\u00e9rie d\u2019ajustements qui m\u00e9ritent votre attention. Si les ann\u00e9es pr\u00e9c\u00e9dentes ont connu des revalorisations notables,<\/p>\n","protected":false},"author":3,"featured_media":4740,"comment_status":"closed","ping_status":"closed","sticky":false,"template":"","format":"standard","meta":{"footnotes":""},"categories":[1725],"tags":[],"yoast_head":"<!-- This site is optimized with the Yoast SEO plugin v21.0 - https:\/\/yoast.com\/wordpress\/plugins\/seo\/ -->\n<title>Voici toutes les hausses qui vont impacter votre retraite d\u2019ici 2026<\/title>\n<meta name=\"robots\" content=\"index, follow, max-snippet:-1, max-image-preview:large, max-video-preview:-1\" \/>\n<link rel=\"canonical\" href=\"https:\/\/www.svalbard.fr\/actualites\/voici-toutes-les-hausses-qui-vont-impacter-votre-retraite-dici-2026\/\" \/>\n<meta property=\"og:locale\" content=\"fr_FR\" \/>\n<meta property=\"og:type\" content=\"article\" \/>\n<meta property=\"og:title\" content=\"Voici toutes les hausses qui vont impacter votre retraite d\u2019ici 2026\" \/>\n<meta property=\"og:description\" content=\"Pas de grand bouleversement \u00e0 pr\u00e9voir c\u00f4t\u00e9 retraite, mais une s\u00e9rie d\u2019ajustements qui m\u00e9ritent votre attention. Si les ann\u00e9es pr\u00e9c\u00e9dentes ont connu des revalorisations notables,\" \/>\n<meta property=\"og:url\" content=\"https:\/\/www.svalbard.fr\/actualites\/voici-toutes-les-hausses-qui-vont-impacter-votre-retraite-dici-2026\/\" \/>\n<meta property=\"og:site_name\" content=\"www.Svalbard.fr\" \/>\n<meta property=\"article:published_time\" content=\"2025-07-16T06:30:00+00:00\" \/>\n<meta property=\"article:modified_time\" content=\"2025-07-15T08:11:15+00:00\" \/>\n<meta property=\"og:image\" content=\"https:\/\/www.svalbard.fr\/actualites\/wp-content\/uploads\/2025\/07\/iStock-1192029956.jpg\" \/>\n\t<meta property=\"og:image:width\" content=\"1200\" \/>\n\t<meta property=\"og:image:height\" content=\"612\" \/>\n\t<meta property=\"og:image:type\" content=\"image\/jpeg\" \/>\n<meta name=\"author\" content=\"Guillaume Chen\" \/>\n<meta name=\"twitter:card\" content=\"summary_large_image\" \/>\n<meta name=\"twitter:label1\" content=\"\u00c9crit par\" \/>\n\t<meta name=\"twitter:data1\" content=\"Guillaume Chen\" \/>\n\t<meta name=\"twitter:label2\" content=\"Dur\u00e9e de lecture estim\u00e9e\" \/>\n\t<meta name=\"twitter:data2\" content=\"3 minutes\" \/>\n<script type=\"application\/ld+json\" class=\"yoast-schema-graph\">{\"@context\":\"https:\/\/schema.org\",\"@graph\":[{\"@type\":\"Article\",\"@id\":\"https:\/\/www.svalbard.fr\/actualites\/voici-toutes-les-hausses-qui-vont-impacter-votre-retraite-dici-2026\/#article\",\"isPartOf\":{\"@id\":\"https:\/\/www.svalbard.fr\/actualites\/voici-toutes-les-hausses-qui-vont-impacter-votre-retraite-dici-2026\/\"},\"author\":{\"name\":\"Guillaume Chen\",\"@id\":\"https:\/\/www.svalbard.fr\/actualites\/#\/schema\/person\/b9d185560b94bff7322d37cb676ee545\"},\"headline\":\"Voici toutes les hausses qui vont impacter votre retraite d\u2019ici 2026\",\"datePublished\":\"2025-07-16T06:30:00+00:00\",\"dateModified\":\"2025-07-15T08:11:15+00:00\",\"mainEntityOfPage\":{\"@id\":\"https:\/\/www.svalbard.fr\/actualites\/voici-toutes-les-hausses-qui-vont-impacter-votre-retraite-dici-2026\/\"},\"wordCount\":631,\"publisher\":{\"@id\":\"https:\/\/www.svalbard.fr\/actualites\/#organization\"},\"articleSection\":[\"Tendances\"],\"inLanguage\":\"fr-FR\"},{\"@type\":\"WebPage\",\"@id\":\"https:\/\/www.svalbard.fr\/actualites\/voici-toutes-les-hausses-qui-vont-impacter-votre-retraite-dici-2026\/\",\"url\":\"https:\/\/www.svalbard.fr\/actualites\/voici-toutes-les-hausses-qui-vont-impacter-votre-retraite-dici-2026\/\",\"name\":\"Voici toutes les hausses qui vont impacter votre retraite d\u2019ici 2026\",\"isPartOf\":{\"@id\":\"https:\/\/www.svalbard.fr\/actualites\/#website\"},\"datePublished\":\"2025-07-16T06:30:00+00:00\",\"dateModified\":\"2025-07-15T08:11:15+00:00\",\"breadcrumb\":{\"@id\":\"https:\/\/www.svalbard.fr\/actualites\/voici-toutes-les-hausses-qui-vont-impacter-votre-retraite-dici-2026\/#breadcrumb\"},\"inLanguage\":\"fr-FR\",\"potentialAction\":[{\"@type\":\"ReadAction\",\"target\":[\"https:\/\/www.svalbard.fr\/actualites\/voici-toutes-les-hausses-qui-vont-impacter-votre-retraite-dici-2026\/\"]}]},{\"@type\":\"BreadcrumbList\",\"@id\":\"https:\/\/www.svalbard.fr\/actualites\/voici-toutes-les-hausses-qui-vont-impacter-votre-retraite-dici-2026\/#breadcrumb\",\"itemListElement\":[{\"@type\":\"ListItem\",\"position\":1,\"name\":\"Accueil\",\"item\":\"https:\/\/www.svalbard.fr\/actualites\/\"},{\"@type\":\"ListItem\",\"position\":2,\"name\":\"Voici toutes les hausses qui vont impacter votre retraite d\u2019ici 2026\"}]},{\"@type\":\"WebSite\",\"@id\":\"https:\/\/www.svalbard.fr\/actualites\/#website\",\"url\":\"https:\/\/www.svalbard.fr\/actualites\/\",\"name\":\"www.Svalbard.fr\",\"description\":\"\",\"publisher\":{\"@id\":\"https:\/\/www.svalbard.fr\/actualites\/#organization\"},\"potentialAction\":[{\"@type\":\"SearchAction\",\"target\":{\"@type\":\"EntryPoint\",\"urlTemplate\":\"https:\/\/www.svalbard.fr\/actualites\/?s={search_term_string}\"},\"query-input\":\"required name=search_term_string\"}],\"inLanguage\":\"fr-FR\"},{\"@type\":\"Organization\",\"@id\":\"https:\/\/www.svalbard.fr\/actualites\/#organization\",\"name\":\"www.Svalbard.fr\",\"url\":\"https:\/\/www.svalbard.fr\/actualites\/\",\"logo\":{\"@type\":\"ImageObject\",\"inLanguage\":\"fr-FR\",\"@id\":\"https:\/\/www.svalbard.fr\/actualites\/#\/schema\/logo\/image\/\",\"url\":\"https:\/\/www.svalbard.fr\/actualites\/wp-content\/uploads\/2023\/09\/head-nom.jpg\",\"contentUrl\":\"https:\/\/www.svalbard.fr\/actualites\/wp-content\/uploads\/2023\/09\/head-nom.jpg\",\"width\":264,\"height\":35,\"caption\":\"www.Svalbard.fr\"},\"image\":{\"@id\":\"https:\/\/www.svalbard.fr\/actualites\/#\/schema\/logo\/image\/\"}},{\"@type\":\"Person\",\"@id\":\"https:\/\/www.svalbard.fr\/actualites\/#\/schema\/person\/b9d185560b94bff7322d37cb676ee545\",\"name\":\"Guillaume Chen\",\"image\":{\"@type\":\"ImageObject\",\"inLanguage\":\"fr-FR\",\"@id\":\"https:\/\/www.svalbard.fr\/actualites\/#\/schema\/person\/image\/\",\"url\":\"https:\/\/secure.gravatar.com\/avatar\/0c3f9c94586035b795ad4049a06fb048?s=96&d=mm&r=g\",\"contentUrl\":\"https:\/\/secure.gravatar.com\/avatar\/0c3f9c94586035b795ad4049a06fb048?s=96&d=mm&r=g\",\"caption\":\"Guillaume Chen\"},\"sameAs\":[\"https:\/\/www.svalbard.fr\/\"]}]}<\/script>\n<!-- \/ Yoast SEO plugin. -->","yoast_head_json":{"title":"Voici toutes les hausses qui vont impacter votre retraite d\u2019ici 2026","robots":{"index":"index","follow":"follow","max-snippet":"max-snippet:-1","max-image-preview":"max-image-preview:large","max-video-preview":"max-video-preview:-1"},"canonical":"https:\/\/www.svalbard.fr\/actualites\/voici-toutes-les-hausses-qui-vont-impacter-votre-retraite-dici-2026\/","og_locale":"fr_FR","og_type":"article","og_title":"Voici toutes les hausses qui vont impacter votre retraite d\u2019ici 2026","og_description":"Pas de grand bouleversement \u00e0 pr\u00e9voir c\u00f4t\u00e9 retraite, mais une s\u00e9rie d\u2019ajustements qui m\u00e9ritent votre attention. Si les ann\u00e9es pr\u00e9c\u00e9dentes ont connu des revalorisations notables,","og_url":"https:\/\/www.svalbard.fr\/actualites\/voici-toutes-les-hausses-qui-vont-impacter-votre-retraite-dici-2026\/","og_site_name":"www.Svalbard.fr","article_published_time":"2025-07-16T06:30:00+00:00","article_modified_time":"2025-07-15T08:11:15+00:00","og_image":[{"width":1200,"height":612,"url":"https:\/\/www.svalbard.fr\/actualites\/wp-content\/uploads\/2025\/07\/iStock-1192029956.jpg","type":"image\/jpeg"}],"author":"Guillaume Chen","twitter_card":"summary_large_image","twitter_misc":{"\u00c9crit par":"Guillaume Chen","Dur\u00e9e de lecture estim\u00e9e":"3 minutes"},"schema":{"@context":"https:\/\/schema.org","@graph":[{"@type":"Article","@id":"https:\/\/www.svalbard.fr\/actualites\/voici-toutes-les-hausses-qui-vont-impacter-votre-retraite-dici-2026\/#article","isPartOf":{"@id":"https:\/\/www.svalbard.fr\/actualites\/voici-toutes-les-hausses-qui-vont-impacter-votre-retraite-dici-2026\/"},"author":{"name":"Guillaume Chen","@id":"https:\/\/www.svalbard.fr\/actualites\/#\/schema\/person\/b9d185560b94bff7322d37cb676ee545"},"headline":"Voici toutes les hausses qui vont impacter votre retraite d\u2019ici 2026","datePublished":"2025-07-16T06:30:00+00:00","dateModified":"2025-07-15T08:11:15+00:00","mainEntityOfPage":{"@id":"https:\/\/www.svalbard.fr\/actualites\/voici-toutes-les-hausses-qui-vont-impacter-votre-retraite-dici-2026\/"},"wordCount":631,"publisher":{"@id":"https:\/\/www.svalbard.fr\/actualites\/#organization"},"articleSection":["Tendances"],"inLanguage":"fr-FR"},{"@type":"WebPage","@id":"https:\/\/www.svalbard.fr\/actualites\/voici-toutes-les-hausses-qui-vont-impacter-votre-retraite-dici-2026\/","url":"https:\/\/www.svalbard.fr\/actualites\/voici-toutes-les-hausses-qui-vont-impacter-votre-retraite-dici-2026\/","name":"Voici toutes les hausses qui vont impacter votre retraite d\u2019ici 2026","isPartOf":{"@id":"https:\/\/www.svalbard.fr\/actualites\/#website"},"datePublished":"2025-07-16T06:30:00+00:00","dateModified":"2025-07-15T08:11:15+00:00","breadcrumb":{"@id":"https:\/\/www.svalbard.fr\/actualites\/voici-toutes-les-hausses-qui-vont-impacter-votre-retraite-dici-2026\/#breadcrumb"},"inLanguage":"fr-FR","potentialAction":[{"@type":"ReadAction","target":["https:\/\/www.svalbard.fr\/actualites\/voici-toutes-les-hausses-qui-vont-impacter-votre-retraite-dici-2026\/"]}]},{"@type":"BreadcrumbList","@id":"https:\/\/www.svalbard.fr\/actualites\/voici-toutes-les-hausses-qui-vont-impacter-votre-retraite-dici-2026\/#breadcrumb","itemListElement":[{"@type":"ListItem","position":1,"name":"Accueil","item":"https:\/\/www.svalbard.fr\/actualites\/"},{"@type":"ListItem","position":2,"name":"Voici toutes les hausses qui vont impacter votre retraite d\u2019ici 2026"}]},{"@type":"WebSite","@id":"https:\/\/www.svalbard.fr\/actualites\/#website","url":"https:\/\/www.svalbard.fr\/actualites\/","name":"www.Svalbard.fr","description":"","publisher":{"@id":"https:\/\/www.svalbard.fr\/actualites\/#organization"},"potentialAction":[{"@type":"SearchAction","target":{"@type":"EntryPoint","urlTemplate":"https:\/\/www.svalbard.fr\/actualites\/?s={search_term_string}"},"query-input":"required name=search_term_string"}],"inLanguage":"fr-FR"},{"@type":"Organization","@id":"https:\/\/www.svalbard.fr\/actualites\/#organization","name":"www.Svalbard.fr","url":"https:\/\/www.svalbard.fr\/actualites\/","logo":{"@type":"ImageObject","inLanguage":"fr-FR","@id":"https:\/\/www.svalbard.fr\/actualites\/#\/schema\/logo\/image\/","url":"https:\/\/www.svalbard.fr\/actualites\/wp-content\/uploads\/2023\/09\/head-nom.jpg","contentUrl":"https:\/\/www.svalbard.fr\/actualites\/wp-content\/uploads\/2023\/09\/head-nom.jpg","width":264,"height":35,"caption":"www.Svalbard.fr"},"image":{"@id":"https:\/\/www.svalbard.fr\/actualites\/#\/schema\/logo\/image\/"}},{"@type":"Person","@id":"https:\/\/www.svalbard.fr\/actualites\/#\/schema\/person\/b9d185560b94bff7322d37cb676ee545","name":"Guillaume Chen","image":{"@type":"ImageObject","inLanguage":"fr-FR","@id":"https:\/\/www.svalbard.fr\/actualites\/#\/schema\/person\/image\/","url":"https:\/\/secure.gravatar.com\/avatar\/0c3f9c94586035b795ad4049a06fb048?s=96&d=mm&r=g","contentUrl":"https:\/\/secure.gravatar.com\/avatar\/0c3f9c94586035b795ad4049a06fb048?s=96&d=mm&r=g","caption":"Guillaume Chen"},"sameAs":["https:\/\/www.svalbard.fr\/"]}]}},"_links":{"self":[{"href":"https:\/\/www.svalbard.fr\/actualites\/wp-json\/wp\/v2\/posts\/4739"}],"collection":[{"href":"https:\/\/www.svalbard.fr\/actualites\/wp-json\/wp\/v2\/posts"}],"about":[{"href":"https:\/\/www.svalbard.fr\/actualites\/wp-json\/wp\/v2\/types\/post"}],"author":[{"embeddable":true,"href":"https:\/\/www.svalbard.fr\/actualites\/wp-json\/wp\/v2\/users\/3"}],"replies":[{"embeddable":true,"href":"https:\/\/www.svalbard.fr\/actualites\/wp-json\/wp\/v2\/comments?post=4739"}],"version-history":[{"count":1,"href":"https:\/\/www.svalbard.fr\/actualites\/wp-json\/wp\/v2\/posts\/4739\/revisions"}],"predecessor-version":[{"id":4741,"href":"https:\/\/www.svalbard.fr\/actualites\/wp-json\/wp\/v2\/posts\/4739\/revisions\/4741"}],"wp:featuredmedia":[{"embeddable":true,"href":"https:\/\/www.svalbard.fr\/actualites\/wp-json\/wp\/v2\/media\/4740"}],"wp:attachment":[{"href":"https:\/\/www.svalbard.fr\/actualites\/wp-json\/wp\/v2\/media?parent=4739"}],"wp:term":[{"taxonomy":"category","embeddable":true,"href":"https:\/\/www.svalbard.fr\/actualites\/wp-json\/wp\/v2\/categories?post=4739"},{"taxonomy":"post_tag","embeddable":true,"href":"https:\/\/www.svalbard.fr\/actualites\/wp-json\/wp\/v2\/tags?post=4739"}],"curies":[{"name":"wp","href":"https:\/\/api.w.org\/{rel}","templated":true}]}}