{"id":4745,"date":"2025-07-16T15:30:00","date_gmt":"2025-07-16T13:30:00","guid":{"rendered":"https:\/\/www.svalbard.fr\/actualites\/?p=4745"},"modified":"2025-07-15T10:27:59","modified_gmt":"2025-07-15T08:27:59","slug":"lastuce-de-la-tasse-dans-le-lave-vaisselle-qui-reduit-la-facture-delectricite","status":"publish","type":"post","link":"https:\/\/www.svalbard.fr\/actualites\/lastuce-de-la-tasse-dans-le-lave-vaisselle-qui-reduit-la-facture-delectricite\/","title":{"rendered":"L\u2019astuce de la tasse dans le lave-vaisselle qui r\u00e9duit la facture d\u2019\u00e9lectricit\u00e9"},"content":{"rendered":"\n<p><strong><em>Le lave-vaisselle est devenu le fid\u00e8le alli\u00e9 de nos fins de repas, celui qui nous \u00e9vite les corv\u00e9es d\u2019\u00e9ponge apr\u00e8s un d\u00eener entre amis ou un mercredi spaghetti avec les enfants. Mais derri\u00e8re son aspect pratique se cache un glouton d\u2019\u00e9nergie, parfois silencieux\u2026 sauf quand la facture tombe. Heureusement, une astuce toute b\u00eate \u2014 avec une tasse, oui oui \u2014 peut changer la donne.<\/em><\/strong><\/p>\n\n\n\n<!--more-->\n\n\n\n<h2 class=\"wp-block-heading\">Le secret bien gard\u00e9 du vinaigre ou du citron<\/h2>\n\n\n\n<p>Imaginez : une simple tasse pos\u00e9e dans le panier du haut de votre lave-vaisselle, remplie d\u2019un ingr\u00e9dient que vous avez sans doute d\u00e9j\u00e0 dans vos placards. <strong>Du vinaigre blanc, du citron ou du bicarbonate de soude<\/strong>. Rien de chimique, rien de co\u00fbteux. Juste un petit rituel \u00e0 adopter <strong>une fois par mois<\/strong>, qui fait beaucoup pour la sant\u00e9 de votre appareil\u2026 et de votre budget.<\/p>\n\n\n<div class=\"wp-block-image\">\n<figure class=\"aligncenter size-large\"><img decoding=\"async\" loading=\"lazy\" width=\"1024\" height=\"576\" src=\"https:\/\/www.svalbard.fr\/actualites\/wp-content\/uploads\/2025\/07\/Decouvrez-lastuce-de-la-tasse-pour-reduire-vos-factures-delectricite-1-1024x576-1-1024x576.jpg\" alt=\"Du vinaigre blanc, du citron ou du bicarbonate de soude\" class=\"wp-image-4747\" srcset=\"https:\/\/www.svalbard.fr\/actualites\/wp-content\/uploads\/2025\/07\/Decouvrez-lastuce-de-la-tasse-pour-reduire-vos-factures-delectricite-1-1024x576-1-1024x576.jpg 1024w, https:\/\/www.svalbard.fr\/actualites\/wp-content\/uploads\/2025\/07\/Decouvrez-lastuce-de-la-tasse-pour-reduire-vos-factures-delectricite-1-1024x576-1-300x169.jpg 300w, https:\/\/www.svalbard.fr\/actualites\/wp-content\/uploads\/2025\/07\/Decouvrez-lastuce-de-la-tasse-pour-reduire-vos-factures-delectricite-1-1024x576-1-768x432.jpg 768w, https:\/\/www.svalbard.fr\/actualites\/wp-content\/uploads\/2025\/07\/Decouvrez-lastuce-de-la-tasse-pour-reduire-vos-factures-delectricite-1-1024x576-1.jpg 1200w\" sizes=\"(max-width: 1024px) 100vw, 1024px\" \/><\/figure><\/div>\n\n\n<p>Ce petit geste tout simple permet de <strong>d\u00e9tartrer le lave-vaisselle<\/strong>, de nettoyer ses coins inaccessibles et de <strong>limiter les d\u00e9p\u00f4ts calcaires<\/strong>. R\u00e9sultat ? L\u2019appareil chauffe mieux, consomme moins, et vos verres ressortent sans traces blanch\u00e2tres. Ce n\u2019est pas de la magie, juste de la <strong>chimie naturelle<\/strong>.<\/p>\n\n\n\n<p>Une amie m\u2019a confi\u00e9 r\u00e9cemment qu\u2019elle avait doubl\u00e9 la dur\u00e9e de vie de son lave-vaisselle avec cette technique. Quand le sien a atteint douze ans sans une panne, alors que le n\u00f4tre avait rendu l\u2019\u00e2me \u00e0 huit, je me suis promis de m\u2019y mettre s\u00e9rieusement\u2026<\/p>\n\n\n\n<h2 class=\"wp-block-heading\">Faire durer son appareil, c\u2019est aussi faire durer ses \u00e9conomies<\/h2>\n\n\n\n<p>En plus de r\u00e9duire votre consommation d\u2019\u00e9lectricit\u00e9, cette astuce \u00e9vite bien des tracas. <strong>Les filtres, bras d\u2019aspersion, r\u00e9sistances et tuyaux<\/strong> \u2014 souvent invisibles, mais \u00f4 combien essentiels \u2014 s\u2019encrassent moins. Et quand on sait que la moindre r\u00e9paration co\u00fbte une centaine d\u2019euros (voire plus), on comprend vite l\u2019int\u00e9r\u00eat de cette d\u00e9marche pr\u00e9ventive.<\/p>\n\n\n\n<p>C\u2019est un peu comme aller chez le dentiste avant d\u2019avoir mal : ce n\u2019est pas forc\u00e9ment fun, mais \u00e7a \u00e9vite les urgences.<\/p>\n\n\n\n<h2 class=\"wp-block-heading\">Trois autres habitudes malignes \u00e0 adopter d\u00e8s ce soir<\/h2>\n\n\n\n<p>Il n\u2019y a pas que la tasse pour faire des <strong><a href=\"https:\/\/www.svalbard.fr\/actualites\/adoptez-cette-astuce-pour-realiser-des-economies-cet-hiver\/\">\u00e9conomies<\/a> <\/strong>avec son lave-vaisselle. Voici trois habitudes <strong>faciles \u00e0 mettre en place<\/strong>, qui feront la diff\u00e9rence :<\/p>\n\n\n\n<ol>\n<li><strong>Activer le mode \u00e9co<\/strong> : il ne sert pas uniquement \u00e0 se donner bonne conscience. Ce programme chauffe moins, utilise moins d\u2019eau, et pourtant, il lave tr\u00e8s bien. Selon l\u2019ADEME, il peut r\u00e9duire jusqu\u2019\u00e0 <strong>45 % de la consommation d\u2019\u00e9nergie<\/strong> par cycle. Une vraie \u00e9conomie \u00e0 long terme.<\/li>\n\n\n\n<li><strong>Ne pas trop rincer<\/strong> : oui, c\u2019est contre-intuitif. Mais les lave-vaisselles modernes sont con\u00e7us pour d\u00e9tecter la salet\u00e9. Si vous rincez trop vos plats avant, l\u2019appareil croit qu\u2019ils sont propres et adapte le lavage\u2026 en version light. R\u00e9sultat : des assiettes mal lav\u00e9es et un deuxi\u00e8me cycle \u00e0 lancer. Un simple grattage suffit.<\/li>\n\n\n\n<li><strong>Lancer les cycles aux heures creuses<\/strong> : vous avez un abonnement avec tarif diff\u00e9renci\u00e9 ? Profitez des <strong>heures creuses la nuit ou en d\u00e9but de matin\u00e9e<\/strong> pour faire tourner votre machine. Un petit geste qui peut <strong>r\u00e9duire la facture jusqu\u2019\u00e0 30 %<\/strong>, sans effort particulier.<\/li>\n<\/ol>\n\n\n<div class=\"wp-block-image\">\n<figure class=\"aligncenter size-large\"><img decoding=\"async\" loading=\"lazy\" width=\"1024\" height=\"576\" src=\"https:\/\/www.svalbard.fr\/actualites\/wp-content\/uploads\/2025\/07\/Decouvrez-lastuce-de-la-tasse-pour-reduire-vos-factures-delectricite-2-1024x576-1-1024x576.jpg\" alt=\"Activer le mode \u00e9co\" class=\"wp-image-4748\" srcset=\"https:\/\/www.svalbard.fr\/actualites\/wp-content\/uploads\/2025\/07\/Decouvrez-lastuce-de-la-tasse-pour-reduire-vos-factures-delectricite-2-1024x576-1-1024x576.jpg 1024w, https:\/\/www.svalbard.fr\/actualites\/wp-content\/uploads\/2025\/07\/Decouvrez-lastuce-de-la-tasse-pour-reduire-vos-factures-delectricite-2-1024x576-1-300x169.jpg 300w, https:\/\/www.svalbard.fr\/actualites\/wp-content\/uploads\/2025\/07\/Decouvrez-lastuce-de-la-tasse-pour-reduire-vos-factures-delectricite-2-1024x576-1-768x432.jpg 768w, https:\/\/www.svalbard.fr\/actualites\/wp-content\/uploads\/2025\/07\/Decouvrez-lastuce-de-la-tasse-pour-reduire-vos-factures-delectricite-2-1024x576-1.jpg 1200w\" sizes=\"(max-width: 1024px) 100vw, 1024px\" \/><\/figure><\/div>\n\n\n<h2 class=\"wp-block-heading\">Un geste pour vous, un geste pour la plan\u00e8te<\/h2>\n\n\n\n<p>Ce qu\u2019il y a de bien avec cette astuce, c\u2019est qu\u2019elle ne sert pas qu\u2019\u00e0 <strong>faire plaisir \u00e0 votre banquier<\/strong>. Moins d\u2019\u00e9nergie consomm\u00e9e, c\u2019est aussi moins de CO\u2082 rejet\u00e9. Moins de d\u00e9tergents agressifs, c\u2019est plus de respect pour votre tuyauterie\u2026 et pour l\u2019environnement.<\/p>\n\n\n\n<p>Alors oui, une tasse de vinaigre dans le lave-vaisselle, \u00e7a ne paie pas l\u2019imp\u00f4t, mais \u00e7a <strong>fait une vraie diff\u00e9rence au quotidien<\/strong>. Et entre nous, si un geste aussi simple peut all\u00e9ger vos charges tout en allongeant la dur\u00e9e de vie de vos <a href=\"https:\/\/www.svalbard.fr\/actualites\/six-appareils-a-debrancher-pour-reduire-votre-facture-delectricite-de-30\/\"><strong>appareils<\/strong><\/a>, pourquoi s\u2019en priver ?<\/p>\n\n\n\n<p><strong>Un petit pas pour vous, un grand pas pour vos \u00e9conomies.<\/strong><\/p>\n","protected":false},"excerpt":{"rendered":"<p>Le lave-vaisselle est devenu le fid\u00e8le alli\u00e9 de nos fins de repas, celui qui nous \u00e9vite les corv\u00e9es d\u2019\u00e9ponge apr\u00e8s un d\u00eener entre amis ou<\/p>\n","protected":false},"author":3,"featured_media":4746,"comment_status":"closed","ping_status":"closed","sticky":false,"template":"","format":"standard","meta":{"footnotes":""},"categories":[1725],"tags":[],"yoast_head":"<!-- This site is optimized with the Yoast SEO plugin v21.0 - https:\/\/yoast.com\/wordpress\/plugins\/seo\/ -->\n<title>L\u2019astuce de la tasse dans le lave-vaisselle qui r\u00e9duit la facture d\u2019\u00e9lectricit\u00e9<\/title>\n<meta name=\"robots\" content=\"index, follow, max-snippet:-1, max-image-preview:large, max-video-preview:-1\" \/>\n<link rel=\"canonical\" href=\"https:\/\/www.svalbard.fr\/actualites\/lastuce-de-la-tasse-dans-le-lave-vaisselle-qui-reduit-la-facture-delectricite\/\" \/>\n<meta property=\"og:locale\" content=\"fr_FR\" \/>\n<meta property=\"og:type\" content=\"article\" \/>\n<meta property=\"og:title\" content=\"L\u2019astuce de la tasse dans le lave-vaisselle qui r\u00e9duit la facture d\u2019\u00e9lectricit\u00e9\" \/>\n<meta property=\"og:description\" content=\"Le lave-vaisselle est devenu le fid\u00e8le alli\u00e9 de nos fins de repas, celui qui nous \u00e9vite les corv\u00e9es d\u2019\u00e9ponge apr\u00e8s un d\u00eener entre amis ou\" \/>\n<meta property=\"og:url\" content=\"https:\/\/www.svalbard.fr\/actualites\/lastuce-de-la-tasse-dans-le-lave-vaisselle-qui-reduit-la-facture-delectricite\/\" \/>\n<meta property=\"og:site_name\" content=\"www.Svalbard.fr\" \/>\n<meta property=\"article:published_time\" content=\"2025-07-16T13:30:00+00:00\" \/>\n<meta property=\"article:modified_time\" content=\"2025-07-15T08:27:59+00:00\" \/>\n<meta property=\"og:image\" content=\"https:\/\/www.svalbard.fr\/actualites\/wp-content\/uploads\/2025\/07\/Decouvrez-lastuce-de-la-tasse-pour-reduire-vos-factures-delectricite.jpg\" \/>\n\t<meta property=\"og:image:width\" content=\"1200\" \/>\n\t<meta property=\"og:image:height\" content=\"675\" \/>\n\t<meta property=\"og:image:type\" content=\"image\/jpeg\" \/>\n<meta name=\"author\" content=\"Guillaume Chen\" \/>\n<meta name=\"twitter:card\" content=\"summary_large_image\" \/>\n<meta name=\"twitter:label1\" content=\"\u00c9crit par\" \/>\n\t<meta name=\"twitter:data1\" content=\"Guillaume Chen\" \/>\n\t<meta name=\"twitter:label2\" content=\"Dur\u00e9e de lecture estim\u00e9e\" \/>\n\t<meta name=\"twitter:data2\" content=\"4 minutes\" \/>\n<script type=\"application\/ld+json\" class=\"yoast-schema-graph\">{\"@context\":\"https:\/\/schema.org\",\"@graph\":[{\"@type\":\"Article\",\"@id\":\"https:\/\/www.svalbard.fr\/actualites\/lastuce-de-la-tasse-dans-le-lave-vaisselle-qui-reduit-la-facture-delectricite\/#article\",\"isPartOf\":{\"@id\":\"https:\/\/www.svalbard.fr\/actualites\/lastuce-de-la-tasse-dans-le-lave-vaisselle-qui-reduit-la-facture-delectricite\/\"},\"author\":{\"name\":\"Guillaume Chen\",\"@id\":\"https:\/\/www.svalbard.fr\/actualites\/#\/schema\/person\/b9d185560b94bff7322d37cb676ee545\"},\"headline\":\"L\u2019astuce de la tasse dans le lave-vaisselle qui r\u00e9duit la facture d\u2019\u00e9lectricit\u00e9\",\"datePublished\":\"2025-07-16T13:30:00+00:00\",\"dateModified\":\"2025-07-15T08:27:59+00:00\",\"mainEntityOfPage\":{\"@id\":\"https:\/\/www.svalbard.fr\/actualites\/lastuce-de-la-tasse-dans-le-lave-vaisselle-qui-reduit-la-facture-delectricite\/\"},\"wordCount\":676,\"publisher\":{\"@id\":\"https:\/\/www.svalbard.fr\/actualites\/#organization\"},\"articleSection\":[\"Tendances\"],\"inLanguage\":\"fr-FR\"},{\"@type\":\"WebPage\",\"@id\":\"https:\/\/www.svalbard.fr\/actualites\/lastuce-de-la-tasse-dans-le-lave-vaisselle-qui-reduit-la-facture-delectricite\/\",\"url\":\"https:\/\/www.svalbard.fr\/actualites\/lastuce-de-la-tasse-dans-le-lave-vaisselle-qui-reduit-la-facture-delectricite\/\",\"name\":\"L\u2019astuce de la tasse dans le lave-vaisselle qui r\u00e9duit la facture d\u2019\u00e9lectricit\u00e9\",\"isPartOf\":{\"@id\":\"https:\/\/www.svalbard.fr\/actualites\/#website\"},\"datePublished\":\"2025-07-16T13:30:00+00:00\",\"dateModified\":\"2025-07-15T08:27:59+00:00\",\"breadcrumb\":{\"@id\":\"https:\/\/www.svalbard.fr\/actualites\/lastuce-de-la-tasse-dans-le-lave-vaisselle-qui-reduit-la-facture-delectricite\/#breadcrumb\"},\"inLanguage\":\"fr-FR\",\"potentialAction\":[{\"@type\":\"ReadAction\",\"target\":[\"https:\/\/www.svalbard.fr\/actualites\/lastuce-de-la-tasse-dans-le-lave-vaisselle-qui-reduit-la-facture-delectricite\/\"]}]},{\"@type\":\"BreadcrumbList\",\"@id\":\"https:\/\/www.svalbard.fr\/actualites\/lastuce-de-la-tasse-dans-le-lave-vaisselle-qui-reduit-la-facture-delectricite\/#breadcrumb\",\"itemListElement\":[{\"@type\":\"ListItem\",\"position\":1,\"name\":\"Accueil\",\"item\":\"https:\/\/www.svalbard.fr\/actualites\/\"},{\"@type\":\"ListItem\",\"position\":2,\"name\":\"L\u2019astuce de la tasse dans le lave-vaisselle qui r\u00e9duit la facture d\u2019\u00e9lectricit\u00e9\"}]},{\"@type\":\"WebSite\",\"@id\":\"https:\/\/www.svalbard.fr\/actualites\/#website\",\"url\":\"https:\/\/www.svalbard.fr\/actualites\/\",\"name\":\"www.Svalbard.fr\",\"description\":\"\",\"publisher\":{\"@id\":\"https:\/\/www.svalbard.fr\/actualites\/#organization\"},\"potentialAction\":[{\"@type\":\"SearchAction\",\"target\":{\"@type\":\"EntryPoint\",\"urlTemplate\":\"https:\/\/www.svalbard.fr\/actualites\/?s={search_term_string}\"},\"query-input\":\"required name=search_term_string\"}],\"inLanguage\":\"fr-FR\"},{\"@type\":\"Organization\",\"@id\":\"https:\/\/www.svalbard.fr\/actualites\/#organization\",\"name\":\"www.Svalbard.fr\",\"url\":\"https:\/\/www.svalbard.fr\/actualites\/\",\"logo\":{\"@type\":\"ImageObject\",\"inLanguage\":\"fr-FR\",\"@id\":\"https:\/\/www.svalbard.fr\/actualites\/#\/schema\/logo\/image\/\",\"url\":\"https:\/\/www.svalbard.fr\/actualites\/wp-content\/uploads\/2023\/09\/head-nom.jpg\",\"contentUrl\":\"https:\/\/www.svalbard.fr\/actualites\/wp-content\/uploads\/2023\/09\/head-nom.jpg\",\"width\":264,\"height\":35,\"caption\":\"www.Svalbard.fr\"},\"image\":{\"@id\":\"https:\/\/www.svalbard.fr\/actualites\/#\/schema\/logo\/image\/\"}},{\"@type\":\"Person\",\"@id\":\"https:\/\/www.svalbard.fr\/actualites\/#\/schema\/person\/b9d185560b94bff7322d37cb676ee545\",\"name\":\"Guillaume Chen\",\"image\":{\"@type\":\"ImageObject\",\"inLanguage\":\"fr-FR\",\"@id\":\"https:\/\/www.svalbard.fr\/actualites\/#\/schema\/person\/image\/\",\"url\":\"https:\/\/secure.gravatar.com\/avatar\/0c3f9c94586035b795ad4049a06fb048?s=96&d=mm&r=g\",\"contentUrl\":\"https:\/\/secure.gravatar.com\/avatar\/0c3f9c94586035b795ad4049a06fb048?s=96&d=mm&r=g\",\"caption\":\"Guillaume Chen\"},\"sameAs\":[\"https:\/\/www.svalbard.fr\/\"]}]}<\/script>\n<!-- \/ Yoast SEO plugin. -->","yoast_head_json":{"title":"L\u2019astuce de la tasse dans le lave-vaisselle qui r\u00e9duit la facture d\u2019\u00e9lectricit\u00e9","robots":{"index":"index","follow":"follow","max-snippet":"max-snippet:-1","max-image-preview":"max-image-preview:large","max-video-preview":"max-video-preview:-1"},"canonical":"https:\/\/www.svalbard.fr\/actualites\/lastuce-de-la-tasse-dans-le-lave-vaisselle-qui-reduit-la-facture-delectricite\/","og_locale":"fr_FR","og_type":"article","og_title":"L\u2019astuce de la tasse dans le lave-vaisselle qui r\u00e9duit la facture d\u2019\u00e9lectricit\u00e9","og_description":"Le lave-vaisselle est devenu le fid\u00e8le alli\u00e9 de nos fins de repas, celui qui nous \u00e9vite les corv\u00e9es d\u2019\u00e9ponge apr\u00e8s un d\u00eener entre amis ou","og_url":"https:\/\/www.svalbard.fr\/actualites\/lastuce-de-la-tasse-dans-le-lave-vaisselle-qui-reduit-la-facture-delectricite\/","og_site_name":"www.Svalbard.fr","article_published_time":"2025-07-16T13:30:00+00:00","article_modified_time":"2025-07-15T08:27:59+00:00","og_image":[{"width":1200,"height":675,"url":"https:\/\/www.svalbard.fr\/actualites\/wp-content\/uploads\/2025\/07\/Decouvrez-lastuce-de-la-tasse-pour-reduire-vos-factures-delectricite.jpg","type":"image\/jpeg"}],"author":"Guillaume Chen","twitter_card":"summary_large_image","twitter_misc":{"\u00c9crit par":"Guillaume Chen","Dur\u00e9e de lecture estim\u00e9e":"4 minutes"},"schema":{"@context":"https:\/\/schema.org","@graph":[{"@type":"Article","@id":"https:\/\/www.svalbard.fr\/actualites\/lastuce-de-la-tasse-dans-le-lave-vaisselle-qui-reduit-la-facture-delectricite\/#article","isPartOf":{"@id":"https:\/\/www.svalbard.fr\/actualites\/lastuce-de-la-tasse-dans-le-lave-vaisselle-qui-reduit-la-facture-delectricite\/"},"author":{"name":"Guillaume Chen","@id":"https:\/\/www.svalbard.fr\/actualites\/#\/schema\/person\/b9d185560b94bff7322d37cb676ee545"},"headline":"L\u2019astuce de la tasse dans le lave-vaisselle qui r\u00e9duit la facture d\u2019\u00e9lectricit\u00e9","datePublished":"2025-07-16T13:30:00+00:00","dateModified":"2025-07-15T08:27:59+00:00","mainEntityOfPage":{"@id":"https:\/\/www.svalbard.fr\/actualites\/lastuce-de-la-tasse-dans-le-lave-vaisselle-qui-reduit-la-facture-delectricite\/"},"wordCount":676,"publisher":{"@id":"https:\/\/www.svalbard.fr\/actualites\/#organization"},"articleSection":["Tendances"],"inLanguage":"fr-FR"},{"@type":"WebPage","@id":"https:\/\/www.svalbard.fr\/actualites\/lastuce-de-la-tasse-dans-le-lave-vaisselle-qui-reduit-la-facture-delectricite\/","url":"https:\/\/www.svalbard.fr\/actualites\/lastuce-de-la-tasse-dans-le-lave-vaisselle-qui-reduit-la-facture-delectricite\/","name":"L\u2019astuce de la tasse dans le lave-vaisselle qui r\u00e9duit la facture d\u2019\u00e9lectricit\u00e9","isPartOf":{"@id":"https:\/\/www.svalbard.fr\/actualites\/#website"},"datePublished":"2025-07-16T13:30:00+00:00","dateModified":"2025-07-15T08:27:59+00:00","breadcrumb":{"@id":"https:\/\/www.svalbard.fr\/actualites\/lastuce-de-la-tasse-dans-le-lave-vaisselle-qui-reduit-la-facture-delectricite\/#breadcrumb"},"inLanguage":"fr-FR","potentialAction":[{"@type":"ReadAction","target":["https:\/\/www.svalbard.fr\/actualites\/lastuce-de-la-tasse-dans-le-lave-vaisselle-qui-reduit-la-facture-delectricite\/"]}]},{"@type":"BreadcrumbList","@id":"https:\/\/www.svalbard.fr\/actualites\/lastuce-de-la-tasse-dans-le-lave-vaisselle-qui-reduit-la-facture-delectricite\/#breadcrumb","itemListElement":[{"@type":"ListItem","position":1,"name":"Accueil","item":"https:\/\/www.svalbard.fr\/actualites\/"},{"@type":"ListItem","position":2,"name":"L\u2019astuce de la tasse dans le lave-vaisselle qui r\u00e9duit la facture d\u2019\u00e9lectricit\u00e9"}]},{"@type":"WebSite","@id":"https:\/\/www.svalbard.fr\/actualites\/#website","url":"https:\/\/www.svalbard.fr\/actualites\/","name":"www.Svalbard.fr","description":"","publisher":{"@id":"https:\/\/www.svalbard.fr\/actualites\/#organization"},"potentialAction":[{"@type":"SearchAction","target":{"@type":"EntryPoint","urlTemplate":"https:\/\/www.svalbard.fr\/actualites\/?s={search_term_string}"},"query-input":"required name=search_term_string"}],"inLanguage":"fr-FR"},{"@type":"Organization","@id":"https:\/\/www.svalbard.fr\/actualites\/#organization","name":"www.Svalbard.fr","url":"https:\/\/www.svalbard.fr\/actualites\/","logo":{"@type":"ImageObject","inLanguage":"fr-FR","@id":"https:\/\/www.svalbard.fr\/actualites\/#\/schema\/logo\/image\/","url":"https:\/\/www.svalbard.fr\/actualites\/wp-content\/uploads\/2023\/09\/head-nom.jpg","contentUrl":"https:\/\/www.svalbard.fr\/actualites\/wp-content\/uploads\/2023\/09\/head-nom.jpg","width":264,"height":35,"caption":"www.Svalbard.fr"},"image":{"@id":"https:\/\/www.svalbard.fr\/actualites\/#\/schema\/logo\/image\/"}},{"@type":"Person","@id":"https:\/\/www.svalbard.fr\/actualites\/#\/schema\/person\/b9d185560b94bff7322d37cb676ee545","name":"Guillaume Chen","image":{"@type":"ImageObject","inLanguage":"fr-FR","@id":"https:\/\/www.svalbard.fr\/actualites\/#\/schema\/person\/image\/","url":"https:\/\/secure.gravatar.com\/avatar\/0c3f9c94586035b795ad4049a06fb048?s=96&d=mm&r=g","contentUrl":"https:\/\/secure.gravatar.com\/avatar\/0c3f9c94586035b795ad4049a06fb048?s=96&d=mm&r=g","caption":"Guillaume Chen"},"sameAs":["https:\/\/www.svalbard.fr\/"]}]}},"_links":{"self":[{"href":"https:\/\/www.svalbard.fr\/actualites\/wp-json\/wp\/v2\/posts\/4745"}],"collection":[{"href":"https:\/\/www.svalbard.fr\/actualites\/wp-json\/wp\/v2\/posts"}],"about":[{"href":"https:\/\/www.svalbard.fr\/actualites\/wp-json\/wp\/v2\/types\/post"}],"author":[{"embeddable":true,"href":"https:\/\/www.svalbard.fr\/actualites\/wp-json\/wp\/v2\/users\/3"}],"replies":[{"embeddable":true,"href":"https:\/\/www.svalbard.fr\/actualites\/wp-json\/wp\/v2\/comments?post=4745"}],"version-history":[{"count":1,"href":"https:\/\/www.svalbard.fr\/actualites\/wp-json\/wp\/v2\/posts\/4745\/revisions"}],"predecessor-version":[{"id":4749,"href":"https:\/\/www.svalbard.fr\/actualites\/wp-json\/wp\/v2\/posts\/4745\/revisions\/4749"}],"wp:featuredmedia":[{"embeddable":true,"href":"https:\/\/www.svalbard.fr\/actualites\/wp-json\/wp\/v2\/media\/4746"}],"wp:attachment":[{"href":"https:\/\/www.svalbard.fr\/actualites\/wp-json\/wp\/v2\/media?parent=4745"}],"wp:term":[{"taxonomy":"category","embeddable":true,"href":"https:\/\/www.svalbard.fr\/actualites\/wp-json\/wp\/v2\/categories?post=4745"},{"taxonomy":"post_tag","embeddable":true,"href":"https:\/\/www.svalbard.fr\/actualites\/wp-json\/wp\/v2\/tags?post=4745"}],"curies":[{"name":"wp","href":"https:\/\/api.w.org\/{rel}","templated":true}]}}