{"id":4774,"date":"2025-07-17T15:30:00","date_gmt":"2025-07-17T13:30:00","guid":{"rendered":"https:\/\/www.svalbard.fr\/actualites\/?p=4774"},"modified":"2025-07-16T11:04:34","modified_gmt":"2025-07-16T09:04:34","slug":"double-mauvaise-nouvelle-pour-le-cheque-energie-en-2025","status":"publish","type":"post","link":"https:\/\/www.svalbard.fr\/actualites\/double-mauvaise-nouvelle-pour-le-cheque-energie-en-2025\/","title":{"rendered":"Double mauvaise nouvelle pour le ch\u00e8que \u00e9nergie en 2025"},"content":{"rendered":"\n<p><strong><em>C\u2019\u00e9tait une aide bienvenue pour all\u00e9ger les factures d\u2019\u00e9nergie, mais en 2025, le ch\u00e8que \u00e9nergie risque de ne plus tenir ses promesses. Moins g\u00e9n\u00e9reux, plus compliqu\u00e9 \u00e0 obtenir, il s\u2019\u00e9loigne peu \u00e0 peu de son objectif initial : soutenir les m\u00e9nages les plus fragiles dans un contexte d\u2019inflation persistante.<\/em><\/strong><\/p>\n\n\n\n<!--more-->\n\n\n\n<h2 class=\"wp-block-heading\">Des r\u00e8gles d\u2019attribution boulevers\u00e9es<\/h2>\n\n\n\n<p>Jusqu\u2019ici, le ch\u00e8que \u00e9nergie \u00e9tait vers\u00e9 de mani\u00e8re relativement simple, en fonction du <strong>revenu fiscal de r\u00e9f\u00e9rence<\/strong> et du nombre de personnes dans le foyer. Le tout, sans que l\u2019on ait besoin de lever le petit doigt. Mais l\u2019ann\u00e9e prochaine, le mode de calcul va changer du tout au tout. D\u00e9sormais, l\u2019\u00e9ligibilit\u00e9 reposera sur le <strong>foyer fiscal du titulaire du contrat d\u2019\u00e9lectricit\u00e9<\/strong>.<\/p>\n\n\n\n<p>Autrement dit, si vous vivez en colocation, si vous \u00eates h\u00e9berg\u00e9 ou encore si votre conjoint est le seul \u00e0 appara\u00eetre sur le contrat, <strong>vous risquez de passer \u00e0 la trappe<\/strong>. Plusieurs associations comme la FNCCR et le CNAFAL ont d\u00e9j\u00e0 tir\u00e9 la sonnette d\u2019alarme : cette r\u00e9forme pourrait exclure un grand nombre de b\u00e9n\u00e9ficiaires potentiels, parfois parmi les plus vuln\u00e9rables.<\/p>\n\n\n\n<p>Et ce n\u2019est pas tout. L\u2019envoi du ch\u00e8que, traditionnellement pr\u00e9vu au printemps, est <strong>report\u00e9 \u00e0 novembre<\/strong>, soit un d\u00e9lai qui pourrait compliquer la gestion budg\u00e9taire de nombreux <a href=\"https:\/\/www.svalbard.fr\/actualites\/cette-immense-plateforme-flottante-alimente-1-000-foyers-en-electricite\/\"><strong>foyers<\/strong><\/a>, surtout \u00e0 l\u2019approche de l\u2019hiver.<\/p>\n\n\n\n<h2 class=\"wp-block-heading\">Une d\u00e9marche qui s\u2019alourdit<\/h2>\n\n\n\n<p>Autre mauvaise nouvelle : pour une partie des Fran\u00e7ais, le ch\u00e8que \u00e9nergie <strong>ne sera plus attribu\u00e9 automatiquement<\/strong>. Il faudra d\u00e9sormais faire une demande manuelle, soit via un formulaire en ligne, soit sur papier \u2013 un processus ouvert de septembre 2025 \u00e0 f\u00e9vrier 2026.<\/p>\n\n\n\n<p>Mais attention, l&rsquo;administration ne fera pas de cadeau : il faudra pr\u00e9senter <strong>plus de justificatifs<\/strong> qu\u2019avant. Une simple facture ne suffira plus. Il faudra fournir une attestation de contrat, un document parfois difficile \u00e0 obtenir pour ceux qui passent par des interm\u00e9diaires ou qui vivent dans des logements atypiques (colocations, r\u00e9sidences sociales, etc.).<\/p>\n\n\n\n<p>Et que dire des personnes <strong>peu \u00e0 l\u2019aise avec l\u2019informatique<\/strong> ? Comme le rappelle la FNCCR, l\u2019<strong>illectronisme<\/strong> \u2013 cette difficult\u00e9 \u00e0 utiliser les outils num\u00e9riques \u2013 touche encore une part importante de la population. Ce sont souvent les plus pr\u00e9caires, ceux pour qui le ch\u00e8que \u00e9nergie est le plus crucial, qui se retrouvent ainsi en marge du syst\u00e8me.<\/p>\n\n\n\n<h2 class=\"wp-block-heading\">Une baisse de budget qui fait grincer des dents<\/h2>\n\n\n\n<p>Comme si cela ne suffisait pas, le <a href=\"https:\/\/www.svalbard.fr\/actualites\/comment-visiter-bergen-avec-un-budget-limite\/\"><strong>budget<\/strong><\/a> allou\u00e9 au ch\u00e8que \u00e9nergie <strong>sera r\u00e9duit de 20 % en 2025<\/strong>, soit <strong>180 millions d\u2019euros en moins<\/strong> par rapport \u00e0 2024. Une coupe franche, alors m\u00eame que <strong>plus d\u2019un Fran\u00e7ais sur quatre a eu du mal \u00e0 payer ses factures d\u2019\u00e9nergie en 2024<\/strong>, selon les donn\u00e9es de l\u2019Observatoire national de la pr\u00e9carit\u00e9 \u00e9nerg\u00e9tique.<\/p>\n\n\n\n<p>Pire encore, l\u2019an pass\u00e9, seuls <strong>20 % des nouveaux b\u00e9n\u00e9ficiaires potentiels<\/strong> ont compl\u00e9t\u00e9 les d\u00e9marches pour toucher leur ch\u00e8que. Autant dire que cette r\u00e9forme pourrait faire fondre comme neige au soleil le nombre de foyers aid\u00e9s.<\/p>\n\n\n\n<p>Pour que le syst\u00e8me reste fonctionnel, il faudra une <strong>collaboration sans faille<\/strong> entre les imp\u00f4ts, les fournisseurs d\u2019\u00e9nergie et les gestionnaires de r\u00e9seau. Et \u00e7a, ce n\u2019est pas gagn\u00e9.<\/p>\n\n\n\n<h2 class=\"wp-block-heading\">Des propositions sur la table, mais seront-elles entendues ?<\/h2>\n\n\n\n<p>Heureusement, des voix s\u2019\u00e9l\u00e8vent pour proposer des solutions. Parmi les suggestions les plus reprises :<\/p>\n\n\n\n<ul>\n<li><strong>Maintenir le portail de demande en ligne ouvert toute l\u2019ann\u00e9e<\/strong>, pour \u00e9viter l\u2019effet entonnoir en fin de p\u00e9riode.<\/li>\n\n\n\n<li><strong>Revaloriser le montant du ch\u00e8que de 40 %<\/strong>, afin de mieux r\u00e9pondre \u00e0 la flamb\u00e9e des prix de l\u2019\u00e9nergie.<\/li>\n\n\n\n<li><strong>Allonger les d\u00e9lais de d\u00e9p\u00f4t<\/strong>, pour que chaque foyer ait une chance de r\u00e9unir les bons documents \u00e0 temps.<\/li>\n<\/ul>\n\n\n\n<p><strong>Conclusion :<\/strong> Le ch\u00e8que \u00e9nergie a \u00e9t\u00e9 pens\u00e9 comme un outil simple et solidaire. Mais en 2025, il risque de devenir un <strong>parcours du combattant<\/strong>, au moment m\u00eame o\u00f9 les besoins explosent. Reste \u00e0 esp\u00e9rer que les d\u00e9cideurs entendront les appels des associations\u2026 avant que le syst\u00e8me ne perde sa raison d\u2019\u00eatre.<\/p>\n","protected":false},"excerpt":{"rendered":"<p>C\u2019\u00e9tait une aide bienvenue pour all\u00e9ger les factures d\u2019\u00e9nergie, mais en 2025, le ch\u00e8que \u00e9nergie risque de ne plus tenir ses promesses. Moins g\u00e9n\u00e9reux, plus<\/p>\n","protected":false},"author":3,"featured_media":4775,"comment_status":"closed","ping_status":"closed","sticky":false,"template":"","format":"standard","meta":{"footnotes":""},"categories":[1725],"tags":[],"yoast_head":"<!-- This site is optimized with the Yoast SEO plugin v21.0 - https:\/\/yoast.com\/wordpress\/plugins\/seo\/ -->\n<title>Double mauvaise nouvelle pour le ch\u00e8que \u00e9nergie en 2025<\/title>\n<meta name=\"robots\" content=\"index, follow, max-snippet:-1, max-image-preview:large, max-video-preview:-1\" \/>\n<link rel=\"canonical\" href=\"https:\/\/www.svalbard.fr\/actualites\/double-mauvaise-nouvelle-pour-le-cheque-energie-en-2025\/\" \/>\n<meta property=\"og:locale\" content=\"fr_FR\" \/>\n<meta property=\"og:type\" content=\"article\" \/>\n<meta property=\"og:title\" content=\"Double mauvaise nouvelle pour le ch\u00e8que \u00e9nergie en 2025\" \/>\n<meta property=\"og:description\" content=\"C\u2019\u00e9tait une aide bienvenue pour all\u00e9ger les factures d\u2019\u00e9nergie, mais en 2025, le ch\u00e8que \u00e9nergie risque de ne plus tenir ses promesses. Moins g\u00e9n\u00e9reux, plus\" \/>\n<meta property=\"og:url\" content=\"https:\/\/www.svalbard.fr\/actualites\/double-mauvaise-nouvelle-pour-le-cheque-energie-en-2025\/\" \/>\n<meta property=\"og:site_name\" content=\"www.Svalbard.fr\" \/>\n<meta property=\"article:published_time\" content=\"2025-07-17T13:30:00+00:00\" \/>\n<meta property=\"article:modified_time\" content=\"2025-07-16T09:04:34+00:00\" \/>\n<meta property=\"og:image\" content=\"https:\/\/www.svalbard.fr\/actualites\/wp-content\/uploads\/2025\/07\/chC3A8que20C3A9nergie-rC3A9forme202025-fnccr-700x411-1.jpeg\" \/>\n\t<meta property=\"og:image:width\" content=\"1200\" \/>\n\t<meta property=\"og:image:height\" content=\"705\" \/>\n\t<meta property=\"og:image:type\" content=\"image\/jpeg\" \/>\n<meta name=\"author\" content=\"Guillaume Chen\" \/>\n<meta name=\"twitter:card\" content=\"summary_large_image\" \/>\n<meta name=\"twitter:label1\" content=\"\u00c9crit par\" \/>\n\t<meta name=\"twitter:data1\" content=\"Guillaume Chen\" \/>\n\t<meta name=\"twitter:label2\" content=\"Dur\u00e9e de lecture estim\u00e9e\" \/>\n\t<meta name=\"twitter:data2\" content=\"4 minutes\" \/>\n<script type=\"application\/ld+json\" class=\"yoast-schema-graph\">{\"@context\":\"https:\/\/schema.org\",\"@graph\":[{\"@type\":\"Article\",\"@id\":\"https:\/\/www.svalbard.fr\/actualites\/double-mauvaise-nouvelle-pour-le-cheque-energie-en-2025\/#article\",\"isPartOf\":{\"@id\":\"https:\/\/www.svalbard.fr\/actualites\/double-mauvaise-nouvelle-pour-le-cheque-energie-en-2025\/\"},\"author\":{\"name\":\"Guillaume Chen\",\"@id\":\"https:\/\/www.svalbard.fr\/actualites\/#\/schema\/person\/b9d185560b94bff7322d37cb676ee545\"},\"headline\":\"Double mauvaise nouvelle pour le ch\u00e8que \u00e9nergie en 2025\",\"datePublished\":\"2025-07-17T13:30:00+00:00\",\"dateModified\":\"2025-07-16T09:04:34+00:00\",\"mainEntityOfPage\":{\"@id\":\"https:\/\/www.svalbard.fr\/actualites\/double-mauvaise-nouvelle-pour-le-cheque-energie-en-2025\/\"},\"wordCount\":703,\"publisher\":{\"@id\":\"https:\/\/www.svalbard.fr\/actualites\/#organization\"},\"articleSection\":[\"Tendances\"],\"inLanguage\":\"fr-FR\"},{\"@type\":\"WebPage\",\"@id\":\"https:\/\/www.svalbard.fr\/actualites\/double-mauvaise-nouvelle-pour-le-cheque-energie-en-2025\/\",\"url\":\"https:\/\/www.svalbard.fr\/actualites\/double-mauvaise-nouvelle-pour-le-cheque-energie-en-2025\/\",\"name\":\"Double mauvaise nouvelle pour le ch\u00e8que \u00e9nergie en 2025\",\"isPartOf\":{\"@id\":\"https:\/\/www.svalbard.fr\/actualites\/#website\"},\"datePublished\":\"2025-07-17T13:30:00+00:00\",\"dateModified\":\"2025-07-16T09:04:34+00:00\",\"breadcrumb\":{\"@id\":\"https:\/\/www.svalbard.fr\/actualites\/double-mauvaise-nouvelle-pour-le-cheque-energie-en-2025\/#breadcrumb\"},\"inLanguage\":\"fr-FR\",\"potentialAction\":[{\"@type\":\"ReadAction\",\"target\":[\"https:\/\/www.svalbard.fr\/actualites\/double-mauvaise-nouvelle-pour-le-cheque-energie-en-2025\/\"]}]},{\"@type\":\"BreadcrumbList\",\"@id\":\"https:\/\/www.svalbard.fr\/actualites\/double-mauvaise-nouvelle-pour-le-cheque-energie-en-2025\/#breadcrumb\",\"itemListElement\":[{\"@type\":\"ListItem\",\"position\":1,\"name\":\"Accueil\",\"item\":\"https:\/\/www.svalbard.fr\/actualites\/\"},{\"@type\":\"ListItem\",\"position\":2,\"name\":\"Double mauvaise nouvelle pour le ch\u00e8que \u00e9nergie en 2025\"}]},{\"@type\":\"WebSite\",\"@id\":\"https:\/\/www.svalbard.fr\/actualites\/#website\",\"url\":\"https:\/\/www.svalbard.fr\/actualites\/\",\"name\":\"www.Svalbard.fr\",\"description\":\"\",\"publisher\":{\"@id\":\"https:\/\/www.svalbard.fr\/actualites\/#organization\"},\"potentialAction\":[{\"@type\":\"SearchAction\",\"target\":{\"@type\":\"EntryPoint\",\"urlTemplate\":\"https:\/\/www.svalbard.fr\/actualites\/?s={search_term_string}\"},\"query-input\":\"required name=search_term_string\"}],\"inLanguage\":\"fr-FR\"},{\"@type\":\"Organization\",\"@id\":\"https:\/\/www.svalbard.fr\/actualites\/#organization\",\"name\":\"www.Svalbard.fr\",\"url\":\"https:\/\/www.svalbard.fr\/actualites\/\",\"logo\":{\"@type\":\"ImageObject\",\"inLanguage\":\"fr-FR\",\"@id\":\"https:\/\/www.svalbard.fr\/actualites\/#\/schema\/logo\/image\/\",\"url\":\"https:\/\/www.svalbard.fr\/actualites\/wp-content\/uploads\/2023\/09\/head-nom.jpg\",\"contentUrl\":\"https:\/\/www.svalbard.fr\/actualites\/wp-content\/uploads\/2023\/09\/head-nom.jpg\",\"width\":264,\"height\":35,\"caption\":\"www.Svalbard.fr\"},\"image\":{\"@id\":\"https:\/\/www.svalbard.fr\/actualites\/#\/schema\/logo\/image\/\"}},{\"@type\":\"Person\",\"@id\":\"https:\/\/www.svalbard.fr\/actualites\/#\/schema\/person\/b9d185560b94bff7322d37cb676ee545\",\"name\":\"Guillaume Chen\",\"image\":{\"@type\":\"ImageObject\",\"inLanguage\":\"fr-FR\",\"@id\":\"https:\/\/www.svalbard.fr\/actualites\/#\/schema\/person\/image\/\",\"url\":\"https:\/\/secure.gravatar.com\/avatar\/0c3f9c94586035b795ad4049a06fb048?s=96&d=mm&r=g\",\"contentUrl\":\"https:\/\/secure.gravatar.com\/avatar\/0c3f9c94586035b795ad4049a06fb048?s=96&d=mm&r=g\",\"caption\":\"Guillaume Chen\"},\"sameAs\":[\"https:\/\/www.svalbard.fr\/\"]}]}<\/script>\n<!-- \/ Yoast SEO plugin. -->","yoast_head_json":{"title":"Double mauvaise nouvelle pour le ch\u00e8que \u00e9nergie en 2025","robots":{"index":"index","follow":"follow","max-snippet":"max-snippet:-1","max-image-preview":"max-image-preview:large","max-video-preview":"max-video-preview:-1"},"canonical":"https:\/\/www.svalbard.fr\/actualites\/double-mauvaise-nouvelle-pour-le-cheque-energie-en-2025\/","og_locale":"fr_FR","og_type":"article","og_title":"Double mauvaise nouvelle pour le ch\u00e8que \u00e9nergie en 2025","og_description":"C\u2019\u00e9tait une aide bienvenue pour all\u00e9ger les factures d\u2019\u00e9nergie, mais en 2025, le ch\u00e8que \u00e9nergie risque de ne plus tenir ses promesses. Moins g\u00e9n\u00e9reux, plus","og_url":"https:\/\/www.svalbard.fr\/actualites\/double-mauvaise-nouvelle-pour-le-cheque-energie-en-2025\/","og_site_name":"www.Svalbard.fr","article_published_time":"2025-07-17T13:30:00+00:00","article_modified_time":"2025-07-16T09:04:34+00:00","og_image":[{"width":1200,"height":705,"url":"https:\/\/www.svalbard.fr\/actualites\/wp-content\/uploads\/2025\/07\/chC3A8que20C3A9nergie-rC3A9forme202025-fnccr-700x411-1.jpeg","type":"image\/jpeg"}],"author":"Guillaume Chen","twitter_card":"summary_large_image","twitter_misc":{"\u00c9crit par":"Guillaume Chen","Dur\u00e9e de lecture estim\u00e9e":"4 minutes"},"schema":{"@context":"https:\/\/schema.org","@graph":[{"@type":"Article","@id":"https:\/\/www.svalbard.fr\/actualites\/double-mauvaise-nouvelle-pour-le-cheque-energie-en-2025\/#article","isPartOf":{"@id":"https:\/\/www.svalbard.fr\/actualites\/double-mauvaise-nouvelle-pour-le-cheque-energie-en-2025\/"},"author":{"name":"Guillaume Chen","@id":"https:\/\/www.svalbard.fr\/actualites\/#\/schema\/person\/b9d185560b94bff7322d37cb676ee545"},"headline":"Double mauvaise nouvelle pour le ch\u00e8que \u00e9nergie en 2025","datePublished":"2025-07-17T13:30:00+00:00","dateModified":"2025-07-16T09:04:34+00:00","mainEntityOfPage":{"@id":"https:\/\/www.svalbard.fr\/actualites\/double-mauvaise-nouvelle-pour-le-cheque-energie-en-2025\/"},"wordCount":703,"publisher":{"@id":"https:\/\/www.svalbard.fr\/actualites\/#organization"},"articleSection":["Tendances"],"inLanguage":"fr-FR"},{"@type":"WebPage","@id":"https:\/\/www.svalbard.fr\/actualites\/double-mauvaise-nouvelle-pour-le-cheque-energie-en-2025\/","url":"https:\/\/www.svalbard.fr\/actualites\/double-mauvaise-nouvelle-pour-le-cheque-energie-en-2025\/","name":"Double mauvaise nouvelle pour le ch\u00e8que \u00e9nergie en 2025","isPartOf":{"@id":"https:\/\/www.svalbard.fr\/actualites\/#website"},"datePublished":"2025-07-17T13:30:00+00:00","dateModified":"2025-07-16T09:04:34+00:00","breadcrumb":{"@id":"https:\/\/www.svalbard.fr\/actualites\/double-mauvaise-nouvelle-pour-le-cheque-energie-en-2025\/#breadcrumb"},"inLanguage":"fr-FR","potentialAction":[{"@type":"ReadAction","target":["https:\/\/www.svalbard.fr\/actualites\/double-mauvaise-nouvelle-pour-le-cheque-energie-en-2025\/"]}]},{"@type":"BreadcrumbList","@id":"https:\/\/www.svalbard.fr\/actualites\/double-mauvaise-nouvelle-pour-le-cheque-energie-en-2025\/#breadcrumb","itemListElement":[{"@type":"ListItem","position":1,"name":"Accueil","item":"https:\/\/www.svalbard.fr\/actualites\/"},{"@type":"ListItem","position":2,"name":"Double mauvaise nouvelle pour le ch\u00e8que \u00e9nergie en 2025"}]},{"@type":"WebSite","@id":"https:\/\/www.svalbard.fr\/actualites\/#website","url":"https:\/\/www.svalbard.fr\/actualites\/","name":"www.Svalbard.fr","description":"","publisher":{"@id":"https:\/\/www.svalbard.fr\/actualites\/#organization"},"potentialAction":[{"@type":"SearchAction","target":{"@type":"EntryPoint","urlTemplate":"https:\/\/www.svalbard.fr\/actualites\/?s={search_term_string}"},"query-input":"required name=search_term_string"}],"inLanguage":"fr-FR"},{"@type":"Organization","@id":"https:\/\/www.svalbard.fr\/actualites\/#organization","name":"www.Svalbard.fr","url":"https:\/\/www.svalbard.fr\/actualites\/","logo":{"@type":"ImageObject","inLanguage":"fr-FR","@id":"https:\/\/www.svalbard.fr\/actualites\/#\/schema\/logo\/image\/","url":"https:\/\/www.svalbard.fr\/actualites\/wp-content\/uploads\/2023\/09\/head-nom.jpg","contentUrl":"https:\/\/www.svalbard.fr\/actualites\/wp-content\/uploads\/2023\/09\/head-nom.jpg","width":264,"height":35,"caption":"www.Svalbard.fr"},"image":{"@id":"https:\/\/www.svalbard.fr\/actualites\/#\/schema\/logo\/image\/"}},{"@type":"Person","@id":"https:\/\/www.svalbard.fr\/actualites\/#\/schema\/person\/b9d185560b94bff7322d37cb676ee545","name":"Guillaume Chen","image":{"@type":"ImageObject","inLanguage":"fr-FR","@id":"https:\/\/www.svalbard.fr\/actualites\/#\/schema\/person\/image\/","url":"https:\/\/secure.gravatar.com\/avatar\/0c3f9c94586035b795ad4049a06fb048?s=96&d=mm&r=g","contentUrl":"https:\/\/secure.gravatar.com\/avatar\/0c3f9c94586035b795ad4049a06fb048?s=96&d=mm&r=g","caption":"Guillaume Chen"},"sameAs":["https:\/\/www.svalbard.fr\/"]}]}},"_links":{"self":[{"href":"https:\/\/www.svalbard.fr\/actualites\/wp-json\/wp\/v2\/posts\/4774"}],"collection":[{"href":"https:\/\/www.svalbard.fr\/actualites\/wp-json\/wp\/v2\/posts"}],"about":[{"href":"https:\/\/www.svalbard.fr\/actualites\/wp-json\/wp\/v2\/types\/post"}],"author":[{"embeddable":true,"href":"https:\/\/www.svalbard.fr\/actualites\/wp-json\/wp\/v2\/users\/3"}],"replies":[{"embeddable":true,"href":"https:\/\/www.svalbard.fr\/actualites\/wp-json\/wp\/v2\/comments?post=4774"}],"version-history":[{"count":1,"href":"https:\/\/www.svalbard.fr\/actualites\/wp-json\/wp\/v2\/posts\/4774\/revisions"}],"predecessor-version":[{"id":4776,"href":"https:\/\/www.svalbard.fr\/actualites\/wp-json\/wp\/v2\/posts\/4774\/revisions\/4776"}],"wp:featuredmedia":[{"embeddable":true,"href":"https:\/\/www.svalbard.fr\/actualites\/wp-json\/wp\/v2\/media\/4775"}],"wp:attachment":[{"href":"https:\/\/www.svalbard.fr\/actualites\/wp-json\/wp\/v2\/media?parent=4774"}],"wp:term":[{"taxonomy":"category","embeddable":true,"href":"https:\/\/www.svalbard.fr\/actualites\/wp-json\/wp\/v2\/categories?post=4774"},{"taxonomy":"post_tag","embeddable":true,"href":"https:\/\/www.svalbard.fr\/actualites\/wp-json\/wp\/v2\/tags?post=4774"}],"curies":[{"name":"wp","href":"https:\/\/api.w.org\/{rel}","templated":true}]}}