{"id":4777,"date":"2025-07-17T07:50:00","date_gmt":"2025-07-17T05:50:00","guid":{"rendered":"https:\/\/www.svalbard.fr\/actualites\/?p=4777"},"modified":"2025-07-16T11:22:47","modified_gmt":"2025-07-16T09:22:47","slug":"denne-2-euromynten-med-firklover-kan-vaere-verdt-en-formue-se-hvorfor","status":"publish","type":"post","link":"https:\/\/www.svalbard.fr\/actualites\/no\/denne-2-euromynten-med-firklover-kan-vaere-verdt-en-formue-se-hvorfor\/","title":{"rendered":"Denne 2-euromynten med firkl\u00f8ver kan v\u00e6re verdt en formue \u2013 se hvorfor"},"content":{"rendered":"\n<p><strong>Tenk deg at du st\u00e5r i butikken og fisker frem noen sm\u00e5mynter for \u00e5 betale \u2013 og der, midt blant alle de vanlige euromyntene, glitrer noe litt annerledes. En 2-euromynt med et firkl\u00f8ver. Du tenker kanskje det bare er et dekorativt preg, men for myntsamlere kan dette lille bladmotivet bety langt mer enn lykke. Det kan bety penger \u2013 og ganske mange av dem<\/strong><\/p>\n\n\n\n<!--more-->\n\n\n\n<h2 class=\"wp-block-heading\">En sjelden 2-euromynt som vekker samlernes interesse<\/h2>\n\n\n\n<p>I 2006 preget <strong>Finland<\/strong> en spesiell 2-euromynt med et <strong>firkl\u00f8ver<\/strong> p\u00e5 den nasjonale siden. Det som skulle v\u00e6re et minnesmerke over naturens betydning i finsk kultur, ble raskt et ettertraktet samleobjekt. Den er fortsatt gyldig som vanlig <a href=\"https:\/\/www.svalbard.fr\/actualites\/no\/unikt-funn-fra-vikingtiden-tre-kvinner-begravd-med-smykker-og-sjelden-mynt\/\"><strong>mynt<\/strong><\/a>, men dens <strong>sjeldne preg og unike design<\/strong> har gjort den verdifull for samlere over hele Europa<\/p>\n\n\n\n<p>Har du en slik i skuffen eller lommeboken, er det verdt \u00e5 ta en ekstra titt. En godt bevart utgave kan i dag omsettes for alt fra <strong>20 til 100 euro<\/strong>, og enkelte eksemplarer har g\u00e5tt for enda mer n\u00e5r de er i topp stand<\/p>\n\n\n\n<h2 class=\"wp-block-heading\">Hvorfor akkurat denne mynten er s\u00e5 spesiell<\/h2>\n\n\n\n<p>Firkl\u00f8veren p\u00e5 mynten er mer enn bare pynt \u2013 det er et symbol p\u00e5 <strong>natur, flaks og nasjonal identitet<\/strong>. Den ble utgitt som en <strong>kommemorativ utgave<\/strong>, og antallet som ble produsert er begrenset sammenlignet med standardmynter. Det er nettopp denne <strong>kombinasjonen av symbolikk og begrenset opplag<\/strong> som gj\u00f8r den s\u00e5 attraktiv<\/p>\n\n\n\n<p>Et personlig eksempel: En eldre herre fra Helsingfors oppdaget for noen \u00e5r siden en firkl\u00f8vermynt i et arvet myntglass. Han hadde vurdert \u00e5 bruke den som betaling p\u00e5 n\u00e6rbutikken f\u00f8r han tilfeldigvis nevnte den for en samlerbekjent. I dag ligger mynten trygt i en beskyttet eske og har blitt profesjonelt vurdert til over 120 euro<\/p>\n\n\n\n<h2 class=\"wp-block-heading\">Flere varianter og detaljer som teller<\/h2>\n\n\n\n<p>Firkl\u00f8veren er ikke det eneste som gj\u00f8r disse finske 2-euromyntene interessante. \u00c5ret etter, i <strong>2007<\/strong>, dukket det opp en variant med et lite \u00abFI\u00bb preget p\u00e5 \u2013 <strong>landkoden for Finland<\/strong>. I 2008 kom det en versjon med <strong>en overflodshorn<\/strong>, et annet klassisk symbol for velstand. I \u00e5rene som fulgte kom det ogs\u00e5 utgaver med <strong>l\u00f8ver og andre heraldiske symboler<\/strong>, noe som gir myntene b\u00e5de historisk og kunstnerisk verdi<\/p>\n\n\n\n<p>For mange samlere er det ikke bare motivet, men ogs\u00e5 <strong>hvilket \u00e5r mynten er fra<\/strong>, og <strong>om den har spesielle preg eller initialer<\/strong>, som avgj\u00f8r verdien. Disse detaljene er ofte sm\u00e5 og krever et godt \u00f8ye \u2013 men de kan gj\u00f8re stor forskjell<\/p>\n\n\n\n<h2 class=\"wp-block-heading\">En mynt med tekniske kvaliteter<\/h2>\n\n\n\n<p>Mynten er teknisk sett en liten ingeni\u00f8rkunst i seg selv. Den veier <strong>8,5 gram<\/strong>, er <strong>25,75 mm i diameter<\/strong> og <strong>2,2 mm tykk<\/strong>. Den best\u00e5r av to metaller \u2013 et indre lag av nikkel og et ytre lag av kobbernikkel \u2013 som gir den et <strong>karakteristisk utseende<\/strong><\/p>\n\n\n\n<p>P\u00e5 forsiden (aversen) finner du motivet, \u00e5rstallet og ofte et lite \u00abM\u00bb, signaturen til myntverkets dav\u00e6rende direkt\u00f8r. Baksiden (reversen) er den klassiske EU-siden med <strong>kartet over <a href=\"https:\/\/www.svalbard.fr\/actualites\/no\/europa-forbereder-et-slag-mot-trump-dette-kan-skje-i-2025\/\">Europa<\/a> og tolv stjerner<\/strong> rundt. Alt dette bidrar til at den skiller seg ut i en myntesamling<\/p>\n\n\n<div class=\"wp-block-image\">\n<figure class=\"aligncenter size-large\"><img decoding=\"async\" loading=\"lazy\" width=\"1024\" height=\"1024\" src=\"https:\/\/www.svalbard.fr\/actualites\/wp-content\/uploads\/2025\/07\/piece-de-2-euros-avec-un-trefle-1024x1024-1-1024x1024.jpg\" alt=\"her er 2-euromynten med kl\u00f8veren\" class=\"wp-image-4778\" srcset=\"https:\/\/www.svalbard.fr\/actualites\/wp-content\/uploads\/2025\/07\/piece-de-2-euros-avec-un-trefle-1024x1024-1-1024x1024.jpg 1024w, https:\/\/www.svalbard.fr\/actualites\/wp-content\/uploads\/2025\/07\/piece-de-2-euros-avec-un-trefle-1024x1024-1-300x300.jpg 300w, https:\/\/www.svalbard.fr\/actualites\/wp-content\/uploads\/2025\/07\/piece-de-2-euros-avec-un-trefle-1024x1024-1-150x150.jpg 150w, https:\/\/www.svalbard.fr\/actualites\/wp-content\/uploads\/2025\/07\/piece-de-2-euros-avec-un-trefle-1024x1024-1-768x768.jpg 768w, https:\/\/www.svalbard.fr\/actualites\/wp-content\/uploads\/2025\/07\/piece-de-2-euros-avec-un-trefle-1024x1024-1.jpg 1200w\" sizes=\"(max-width: 1024px) 100vw, 1024px\" \/><\/figure><\/div>\n\n\n<h2 class=\"wp-block-heading\">Slik vurderes og verdsettes en samlermynt<\/h2>\n\n\n\n<p>Har du en slik mynt i god stand, kan det v\u00e6re smart \u00e5 f\u00e5 den <strong>vurdert av en numismatiker<\/strong>. Myntens tilstand er avgj\u00f8rende. Jo n\u00e6rmere <strong>perfekt stand<\/strong>, jo h\u00f8yere pris. Vurderingen skjer ofte etter en skala fra 1 til 70, hvor 70 tilsvarer det som kalles <strong>\u00ab\u00a0Fleur de Coin\u00a0\u00bb<\/strong>, alts\u00e5 en mynt i ulastelig stand \u2013 som om den nettopp ble preget<\/p>\n\n\n\n<p>For \u00e5 bevare kvaliteten er det viktig \u00e5 oppbevare mynten <strong>t\u00f8rt og st\u00f8vfritt<\/strong>, gjerne i en plastkapsel eller et myntalbum. Unng\u00e5 \u00e5 ber\u00f8re overflaten direkte med fingrene, da selv hudfett kan p\u00e5virke metallet over tid<\/p>\n\n\n\n<h2 class=\"wp-block-heading\">En liten investering med stort potensial<\/h2>\n\n\n\n<p>Det er lett \u00e5 overse slike sm\u00e5 detaljer i hverdagen. Men med \u00f8kende interesse for <strong>myntsamling og alternative investeringer<\/strong>, har enkelte 2-euromynter utviklet seg til <strong>reelle verdigjenstander<\/strong>. Noen har oppdaget verdien ved en tilfeldighet \u2013 andre leter aktivt etter dem i lommeboken, p\u00e5 loppemarkeder eller i gamle spareb\u00f8sser<\/p>\n\n\n\n<p>S\u00e5 neste gang du f\u00e5r veksel, ta deg tid til \u00e5 se litt n\u00e6rmere. Det kan v\u00e6re du holder en <strong>liten skatt<\/strong> i h\u00e5nden \u2013 og kanskje en mynt som ikke bare bringer flaks, men ogs\u00e5 <strong>en god slump penger<\/strong> hvis den selges p\u00e5 rett tidspunkt og til rett person<\/p>\n\n\n\n<p><strong>Det er sjelden man f\u00e5r b\u00e5de firkl\u00f8ver og gevinst i \u00e9n og samme mynt \u2013 men i dette tilfellet er det fullt mulig<\/strong><\/p>\n","protected":false},"excerpt":{"rendered":"<p>Tenk deg at du st\u00e5r i butikken og fisker frem noen sm\u00e5mynter for \u00e5 betale \u2013 og der, midt blant alle de vanlige euromyntene, glitrer<\/p>\n","protected":false},"author":3,"featured_media":4779,"comment_status":"closed","ping_status":"closed","sticky":false,"template":"","format":"standard","meta":{"footnotes":""},"categories":[4557],"tags":[],"yoast_head":"<!-- This site is optimized with the Yoast SEO plugin v21.0 - https:\/\/yoast.com\/wordpress\/plugins\/seo\/ -->\n<title>Denne 2-euromynten med firkl\u00f8ver kan v\u00e6re verdt en formue \u2013 se hvorfor<\/title>\n<meta name=\"robots\" content=\"index, follow, max-snippet:-1, max-image-preview:large, max-video-preview:-1\" \/>\n<link rel=\"canonical\" href=\"https:\/\/www.svalbard.fr\/actualites\/no\/denne-2-euromynten-med-firklover-kan-vaere-verdt-en-formue-se-hvorfor\/\" \/>\n<meta property=\"og:locale\" content=\"fr_FR\" \/>\n<meta property=\"og:type\" content=\"article\" \/>\n<meta property=\"og:title\" content=\"Denne 2-euromynten med firkl\u00f8ver kan v\u00e6re verdt en formue \u2013 se hvorfor\" \/>\n<meta property=\"og:description\" content=\"Tenk deg at du st\u00e5r i butikken og fisker frem noen sm\u00e5mynter for \u00e5 betale \u2013 og der, midt blant alle de vanlige euromyntene, glitrer\" \/>\n<meta property=\"og:url\" content=\"https:\/\/www.svalbard.fr\/actualites\/no\/denne-2-euromynten-med-firklover-kan-vaere-verdt-en-formue-se-hvorfor\/\" \/>\n<meta property=\"og:site_name\" content=\"www.Svalbard.fr\" \/>\n<meta property=\"article:published_time\" content=\"2025-07-17T05:50:00+00:00\" \/>\n<meta property=\"article:modified_time\" content=\"2025-07-16T09:22:47+00:00\" \/>\n<meta property=\"og:image\" content=\"https:\/\/www.svalbard.fr\/actualites\/wp-content\/uploads\/2025\/07\/Cette-piece-de-2-euros-ornee-dun-trefle-a-4-feuilles-pourrait-bien-vous-enrichir.jpg\" \/>\n\t<meta property=\"og:image:width\" content=\"1200\" \/>\n\t<meta property=\"og:image:height\" content=\"675\" \/>\n\t<meta property=\"og:image:type\" content=\"image\/jpeg\" \/>\n<meta name=\"author\" content=\"Guillaume Chen\" \/>\n<meta name=\"twitter:card\" content=\"summary_large_image\" \/>\n<meta name=\"twitter:label1\" content=\"\u00c9crit par\" \/>\n\t<meta name=\"twitter:data1\" content=\"Guillaume Chen\" \/>\n\t<meta name=\"twitter:label2\" content=\"Dur\u00e9e de lecture estim\u00e9e\" \/>\n\t<meta name=\"twitter:data2\" content=\"4 minutes\" \/>\n<script type=\"application\/ld+json\" class=\"yoast-schema-graph\">{\"@context\":\"https:\/\/schema.org\",\"@graph\":[{\"@type\":\"Article\",\"@id\":\"https:\/\/www.svalbard.fr\/actualites\/no\/denne-2-euromynten-med-firklover-kan-vaere-verdt-en-formue-se-hvorfor\/#article\",\"isPartOf\":{\"@id\":\"https:\/\/www.svalbard.fr\/actualites\/no\/denne-2-euromynten-med-firklover-kan-vaere-verdt-en-formue-se-hvorfor\/\"},\"author\":{\"name\":\"Guillaume Chen\",\"@id\":\"https:\/\/www.svalbard.fr\/actualites\/#\/schema\/person\/b9d185560b94bff7322d37cb676ee545\"},\"headline\":\"Denne 2-euromynten med firkl\u00f8ver kan v\u00e6re verdt en formue \u2013 se hvorfor\",\"datePublished\":\"2025-07-17T05:50:00+00:00\",\"dateModified\":\"2025-07-16T09:22:47+00:00\",\"mainEntityOfPage\":{\"@id\":\"https:\/\/www.svalbard.fr\/actualites\/no\/denne-2-euromynten-med-firklover-kan-vaere-verdt-en-formue-se-hvorfor\/\"},\"wordCount\":744,\"publisher\":{\"@id\":\"https:\/\/www.svalbard.fr\/actualites\/#organization\"},\"articleSection\":[\"Trender\"],\"inLanguage\":\"fr-FR\"},{\"@type\":\"WebPage\",\"@id\":\"https:\/\/www.svalbard.fr\/actualites\/no\/denne-2-euromynten-med-firklover-kan-vaere-verdt-en-formue-se-hvorfor\/\",\"url\":\"https:\/\/www.svalbard.fr\/actualites\/no\/denne-2-euromynten-med-firklover-kan-vaere-verdt-en-formue-se-hvorfor\/\",\"name\":\"Denne 2-euromynten med firkl\u00f8ver kan v\u00e6re verdt en formue \u2013 se hvorfor\",\"isPartOf\":{\"@id\":\"https:\/\/www.svalbard.fr\/actualites\/#website\"},\"datePublished\":\"2025-07-17T05:50:00+00:00\",\"dateModified\":\"2025-07-16T09:22:47+00:00\",\"breadcrumb\":{\"@id\":\"https:\/\/www.svalbard.fr\/actualites\/no\/denne-2-euromynten-med-firklover-kan-vaere-verdt-en-formue-se-hvorfor\/#breadcrumb\"},\"inLanguage\":\"fr-FR\",\"potentialAction\":[{\"@type\":\"ReadAction\",\"target\":[\"https:\/\/www.svalbard.fr\/actualites\/no\/denne-2-euromynten-med-firklover-kan-vaere-verdt-en-formue-se-hvorfor\/\"]}]},{\"@type\":\"BreadcrumbList\",\"@id\":\"https:\/\/www.svalbard.fr\/actualites\/no\/denne-2-euromynten-med-firklover-kan-vaere-verdt-en-formue-se-hvorfor\/#breadcrumb\",\"itemListElement\":[{\"@type\":\"ListItem\",\"position\":1,\"name\":\"Accueil\",\"item\":\"https:\/\/www.svalbard.fr\/actualites\/\"},{\"@type\":\"ListItem\",\"position\":2,\"name\":\"Denne 2-euromynten med firkl\u00f8ver kan v\u00e6re verdt en formue \u2013 se hvorfor\"}]},{\"@type\":\"WebSite\",\"@id\":\"https:\/\/www.svalbard.fr\/actualites\/#website\",\"url\":\"https:\/\/www.svalbard.fr\/actualites\/\",\"name\":\"www.Svalbard.fr\",\"description\":\"\",\"publisher\":{\"@id\":\"https:\/\/www.svalbard.fr\/actualites\/#organization\"},\"potentialAction\":[{\"@type\":\"SearchAction\",\"target\":{\"@type\":\"EntryPoint\",\"urlTemplate\":\"https:\/\/www.svalbard.fr\/actualites\/?s={search_term_string}\"},\"query-input\":\"required name=search_term_string\"}],\"inLanguage\":\"fr-FR\"},{\"@type\":\"Organization\",\"@id\":\"https:\/\/www.svalbard.fr\/actualites\/#organization\",\"name\":\"www.Svalbard.fr\",\"url\":\"https:\/\/www.svalbard.fr\/actualites\/\",\"logo\":{\"@type\":\"ImageObject\",\"inLanguage\":\"fr-FR\",\"@id\":\"https:\/\/www.svalbard.fr\/actualites\/#\/schema\/logo\/image\/\",\"url\":\"https:\/\/www.svalbard.fr\/actualites\/wp-content\/uploads\/2023\/09\/head-nom.jpg\",\"contentUrl\":\"https:\/\/www.svalbard.fr\/actualites\/wp-content\/uploads\/2023\/09\/head-nom.jpg\",\"width\":264,\"height\":35,\"caption\":\"www.Svalbard.fr\"},\"image\":{\"@id\":\"https:\/\/www.svalbard.fr\/actualites\/#\/schema\/logo\/image\/\"}},{\"@type\":\"Person\",\"@id\":\"https:\/\/www.svalbard.fr\/actualites\/#\/schema\/person\/b9d185560b94bff7322d37cb676ee545\",\"name\":\"Guillaume Chen\",\"image\":{\"@type\":\"ImageObject\",\"inLanguage\":\"fr-FR\",\"@id\":\"https:\/\/www.svalbard.fr\/actualites\/#\/schema\/person\/image\/\",\"url\":\"https:\/\/secure.gravatar.com\/avatar\/0c3f9c94586035b795ad4049a06fb048?s=96&d=mm&r=g\",\"contentUrl\":\"https:\/\/secure.gravatar.com\/avatar\/0c3f9c94586035b795ad4049a06fb048?s=96&d=mm&r=g\",\"caption\":\"Guillaume Chen\"},\"sameAs\":[\"https:\/\/www.svalbard.fr\/\"]}]}<\/script>\n<!-- \/ Yoast SEO plugin. -->","yoast_head_json":{"title":"Denne 2-euromynten med firkl\u00f8ver kan v\u00e6re verdt en formue \u2013 se hvorfor","robots":{"index":"index","follow":"follow","max-snippet":"max-snippet:-1","max-image-preview":"max-image-preview:large","max-video-preview":"max-video-preview:-1"},"canonical":"https:\/\/www.svalbard.fr\/actualites\/no\/denne-2-euromynten-med-firklover-kan-vaere-verdt-en-formue-se-hvorfor\/","og_locale":"fr_FR","og_type":"article","og_title":"Denne 2-euromynten med firkl\u00f8ver kan v\u00e6re verdt en formue \u2013 se hvorfor","og_description":"Tenk deg at du st\u00e5r i butikken og fisker frem noen sm\u00e5mynter for \u00e5 betale \u2013 og der, midt blant alle de vanlige euromyntene, glitrer","og_url":"https:\/\/www.svalbard.fr\/actualites\/no\/denne-2-euromynten-med-firklover-kan-vaere-verdt-en-formue-se-hvorfor\/","og_site_name":"www.Svalbard.fr","article_published_time":"2025-07-17T05:50:00+00:00","article_modified_time":"2025-07-16T09:22:47+00:00","og_image":[{"width":1200,"height":675,"url":"https:\/\/www.svalbard.fr\/actualites\/wp-content\/uploads\/2025\/07\/Cette-piece-de-2-euros-ornee-dun-trefle-a-4-feuilles-pourrait-bien-vous-enrichir.jpg","type":"image\/jpeg"}],"author":"Guillaume Chen","twitter_card":"summary_large_image","twitter_misc":{"\u00c9crit par":"Guillaume Chen","Dur\u00e9e de lecture estim\u00e9e":"4 minutes"},"schema":{"@context":"https:\/\/schema.org","@graph":[{"@type":"Article","@id":"https:\/\/www.svalbard.fr\/actualites\/no\/denne-2-euromynten-med-firklover-kan-vaere-verdt-en-formue-se-hvorfor\/#article","isPartOf":{"@id":"https:\/\/www.svalbard.fr\/actualites\/no\/denne-2-euromynten-med-firklover-kan-vaere-verdt-en-formue-se-hvorfor\/"},"author":{"name":"Guillaume Chen","@id":"https:\/\/www.svalbard.fr\/actualites\/#\/schema\/person\/b9d185560b94bff7322d37cb676ee545"},"headline":"Denne 2-euromynten med firkl\u00f8ver kan v\u00e6re verdt en formue \u2013 se hvorfor","datePublished":"2025-07-17T05:50:00+00:00","dateModified":"2025-07-16T09:22:47+00:00","mainEntityOfPage":{"@id":"https:\/\/www.svalbard.fr\/actualites\/no\/denne-2-euromynten-med-firklover-kan-vaere-verdt-en-formue-se-hvorfor\/"},"wordCount":744,"publisher":{"@id":"https:\/\/www.svalbard.fr\/actualites\/#organization"},"articleSection":["Trender"],"inLanguage":"fr-FR"},{"@type":"WebPage","@id":"https:\/\/www.svalbard.fr\/actualites\/no\/denne-2-euromynten-med-firklover-kan-vaere-verdt-en-formue-se-hvorfor\/","url":"https:\/\/www.svalbard.fr\/actualites\/no\/denne-2-euromynten-med-firklover-kan-vaere-verdt-en-formue-se-hvorfor\/","name":"Denne 2-euromynten med firkl\u00f8ver kan v\u00e6re verdt en formue \u2013 se hvorfor","isPartOf":{"@id":"https:\/\/www.svalbard.fr\/actualites\/#website"},"datePublished":"2025-07-17T05:50:00+00:00","dateModified":"2025-07-16T09:22:47+00:00","breadcrumb":{"@id":"https:\/\/www.svalbard.fr\/actualites\/no\/denne-2-euromynten-med-firklover-kan-vaere-verdt-en-formue-se-hvorfor\/#breadcrumb"},"inLanguage":"fr-FR","potentialAction":[{"@type":"ReadAction","target":["https:\/\/www.svalbard.fr\/actualites\/no\/denne-2-euromynten-med-firklover-kan-vaere-verdt-en-formue-se-hvorfor\/"]}]},{"@type":"BreadcrumbList","@id":"https:\/\/www.svalbard.fr\/actualites\/no\/denne-2-euromynten-med-firklover-kan-vaere-verdt-en-formue-se-hvorfor\/#breadcrumb","itemListElement":[{"@type":"ListItem","position":1,"name":"Accueil","item":"https:\/\/www.svalbard.fr\/actualites\/"},{"@type":"ListItem","position":2,"name":"Denne 2-euromynten med firkl\u00f8ver kan v\u00e6re verdt en formue \u2013 se hvorfor"}]},{"@type":"WebSite","@id":"https:\/\/www.svalbard.fr\/actualites\/#website","url":"https:\/\/www.svalbard.fr\/actualites\/","name":"www.Svalbard.fr","description":"","publisher":{"@id":"https:\/\/www.svalbard.fr\/actualites\/#organization"},"potentialAction":[{"@type":"SearchAction","target":{"@type":"EntryPoint","urlTemplate":"https:\/\/www.svalbard.fr\/actualites\/?s={search_term_string}"},"query-input":"required name=search_term_string"}],"inLanguage":"fr-FR"},{"@type":"Organization","@id":"https:\/\/www.svalbard.fr\/actualites\/#organization","name":"www.Svalbard.fr","url":"https:\/\/www.svalbard.fr\/actualites\/","logo":{"@type":"ImageObject","inLanguage":"fr-FR","@id":"https:\/\/www.svalbard.fr\/actualites\/#\/schema\/logo\/image\/","url":"https:\/\/www.svalbard.fr\/actualites\/wp-content\/uploads\/2023\/09\/head-nom.jpg","contentUrl":"https:\/\/www.svalbard.fr\/actualites\/wp-content\/uploads\/2023\/09\/head-nom.jpg","width":264,"height":35,"caption":"www.Svalbard.fr"},"image":{"@id":"https:\/\/www.svalbard.fr\/actualites\/#\/schema\/logo\/image\/"}},{"@type":"Person","@id":"https:\/\/www.svalbard.fr\/actualites\/#\/schema\/person\/b9d185560b94bff7322d37cb676ee545","name":"Guillaume Chen","image":{"@type":"ImageObject","inLanguage":"fr-FR","@id":"https:\/\/www.svalbard.fr\/actualites\/#\/schema\/person\/image\/","url":"https:\/\/secure.gravatar.com\/avatar\/0c3f9c94586035b795ad4049a06fb048?s=96&d=mm&r=g","contentUrl":"https:\/\/secure.gravatar.com\/avatar\/0c3f9c94586035b795ad4049a06fb048?s=96&d=mm&r=g","caption":"Guillaume Chen"},"sameAs":["https:\/\/www.svalbard.fr\/"]}]}},"_links":{"self":[{"href":"https:\/\/www.svalbard.fr\/actualites\/wp-json\/wp\/v2\/posts\/4777"}],"collection":[{"href":"https:\/\/www.svalbard.fr\/actualites\/wp-json\/wp\/v2\/posts"}],"about":[{"href":"https:\/\/www.svalbard.fr\/actualites\/wp-json\/wp\/v2\/types\/post"}],"author":[{"embeddable":true,"href":"https:\/\/www.svalbard.fr\/actualites\/wp-json\/wp\/v2\/users\/3"}],"replies":[{"embeddable":true,"href":"https:\/\/www.svalbard.fr\/actualites\/wp-json\/wp\/v2\/comments?post=4777"}],"version-history":[{"count":1,"href":"https:\/\/www.svalbard.fr\/actualites\/wp-json\/wp\/v2\/posts\/4777\/revisions"}],"predecessor-version":[{"id":4780,"href":"https:\/\/www.svalbard.fr\/actualites\/wp-json\/wp\/v2\/posts\/4777\/revisions\/4780"}],"wp:featuredmedia":[{"embeddable":true,"href":"https:\/\/www.svalbard.fr\/actualites\/wp-json\/wp\/v2\/media\/4779"}],"wp:attachment":[{"href":"https:\/\/www.svalbard.fr\/actualites\/wp-json\/wp\/v2\/media?parent=4777"}],"wp:term":[{"taxonomy":"category","embeddable":true,"href":"https:\/\/www.svalbard.fr\/actualites\/wp-json\/wp\/v2\/categories?post=4777"},{"taxonomy":"post_tag","embeddable":true,"href":"https:\/\/www.svalbard.fr\/actualites\/wp-json\/wp\/v2\/tags?post=4777"}],"curies":[{"name":"wp","href":"https:\/\/api.w.org\/{rel}","templated":true}]}}