{"id":4784,"date":"2025-07-18T08:30:00","date_gmt":"2025-07-18T06:30:00","guid":{"rendered":"https:\/\/www.svalbard.fr\/actualites\/?p=4784"},"modified":"2025-07-17T08:56:34","modified_gmt":"2025-07-17T06:56:34","slug":"je-touche-2-000-e-par-mois-le-plan-retraite-malin-de-ce-retraite-de-lorient","status":"publish","type":"post","link":"https:\/\/www.svalbard.fr\/actualites\/je-touche-2-000-e-par-mois-le-plan-retraite-malin-de-ce-retraite-de-lorient\/","title":{"rendered":"\u00ab Je touche 2 000 \u20ac par mois \u00bb : le plan retraite malin de ce retrait\u00e9 de Lorient"},"content":{"rendered":"\n<p><strong><em>\u00c0 l\u2019heure o\u00f9 la question du pouvoir d\u2019achat des retrait\u00e9s revient sans cesse dans les d\u00e9bats, certains tirent leur \u00e9pingle du jeu gr\u00e2ce \u00e0 une gestion habile de leurs finances. C\u2019est le cas de Georges, 82 ans, install\u00e9 \u00e0 Lorient, qui a su b\u00e2tir un solide compl\u00e9ment de revenus mensuels gr\u00e2ce \u00e0 une strat\u00e9gie d\u2019\u00e9pargne r\u00e9fl\u00e9chie et des choix d\u2019investissement avis\u00e9s.<\/em><\/strong><\/p>\n\n\n\n<!--more-->\n\n\n\n<h2 class=\"wp-block-heading\">Un compl\u00e9ment bienvenu, mais pas tomb\u00e9 du ciel<\/h2>\n\n\n\n<p>Georges le dit d\u2019entr\u00e9e de jeu : non, <strong>il ne vit pas uniquement de ses placements<\/strong>, mais ceux-ci lui assurent chaque mois environ <strong>2 000 euros suppl\u00e9mentaires<\/strong>. De quoi profiter de la vie sans compter uniquement sur sa pension de retraite. Ce revenu confortable, il ne l\u2019a pas trouv\u00e9 en un claquement de doigts : il est le fruit d\u2019une strat\u00e9gie b\u00e2tie <strong>sur plusieurs ann\u00e9es<\/strong>, patiemment, sans prise de risque excessive.<\/p>\n\n\n\n<p>Il s\u2019appuie principalement sur deux piliers : <strong>des contrats d\u2019assurance-vie<\/strong> compos\u00e9s exclusivement de <strong>fonds en euros<\/strong>, pour garantir la s\u00e9curit\u00e9 de son capital, et <strong>un PEA (Plan d\u2019\u00c9pargne en Actions)<\/strong> qu\u2019il pilote lui-m\u00eame depuis plus d\u2019une d\u00e9cennie.<\/p>\n\n\n\n<h2 class=\"wp-block-heading\">Le PEA, son moteur de croissance<\/h2>\n\n\n\n<p>Ce qui fait vraiment la diff\u00e9rence dans la strat\u00e9gie de Georges, c\u2019est son PEA, ouvert en 2013. Ce plan, destin\u00e9 \u00e0 encourager <strong>l\u2019<a href=\"https:\/\/www.svalbard.fr\/actualites\/le-geant-de-lenergie-norvegien-reduit-linvestissement-vert-de-4-milliards-de-livres-sterling-et-commence-a-creuser-pour-plus-dhuile-a-la-place\/\">investissement<\/a> en actions europ\u00e9ennes<\/strong>, lui permet d\u2019accumuler des revenus et de faire <strong>fructifier son capital<\/strong> tout en b\u00e9n\u00e9ficiant d\u2019un cadre fiscal avantageux (exon\u00e9ration d\u2019imp\u00f4t apr\u00e8s cinq ans de d\u00e9tention, hors pr\u00e9l\u00e8vements sociaux).<\/p>\n\n\n\n<p>Mais Georges n\u2019investit pas au hasard : il a divis\u00e9 son portefeuille en deux parties bien distinctes. D\u2019un c\u00f4t\u00e9, un <strong>noyau dur<\/strong> compos\u00e9 d\u2019actions solides du <strong>CAC 40<\/strong> \u2014 ces grandes entreprises fran\u00e7aises qui versent souvent des <strong>dividendes r\u00e9guliers<\/strong>, comme <strong>Air Liquide, Sanofi, Axa, Vinci ou Schneider Electric<\/strong>. De l\u2019autre, une poche plus souple, o\u00f9 il teste des valeurs plus volatiles ou nouvellement entr\u00e9es sur le radar, parfois issues d\u2019autres pays europ\u00e9ens.<\/p>\n\n\n\n<p>Ce savant \u00e9quilibre lui permet de <strong>limiter les pertes lors des p\u00e9riodes difficiles<\/strong>, tout en profitant des rebonds du march\u00e9 gr\u00e2ce \u00e0 une part plus dynamique de son portefeuille.<\/p>\n\n\n\n<h2 class=\"wp-block-heading\">La prudence comme ma\u00eetre mot<\/h2>\n\n\n\n<p>\u00c0 ceux qui l\u2019imagineraient en retrait\u00e9 joueur de Bourse, Georges r\u00e9pond avec un sourire : <strong>\u00ab Je reste prudent. Je ne mets pas tous mes \u0153ufs dans le m\u00eame panier. \u00bb<\/strong> Cette logique, il l\u2019applique \u00e0 son contrat d\u2019assurance-vie, enti\u00e8rement plac\u00e9 sur des <strong>fonds en euros<\/strong>, garantissant le capital tout en offrant un <strong>rendement modeste mais s\u00e9curis\u00e9<\/strong>.<\/p>\n\n\n\n<p>Les retraits qu\u2019il effectue sur ces contrats viennent compl\u00e9ter les revenus issus de son PEA, cr\u00e9ant un <strong>flux de tr\u00e9sorerie mensuel<\/strong> sans avoir \u00e0 toucher au capital de d\u00e9part.<\/p>\n\n\n\n<p>Ce mod\u00e8le permet \u00e0 Georges de profiter de sa <a href=\"https:\/\/www.svalbard.fr\/actualites\/retraite-jetais-jalouse-de-lui-a-en-crever-le-temoignage-de-karine\/\"><strong>retraite<\/strong><\/a> avec plus de s\u00e9r\u00e9nit\u00e9, tout en gardant un \u0153il sur ses investissements. Il suit encore de pr\u00e8s l\u2019actualit\u00e9 \u00e9conomique, lit la presse sp\u00e9cialis\u00e9e et ajuste ses choix si n\u00e9cessaire. \u00ab C\u2019est aussi un plaisir, un passe-temps stimulant \u00bb, confie-t-il.<\/p>\n\n\n\n<p><strong>Conclusion :<\/strong> \u00c0 82 ans, Georges prouve qu\u2019il n\u2019est jamais trop tard pour <strong>prendre en main sa retraite financi\u00e8rement<\/strong>. Gr\u00e2ce \u00e0 une gestion structur\u00e9e, prudente mais active, il parvient \u00e0 d\u00e9gager des revenus mensuels significatifs, sans prise de risque d\u00e9mesur\u00e9e. Son exemple rappelle qu\u2019avec un peu de m\u00e9thode, d\u2019information \u2014 et une pinc\u00e9e de patience \u2014 il est possible d\u2019am\u00e9liorer son quotidien, m\u00eame bien apr\u00e8s l\u2019\u00e2ge de la retraite.<\/p>\n","protected":false},"excerpt":{"rendered":"<p>\u00c0 l\u2019heure o\u00f9 la question du pouvoir d\u2019achat des retrait\u00e9s revient sans cesse dans les d\u00e9bats, certains tirent leur \u00e9pingle du jeu gr\u00e2ce \u00e0 une<\/p>\n","protected":false},"author":3,"featured_media":4785,"comment_status":"closed","ping_status":"closed","sticky":false,"template":"","format":"standard","meta":{"footnotes":""},"categories":[1725],"tags":[],"yoast_head":"<!-- This site is optimized with the Yoast SEO plugin v21.0 - https:\/\/yoast.com\/wordpress\/plugins\/seo\/ -->\n<title>\u00ab Je touche 2 000 \u20ac par mois \u00bb : le plan retraite malin de ce retrait\u00e9 de Lorient<\/title>\n<meta name=\"robots\" content=\"index, follow, max-snippet:-1, max-image-preview:large, max-video-preview:-1\" \/>\n<link rel=\"canonical\" href=\"https:\/\/www.svalbard.fr\/actualites\/je-touche-2-000-e-par-mois-le-plan-retraite-malin-de-ce-retraite-de-lorient\/\" \/>\n<meta property=\"og:locale\" content=\"fr_FR\" \/>\n<meta property=\"og:type\" content=\"article\" \/>\n<meta property=\"og:title\" content=\"\u00ab Je touche 2 000 \u20ac par mois \u00bb : le plan retraite malin de ce retrait\u00e9 de Lorient\" \/>\n<meta property=\"og:description\" content=\"\u00c0 l\u2019heure o\u00f9 la question du pouvoir d\u2019achat des retrait\u00e9s revient sans cesse dans les d\u00e9bats, certains tirent leur \u00e9pingle du jeu gr\u00e2ce \u00e0 une\" \/>\n<meta property=\"og:url\" content=\"https:\/\/www.svalbard.fr\/actualites\/je-touche-2-000-e-par-mois-le-plan-retraite-malin-de-ce-retraite-de-lorient\/\" \/>\n<meta property=\"og:site_name\" content=\"www.Svalbard.fr\" \/>\n<meta property=\"article:published_time\" content=\"2025-07-18T06:30:00+00:00\" \/>\n<meta property=\"article:modified_time\" content=\"2025-07-17T06:56:34+00:00\" \/>\n<meta property=\"og:image\" content=\"https:\/\/www.svalbard.fr\/actualites\/wp-content\/uploads\/2025\/07\/0150431936277-web-tete.jpg\" \/>\n\t<meta property=\"og:image:width\" content=\"1200\" \/>\n\t<meta property=\"og:image:height\" content=\"675\" \/>\n\t<meta property=\"og:image:type\" content=\"image\/jpeg\" \/>\n<meta name=\"author\" content=\"Guillaume Chen\" \/>\n<meta name=\"twitter:card\" content=\"summary_large_image\" \/>\n<meta name=\"twitter:label1\" content=\"\u00c9crit par\" \/>\n\t<meta name=\"twitter:data1\" content=\"Guillaume Chen\" \/>\n\t<meta name=\"twitter:label2\" content=\"Dur\u00e9e de lecture estim\u00e9e\" \/>\n\t<meta name=\"twitter:data2\" content=\"3 minutes\" \/>\n<script type=\"application\/ld+json\" class=\"yoast-schema-graph\">{\"@context\":\"https:\/\/schema.org\",\"@graph\":[{\"@type\":\"Article\",\"@id\":\"https:\/\/www.svalbard.fr\/actualites\/je-touche-2-000-e-par-mois-le-plan-retraite-malin-de-ce-retraite-de-lorient\/#article\",\"isPartOf\":{\"@id\":\"https:\/\/www.svalbard.fr\/actualites\/je-touche-2-000-e-par-mois-le-plan-retraite-malin-de-ce-retraite-de-lorient\/\"},\"author\":{\"name\":\"Guillaume Chen\",\"@id\":\"https:\/\/www.svalbard.fr\/actualites\/#\/schema\/person\/b9d185560b94bff7322d37cb676ee545\"},\"headline\":\"\u00ab Je touche 2 000 \u20ac par mois \u00bb : le plan retraite malin de ce retrait\u00e9 de Lorient\",\"datePublished\":\"2025-07-18T06:30:00+00:00\",\"dateModified\":\"2025-07-17T06:56:34+00:00\",\"mainEntityOfPage\":{\"@id\":\"https:\/\/www.svalbard.fr\/actualites\/je-touche-2-000-e-par-mois-le-plan-retraite-malin-de-ce-retraite-de-lorient\/\"},\"wordCount\":628,\"publisher\":{\"@id\":\"https:\/\/www.svalbard.fr\/actualites\/#organization\"},\"articleSection\":[\"Tendances\"],\"inLanguage\":\"fr-FR\"},{\"@type\":\"WebPage\",\"@id\":\"https:\/\/www.svalbard.fr\/actualites\/je-touche-2-000-e-par-mois-le-plan-retraite-malin-de-ce-retraite-de-lorient\/\",\"url\":\"https:\/\/www.svalbard.fr\/actualites\/je-touche-2-000-e-par-mois-le-plan-retraite-malin-de-ce-retraite-de-lorient\/\",\"name\":\"\u00ab Je touche 2 000 \u20ac par mois \u00bb : le plan retraite malin de ce retrait\u00e9 de Lorient\",\"isPartOf\":{\"@id\":\"https:\/\/www.svalbard.fr\/actualites\/#website\"},\"datePublished\":\"2025-07-18T06:30:00+00:00\",\"dateModified\":\"2025-07-17T06:56:34+00:00\",\"breadcrumb\":{\"@id\":\"https:\/\/www.svalbard.fr\/actualites\/je-touche-2-000-e-par-mois-le-plan-retraite-malin-de-ce-retraite-de-lorient\/#breadcrumb\"},\"inLanguage\":\"fr-FR\",\"potentialAction\":[{\"@type\":\"ReadAction\",\"target\":[\"https:\/\/www.svalbard.fr\/actualites\/je-touche-2-000-e-par-mois-le-plan-retraite-malin-de-ce-retraite-de-lorient\/\"]}]},{\"@type\":\"BreadcrumbList\",\"@id\":\"https:\/\/www.svalbard.fr\/actualites\/je-touche-2-000-e-par-mois-le-plan-retraite-malin-de-ce-retraite-de-lorient\/#breadcrumb\",\"itemListElement\":[{\"@type\":\"ListItem\",\"position\":1,\"name\":\"Accueil\",\"item\":\"https:\/\/www.svalbard.fr\/actualites\/\"},{\"@type\":\"ListItem\",\"position\":2,\"name\":\"\u00ab Je touche 2 000 \u20ac par mois \u00bb : le plan retraite malin de ce retrait\u00e9 de Lorient\"}]},{\"@type\":\"WebSite\",\"@id\":\"https:\/\/www.svalbard.fr\/actualites\/#website\",\"url\":\"https:\/\/www.svalbard.fr\/actualites\/\",\"name\":\"www.Svalbard.fr\",\"description\":\"\",\"publisher\":{\"@id\":\"https:\/\/www.svalbard.fr\/actualites\/#organization\"},\"potentialAction\":[{\"@type\":\"SearchAction\",\"target\":{\"@type\":\"EntryPoint\",\"urlTemplate\":\"https:\/\/www.svalbard.fr\/actualites\/?s={search_term_string}\"},\"query-input\":\"required name=search_term_string\"}],\"inLanguage\":\"fr-FR\"},{\"@type\":\"Organization\",\"@id\":\"https:\/\/www.svalbard.fr\/actualites\/#organization\",\"name\":\"www.Svalbard.fr\",\"url\":\"https:\/\/www.svalbard.fr\/actualites\/\",\"logo\":{\"@type\":\"ImageObject\",\"inLanguage\":\"fr-FR\",\"@id\":\"https:\/\/www.svalbard.fr\/actualites\/#\/schema\/logo\/image\/\",\"url\":\"https:\/\/www.svalbard.fr\/actualites\/wp-content\/uploads\/2023\/09\/head-nom.jpg\",\"contentUrl\":\"https:\/\/www.svalbard.fr\/actualites\/wp-content\/uploads\/2023\/09\/head-nom.jpg\",\"width\":264,\"height\":35,\"caption\":\"www.Svalbard.fr\"},\"image\":{\"@id\":\"https:\/\/www.svalbard.fr\/actualites\/#\/schema\/logo\/image\/\"}},{\"@type\":\"Person\",\"@id\":\"https:\/\/www.svalbard.fr\/actualites\/#\/schema\/person\/b9d185560b94bff7322d37cb676ee545\",\"name\":\"Guillaume Chen\",\"image\":{\"@type\":\"ImageObject\",\"inLanguage\":\"fr-FR\",\"@id\":\"https:\/\/www.svalbard.fr\/actualites\/#\/schema\/person\/image\/\",\"url\":\"https:\/\/secure.gravatar.com\/avatar\/0c3f9c94586035b795ad4049a06fb048?s=96&d=mm&r=g\",\"contentUrl\":\"https:\/\/secure.gravatar.com\/avatar\/0c3f9c94586035b795ad4049a06fb048?s=96&d=mm&r=g\",\"caption\":\"Guillaume Chen\"},\"sameAs\":[\"https:\/\/www.svalbard.fr\/\"]}]}<\/script>\n<!-- \/ Yoast SEO plugin. -->","yoast_head_json":{"title":"\u00ab Je touche 2 000 \u20ac par mois \u00bb : le plan retraite malin de ce retrait\u00e9 de Lorient","robots":{"index":"index","follow":"follow","max-snippet":"max-snippet:-1","max-image-preview":"max-image-preview:large","max-video-preview":"max-video-preview:-1"},"canonical":"https:\/\/www.svalbard.fr\/actualites\/je-touche-2-000-e-par-mois-le-plan-retraite-malin-de-ce-retraite-de-lorient\/","og_locale":"fr_FR","og_type":"article","og_title":"\u00ab Je touche 2 000 \u20ac par mois \u00bb : le plan retraite malin de ce retrait\u00e9 de Lorient","og_description":"\u00c0 l\u2019heure o\u00f9 la question du pouvoir d\u2019achat des retrait\u00e9s revient sans cesse dans les d\u00e9bats, certains tirent leur \u00e9pingle du jeu gr\u00e2ce \u00e0 une","og_url":"https:\/\/www.svalbard.fr\/actualites\/je-touche-2-000-e-par-mois-le-plan-retraite-malin-de-ce-retraite-de-lorient\/","og_site_name":"www.Svalbard.fr","article_published_time":"2025-07-18T06:30:00+00:00","article_modified_time":"2025-07-17T06:56:34+00:00","og_image":[{"width":1200,"height":675,"url":"https:\/\/www.svalbard.fr\/actualites\/wp-content\/uploads\/2025\/07\/0150431936277-web-tete.jpg","type":"image\/jpeg"}],"author":"Guillaume Chen","twitter_card":"summary_large_image","twitter_misc":{"\u00c9crit par":"Guillaume Chen","Dur\u00e9e de lecture estim\u00e9e":"3 minutes"},"schema":{"@context":"https:\/\/schema.org","@graph":[{"@type":"Article","@id":"https:\/\/www.svalbard.fr\/actualites\/je-touche-2-000-e-par-mois-le-plan-retraite-malin-de-ce-retraite-de-lorient\/#article","isPartOf":{"@id":"https:\/\/www.svalbard.fr\/actualites\/je-touche-2-000-e-par-mois-le-plan-retraite-malin-de-ce-retraite-de-lorient\/"},"author":{"name":"Guillaume Chen","@id":"https:\/\/www.svalbard.fr\/actualites\/#\/schema\/person\/b9d185560b94bff7322d37cb676ee545"},"headline":"\u00ab Je touche 2 000 \u20ac par mois \u00bb : le plan retraite malin de ce retrait\u00e9 de Lorient","datePublished":"2025-07-18T06:30:00+00:00","dateModified":"2025-07-17T06:56:34+00:00","mainEntityOfPage":{"@id":"https:\/\/www.svalbard.fr\/actualites\/je-touche-2-000-e-par-mois-le-plan-retraite-malin-de-ce-retraite-de-lorient\/"},"wordCount":628,"publisher":{"@id":"https:\/\/www.svalbard.fr\/actualites\/#organization"},"articleSection":["Tendances"],"inLanguage":"fr-FR"},{"@type":"WebPage","@id":"https:\/\/www.svalbard.fr\/actualites\/je-touche-2-000-e-par-mois-le-plan-retraite-malin-de-ce-retraite-de-lorient\/","url":"https:\/\/www.svalbard.fr\/actualites\/je-touche-2-000-e-par-mois-le-plan-retraite-malin-de-ce-retraite-de-lorient\/","name":"\u00ab Je touche 2 000 \u20ac par mois \u00bb : le plan retraite malin de ce retrait\u00e9 de Lorient","isPartOf":{"@id":"https:\/\/www.svalbard.fr\/actualites\/#website"},"datePublished":"2025-07-18T06:30:00+00:00","dateModified":"2025-07-17T06:56:34+00:00","breadcrumb":{"@id":"https:\/\/www.svalbard.fr\/actualites\/je-touche-2-000-e-par-mois-le-plan-retraite-malin-de-ce-retraite-de-lorient\/#breadcrumb"},"inLanguage":"fr-FR","potentialAction":[{"@type":"ReadAction","target":["https:\/\/www.svalbard.fr\/actualites\/je-touche-2-000-e-par-mois-le-plan-retraite-malin-de-ce-retraite-de-lorient\/"]}]},{"@type":"BreadcrumbList","@id":"https:\/\/www.svalbard.fr\/actualites\/je-touche-2-000-e-par-mois-le-plan-retraite-malin-de-ce-retraite-de-lorient\/#breadcrumb","itemListElement":[{"@type":"ListItem","position":1,"name":"Accueil","item":"https:\/\/www.svalbard.fr\/actualites\/"},{"@type":"ListItem","position":2,"name":"\u00ab Je touche 2 000 \u20ac par mois \u00bb : le plan retraite malin de ce retrait\u00e9 de Lorient"}]},{"@type":"WebSite","@id":"https:\/\/www.svalbard.fr\/actualites\/#website","url":"https:\/\/www.svalbard.fr\/actualites\/","name":"www.Svalbard.fr","description":"","publisher":{"@id":"https:\/\/www.svalbard.fr\/actualites\/#organization"},"potentialAction":[{"@type":"SearchAction","target":{"@type":"EntryPoint","urlTemplate":"https:\/\/www.svalbard.fr\/actualites\/?s={search_term_string}"},"query-input":"required name=search_term_string"}],"inLanguage":"fr-FR"},{"@type":"Organization","@id":"https:\/\/www.svalbard.fr\/actualites\/#organization","name":"www.Svalbard.fr","url":"https:\/\/www.svalbard.fr\/actualites\/","logo":{"@type":"ImageObject","inLanguage":"fr-FR","@id":"https:\/\/www.svalbard.fr\/actualites\/#\/schema\/logo\/image\/","url":"https:\/\/www.svalbard.fr\/actualites\/wp-content\/uploads\/2023\/09\/head-nom.jpg","contentUrl":"https:\/\/www.svalbard.fr\/actualites\/wp-content\/uploads\/2023\/09\/head-nom.jpg","width":264,"height":35,"caption":"www.Svalbard.fr"},"image":{"@id":"https:\/\/www.svalbard.fr\/actualites\/#\/schema\/logo\/image\/"}},{"@type":"Person","@id":"https:\/\/www.svalbard.fr\/actualites\/#\/schema\/person\/b9d185560b94bff7322d37cb676ee545","name":"Guillaume Chen","image":{"@type":"ImageObject","inLanguage":"fr-FR","@id":"https:\/\/www.svalbard.fr\/actualites\/#\/schema\/person\/image\/","url":"https:\/\/secure.gravatar.com\/avatar\/0c3f9c94586035b795ad4049a06fb048?s=96&d=mm&r=g","contentUrl":"https:\/\/secure.gravatar.com\/avatar\/0c3f9c94586035b795ad4049a06fb048?s=96&d=mm&r=g","caption":"Guillaume Chen"},"sameAs":["https:\/\/www.svalbard.fr\/"]}]}},"_links":{"self":[{"href":"https:\/\/www.svalbard.fr\/actualites\/wp-json\/wp\/v2\/posts\/4784"}],"collection":[{"href":"https:\/\/www.svalbard.fr\/actualites\/wp-json\/wp\/v2\/posts"}],"about":[{"href":"https:\/\/www.svalbard.fr\/actualites\/wp-json\/wp\/v2\/types\/post"}],"author":[{"embeddable":true,"href":"https:\/\/www.svalbard.fr\/actualites\/wp-json\/wp\/v2\/users\/3"}],"replies":[{"embeddable":true,"href":"https:\/\/www.svalbard.fr\/actualites\/wp-json\/wp\/v2\/comments?post=4784"}],"version-history":[{"count":1,"href":"https:\/\/www.svalbard.fr\/actualites\/wp-json\/wp\/v2\/posts\/4784\/revisions"}],"predecessor-version":[{"id":4786,"href":"https:\/\/www.svalbard.fr\/actualites\/wp-json\/wp\/v2\/posts\/4784\/revisions\/4786"}],"wp:featuredmedia":[{"embeddable":true,"href":"https:\/\/www.svalbard.fr\/actualites\/wp-json\/wp\/v2\/media\/4785"}],"wp:attachment":[{"href":"https:\/\/www.svalbard.fr\/actualites\/wp-json\/wp\/v2\/media?parent=4784"}],"wp:term":[{"taxonomy":"category","embeddable":true,"href":"https:\/\/www.svalbard.fr\/actualites\/wp-json\/wp\/v2\/categories?post=4784"},{"taxonomy":"post_tag","embeddable":true,"href":"https:\/\/www.svalbard.fr\/actualites\/wp-json\/wp\/v2\/tags?post=4784"}],"curies":[{"name":"wp","href":"https:\/\/api.w.org\/{rel}","templated":true}]}}