{"id":4834,"date":"2025-07-24T16:09:27","date_gmt":"2025-07-24T14:09:27","guid":{"rendered":"https:\/\/www.svalbard.fr\/actualites\/la-deuxieme-ville-la-plus-intelligente-du-monde-est-egalement-lune-des-plus-heureuses-mais-il-y-a-un-inconvenient\/"},"modified":"2025-07-24T16:09:29","modified_gmt":"2025-07-24T14:09:29","slug":"la-deuxieme-ville-la-plus-intelligente-du-monde-est-egalement-lune-des-plus-heureuses-mais-il-y-a-un-inconvenient","status":"publish","type":"post","link":"https:\/\/www.svalbard.fr\/actualites\/la-deuxieme-ville-la-plus-intelligente-du-monde-est-egalement-lune-des-plus-heureuses-mais-il-y-a-un-inconvenient\/","title":{"rendered":"La \u00abdeuxi\u00e8me ville la plus intelligente\u00bb du monde est \u00e9galement l&#39;une des plus heureuses &#8211; mais il y a un inconv\u00e9nient"},"content":{"rendered":"<div>\n<p>La capitale de la Norv\u00e8ge est r\u00e9put\u00e9e pour son m\u00e9lange de verdure et de p\u00f4les culturels; Et maintenant, l&#39;IMD Smart Index a class\u00e9 Oslo en tant que deuxi\u00e8me ville la plus intelligente dans le monde sur 142 villes, ne tra\u00eenant que derri\u00e8re Zurich en Suisse.<\/p>\n<p data-mce-linkchecker-status=\"valid\">Ces derni\u00e8res ann\u00e9es, de nombreux nouveaux d\u00e9veloppements ont renforc\u00e9 l&#39;attrait de la ville, ce qui lui gagne constamment une place parmi les endroits les plus heureux du monde o\u00f9 vivre. Oslo poss\u00e8de plusieurs mus\u00e9es, dont le Mus\u00e9e national, Munch, et le mus\u00e9e tr\u00e8s attendu de l&#39;\u00e2ge de Viking &#8211; qui s&#39;ouvre en 2027 &#8211; qui n&#39;enrichira davantage les offres historiques de la ville.<\/p>\n<\/div>\n<div>\n<p>La ville est \u00e9galement le berceau du prix Nobel de la paix avec les visiteurs accueillis pour explorer le Nobel Peace Center.<\/p>\n<p>Contrairement \u00e0 de nombreuses capitales, Oslo est envelopp\u00e9e par la verdure, avec des for\u00eats accessibles via les transports publics depuis le centre-ville en un peu moins d&#39;une demi-heure.<\/p>\n<p>Oslomarka, la for\u00eat d&#39;Oslo, est sauvegard\u00e9e contre le d\u00e9veloppement de la construction et abrite des esp\u00e8ces telles que le lynx, le loup, le castor, les orignaux et les cerfs. Les r\u00e9sidents ici embrassent la nature et maintiennent une alimentation saine, refl\u00e9tant les aspects cl\u00e9s du mode de vie norv\u00e9gien.<\/p>\n<p>Cependant, bien qu&#39;il soit l&#39;un des endroits les plus heureux et les plus intelligents o\u00f9 vivre, la Norv\u00e8ge est \u00e9galement reconnue comme l&#39;une des plus ch\u00e8res.<\/p>\n<\/div>\n<div>\n<p>Pour ceux qui recherchent un h\u00e9bergement \u00e0 proximit\u00e9, l&#39;h\u00f4tel Sommerro, bien qu&#39;un peu cher, offre une base luxueuse d&#39;exploration.<\/p>\n<p>Un visiteur a d\u00e9clar\u00e9: \u00ab\u00a0C&#39;est un bel h\u00f4tel avec un personnel charmant. Le petit-d\u00e9jeuner buffet est superbe et l&#39;emplacement est super; il est tr\u00e8s proche de beaucoup d&#39;attractions et il y a un arr\u00eat de tramway juste \u00e0 l&#39;ext\u00e9rieur.<\/p>\n<p>\u00ab\u00a0Oslo est merveilleux et il a un superbe front de mer. Munch est un incontournable, ainsi que des mus\u00e9es sur la p\u00e9ninsule et le voyage en ferry.\u00a0\u00bb<\/p>\n<\/div>\n","protected":false},"excerpt":{"rendered":"<p>La capitale de la Norv\u00e8ge est r\u00e9put\u00e9e pour son m\u00e9lange de verdure et de p\u00f4les culturels; Et maintenant, l&#39;IMD Smart Index a class\u00e9 Oslo en<\/p>\n","protected":false},"author":1,"featured_media":4835,"comment_status":"closed","ping_status":"","sticky":false,"template":"","format":"standard","meta":{"footnotes":""},"categories":[2277],"tags":[8,1468,623,154,4883,4885,1469,1103,360,307,103],"yoast_head":"<!-- This site is optimized with the Yoast SEO plugin v21.0 - https:\/\/yoast.com\/wordpress\/plugins\/seo\/ -->\n<title>La \u00abdeuxi\u00e8me ville la plus intelligente\u00bb du monde est \u00e9galement l&#039;une des plus heureuses - mais il y a un inconv\u00e9nient<\/title>\n<meta name=\"robots\" content=\"index, follow, max-snippet:-1, max-image-preview:large, max-video-preview:-1\" \/>\n<link rel=\"canonical\" href=\"https:\/\/www.svalbard.fr\/actualites\/la-deuxieme-ville-la-plus-intelligente-du-monde-est-egalement-lune-des-plus-heureuses-mais-il-y-a-un-inconvenient\/\" \/>\n<meta property=\"og:locale\" content=\"fr_FR\" \/>\n<meta property=\"og:type\" content=\"article\" \/>\n<meta property=\"og:title\" content=\"La \u00abdeuxi\u00e8me ville la plus intelligente\u00bb du monde est \u00e9galement l&#039;une des plus heureuses - mais il y a un inconv\u00e9nient\" \/>\n<meta property=\"og:description\" content=\"La capitale de la Norv\u00e8ge est r\u00e9put\u00e9e pour son m\u00e9lange de verdure et de p\u00f4les culturels; Et maintenant, l&#039;IMD Smart Index a class\u00e9 Oslo en\" \/>\n<meta property=\"og:url\" content=\"https:\/\/www.svalbard.fr\/actualites\/la-deuxieme-ville-la-plus-intelligente-du-monde-est-egalement-lune-des-plus-heureuses-mais-il-y-a-un-inconvenient\/\" \/>\n<meta property=\"og:site_name\" content=\"www.Svalbard.fr\" \/>\n<meta property=\"article:published_time\" content=\"2025-07-24T14:09:27+00:00\" \/>\n<meta property=\"article:modified_time\" content=\"2025-07-24T14:09:29+00:00\" \/>\n<meta property=\"og:image\" content=\"https:\/\/www.svalbard.fr\/actualites\/wp-content\/uploads\/2025\/07\/La-deuxieme-ville-la-plus-intelligente-du-monde-est-egalement.jpg\" \/>\n\t<meta property=\"og:image:width\" content=\"1200\" \/>\n\t<meta property=\"og:image:height\" content=\"630\" \/>\n\t<meta property=\"og:image:type\" content=\"image\/jpeg\" \/>\n<meta name=\"author\" content=\"Hilmar\" \/>\n<meta name=\"twitter:card\" content=\"summary_large_image\" \/>\n<meta name=\"twitter:label1\" content=\"\u00c9crit par\" \/>\n\t<meta name=\"twitter:data1\" content=\"Hilmar\" \/>\n\t<meta name=\"twitter:label2\" content=\"Dur\u00e9e de lecture estim\u00e9e\" \/>\n\t<meta name=\"twitter:data2\" content=\"2 minutes\" \/>\n<script type=\"application\/ld+json\" class=\"yoast-schema-graph\">{\"@context\":\"https:\/\/schema.org\",\"@graph\":[{\"@type\":\"Article\",\"@id\":\"https:\/\/www.svalbard.fr\/actualites\/la-deuxieme-ville-la-plus-intelligente-du-monde-est-egalement-lune-des-plus-heureuses-mais-il-y-a-un-inconvenient\/#article\",\"isPartOf\":{\"@id\":\"https:\/\/www.svalbard.fr\/actualites\/la-deuxieme-ville-la-plus-intelligente-du-monde-est-egalement-lune-des-plus-heureuses-mais-il-y-a-un-inconvenient\/\"},\"author\":{\"name\":\"Hilmar\",\"@id\":\"https:\/\/www.svalbard.fr\/actualites\/#\/schema\/person\/a2f937d5712222366738fae98755c600\"},\"headline\":\"La \u00abdeuxi\u00e8me ville la plus intelligente\u00bb du monde est \u00e9galement l&#39;une des plus heureuses &#8211; mais il y a un inconv\u00e9nient\",\"datePublished\":\"2025-07-24T14:09:27+00:00\",\"dateModified\":\"2025-07-24T14:09:29+00:00\",\"mainEntityOfPage\":{\"@id\":\"https:\/\/www.svalbard.fr\/actualites\/la-deuxieme-ville-la-plus-intelligente-du-monde-est-egalement-lune-des-plus-heureuses-mais-il-y-a-un-inconvenient\/\"},\"wordCount\":392,\"publisher\":{\"@id\":\"https:\/\/www.svalbard.fr\/actualites\/#organization\"},\"keywords\":[\"des\",\"deuxi\u00e8me\",\"\u00e9galement\",\"est\",\"heureuses\",\"inconv\u00e9nient\",\"intelligente\",\"l39une\",\"mais\",\"monde\",\"ville\"],\"inLanguage\":\"fr-FR\"},{\"@type\":\"WebPage\",\"@id\":\"https:\/\/www.svalbard.fr\/actualites\/la-deuxieme-ville-la-plus-intelligente-du-monde-est-egalement-lune-des-plus-heureuses-mais-il-y-a-un-inconvenient\/\",\"url\":\"https:\/\/www.svalbard.fr\/actualites\/la-deuxieme-ville-la-plus-intelligente-du-monde-est-egalement-lune-des-plus-heureuses-mais-il-y-a-un-inconvenient\/\",\"name\":\"La \u00abdeuxi\u00e8me ville la plus intelligente\u00bb du monde est \u00e9galement l&#39;une des plus heureuses - mais il y a un inconv\u00e9nient\",\"isPartOf\":{\"@id\":\"https:\/\/www.svalbard.fr\/actualites\/#website\"},\"datePublished\":\"2025-07-24T14:09:27+00:00\",\"dateModified\":\"2025-07-24T14:09:29+00:00\",\"breadcrumb\":{\"@id\":\"https:\/\/www.svalbard.fr\/actualites\/la-deuxieme-ville-la-plus-intelligente-du-monde-est-egalement-lune-des-plus-heureuses-mais-il-y-a-un-inconvenient\/#breadcrumb\"},\"inLanguage\":\"fr-FR\",\"potentialAction\":[{\"@type\":\"ReadAction\",\"target\":[\"https:\/\/www.svalbard.fr\/actualites\/la-deuxieme-ville-la-plus-intelligente-du-monde-est-egalement-lune-des-plus-heureuses-mais-il-y-a-un-inconvenient\/\"]}]},{\"@type\":\"BreadcrumbList\",\"@id\":\"https:\/\/www.svalbard.fr\/actualites\/la-deuxieme-ville-la-plus-intelligente-du-monde-est-egalement-lune-des-plus-heureuses-mais-il-y-a-un-inconvenient\/#breadcrumb\",\"itemListElement\":[{\"@type\":\"ListItem\",\"position\":1,\"name\":\"Accueil\",\"item\":\"https:\/\/www.svalbard.fr\/actualites\/\"},{\"@type\":\"ListItem\",\"position\":2,\"name\":\"La \u00abdeuxi\u00e8me ville la plus intelligente\u00bb du monde est \u00e9galement l&#39;une des plus heureuses &#8211; mais il y a un inconv\u00e9nient\"}]},{\"@type\":\"WebSite\",\"@id\":\"https:\/\/www.svalbard.fr\/actualites\/#website\",\"url\":\"https:\/\/www.svalbard.fr\/actualites\/\",\"name\":\"www.Svalbard.fr\",\"description\":\"\",\"publisher\":{\"@id\":\"https:\/\/www.svalbard.fr\/actualites\/#organization\"},\"potentialAction\":[{\"@type\":\"SearchAction\",\"target\":{\"@type\":\"EntryPoint\",\"urlTemplate\":\"https:\/\/www.svalbard.fr\/actualites\/?s={search_term_string}\"},\"query-input\":\"required name=search_term_string\"}],\"inLanguage\":\"fr-FR\"},{\"@type\":\"Organization\",\"@id\":\"https:\/\/www.svalbard.fr\/actualites\/#organization\",\"name\":\"www.Svalbard.fr\",\"url\":\"https:\/\/www.svalbard.fr\/actualites\/\",\"logo\":{\"@type\":\"ImageObject\",\"inLanguage\":\"fr-FR\",\"@id\":\"https:\/\/www.svalbard.fr\/actualites\/#\/schema\/logo\/image\/\",\"url\":\"https:\/\/www.svalbard.fr\/actualites\/wp-content\/uploads\/2023\/09\/head-nom.jpg\",\"contentUrl\":\"https:\/\/www.svalbard.fr\/actualites\/wp-content\/uploads\/2023\/09\/head-nom.jpg\",\"width\":264,\"height\":35,\"caption\":\"www.Svalbard.fr\"},\"image\":{\"@id\":\"https:\/\/www.svalbard.fr\/actualites\/#\/schema\/logo\/image\/\"}},{\"@type\":\"Person\",\"@id\":\"https:\/\/www.svalbard.fr\/actualites\/#\/schema\/person\/a2f937d5712222366738fae98755c600\",\"name\":\"Hilmar\",\"image\":{\"@type\":\"ImageObject\",\"inLanguage\":\"fr-FR\",\"@id\":\"https:\/\/www.svalbard.fr\/actualites\/#\/schema\/person\/image\/\",\"url\":\"https:\/\/secure.gravatar.com\/avatar\/4daa437093476dbc32da415c112b6512?s=96&d=mm&r=g\",\"contentUrl\":\"https:\/\/secure.gravatar.com\/avatar\/4daa437093476dbc32da415c112b6512?s=96&d=mm&r=g\",\"caption\":\"Hilmar\"},\"description\":\"Hilmar est un passionn\u00e9 des r\u00e9gions polaires, sp\u00e9cialis\u00e9 dans la r\u00e9daction d'articles sur le Spitzberg et autres destinations arctiques. Il apporte son expertise et sa passion pour l'Arctique au sein de l'\u00e9quipe de r\u00e9daction de Svalbard depuis de nombreuses ann\u00e9es.\",\"sameAs\":[\"https:\/\/www.svalbard.fr\/\"]}]}<\/script>\n<!-- \/ Yoast SEO plugin. -->","yoast_head_json":{"title":"La \u00abdeuxi\u00e8me ville la plus intelligente\u00bb du monde est \u00e9galement l&#39;une des plus heureuses - mais il y a un inconv\u00e9nient","robots":{"index":"index","follow":"follow","max-snippet":"max-snippet:-1","max-image-preview":"max-image-preview:large","max-video-preview":"max-video-preview:-1"},"canonical":"https:\/\/www.svalbard.fr\/actualites\/la-deuxieme-ville-la-plus-intelligente-du-monde-est-egalement-lune-des-plus-heureuses-mais-il-y-a-un-inconvenient\/","og_locale":"fr_FR","og_type":"article","og_title":"La \u00abdeuxi\u00e8me ville la plus intelligente\u00bb du monde est \u00e9galement l&#39;une des plus heureuses - mais il y a un inconv\u00e9nient","og_description":"La capitale de la Norv\u00e8ge est r\u00e9put\u00e9e pour son m\u00e9lange de verdure et de p\u00f4les culturels; Et maintenant, l&#39;IMD Smart Index a class\u00e9 Oslo en","og_url":"https:\/\/www.svalbard.fr\/actualites\/la-deuxieme-ville-la-plus-intelligente-du-monde-est-egalement-lune-des-plus-heureuses-mais-il-y-a-un-inconvenient\/","og_site_name":"www.Svalbard.fr","article_published_time":"2025-07-24T14:09:27+00:00","article_modified_time":"2025-07-24T14:09:29+00:00","og_image":[{"width":1200,"height":630,"url":"https:\/\/www.svalbard.fr\/actualites\/wp-content\/uploads\/2025\/07\/La-deuxieme-ville-la-plus-intelligente-du-monde-est-egalement.jpg","type":"image\/jpeg"}],"author":"Hilmar","twitter_card":"summary_large_image","twitter_misc":{"\u00c9crit par":"Hilmar","Dur\u00e9e de lecture estim\u00e9e":"2 minutes"},"schema":{"@context":"https:\/\/schema.org","@graph":[{"@type":"Article","@id":"https:\/\/www.svalbard.fr\/actualites\/la-deuxieme-ville-la-plus-intelligente-du-monde-est-egalement-lune-des-plus-heureuses-mais-il-y-a-un-inconvenient\/#article","isPartOf":{"@id":"https:\/\/www.svalbard.fr\/actualites\/la-deuxieme-ville-la-plus-intelligente-du-monde-est-egalement-lune-des-plus-heureuses-mais-il-y-a-un-inconvenient\/"},"author":{"name":"Hilmar","@id":"https:\/\/www.svalbard.fr\/actualites\/#\/schema\/person\/a2f937d5712222366738fae98755c600"},"headline":"La \u00abdeuxi\u00e8me ville la plus intelligente\u00bb du monde est \u00e9galement l&#39;une des plus heureuses &#8211; mais il y a un inconv\u00e9nient","datePublished":"2025-07-24T14:09:27+00:00","dateModified":"2025-07-24T14:09:29+00:00","mainEntityOfPage":{"@id":"https:\/\/www.svalbard.fr\/actualites\/la-deuxieme-ville-la-plus-intelligente-du-monde-est-egalement-lune-des-plus-heureuses-mais-il-y-a-un-inconvenient\/"},"wordCount":392,"publisher":{"@id":"https:\/\/www.svalbard.fr\/actualites\/#organization"},"keywords":["des","deuxi\u00e8me","\u00e9galement","est","heureuses","inconv\u00e9nient","intelligente","l39une","mais","monde","ville"],"inLanguage":"fr-FR"},{"@type":"WebPage","@id":"https:\/\/www.svalbard.fr\/actualites\/la-deuxieme-ville-la-plus-intelligente-du-monde-est-egalement-lune-des-plus-heureuses-mais-il-y-a-un-inconvenient\/","url":"https:\/\/www.svalbard.fr\/actualites\/la-deuxieme-ville-la-plus-intelligente-du-monde-est-egalement-lune-des-plus-heureuses-mais-il-y-a-un-inconvenient\/","name":"La \u00abdeuxi\u00e8me ville la plus intelligente\u00bb du monde est \u00e9galement l&#39;une des plus heureuses - mais il y a un inconv\u00e9nient","isPartOf":{"@id":"https:\/\/www.svalbard.fr\/actualites\/#website"},"datePublished":"2025-07-24T14:09:27+00:00","dateModified":"2025-07-24T14:09:29+00:00","breadcrumb":{"@id":"https:\/\/www.svalbard.fr\/actualites\/la-deuxieme-ville-la-plus-intelligente-du-monde-est-egalement-lune-des-plus-heureuses-mais-il-y-a-un-inconvenient\/#breadcrumb"},"inLanguage":"fr-FR","potentialAction":[{"@type":"ReadAction","target":["https:\/\/www.svalbard.fr\/actualites\/la-deuxieme-ville-la-plus-intelligente-du-monde-est-egalement-lune-des-plus-heureuses-mais-il-y-a-un-inconvenient\/"]}]},{"@type":"BreadcrumbList","@id":"https:\/\/www.svalbard.fr\/actualites\/la-deuxieme-ville-la-plus-intelligente-du-monde-est-egalement-lune-des-plus-heureuses-mais-il-y-a-un-inconvenient\/#breadcrumb","itemListElement":[{"@type":"ListItem","position":1,"name":"Accueil","item":"https:\/\/www.svalbard.fr\/actualites\/"},{"@type":"ListItem","position":2,"name":"La \u00abdeuxi\u00e8me ville la plus intelligente\u00bb du monde est \u00e9galement l&#39;une des plus heureuses &#8211; mais il y a un inconv\u00e9nient"}]},{"@type":"WebSite","@id":"https:\/\/www.svalbard.fr\/actualites\/#website","url":"https:\/\/www.svalbard.fr\/actualites\/","name":"www.Svalbard.fr","description":"","publisher":{"@id":"https:\/\/www.svalbard.fr\/actualites\/#organization"},"potentialAction":[{"@type":"SearchAction","target":{"@type":"EntryPoint","urlTemplate":"https:\/\/www.svalbard.fr\/actualites\/?s={search_term_string}"},"query-input":"required name=search_term_string"}],"inLanguage":"fr-FR"},{"@type":"Organization","@id":"https:\/\/www.svalbard.fr\/actualites\/#organization","name":"www.Svalbard.fr","url":"https:\/\/www.svalbard.fr\/actualites\/","logo":{"@type":"ImageObject","inLanguage":"fr-FR","@id":"https:\/\/www.svalbard.fr\/actualites\/#\/schema\/logo\/image\/","url":"https:\/\/www.svalbard.fr\/actualites\/wp-content\/uploads\/2023\/09\/head-nom.jpg","contentUrl":"https:\/\/www.svalbard.fr\/actualites\/wp-content\/uploads\/2023\/09\/head-nom.jpg","width":264,"height":35,"caption":"www.Svalbard.fr"},"image":{"@id":"https:\/\/www.svalbard.fr\/actualites\/#\/schema\/logo\/image\/"}},{"@type":"Person","@id":"https:\/\/www.svalbard.fr\/actualites\/#\/schema\/person\/a2f937d5712222366738fae98755c600","name":"Hilmar","image":{"@type":"ImageObject","inLanguage":"fr-FR","@id":"https:\/\/www.svalbard.fr\/actualites\/#\/schema\/person\/image\/","url":"https:\/\/secure.gravatar.com\/avatar\/4daa437093476dbc32da415c112b6512?s=96&d=mm&r=g","contentUrl":"https:\/\/secure.gravatar.com\/avatar\/4daa437093476dbc32da415c112b6512?s=96&d=mm&r=g","caption":"Hilmar"},"description":"Hilmar est un passionn\u00e9 des r\u00e9gions polaires, sp\u00e9cialis\u00e9 dans la r\u00e9daction d'articles sur le Spitzberg et autres destinations arctiques. Il apporte son expertise et sa passion pour l'Arctique au sein de l'\u00e9quipe de r\u00e9daction de Svalbard depuis de nombreuses ann\u00e9es.","sameAs":["https:\/\/www.svalbard.fr\/"]}]}},"_links":{"self":[{"href":"https:\/\/www.svalbard.fr\/actualites\/wp-json\/wp\/v2\/posts\/4834"}],"collection":[{"href":"https:\/\/www.svalbard.fr\/actualites\/wp-json\/wp\/v2\/posts"}],"about":[{"href":"https:\/\/www.svalbard.fr\/actualites\/wp-json\/wp\/v2\/types\/post"}],"author":[{"embeddable":true,"href":"https:\/\/www.svalbard.fr\/actualites\/wp-json\/wp\/v2\/users\/1"}],"replies":[{"embeddable":true,"href":"https:\/\/www.svalbard.fr\/actualites\/wp-json\/wp\/v2\/comments?post=4834"}],"version-history":[{"count":1,"href":"https:\/\/www.svalbard.fr\/actualites\/wp-json\/wp\/v2\/posts\/4834\/revisions"}],"predecessor-version":[{"id":4836,"href":"https:\/\/www.svalbard.fr\/actualites\/wp-json\/wp\/v2\/posts\/4834\/revisions\/4836"}],"wp:featuredmedia":[{"embeddable":true,"href":"https:\/\/www.svalbard.fr\/actualites\/wp-json\/wp\/v2\/media\/4835"}],"wp:attachment":[{"href":"https:\/\/www.svalbard.fr\/actualites\/wp-json\/wp\/v2\/media?parent=4834"}],"wp:term":[{"taxonomy":"category","embeddable":true,"href":"https:\/\/www.svalbard.fr\/actualites\/wp-json\/wp\/v2\/categories?post=4834"},{"taxonomy":"post_tag","embeddable":true,"href":"https:\/\/www.svalbard.fr\/actualites\/wp-json\/wp\/v2\/tags?post=4834"}],"curies":[{"name":"wp","href":"https:\/\/api.w.org\/{rel}","templated":true}]}}