{"id":4837,"date":"2025-07-25T08:07:43","date_gmt":"2025-07-25T06:07:43","guid":{"rendered":"https:\/\/www.svalbard.fr\/actualites\/un-jour-a-skjolden-a-la-fin-du-plus-long-fjord-de-la-norvege\/"},"modified":"2025-07-25T08:07:43","modified_gmt":"2025-07-25T06:07:43","slug":"un-jour-a-skjolden-a-la-fin-du-plus-long-fjord-de-la-norvege","status":"publish","type":"post","link":"https:\/\/www.svalbard.fr\/actualites\/un-jour-a-skjolden-a-la-fin-du-plus-long-fjord-de-la-norvege\/","title":{"rendered":"Un jour \u00e0 Skjolden \u00e0 la fin du plus long fjord de la Norv\u00e8ge"},"content":{"rendered":"<div itemprop=\"text\">\n\t\t\t<span id=\"dpsp-post-content-markup\" data-image-pin-it=\"false\"><\/span><\/p>\n<p class=\"intro\">Nich\u00e9 sous des pics imposants et perch\u00e9 \u00e0 la pointe du fjord, Skjolden r\u00e9v\u00e8le tranquillement pourquoi les endroits les plus recul\u00e9s en Norv\u00e8ge laissent souvent la plus grande impression.<\/p>\n<p>J&#39;ai eu la chance d&#39;explorer de nombreux coins de la Norv\u00e8ge au fil des ans, mais lors d&#39;une croisi\u00e8re r\u00e9cente, j&#39;ai visit\u00e9 quelque part compl\u00e8tement nouveau pour moi: Skjolden.<\/p>\n<figure class=\"wp-block-image size-large\"><img data-lazyloaded=\"1\" data-placeholder-resp=\"768x432\" fetchpriority=\"high\" decoding=\"async\" width=\"768\" height=\"432\" src=\"https:\/\/www.svalbard.fr\/actualites\/wp-content\/uploads\/2025\/07\/Un-jour-a-Skjolden-a-la-fin-du-plus-long.jpg\" alt=\"Approche de Skjolden d&#39;un navire. Photo: David Nikel.\" class=\"wp-image-84484\"  data-><noscript><img fetchpriority=\"high\" decoding=\"async\" width=\"768\" height=\"432\" src=\"https:\/\/www.svalbard.fr\/actualites\/wp-content\/uploads\/2025\/07\/Un-jour-a-Skjolden-a-la-fin-du-plus-long.jpg\" alt=\"Approche de Skjolden d&#39;un navire. Photo: David Nikel.\" class=\"wp-image-84484\"  ><\/noscript><\/figure>\n<p>Nich\u00e9 \u00e0 la toute fin du puissant Sognefjord, ce petit village s&#39;est av\u00e9r\u00e9 \u00eatre l&#39;un des arr\u00eats les plus gratifiants de tout le voyage.<\/p>\n<p>Je ne savais pas \u00e0 quoi m&#39;attendre. Contrairement aux ports de croisi\u00e8re bien connus comme Bergen ou Geiranger, Skjolden fait rarement la une des journaux. Mais parfois, c&#39;est exactement ce qui rend un endroit m\u00e9morable.<\/p>\n<h2 class=\"wp-block-heading\">Regarder: une journ\u00e9e \u00e0 Skjolden<\/h2>\n<p>Vous pr\u00e9f\u00e9rez peut-\u00eatre regarder la vid\u00e9o \u00e0 la lecture? Si oui, n&#39;ayez crainte! Vous pouvez regarder cette vid\u00e9o qui couvre ma journ\u00e9e \u00e0 Skjolden en d\u00e9tail:<\/p>\n<figure class=\"wp-block-embed is-type-video is-provider-youtube wp-block-embed-youtube wp-embed-aspect-16-9 wp-has-aspect-ratio\">\n<p>\n<a href=\"https:\/\/www.youtube.com\/watch?v=uoa1wsetjga\">https:\/\/www.youtube.com\/watch?v=uoa1wsetjga<\/a>\n<\/p>\n<\/figure>\n<p>J&#39;esp\u00e8re que vous avez appr\u00e9ci\u00e9 la vid\u00e9o! Veuillez lire la suite pour plus de d\u00e9tails et beaucoup plus de Phoot de ma journ\u00e9e \u00e0 Skjolden, ainsi que des conseils de voyage si vous pr\u00e9voyez un voyage vous-m\u00eame.<\/p>\n<h2 class=\"wp-block-heading\">Le voyage dans<\/h2>\n<p>Notre navire a commenc\u00e9 la longue voile dans le Sognefjord t\u00f4t le matin. J&#39;ai tenu \u00e0 partir sur le pont bien avant notre arriv\u00e9e \u00e0 Port, au caf\u00e9 \u00e0 la main, en regardant les falaises abruptes se fermer et les cascades d\u00e9gringolaient des collines.<\/p>\n<p>Le dernier tron\u00e7on de Skjolden nous a emmen\u00e9s le long du Lustrafjord, une branche plus silencieuse du syst\u00e8me fjord qui ressemble presque \u00e0 un passage secret.<\/p>\n<p>En cours de route, nous avons pass\u00e9 une \u00e9glise d&#39;Urnes Stave perch\u00e9e sur une colline. L&#39;une des plus anciennes \u00e9glises de l&#39;aptitude de Norv\u00e8ge, Urnes est un site du patrimoine mondial de l&#39;UNESCO. Bien qu&#39;il soit difficile de rep\u00e9rer au d\u00e9but, il avait l&#39;air impressionnant m\u00eame du navire.<\/p>\n<p>Si vous naviguez le long du lustrafjord, je recommande quelques jumelles pour tirer le meilleur parti de l&#39;exp\u00e9rience.<\/p>\n<h2 class=\"wp-block-heading\">Premi\u00e8res impressions de Skjolden<\/h2>\n<p>Comme il y avait un autre navire amarr\u00e9 \u00e0 la petite jet\u00e9e juste \u00e0 l&#39;ext\u00e9rieur du village, nous avons ancr\u00e9 dans le fjord. Cela nous a donn\u00e9 une vue incroyable en nous r\u00e9veillant, quelle que soit la direction que nous avons regard\u00e9e.<\/p>\n<p>Le cadre n&#39;aurait pas pu \u00eatre plus pittoresque: l&#39;eau vert \u00e9meraude, les nuages bas jouant avec le sommet des montagnes, les cascades minces et une dispersion de maisons en bois. Il a ressenti un monde loin des villes anim\u00e9es.<\/p>\n<figure class=\"wp-block-image size-large\"><img loading=\"lazy\" data-lazyloaded=\"1\" data-placeholder-resp=\"768x432\" decoding=\"async\" width=\"768\" height=\"432\" src=\"https:\/\/www.svalbard.fr\/actualites\/wp-content\/uploads\/2025\/07\/1753423662_192_Un-jour-a-Skjolden-a-la-fin-du-plus-long.jpg\" alt=\"River \u00e0 Skjolden, Norv\u00e8ge. Photo: David Nikel.\" class=\"wp-image-84488\"  data-><noscript><img loading=\"lazy\" decoding=\"async\" width=\"768\" height=\"432\" src=\"https:\/\/www.svalbard.fr\/actualites\/wp-content\/uploads\/2025\/07\/1753423662_192_Un-jour-a-Skjolden-a-la-fin-du-plus-long.jpg\" alt=\"River \u00e0 Skjolden, Norv\u00e8ge. Photo: David Nikel.\" class=\"wp-image-84488\"  ><\/noscript><\/figure>\n<p>Alors que nous nous sommes ancr\u00e9s, nous avons utilis\u00e9 des bateaux tendres pour nous rendre au rivage. Le point d&#39;arriv\u00e9e tendre \u00e9tait juste \u00e0 l&#39;ext\u00e9rieur du village, o\u00f9 plusieurs vendeurs ont offert des voyages dans des kayaks, des bateaux-c\u00f4tes et d&#39;autres activit\u00e9s.<\/p>\n<p>De l\u00e0, c&#39;\u00e9tait une promenade facile de 10 minutes dans le centre. En cours de route, j&#39;ai pass\u00e9 des jardins color\u00e9s, des maisons traditionnelles, j&#39;ai travers\u00e9 la rivi\u00e8re et j&#39;ai rep\u00e9r\u00e9 des kayakistes se dirigeant vers le fjord.<\/p>\n<h2 class=\"wp-block-heading\">Exploration du village de Skjolden<\/h2>\n<p>De retour \u00e0 Skjolden, j&#39;avais encore le temps de me promener dans le centre du village. Le petit hub visiteur propose des cartes de randonn\u00e9e, des souvenirs et m\u00eame un mur d&#39;escalade int\u00e9rieur. C&#39;est quelque chose que je ne m&#39;attendais pas \u00e0 trouver dans un endroit si paisible!<\/p>\n<p>Je dis paisible, mais avec deux navires de croisi\u00e8re \u00e0 Port, c&#39;\u00e9tait un endroit assez occup\u00e9. Le centre d&#39;accueil en particulier \u00e9tait bond\u00e9, et je ne pouvais pas m&#39;emp\u00eacher de me sentir un peu coupable d&#39;avoir contribu\u00e9 au sur\u00e9chourisme.<\/p>\n<p>Cela \u00e9tant dit, les habitants que j&#39;ai rencontr\u00e9s \u00e9taient plus qu&#39;heureux de nous rencontrer et de discuter. Je suis s\u00fbr qu&#39;il y a un \u00e9quilibre \u00e0 trouver \u00e0 l&#39;avenir.<\/p>\n<figure class=\"wp-block-image size-large\"><img loading=\"lazy\" data-lazyloaded=\"1\" data-placeholder-resp=\"768x432\" decoding=\"async\" width=\"768\" height=\"432\" src=\"https:\/\/www.svalbard.fr\/actualites\/wp-content\/uploads\/2025\/07\/1753423663_85_Un-jour-a-Skjolden-a-la-fin-du-plus-long.jpg\" alt=\"Centre d&#39;accueil \u00e0 Skjolden. Photo: David Nikel.\" class=\"wp-image-84491\"  data-><noscript><img loading=\"lazy\" decoding=\"async\" width=\"768\" height=\"432\" src=\"https:\/\/www.svalbard.fr\/actualites\/wp-content\/uploads\/2025\/07\/1753423663_85_Un-jour-a-Skjolden-a-la-fin-du-plus-long.jpg\" alt=\"Centre d&#39;accueil \u00e0 Skjolden. Photo: David Nikel.\" class=\"wp-image-84491\"  ><\/noscript><\/figure>\n<p>Si vous \u00eates pr\u00eat pour une mont\u00e9e mod\u00e9r\u00e9ment raide, la promenade vers Sengaberget Point de vue offre une vue panoramique sur le village, le fjord et la vall\u00e9e environnante. Je n&#39;ai pas eu le temps de monter l\u00e0-haut car j&#39;avais r\u00e9serv\u00e9 un voyage (plus \u00e0 ce sujet plus tard!) Mais mon ami Steph l&#39;a fait et a pris des photos pour moi.<\/p>\n<p>La vue du village et du fjord semblait plus que valable, donc c&#39;est d\u00e9finitivement sur ma liste pour la prochaine fois que je visite.<\/p>\n<h2 class=\"wp-block-heading\">Une excursion \u00e0 montagne \u00e9lev\u00e9e<\/h2>\n<p>J&#39;avais pr\u00e9-r\u00e9serv\u00e9 une excursion de l&#39;apr\u00e8s-midi jusqu&#39;\u00e0 la route de la SognefJellet, le plus haut col de montagne de la Norv\u00e8ge et l&#39;une des routes sc\u00e9niques nationales d\u00e9sign\u00e9es du pays.<\/p>\n<p>Le voyage a \u00e9t\u00e9 dirig\u00e9 par Fred Olsen Cruise Lines et a utilis\u00e9 un guide local qui avait v\u00e9cu \u00e0 Skjolden pendant toute sa vie. Il \u00e9tait plein d&#39;histoires, bien s\u00fbr!<\/p>\n<p>Quelques minutes apr\u00e8s avoir quitt\u00e9 le village, notre bus grimpait sur un territoire alpin. Nous avons travers\u00e9 des for\u00eats denses, puis \u00e9mergeons soudainement au-dessus de la ligne des arbres dans un d\u00e9sert enneig\u00e9, m\u00eame d\u00e9but juin.<\/p>\n<figure class=\"wp-block-image size-large\"><img loading=\"lazy\" data-lazyloaded=\"1\" data-placeholder-resp=\"768x576\" decoding=\"async\" width=\"768\" height=\"576\" src=\"https:\/\/www.svalbard.fr\/actualites\/wp-content\/uploads\/2025\/07\/1753423663_134_Un-jour-a-Skjolden-a-la-fin-du-plus-long.jpg\" alt=\"Les gens marchant au point de vue Oscarshaug. Photo: David Nikel.\" class=\"wp-image-84489\"  data-><noscript><img loading=\"lazy\" decoding=\"async\" width=\"768\" height=\"576\" src=\"https:\/\/www.svalbard.fr\/actualites\/wp-content\/uploads\/2025\/07\/1753423663_134_Un-jour-a-Skjolden-a-la-fin-du-plus-long.jpg\" alt=\"Les gens marchant au point de vue Oscarshaug. Photo: David Nikel.\" class=\"wp-image-84489\"  ><\/noscript><\/figure>\n<p>\u00c0 plus de 1 100 m\u00e8tres d&#39;altitude, le point de vue d&#39;Oscarshaug nous a donn\u00e9 un panorama dramatique des pics et des plateaux environnants.<\/p>\n<p>La zone de repos tire son nom de King Oscar II, qui a travers\u00e9 la montagne en 1860. Un cairn a ensuite \u00e9t\u00e9 construit ici pour comm\u00e9morer son voyage.<\/p>\n<p>Je n&#39;ai pas pu r\u00e9sister \u00e0 la courte marche jusqu&#39;au cairn, m\u00eame si j&#39;ai rapidement regrett\u00e9 de laisser ma veste dans le bus. C&#39;\u00e9tait glacial l\u00e0-haut! Pourtant, l&#39;air frais et une vue imprenable en ont fait l&#39;un des points forts de toute la croisi\u00e8re.<\/p>\n<h2 class=\"wp-block-heading\">Un refuge philosophe<\/h2>\n<p>Sur le chemin du retour, nous nous sommes arr\u00eat\u00e9s bri\u00e8vement \u00e0 \u00c5safossen, une puissante cascade juste \u00e0 l&#39;ext\u00e9rieur de Skjolden.<\/p>\n<p>C&#39;est un endroit charmant seul, mais marque \u00e9galement le d\u00e9but du sentier vers une curieuse attraction locale: la cabine \u00e9loign\u00e9e o\u00f9 le philosophe Ludwig Wittgenstein a v\u00e9cu et travaill\u00e9.<\/p>\n<p>Bien que je n&#39;ai pas fait la randonn\u00e9e moi-m\u00eame, deux amis l&#39;ont fait et ont partag\u00e9 des photos de la modeste cabane en bois cach\u00e9e dans les collines.<\/p>\n<figure class=\"wp-block-image size-full\"><img loading=\"lazy\" data-lazyloaded=\"1\" data-placeholder-resp=\"1080x1440\" decoding=\"async\" width=\"1080\" height=\"1440\" src=\"https:\/\/www.svalbard.fr\/actualites\/wp-content\/uploads\/2025\/07\/1753423663_752_Un-jour-a-Skjolden-a-la-fin-du-plus-long.jpg\" alt=\"\u00c5safossen cascade \u00e0 Skjolden. Photo: David Nikel.\" class=\"wp-image-84492\"  data-><noscript><img loading=\"lazy\" decoding=\"async\" width=\"1080\" height=\"1440\" src=\"https:\/\/www.svalbard.fr\/actualites\/wp-content\/uploads\/2025\/07\/1753423663_752_Un-jour-a-Skjolden-a-la-fin-du-plus-long.jpg\" alt=\"\u00c5safossen cascade \u00e0 Skjolden. Photo: David Nikel.\" class=\"wp-image-84492\"  ><\/noscript><\/figure>\n<p>Il est possible d&#39;organiser des visites via la Fondation Wittgenstein si vous \u00eates int\u00e9ress\u00e9 \u00e0 combiner une promenade avec une dose de philosophie.<\/p>\n<h2 class=\"wp-block-heading\">Si vous allez: visiter Skjolden<\/h2>\n<p>Vous planifiez un voyage? Voici quelques informations importantes \u00e0 garder \u00e0 l&#39;esprit avant de voyager.<\/p>\n<p><strong>Y arriver:<\/strong> Skjolden est situ\u00e9 \u00e0 la toute fin du Lustrafjord, une branche du Sognefjord dans l&#39;ouest de la Norv\u00e8ge.<\/p>\n<p>La plupart des visiteurs arrivent par bateau de croisi\u00e8re, mais il est \u00e9galement accessible en voiture ou en bus de Sogndal (environ 2,5 heures) ou du LOM (environ 1,5 heures). Le chemin pittoresque de SognefJellet Mountain est g\u00e9n\u00e9ralement ouvert de la fin mai au d\u00e9but de l&#39;automne, selon les conditions de neige.<\/p>\n<p><strong>Informations sur les visiteurs:<\/strong> Le Skjolden Visitor Center est situ\u00e9 dans le village, \u00e0 seulement 10 minutes \u00e0 pied de la jet\u00e9e de croisi\u00e8re. Il propose des cartes, des conseils de randonn\u00e9e, des souvenirs, un caf\u00e9, des toilettes et un petit mur d&#39;escalade int\u00e9rieur.<\/p>\n<p><strong>Choses \u00e0 faire:<\/strong> Des activit\u00e9s de plein air telles que des safaris c\u00f4ti\u00e8res, du kayak dans le fjord et des visites guid\u00e9es en montagne peuvent \u00eatre r\u00e9serv\u00e9es \u00e0 l&#39;avance par le biais d&#39;op\u00e9rateurs locaux.<\/p>\n<p>Les sentiers de randonn\u00e9e populaires incluent le point de vue Walk to Sengaberget et le sentier \u00e0 \u00c5safossen Waterfall. Pour les amateurs de culture, des voyages \u00e0 l&#39;\u00e9glise Urnes Stave de l&#39;Urnes Stave, cot\u00e9e par l&#39;UNESCO et des visites guid\u00e9es \u00e0 la cabine de Wittgenstein sont disponibles en saison.<\/p>\n<p><strong>Bon \u00e0 savoir:<\/strong> Skjolden est petit, donc les installations peuvent \u00eatre limit\u00e9es en dehors des jours d&#39;appel de croisi\u00e8re ou de l&#39;\u00e9t\u00e9 de pointe. L&#39;h\u00e9bergement est limit\u00e9, alors r\u00e9servez \u00e0 l&#39;avance. Apportez des couches &#8211; les conditions de manche peuvent varier rapidement, surtout si vous vous dirigez vers les montagnes.<\/p>\n<p>Skjolden n&#39;a peut-\u00eatre pas la reconnaissance du nom d&#39;autres destinations fjord, mais cela fait partie de sa magie. C&#39;est un endroit qui vous invite \u00e0 ralentir, \u00e0 respirer dans l&#39;air de la montagne et \u00e0 appr\u00e9cier les moments les plus calmes de voyage, m\u00eame si vous visitez un bateau de croisi\u00e8re.<\/p>\n<\/p><\/div>\n","protected":false},"excerpt":{"rendered":"<p>Nich\u00e9 sous des pics imposants et perch\u00e9 \u00e0 la pointe du fjord, Skjolden r\u00e9v\u00e8le tranquillement pourquoi les endroits les plus recul\u00e9s en Norv\u00e8ge laissent souvent<\/p>\n","protected":false},"author":1,"featured_media":4838,"comment_status":"","ping_status":"","sticky":false,"template":"","format":"standard","meta":{"footnotes":""},"categories":[2277],"tags":[229,1020,632,291,6,4887],"yoast_head":"<!-- This site is optimized with the Yoast SEO plugin v21.0 - https:\/\/yoast.com\/wordpress\/plugins\/seo\/ -->\n<title>Un jour \u00e0 Skjolden \u00e0 la fin du plus long fjord de la Norv\u00e8ge<\/title>\n<meta name=\"robots\" content=\"index, follow, max-snippet:-1, max-image-preview:large, max-video-preview:-1\" \/>\n<link rel=\"canonical\" href=\"https:\/\/www.svalbard.fr\/actualites\/un-jour-a-skjolden-a-la-fin-du-plus-long-fjord-de-la-norvege\/\" \/>\n<meta property=\"og:locale\" content=\"fr_FR\" \/>\n<meta property=\"og:type\" content=\"article\" \/>\n<meta property=\"og:title\" content=\"Un jour \u00e0 Skjolden \u00e0 la fin du plus long fjord de la Norv\u00e8ge\" \/>\n<meta property=\"og:description\" content=\"Nich\u00e9 sous des pics imposants et perch\u00e9 \u00e0 la pointe du fjord, Skjolden r\u00e9v\u00e8le tranquillement pourquoi les endroits les plus recul\u00e9s en Norv\u00e8ge laissent souvent\" \/>\n<meta property=\"og:url\" content=\"https:\/\/www.svalbard.fr\/actualites\/un-jour-a-skjolden-a-la-fin-du-plus-long-fjord-de-la-norvege\/\" \/>\n<meta property=\"og:site_name\" content=\"www.Svalbard.fr\" \/>\n<meta property=\"article:published_time\" content=\"2025-07-25T06:07:43+00:00\" \/>\n<meta property=\"og:image\" content=\"https:\/\/www.svalbard.fr\/actualites\/wp-content\/uploads\/2025\/07\/Un-jour-a-Skjolden-a-la-fin-du-plus-long.jpg\" \/>\n<meta name=\"author\" content=\"Hilmar\" \/>\n<meta name=\"twitter:card\" content=\"summary_large_image\" \/>\n<meta name=\"twitter:label1\" content=\"\u00c9crit par\" \/>\n\t<meta name=\"twitter:data1\" content=\"Hilmar\" \/>\n\t<meta name=\"twitter:label2\" content=\"Dur\u00e9e de lecture estim\u00e9e\" \/>\n\t<meta name=\"twitter:data2\" content=\"7 minutes\" \/>\n<script type=\"application\/ld+json\" class=\"yoast-schema-graph\">{\"@context\":\"https:\/\/schema.org\",\"@graph\":[{\"@type\":\"Article\",\"@id\":\"https:\/\/www.svalbard.fr\/actualites\/un-jour-a-skjolden-a-la-fin-du-plus-long-fjord-de-la-norvege\/#article\",\"isPartOf\":{\"@id\":\"https:\/\/www.svalbard.fr\/actualites\/un-jour-a-skjolden-a-la-fin-du-plus-long-fjord-de-la-norvege\/\"},\"author\":{\"name\":\"Hilmar\",\"@id\":\"https:\/\/www.svalbard.fr\/actualites\/#\/schema\/person\/a2f937d5712222366738fae98755c600\"},\"headline\":\"Un jour \u00e0 Skjolden \u00e0 la fin du plus long fjord de la Norv\u00e8ge\",\"datePublished\":\"2025-07-25T06:07:43+00:00\",\"dateModified\":\"2025-07-25T06:07:43+00:00\",\"mainEntityOfPage\":{\"@id\":\"https:\/\/www.svalbard.fr\/actualites\/un-jour-a-skjolden-a-la-fin-du-plus-long-fjord-de-la-norvege\/\"},\"wordCount\":1498,\"publisher\":{\"@id\":\"https:\/\/www.svalbard.fr\/actualites\/#organization\"},\"keywords\":[\"fin\",\"fjord\",\"jour\",\"long\",\"Norv\u00e8ge\",\"Skjolden\"],\"inLanguage\":\"fr-FR\"},{\"@type\":\"WebPage\",\"@id\":\"https:\/\/www.svalbard.fr\/actualites\/un-jour-a-skjolden-a-la-fin-du-plus-long-fjord-de-la-norvege\/\",\"url\":\"https:\/\/www.svalbard.fr\/actualites\/un-jour-a-skjolden-a-la-fin-du-plus-long-fjord-de-la-norvege\/\",\"name\":\"Un jour \u00e0 Skjolden \u00e0 la fin du plus long fjord de la Norv\u00e8ge\",\"isPartOf\":{\"@id\":\"https:\/\/www.svalbard.fr\/actualites\/#website\"},\"datePublished\":\"2025-07-25T06:07:43+00:00\",\"dateModified\":\"2025-07-25T06:07:43+00:00\",\"breadcrumb\":{\"@id\":\"https:\/\/www.svalbard.fr\/actualites\/un-jour-a-skjolden-a-la-fin-du-plus-long-fjord-de-la-norvege\/#breadcrumb\"},\"inLanguage\":\"fr-FR\",\"potentialAction\":[{\"@type\":\"ReadAction\",\"target\":[\"https:\/\/www.svalbard.fr\/actualites\/un-jour-a-skjolden-a-la-fin-du-plus-long-fjord-de-la-norvege\/\"]}]},{\"@type\":\"BreadcrumbList\",\"@id\":\"https:\/\/www.svalbard.fr\/actualites\/un-jour-a-skjolden-a-la-fin-du-plus-long-fjord-de-la-norvege\/#breadcrumb\",\"itemListElement\":[{\"@type\":\"ListItem\",\"position\":1,\"name\":\"Accueil\",\"item\":\"https:\/\/www.svalbard.fr\/actualites\/\"},{\"@type\":\"ListItem\",\"position\":2,\"name\":\"Un jour \u00e0 Skjolden \u00e0 la fin du plus long fjord de la Norv\u00e8ge\"}]},{\"@type\":\"WebSite\",\"@id\":\"https:\/\/www.svalbard.fr\/actualites\/#website\",\"url\":\"https:\/\/www.svalbard.fr\/actualites\/\",\"name\":\"www.Svalbard.fr\",\"description\":\"\",\"publisher\":{\"@id\":\"https:\/\/www.svalbard.fr\/actualites\/#organization\"},\"potentialAction\":[{\"@type\":\"SearchAction\",\"target\":{\"@type\":\"EntryPoint\",\"urlTemplate\":\"https:\/\/www.svalbard.fr\/actualites\/?s={search_term_string}\"},\"query-input\":\"required name=search_term_string\"}],\"inLanguage\":\"fr-FR\"},{\"@type\":\"Organization\",\"@id\":\"https:\/\/www.svalbard.fr\/actualites\/#organization\",\"name\":\"www.Svalbard.fr\",\"url\":\"https:\/\/www.svalbard.fr\/actualites\/\",\"logo\":{\"@type\":\"ImageObject\",\"inLanguage\":\"fr-FR\",\"@id\":\"https:\/\/www.svalbard.fr\/actualites\/#\/schema\/logo\/image\/\",\"url\":\"https:\/\/www.svalbard.fr\/actualites\/wp-content\/uploads\/2023\/09\/head-nom.jpg\",\"contentUrl\":\"https:\/\/www.svalbard.fr\/actualites\/wp-content\/uploads\/2023\/09\/head-nom.jpg\",\"width\":264,\"height\":35,\"caption\":\"www.Svalbard.fr\"},\"image\":{\"@id\":\"https:\/\/www.svalbard.fr\/actualites\/#\/schema\/logo\/image\/\"}},{\"@type\":\"Person\",\"@id\":\"https:\/\/www.svalbard.fr\/actualites\/#\/schema\/person\/a2f937d5712222366738fae98755c600\",\"name\":\"Hilmar\",\"image\":{\"@type\":\"ImageObject\",\"inLanguage\":\"fr-FR\",\"@id\":\"https:\/\/www.svalbard.fr\/actualites\/#\/schema\/person\/image\/\",\"url\":\"https:\/\/secure.gravatar.com\/avatar\/4daa437093476dbc32da415c112b6512?s=96&d=mm&r=g\",\"contentUrl\":\"https:\/\/secure.gravatar.com\/avatar\/4daa437093476dbc32da415c112b6512?s=96&d=mm&r=g\",\"caption\":\"Hilmar\"},\"description\":\"Hilmar est un passionn\u00e9 des r\u00e9gions polaires, sp\u00e9cialis\u00e9 dans la r\u00e9daction d'articles sur le Spitzberg et autres destinations arctiques. Il apporte son expertise et sa passion pour l'Arctique au sein de l'\u00e9quipe de r\u00e9daction de Svalbard depuis de nombreuses ann\u00e9es.\",\"sameAs\":[\"https:\/\/www.svalbard.fr\/\"]}]}<\/script>\n<!-- \/ Yoast SEO plugin. -->","yoast_head_json":{"title":"Un jour \u00e0 Skjolden \u00e0 la fin du plus long fjord de la Norv\u00e8ge","robots":{"index":"index","follow":"follow","max-snippet":"max-snippet:-1","max-image-preview":"max-image-preview:large","max-video-preview":"max-video-preview:-1"},"canonical":"https:\/\/www.svalbard.fr\/actualites\/un-jour-a-skjolden-a-la-fin-du-plus-long-fjord-de-la-norvege\/","og_locale":"fr_FR","og_type":"article","og_title":"Un jour \u00e0 Skjolden \u00e0 la fin du plus long fjord de la Norv\u00e8ge","og_description":"Nich\u00e9 sous des pics imposants et perch\u00e9 \u00e0 la pointe du fjord, Skjolden r\u00e9v\u00e8le tranquillement pourquoi les endroits les plus recul\u00e9s en Norv\u00e8ge laissent souvent","og_url":"https:\/\/www.svalbard.fr\/actualites\/un-jour-a-skjolden-a-la-fin-du-plus-long-fjord-de-la-norvege\/","og_site_name":"www.Svalbard.fr","article_published_time":"2025-07-25T06:07:43+00:00","og_image":[{"url":"https:\/\/www.svalbard.fr\/actualites\/wp-content\/uploads\/2025\/07\/Un-jour-a-Skjolden-a-la-fin-du-plus-long.jpg"}],"author":"Hilmar","twitter_card":"summary_large_image","twitter_misc":{"\u00c9crit par":"Hilmar","Dur\u00e9e de lecture estim\u00e9e":"7 minutes"},"schema":{"@context":"https:\/\/schema.org","@graph":[{"@type":"Article","@id":"https:\/\/www.svalbard.fr\/actualites\/un-jour-a-skjolden-a-la-fin-du-plus-long-fjord-de-la-norvege\/#article","isPartOf":{"@id":"https:\/\/www.svalbard.fr\/actualites\/un-jour-a-skjolden-a-la-fin-du-plus-long-fjord-de-la-norvege\/"},"author":{"name":"Hilmar","@id":"https:\/\/www.svalbard.fr\/actualites\/#\/schema\/person\/a2f937d5712222366738fae98755c600"},"headline":"Un jour \u00e0 Skjolden \u00e0 la fin du plus long fjord de la Norv\u00e8ge","datePublished":"2025-07-25T06:07:43+00:00","dateModified":"2025-07-25T06:07:43+00:00","mainEntityOfPage":{"@id":"https:\/\/www.svalbard.fr\/actualites\/un-jour-a-skjolden-a-la-fin-du-plus-long-fjord-de-la-norvege\/"},"wordCount":1498,"publisher":{"@id":"https:\/\/www.svalbard.fr\/actualites\/#organization"},"keywords":["fin","fjord","jour","long","Norv\u00e8ge","Skjolden"],"inLanguage":"fr-FR"},{"@type":"WebPage","@id":"https:\/\/www.svalbard.fr\/actualites\/un-jour-a-skjolden-a-la-fin-du-plus-long-fjord-de-la-norvege\/","url":"https:\/\/www.svalbard.fr\/actualites\/un-jour-a-skjolden-a-la-fin-du-plus-long-fjord-de-la-norvege\/","name":"Un jour \u00e0 Skjolden \u00e0 la fin du plus long fjord de la Norv\u00e8ge","isPartOf":{"@id":"https:\/\/www.svalbard.fr\/actualites\/#website"},"datePublished":"2025-07-25T06:07:43+00:00","dateModified":"2025-07-25T06:07:43+00:00","breadcrumb":{"@id":"https:\/\/www.svalbard.fr\/actualites\/un-jour-a-skjolden-a-la-fin-du-plus-long-fjord-de-la-norvege\/#breadcrumb"},"inLanguage":"fr-FR","potentialAction":[{"@type":"ReadAction","target":["https:\/\/www.svalbard.fr\/actualites\/un-jour-a-skjolden-a-la-fin-du-plus-long-fjord-de-la-norvege\/"]}]},{"@type":"BreadcrumbList","@id":"https:\/\/www.svalbard.fr\/actualites\/un-jour-a-skjolden-a-la-fin-du-plus-long-fjord-de-la-norvege\/#breadcrumb","itemListElement":[{"@type":"ListItem","position":1,"name":"Accueil","item":"https:\/\/www.svalbard.fr\/actualites\/"},{"@type":"ListItem","position":2,"name":"Un jour \u00e0 Skjolden \u00e0 la fin du plus long fjord de la Norv\u00e8ge"}]},{"@type":"WebSite","@id":"https:\/\/www.svalbard.fr\/actualites\/#website","url":"https:\/\/www.svalbard.fr\/actualites\/","name":"www.Svalbard.fr","description":"","publisher":{"@id":"https:\/\/www.svalbard.fr\/actualites\/#organization"},"potentialAction":[{"@type":"SearchAction","target":{"@type":"EntryPoint","urlTemplate":"https:\/\/www.svalbard.fr\/actualites\/?s={search_term_string}"},"query-input":"required name=search_term_string"}],"inLanguage":"fr-FR"},{"@type":"Organization","@id":"https:\/\/www.svalbard.fr\/actualites\/#organization","name":"www.Svalbard.fr","url":"https:\/\/www.svalbard.fr\/actualites\/","logo":{"@type":"ImageObject","inLanguage":"fr-FR","@id":"https:\/\/www.svalbard.fr\/actualites\/#\/schema\/logo\/image\/","url":"https:\/\/www.svalbard.fr\/actualites\/wp-content\/uploads\/2023\/09\/head-nom.jpg","contentUrl":"https:\/\/www.svalbard.fr\/actualites\/wp-content\/uploads\/2023\/09\/head-nom.jpg","width":264,"height":35,"caption":"www.Svalbard.fr"},"image":{"@id":"https:\/\/www.svalbard.fr\/actualites\/#\/schema\/logo\/image\/"}},{"@type":"Person","@id":"https:\/\/www.svalbard.fr\/actualites\/#\/schema\/person\/a2f937d5712222366738fae98755c600","name":"Hilmar","image":{"@type":"ImageObject","inLanguage":"fr-FR","@id":"https:\/\/www.svalbard.fr\/actualites\/#\/schema\/person\/image\/","url":"https:\/\/secure.gravatar.com\/avatar\/4daa437093476dbc32da415c112b6512?s=96&d=mm&r=g","contentUrl":"https:\/\/secure.gravatar.com\/avatar\/4daa437093476dbc32da415c112b6512?s=96&d=mm&r=g","caption":"Hilmar"},"description":"Hilmar est un passionn\u00e9 des r\u00e9gions polaires, sp\u00e9cialis\u00e9 dans la r\u00e9daction d'articles sur le Spitzberg et autres destinations arctiques. Il apporte son expertise et sa passion pour l'Arctique au sein de l'\u00e9quipe de r\u00e9daction de Svalbard depuis de nombreuses ann\u00e9es.","sameAs":["https:\/\/www.svalbard.fr\/"]}]}},"_links":{"self":[{"href":"https:\/\/www.svalbard.fr\/actualites\/wp-json\/wp\/v2\/posts\/4837"}],"collection":[{"href":"https:\/\/www.svalbard.fr\/actualites\/wp-json\/wp\/v2\/posts"}],"about":[{"href":"https:\/\/www.svalbard.fr\/actualites\/wp-json\/wp\/v2\/types\/post"}],"author":[{"embeddable":true,"href":"https:\/\/www.svalbard.fr\/actualites\/wp-json\/wp\/v2\/users\/1"}],"replies":[{"embeddable":true,"href":"https:\/\/www.svalbard.fr\/actualites\/wp-json\/wp\/v2\/comments?post=4837"}],"version-history":[{"count":0,"href":"https:\/\/www.svalbard.fr\/actualites\/wp-json\/wp\/v2\/posts\/4837\/revisions"}],"wp:featuredmedia":[{"embeddable":true,"href":"https:\/\/www.svalbard.fr\/actualites\/wp-json\/wp\/v2\/media\/4838"}],"wp:attachment":[{"href":"https:\/\/www.svalbard.fr\/actualites\/wp-json\/wp\/v2\/media?parent=4837"}],"wp:term":[{"taxonomy":"category","embeddable":true,"href":"https:\/\/www.svalbard.fr\/actualites\/wp-json\/wp\/v2\/categories?post=4837"},{"taxonomy":"post_tag","embeddable":true,"href":"https:\/\/www.svalbard.fr\/actualites\/wp-json\/wp\/v2\/tags?post=4837"}],"curies":[{"name":"wp","href":"https:\/\/api.w.org\/{rel}","templated":true}]}}