{"id":4842,"date":"2025-07-27T09:30:30","date_gmt":"2025-07-27T07:30:30","guid":{"rendered":"https:\/\/www.svalbard.fr\/actualites\/pourquoi-les-abeilles-en-norvege-sont-en-difficulte\/"},"modified":"2025-07-27T09:30:30","modified_gmt":"2025-07-27T07:30:30","slug":"pourquoi-les-abeilles-en-norvege-sont-en-difficulte","status":"publish","type":"post","link":"https:\/\/www.svalbard.fr\/actualites\/pourquoi-les-abeilles-en-norvege-sont-en-difficulte\/","title":{"rendered":"Pourquoi les abeilles en Norv\u00e8ge sont en difficult\u00e9"},"content":{"rendered":"<div itemprop=\"text\">\n\t\t\t<span id=\"dpsp-post-content-markup\" data-image-pin-it=\"false\"><\/span><\/p>\n<p class=\"intro\">La Norv\u00e8ge abrite 212 esp\u00e8ces d&#39;abeilles diff\u00e9rentes. Ou peut-\u00eatre plut\u00f4t: le pays avait 212 esp\u00e8ces. Le nombre d&#39;insectes est g\u00e9n\u00e9ralement en baisse et certaines abeilles sont en difficult\u00e9 ou ont d\u00e9j\u00e0 disparu.<\/p>\n<p>L&#39;expert insecte Frode \u00d8degaard s&#39;inqui\u00e8te des abeilles, mais pas de la fa\u00e7on dont vous pourriez le penser. Il n&#39;est pas inquiet que les abeilles se d\u00e9crivent. \u00abCe sont des animaux domestiqu\u00e9s\u00bb, a-t-il expliqu\u00e9.<\/p>\n<figure class=\"wp-block-image size-large\"><img data-lazyloaded=\"1\" data-placeholder-resp=\"768x432\" fetchpriority=\"high\" decoding=\"async\" width=\"768\" height=\"432\" src=\"https:\/\/www.svalbard.fr\/actualites\/wp-content\/uploads\/2025\/07\/Pourquoi-les-abeilles-en-Norvege-sont-en-difficulte.jpg\" alt=\"Abeilles sur des fleurs \u00e0 Trondheim, Norv\u00e8ge.\" class=\"wp-image-84500\"  data-><noscript><img fetchpriority=\"high\" decoding=\"async\" width=\"768\" height=\"432\" src=\"https:\/\/www.svalbard.fr\/actualites\/wp-content\/uploads\/2025\/07\/Pourquoi-les-abeilles-en-Norvege-sont-en-difficulte.jpg\" alt=\"Abeilles sur des fleurs \u00e0 Trondheim, Norv\u00e8ge.\" class=\"wp-image-84500\"  ><\/noscript><\/figure>\n<p>Cela signifie que nous, les humains, d\u00e9cidons plus ou moins de combien d&#39;entre eux nous devrions avoir. Ses inqui\u00e9tudes pour les abeilles ne sont pas ce que vous pourriez penser.<\/p>\n<p>\u00ab\u00a0Les abeilles peuvent surpasser les abeilles sauvages. Ils rivalisent souvent pour les m\u00eames fleurs, qui ne diminuent que le nombre. Ils peuvent \u00e9galement infecter les abeilles sauvages avec des maladies\u00a0\u00bb, a d\u00e9clar\u00e9 \u00d8degaard, dont le travail de jour est en tant que professeur agr\u00e9g\u00e9 au mus\u00e9e universitaire de NTNU \u00e0 Trondheim.<\/p>\n<p>De nombreuses esp\u00e8ces d&#39;abeilles sauvages sont en voie de disparition, et l&#39;installation de ruches avec les abeilles peut en fait aggraver la situation. En effet, les abeilles sauvages peuvent \u00eatre oblig\u00e9es de se battre pour la m\u00eame nourriture ou d&#39;\u00eatre infect\u00e9es par des maladies auparavant inconnues.<\/p>\n<p>\u00d8degaard essaie de diffuser ce message depuis des ann\u00e9es, mais le mythe de la disparition imminente de l&#39;abeille est difficile \u00e0 dissiper. Cependant, d&#39;autres esp\u00e8ces lui donnent une cause beaucoup plus pr\u00e9occupante.<\/p>\n<h2 class=\"wp-block-heading\">Moins d&#39;insectes partout, y compris en Norv\u00e8ge<\/h2>\n<p>\u00ab\u00a0Ces derni\u00e8res ann\u00e9es, nous avons vu une baisse du nombre d&#39;insectes en Norv\u00e8ge\u00a0\u00bb, a d\u00e9clar\u00e9 \u00d8degaard.<\/p>\n<p>Ceci est conforme \u00e0 une baisse globale des num\u00e9ros d&#39;insectes. D&#39;un an \u00e0 l&#39;autre, cela peut \u00eatre d\u00fb \u00e0 des variations al\u00e9atoires du temps, mais ce n&#39;est pas vrai \u00e0 long terme.<\/p>\n<p>Pourtant, le nombre total d&#39;insectes ne donne pas non plus l&#39;image enti\u00e8re. Cela peut \u00eatre encore pire.<\/p>\n<figure class=\"wp-block-image size-large\"><img loading=\"lazy\" data-lazyloaded=\"1\" data-placeholder-resp=\"768x384\" decoding=\"async\" width=\"768\" height=\"384\" src=\"https:\/\/www.svalbard.fr\/actualites\/wp-content\/uploads\/2025\/07\/1753601430_710_Pourquoi-les-abeilles-en-Norvege-sont-en-difficulte.jpg\" alt=\"Frode \u00d8degaard. Photo: Steinar Brandslet, NTNU.\" class=\"wp-image-84503\"  data-><noscript><img loading=\"lazy\" decoding=\"async\" width=\"768\" height=\"384\" src=\"https:\/\/www.svalbard.fr\/actualites\/wp-content\/uploads\/2025\/07\/1753601430_710_Pourquoi-les-abeilles-en-Norvege-sont-en-difficulte.jpg\" alt=\"Frode \u00d8degaard. Photo: Steinar Brandslet, NTNU.\" class=\"wp-image-84503\"  ><\/noscript><\/figure>\n<p>\u00ab\u00a0Certaines esp\u00e8ces peuvent se d\u00e9brouiller si bien qu&#39;elles augmentent en nombre, peut-\u00eatre au d\u00e9triment de certaines autres esp\u00e8ces. Cela peut masquer le fait que certaines esp\u00e8ces se d\u00e9battent\u00a0\u00bb, a d\u00e9clar\u00e9 \u00d8degaard.<\/p>\n<p>Le mythe de la disparition imminente des abeilles se r\u00e9v\u00e8le difficile \u00e0 dissiper.<\/p>\n<p>En d&#39;autres termes, il pourrait y avoir beaucoup plus d&#39;\u00e9chantillons d&#39;une poign\u00e9e d&#39;esp\u00e8ces, mais moins ou m\u00eame aucun sp\u00e9cimens d&#39;une autre esp\u00e8ce. C&#39;est ce que l&#39;on entend par \u00abune baisse de la biodiversit\u00e9\u00bb.<\/p>\n<p>Certaines des esp\u00e8ces qui se d\u00e9battent le plus sont les abeilles.<\/p>\n<h2 class=\"wp-block-heading\">Combien d&#39;esp\u00e8ces d&#39;abeilles y a-t-il, avez-vous dit?<\/h2>\n<p>\u00d8degaard sait de quoi il parle. Il a m\u00eame deux esp\u00e8ces d&#39;insectes nomm\u00e9es d&#39;apr\u00e8s lui. Il a personnellement donn\u00e9 des noms norv\u00e9giens \u00e0 plusieurs esp\u00e8ces d&#39;abeilles et a d\u00e9couvert de nombreuses esp\u00e8ces pass\u00e9es et pr\u00e9sentes en Norv\u00e8ge, soit seule ou en collaboration avec d&#39;autres.<\/p>\n<p>\u00ab\u00a0Vers l&#39;an 2000, nous pensions que nous avions environ 180 esp\u00e8ces d&#39;abeilles en Norv\u00e8ge\u00a0\u00bb, a-t-il d\u00e9clar\u00e9.<\/p>\n<p>Mais ce n&#39;\u00e9tait pas le cas. \u00d8degaard a \u00e9t\u00e9 essentiel dans le travail de redressement des choses.<\/p>\n<p>Certaines esp\u00e8ces avaient \u00e9t\u00e9 incorrectement class\u00e9es et n&#39;ont pas \u00e9t\u00e9 trouv\u00e9es ici, tandis que lui et ses coll\u00e8gues ont trouv\u00e9 d&#39;autres esp\u00e8ces que ce qui n&#39;avait pas \u00e9t\u00e9 enregistr\u00e9 auparavant en Norv\u00e8ge.<\/p>\n<p>\u00d8degaard n&#39;est donc pas n&#39;importe qui en ce qui concerne les bourdons et autres abeilles.<\/p>\n<p>Tous les bourdons sont des abeilles, mais toutes les abeilles ne sont pas des bourdons.<\/p>\n<p>Ca c&#39;\u00e9tait quoi? Bumblebees et autres abeilles?<\/p>\n<p>\u00ab\u00a0Tous les bourdons sont des abeilles, mais toutes les abeilles ne sont pas des bourdons\u00a0\u00bb, a d\u00e9clar\u00e9 \u00d8degaard.<\/p>\n<p>Vous apprenez quelque chose de nouveau chaque jour!<\/p>\n<h2 class=\"wp-block-heading\">212, approximativement<\/h2>\n<p>En 2025, les chercheurs estiment qu&#39;il existe 212 esp\u00e8ces d&#39;abeilles en Norv\u00e8ge. Certains d&#39;entre eux n&#39;ont \u00e9t\u00e9 observ\u00e9s que r\u00e9cemment pour la premi\u00e8re fois.<\/p>\n<p>\u00ab\u00a0Trois ou quatre nouvelles esp\u00e8ces d&#39;abeilles sont venues en Norv\u00e8ge ces derni\u00e8res ann\u00e9es, peut-\u00eatre \u00e0 la suite du changement climatique\u00a0\u00bb, a d\u00e9clar\u00e9 \u00d8degaard.<\/p>\n<p>En revanche, d&#39;autres esp\u00e8ces disparaissent. Au cours des cent ann\u00e9es pr\u00e9c\u00e9dant 2015, environ 10 esp\u00e8ces ont disparu.<\/p>\n<p>Au cours des 10 derni\u00e8res ann\u00e9es, la Norv\u00e8ge a probablement perdu quatre autres esp\u00e8ces.<\/p>\n<p>L&#39;abeille de downland, l&#39;abeille \u00e0 quatre points, l&#39;abeille nomade de Kirby et l&#39;abeille nomade grill\u00e9es n&#39;ont pas \u00e9t\u00e9 vues en Norv\u00e8ge pendant cette p\u00e9riode.<\/p>\n<p>Il ne sera probablement jamais possible de mettre un chiffre pr\u00e9cis sur le nombre d&#39;esp\u00e8ces qui sont pr\u00e9sentes \u00e0 l&#39;int\u00e9rieur des fronti\u00e8res du pays \u00e0 tout moment. Il n&#39;y a pas beaucoup d&#39;experts d&#39;abeilles en Norv\u00e8ge, il n&#39;est donc pas facile de suivre. Cependant, les experts en Norv\u00e8ge sont souvent tr\u00e8s enthousiastes.<\/p>\n<p>\u00d8degaard et son \u00e9pouse \u00c5slaug Viken ont r\u00e9cemment fait une excursion dans le nord de la Norv\u00e8ge pour faire une enqu\u00eate sur la situation dans la r\u00e9gion de Bod\u00f8.<\/p>\n<h2 class=\"wp-block-heading\">Des sp\u00e9cialistes qui luttent le plus<\/h2>\n<p>Certaines des esp\u00e8ces qui luttent le plus ont des r\u00e9gimes et des modes de vie inhabituels. Ils ne peuvent se nourrir qu&#39;\u00e0 partir d&#39;une seule fleur sp\u00e9cifique, qui peut \u00e9galement \u00eatre rare et doit \u00eatre situ\u00e9e \u00e0 une distance raisonnable d&#39;un habitat dans lequel l&#39;abeille prosp\u00e8re. En d&#39;autres termes, de nombreux facteurs diff\u00e9rents doivent se r\u00e9unir.<\/p>\n<p>\u00ab\u00a0Les sp\u00e9cialistes sont confront\u00e9s aux plus gros probl\u00e8mes. Les g\u00e9n\u00e9ralistes se portent mieux\u00a0\u00bb, a d\u00e9clar\u00e9 \u00d8degaard.<\/p>\n<p>Une autre raison de la baisse des chiffres peut \u00e9galement \u00eatre que la Norv\u00e8ge est au bord m\u00eame de la plage pour un certain nombre d&#39;esp\u00e8ces d&#39;abeilles. Les conditions en Norv\u00e8ge peuvent \u00eatre difficiles et certaines esp\u00e8ces vont et viennent. Heureusement, aucune des esp\u00e8ces qui ont disparu de la Norv\u00e8ge ne s&#39;est \u00e9galement \u00e9teinte partout ailleurs. En d&#39;autres termes, l&#39;esp\u00e8ce existe toujours, mais pas ici.<\/p>\n<p>La chose la plus importante \u00e0 faire est d&#39;abord de fournir une assistance d&#39;urgence pour les esp\u00e8ces pour lesquelles la situation est la plus dramatique.<\/p>\n<p>Les climats plus chauds permettent \u00e0 de nouvelles esp\u00e8ces de venir en Norv\u00e8ge. D&#39;autres esp\u00e8ces ont \u00e9t\u00e9 introduites intentionnellement. Cela inclut le bourdon \u00e0 queue buff (<em>Bombus Terrestris<\/em>).<\/p>\n<p>\u00ab\u00a0Bien que ce soit une esp\u00e8ce que nous ne voulons pas dans la nature, elle est devenue l&#39;une des esp\u00e8ces les plus courantes ces derni\u00e8res ann\u00e9es\u00a0\u00bb, a d\u00e9clar\u00e9 \u00d8degaard.<\/p>\n<p>Cette esp\u00e8ce a \u00e9t\u00e9 intentionnellement introduite pour une utilisation dans les serres afin de polliniser les l\u00e9gumes. Il n&#39;est pas difficile de s&#39;\u00e9chapper d&#39;une serre. En cons\u00e9quence, ils surpassent les esp\u00e8ces locales dans l&#39;environnement naturel.<\/p>\n<h2 class=\"wp-block-heading\">Certaines esp\u00e8ces ont besoin d&#39;une assistance d&#39;urgence<\/h2>\n<p>\u00ab\u00a0La chose la plus importante \u00e0 faire est de fournir une assistance d&#39;urgence pour les esp\u00e8ces pour lesquelles la situation est la plus dramatique\u00a0\u00bb, a d\u00e9clar\u00e9 \u00d8degaard.<\/p>\n<p>Il y a quelques ann\u00e9es, les plans d&#39;action ont \u00e9t\u00e9 r\u00e9alis\u00e9s pour les esp\u00e8ces qui luttaient le plus en Norv\u00e8ge. Les autorit\u00e9s ont attribu\u00e9 des ressources pour sauver les esp\u00e8ces les plus vuln\u00e9rables.<\/p>\n<p>\u00ab\u00a0Cela a fonctionn\u00e9. Cependant, au cours des dix derni\u00e8res ann\u00e9es, aucun plus de plans d&#39;action de ce type n&#39;a \u00e9t\u00e9 \u00e9labor\u00e9\u00a0\u00bb, a-t-il d\u00e9clar\u00e9.<\/p>\n<p>En effet, les confrontations entre les besoins des abeilles et les besoins humains \u00e9taient monnaie courante. Les int\u00e9r\u00eats des insectes ne co\u00efncident pas n\u00e9cessairement avec ceux des humains. Et cela nous am\u00e8ne \u00e0 une autre affaire.<\/p>\n<p>Pourquoi la fortune des insectes va-t-elle tellement fluctuer?<\/p>\n<p>\u00ab\u00a0Il y a trois principales raisons pour la baisse du nombre d&#39;insectes\u00a0\u00bb, a d\u00e9clar\u00e9 \u00d8degaard.<\/p>\n<h2 class=\"wp-block-heading\">1. Perte d&#39;habitat<\/h2>\n<p>La perte d&#39;habitat est la raison la plus courante pour laquelle les esp\u00e8ces d&#39;insectes luttent. La plate-forme intergouvernementale de la politique scientifique sur les services de biodiversit\u00e9 et d&#39;\u00e9cosyst\u00e8me (IPBES) soutient qu&#39;il s&#39;agit du probl\u00e8me environnemental le plus urgent au monde.<\/p>\n<p>Les habitats disparaissent en raison du d\u00e9veloppement de nouvelles routes, des zones r\u00e9sidentielles et des zones commerciales. Un parc \u00e9olien ici et une zone d\u00e9gag\u00e9e pour les cabines de vacances l\u00e0-bas.<\/p>\n<p>Les zones les plus populaires pour l&#39;homme sont souvent dans des quartiers c\u00f4tiers doux et orient\u00e9s solaires. Ce sont pr\u00e9cis\u00e9ment les m\u00eames zones que la plupart des abeilles.<\/p>\n<p>\u00ab\u00a0Les humains et les insectes rivalisent souvent pour les m\u00eames zones. Les habitats n&#39;ont probablement jamais diminu\u00e9 aussi vite qu&#39;ils le sont actuellement\u00a0\u00bb, a d\u00e9clar\u00e9 \u00d8degaard.<\/p>\n<p>Les huit milliards de personnes de la plan\u00e8te occupent de plus en plus d&#39;espace, d&#39;autant plus que presque tout le monde veut \u00e9galement un niveau de vie plus \u00e9lev\u00e9. La population de la Norv\u00e8ge est rest\u00e9e stable \u00e0 environ 4 millions. Le pays a maintenant r\u00e9ussi 5,6 millions en quelques ann\u00e9es seulement. En cons\u00e9quence, d&#39;autres esp\u00e8ces doivent souvent c\u00e9der.<\/p>\n<h2 class=\"wp-block-heading\">2. Utilisation des poisons<\/h2>\n<p>Les gens utilisent toujours de grandes quantit\u00e9s de poisons pour contr\u00f4ler les mauvaises herbes et les parasites. L&#39;ann\u00e9e derni\u00e8re, la Norv\u00e8ge a approuv\u00e9 le glyphosate pour une utilisation pour une derni\u00e8re p\u00e9riode de dix ans. Ce produit chimique peut \u00eatre trouv\u00e9 dans le Roundup notoire, qui est connu pour nuire \u00e0 la biodiversit\u00e9, non seulement lorsqu&#39;il est utilis\u00e9, mais aussi dans les zones environnantes.<\/p>\n<p>\u00abL&#39;agriculture utilise toujours de grandes quantit\u00e9s d&#39;insecticides\u00bb, a d\u00e9clar\u00e9 \u00d8degaard, et arr\u00eater de l&#39;utiliser dans des jardins priv\u00e9s peut en fait aider autant.<\/p>\n<p>De plus, bien s\u00fbr, les gens ont besoin de nourriture.<\/p>\n<h2 class=\"wp-block-heading\">3. Climat<\/h2>\n<p>Il peut \u00eatre difficile d&#39;interpr\u00e9ter l&#39;impact du climat sur les insectes, admet \u00d8degaard.<\/p>\n<p>\u00ab\u00a0Cependant, certaines esp\u00e8ces qui sont d\u00e9j\u00e0 au bord du bord peuvent s&#39;effondrer pendant les p\u00e9riodes de s\u00e9cheresse ou de fortes pr\u00e9cipitations\u00a0\u00bb, a-t-il d\u00e9clar\u00e9.<\/p>\n<p>Par exemple, les \u00e9t\u00e9s qui commencent par une longue s\u00e9cheresse, suivis d&#39;un sort froid et pluvieux sont tr\u00e8s d\u00e9favorables. La s\u00e9cheresse rend les fleurs s&#39;estompe plus rapidement, et la plupart des abeilles n&#39;aiment pas le froid et la pluie. La Norv\u00e8ge a connu des \u00e9t\u00e9s comme celui-ci au cours des deux derni\u00e8res ann\u00e9es.<\/p>\n<h2 class=\"wp-block-heading\">Alors, que pouvez-vous faire?<\/h2>\n<p>Il pourrait \u00eatre facile de d\u00e9sesp\u00e9rer. Y a-t-il de bonnes nouvelles parmi toutes ces malheur et sombre?<\/p>\n<p>\u00ab\u00a0La bonne nouvelle est que de nombreuses personnes sont devenues plus conscientes de la situation\u00a0\u00bb, a-t-il d\u00e9clar\u00e9.<\/p>\n<p>En cons\u00e9quence, plus de gens sont pr\u00eats \u00e0 faire quelque chose pour aider leurs amis \u00e0 six pattes. Voici quelques recommandations.<\/p>\n<ul class=\"wp-block-list\">\n<li><strong>Ne tondez pas votre pelouse<\/strong>ou du moins en laisser un coin pour les fleurs. Cela doit \u00eatre la mesure la plus simple pour les personnes qui ne sont pas tr\u00e8s d\u00e9sireuses du jardinage!<\/li>\n<li><strong>Plantez des fleurs locales<\/strong> dans vos pots et jardin. Utilisez des m\u00e9langes de graines locaux qui prosp\u00e8rent dans votre zone particuli\u00e8re. Ces m\u00e9langes ont \u00e9t\u00e9 d\u00e9velopp\u00e9s par l&#39;Institut norv\u00e9gien de recherche sur la bio\u00e9conomie (NIBIO).<\/li>\n<li><strong>Laisser les foss\u00e9s en bordure de route seuls<\/strong>. Les plantes que les insectes comme peuvent souvent \u00eatre trouv\u00e9es dans ces foss\u00e9s.<\/li>\n<li><strong>H\u00f4tels insectes<\/strong> sont un excellent ajout. Si vous voulez aider les abeilles, les trous devraient avoir un diam\u00e8tre compris entre 4 et 8 millim\u00e8tres. Vous pouvez les percer vous-m\u00eame. Assurez-vous simplement que les trous ne sont pas trop grands. Si vous achetez un h\u00f4tel pr\u00eat \u00e0 l&#39;emploi, achetez-en un sans pignons et brindilles, car ceux-ci ne sont pas utiles dans ce contexte.<\/li>\n<li><strong>Les personnes les plus enthousiastes avec le plus d&#39;espace<\/strong> Peut r\u00e9server un coin de leur terre avec des arbres abattus et peut-\u00eatre une pente orient\u00e9e solaire avec du sable, bien que ce ne soit pas quelque chose que la plupart des gens pourront faire.<\/li>\n<\/ul>\n<p>Vous pouvez en savoir plus sur ce que vous pouvez faire dans cet article de Norwegian Scitech News il y a quelques ann\u00e9es. Bonne chance!<\/p>\n<\/p><\/div>\n","protected":false},"excerpt":{"rendered":"<p>La Norv\u00e8ge abrite 212 esp\u00e8ces d&#39;abeilles diff\u00e9rentes. Ou peut-\u00eatre plut\u00f4t: le pays avait 212 esp\u00e8ces. Le nombre d&#39;insectes est g\u00e9n\u00e9ralement en baisse et certaines abeilles<\/p>\n","protected":false},"author":1,"featured_media":4843,"comment_status":"","ping_status":"","sticky":false,"template":"","format":"standard","meta":{"footnotes":""},"categories":[2277],"tags":[4893,4849,3,6,284,336],"yoast_head":"<!-- This site is optimized with the Yoast SEO plugin v21.0 - https:\/\/yoast.com\/wordpress\/plugins\/seo\/ -->\n<title>Pourquoi les abeilles en Norv\u00e8ge sont en difficult\u00e9<\/title>\n<meta name=\"robots\" content=\"index, follow, max-snippet:-1, max-image-preview:large, max-video-preview:-1\" \/>\n<link rel=\"canonical\" href=\"https:\/\/www.svalbard.fr\/actualites\/pourquoi-les-abeilles-en-norvege-sont-en-difficulte\/\" \/>\n<meta property=\"og:locale\" content=\"fr_FR\" \/>\n<meta property=\"og:type\" content=\"article\" \/>\n<meta property=\"og:title\" content=\"Pourquoi les abeilles en Norv\u00e8ge sont en difficult\u00e9\" \/>\n<meta property=\"og:description\" content=\"La Norv\u00e8ge abrite 212 esp\u00e8ces d&#039;abeilles diff\u00e9rentes. Ou peut-\u00eatre plut\u00f4t: le pays avait 212 esp\u00e8ces. Le nombre d&#039;insectes est g\u00e9n\u00e9ralement en baisse et certaines abeilles\" \/>\n<meta property=\"og:url\" content=\"https:\/\/www.svalbard.fr\/actualites\/pourquoi-les-abeilles-en-norvege-sont-en-difficulte\/\" \/>\n<meta property=\"og:site_name\" content=\"www.Svalbard.fr\" \/>\n<meta property=\"article:published_time\" content=\"2025-07-27T07:30:30+00:00\" \/>\n<meta property=\"og:image\" content=\"https:\/\/www.svalbard.fr\/actualites\/wp-content\/uploads\/2025\/07\/Pourquoi-les-abeilles-en-Norvege-sont-en-difficulte.jpg\" \/>\n<meta name=\"author\" content=\"Hilmar\" \/>\n<meta name=\"twitter:card\" content=\"summary_large_image\" \/>\n<meta name=\"twitter:label1\" content=\"\u00c9crit par\" \/>\n\t<meta name=\"twitter:data1\" content=\"Hilmar\" \/>\n\t<meta name=\"twitter:label2\" content=\"Dur\u00e9e de lecture estim\u00e9e\" \/>\n\t<meta name=\"twitter:data2\" content=\"11 minutes\" \/>\n<script type=\"application\/ld+json\" class=\"yoast-schema-graph\">{\"@context\":\"https:\/\/schema.org\",\"@graph\":[{\"@type\":\"Article\",\"@id\":\"https:\/\/www.svalbard.fr\/actualites\/pourquoi-les-abeilles-en-norvege-sont-en-difficulte\/#article\",\"isPartOf\":{\"@id\":\"https:\/\/www.svalbard.fr\/actualites\/pourquoi-les-abeilles-en-norvege-sont-en-difficulte\/\"},\"author\":{\"name\":\"Hilmar\",\"@id\":\"https:\/\/www.svalbard.fr\/actualites\/#\/schema\/person\/a2f937d5712222366738fae98755c600\"},\"headline\":\"Pourquoi les abeilles en Norv\u00e8ge sont en difficult\u00e9\",\"datePublished\":\"2025-07-27T07:30:30+00:00\",\"dateModified\":\"2025-07-27T07:30:30+00:00\",\"mainEntityOfPage\":{\"@id\":\"https:\/\/www.svalbard.fr\/actualites\/pourquoi-les-abeilles-en-norvege-sont-en-difficulte\/\"},\"wordCount\":2136,\"publisher\":{\"@id\":\"https:\/\/www.svalbard.fr\/actualites\/#organization\"},\"keywords\":[\"abeilles\",\"difficult\u00e9\",\"Les\",\"Norv\u00e8ge\",\"pourquoi\",\"sont\"],\"inLanguage\":\"fr-FR\"},{\"@type\":\"WebPage\",\"@id\":\"https:\/\/www.svalbard.fr\/actualites\/pourquoi-les-abeilles-en-norvege-sont-en-difficulte\/\",\"url\":\"https:\/\/www.svalbard.fr\/actualites\/pourquoi-les-abeilles-en-norvege-sont-en-difficulte\/\",\"name\":\"Pourquoi les abeilles en Norv\u00e8ge sont en difficult\u00e9\",\"isPartOf\":{\"@id\":\"https:\/\/www.svalbard.fr\/actualites\/#website\"},\"datePublished\":\"2025-07-27T07:30:30+00:00\",\"dateModified\":\"2025-07-27T07:30:30+00:00\",\"breadcrumb\":{\"@id\":\"https:\/\/www.svalbard.fr\/actualites\/pourquoi-les-abeilles-en-norvege-sont-en-difficulte\/#breadcrumb\"},\"inLanguage\":\"fr-FR\",\"potentialAction\":[{\"@type\":\"ReadAction\",\"target\":[\"https:\/\/www.svalbard.fr\/actualites\/pourquoi-les-abeilles-en-norvege-sont-en-difficulte\/\"]}]},{\"@type\":\"BreadcrumbList\",\"@id\":\"https:\/\/www.svalbard.fr\/actualites\/pourquoi-les-abeilles-en-norvege-sont-en-difficulte\/#breadcrumb\",\"itemListElement\":[{\"@type\":\"ListItem\",\"position\":1,\"name\":\"Accueil\",\"item\":\"https:\/\/www.svalbard.fr\/actualites\/\"},{\"@type\":\"ListItem\",\"position\":2,\"name\":\"Pourquoi les abeilles en Norv\u00e8ge sont en difficult\u00e9\"}]},{\"@type\":\"WebSite\",\"@id\":\"https:\/\/www.svalbard.fr\/actualites\/#website\",\"url\":\"https:\/\/www.svalbard.fr\/actualites\/\",\"name\":\"www.Svalbard.fr\",\"description\":\"\",\"publisher\":{\"@id\":\"https:\/\/www.svalbard.fr\/actualites\/#organization\"},\"potentialAction\":[{\"@type\":\"SearchAction\",\"target\":{\"@type\":\"EntryPoint\",\"urlTemplate\":\"https:\/\/www.svalbard.fr\/actualites\/?s={search_term_string}\"},\"query-input\":\"required name=search_term_string\"}],\"inLanguage\":\"fr-FR\"},{\"@type\":\"Organization\",\"@id\":\"https:\/\/www.svalbard.fr\/actualites\/#organization\",\"name\":\"www.Svalbard.fr\",\"url\":\"https:\/\/www.svalbard.fr\/actualites\/\",\"logo\":{\"@type\":\"ImageObject\",\"inLanguage\":\"fr-FR\",\"@id\":\"https:\/\/www.svalbard.fr\/actualites\/#\/schema\/logo\/image\/\",\"url\":\"https:\/\/www.svalbard.fr\/actualites\/wp-content\/uploads\/2023\/09\/head-nom.jpg\",\"contentUrl\":\"https:\/\/www.svalbard.fr\/actualites\/wp-content\/uploads\/2023\/09\/head-nom.jpg\",\"width\":264,\"height\":35,\"caption\":\"www.Svalbard.fr\"},\"image\":{\"@id\":\"https:\/\/www.svalbard.fr\/actualites\/#\/schema\/logo\/image\/\"}},{\"@type\":\"Person\",\"@id\":\"https:\/\/www.svalbard.fr\/actualites\/#\/schema\/person\/a2f937d5712222366738fae98755c600\",\"name\":\"Hilmar\",\"image\":{\"@type\":\"ImageObject\",\"inLanguage\":\"fr-FR\",\"@id\":\"https:\/\/www.svalbard.fr\/actualites\/#\/schema\/person\/image\/\",\"url\":\"https:\/\/secure.gravatar.com\/avatar\/4daa437093476dbc32da415c112b6512?s=96&d=mm&r=g\",\"contentUrl\":\"https:\/\/secure.gravatar.com\/avatar\/4daa437093476dbc32da415c112b6512?s=96&d=mm&r=g\",\"caption\":\"Hilmar\"},\"description\":\"Hilmar est un passionn\u00e9 des r\u00e9gions polaires, sp\u00e9cialis\u00e9 dans la r\u00e9daction d'articles sur le Spitzberg et autres destinations arctiques. Il apporte son expertise et sa passion pour l'Arctique au sein de l'\u00e9quipe de r\u00e9daction de Svalbard depuis de nombreuses ann\u00e9es.\",\"sameAs\":[\"https:\/\/www.svalbard.fr\/\"]}]}<\/script>\n<!-- \/ Yoast SEO plugin. -->","yoast_head_json":{"title":"Pourquoi les abeilles en Norv\u00e8ge sont en difficult\u00e9","robots":{"index":"index","follow":"follow","max-snippet":"max-snippet:-1","max-image-preview":"max-image-preview:large","max-video-preview":"max-video-preview:-1"},"canonical":"https:\/\/www.svalbard.fr\/actualites\/pourquoi-les-abeilles-en-norvege-sont-en-difficulte\/","og_locale":"fr_FR","og_type":"article","og_title":"Pourquoi les abeilles en Norv\u00e8ge sont en difficult\u00e9","og_description":"La Norv\u00e8ge abrite 212 esp\u00e8ces d&#39;abeilles diff\u00e9rentes. Ou peut-\u00eatre plut\u00f4t: le pays avait 212 esp\u00e8ces. Le nombre d&#39;insectes est g\u00e9n\u00e9ralement en baisse et certaines abeilles","og_url":"https:\/\/www.svalbard.fr\/actualites\/pourquoi-les-abeilles-en-norvege-sont-en-difficulte\/","og_site_name":"www.Svalbard.fr","article_published_time":"2025-07-27T07:30:30+00:00","og_image":[{"url":"https:\/\/www.svalbard.fr\/actualites\/wp-content\/uploads\/2025\/07\/Pourquoi-les-abeilles-en-Norvege-sont-en-difficulte.jpg"}],"author":"Hilmar","twitter_card":"summary_large_image","twitter_misc":{"\u00c9crit par":"Hilmar","Dur\u00e9e de lecture estim\u00e9e":"11 minutes"},"schema":{"@context":"https:\/\/schema.org","@graph":[{"@type":"Article","@id":"https:\/\/www.svalbard.fr\/actualites\/pourquoi-les-abeilles-en-norvege-sont-en-difficulte\/#article","isPartOf":{"@id":"https:\/\/www.svalbard.fr\/actualites\/pourquoi-les-abeilles-en-norvege-sont-en-difficulte\/"},"author":{"name":"Hilmar","@id":"https:\/\/www.svalbard.fr\/actualites\/#\/schema\/person\/a2f937d5712222366738fae98755c600"},"headline":"Pourquoi les abeilles en Norv\u00e8ge sont en difficult\u00e9","datePublished":"2025-07-27T07:30:30+00:00","dateModified":"2025-07-27T07:30:30+00:00","mainEntityOfPage":{"@id":"https:\/\/www.svalbard.fr\/actualites\/pourquoi-les-abeilles-en-norvege-sont-en-difficulte\/"},"wordCount":2136,"publisher":{"@id":"https:\/\/www.svalbard.fr\/actualites\/#organization"},"keywords":["abeilles","difficult\u00e9","Les","Norv\u00e8ge","pourquoi","sont"],"inLanguage":"fr-FR"},{"@type":"WebPage","@id":"https:\/\/www.svalbard.fr\/actualites\/pourquoi-les-abeilles-en-norvege-sont-en-difficulte\/","url":"https:\/\/www.svalbard.fr\/actualites\/pourquoi-les-abeilles-en-norvege-sont-en-difficulte\/","name":"Pourquoi les abeilles en Norv\u00e8ge sont en difficult\u00e9","isPartOf":{"@id":"https:\/\/www.svalbard.fr\/actualites\/#website"},"datePublished":"2025-07-27T07:30:30+00:00","dateModified":"2025-07-27T07:30:30+00:00","breadcrumb":{"@id":"https:\/\/www.svalbard.fr\/actualites\/pourquoi-les-abeilles-en-norvege-sont-en-difficulte\/#breadcrumb"},"inLanguage":"fr-FR","potentialAction":[{"@type":"ReadAction","target":["https:\/\/www.svalbard.fr\/actualites\/pourquoi-les-abeilles-en-norvege-sont-en-difficulte\/"]}]},{"@type":"BreadcrumbList","@id":"https:\/\/www.svalbard.fr\/actualites\/pourquoi-les-abeilles-en-norvege-sont-en-difficulte\/#breadcrumb","itemListElement":[{"@type":"ListItem","position":1,"name":"Accueil","item":"https:\/\/www.svalbard.fr\/actualites\/"},{"@type":"ListItem","position":2,"name":"Pourquoi les abeilles en Norv\u00e8ge sont en difficult\u00e9"}]},{"@type":"WebSite","@id":"https:\/\/www.svalbard.fr\/actualites\/#website","url":"https:\/\/www.svalbard.fr\/actualites\/","name":"www.Svalbard.fr","description":"","publisher":{"@id":"https:\/\/www.svalbard.fr\/actualites\/#organization"},"potentialAction":[{"@type":"SearchAction","target":{"@type":"EntryPoint","urlTemplate":"https:\/\/www.svalbard.fr\/actualites\/?s={search_term_string}"},"query-input":"required name=search_term_string"}],"inLanguage":"fr-FR"},{"@type":"Organization","@id":"https:\/\/www.svalbard.fr\/actualites\/#organization","name":"www.Svalbard.fr","url":"https:\/\/www.svalbard.fr\/actualites\/","logo":{"@type":"ImageObject","inLanguage":"fr-FR","@id":"https:\/\/www.svalbard.fr\/actualites\/#\/schema\/logo\/image\/","url":"https:\/\/www.svalbard.fr\/actualites\/wp-content\/uploads\/2023\/09\/head-nom.jpg","contentUrl":"https:\/\/www.svalbard.fr\/actualites\/wp-content\/uploads\/2023\/09\/head-nom.jpg","width":264,"height":35,"caption":"www.Svalbard.fr"},"image":{"@id":"https:\/\/www.svalbard.fr\/actualites\/#\/schema\/logo\/image\/"}},{"@type":"Person","@id":"https:\/\/www.svalbard.fr\/actualites\/#\/schema\/person\/a2f937d5712222366738fae98755c600","name":"Hilmar","image":{"@type":"ImageObject","inLanguage":"fr-FR","@id":"https:\/\/www.svalbard.fr\/actualites\/#\/schema\/person\/image\/","url":"https:\/\/secure.gravatar.com\/avatar\/4daa437093476dbc32da415c112b6512?s=96&d=mm&r=g","contentUrl":"https:\/\/secure.gravatar.com\/avatar\/4daa437093476dbc32da415c112b6512?s=96&d=mm&r=g","caption":"Hilmar"},"description":"Hilmar est un passionn\u00e9 des r\u00e9gions polaires, sp\u00e9cialis\u00e9 dans la r\u00e9daction d'articles sur le Spitzberg et autres destinations arctiques. Il apporte son expertise et sa passion pour l'Arctique au sein de l'\u00e9quipe de r\u00e9daction de Svalbard depuis de nombreuses ann\u00e9es.","sameAs":["https:\/\/www.svalbard.fr\/"]}]}},"_links":{"self":[{"href":"https:\/\/www.svalbard.fr\/actualites\/wp-json\/wp\/v2\/posts\/4842"}],"collection":[{"href":"https:\/\/www.svalbard.fr\/actualites\/wp-json\/wp\/v2\/posts"}],"about":[{"href":"https:\/\/www.svalbard.fr\/actualites\/wp-json\/wp\/v2\/types\/post"}],"author":[{"embeddable":true,"href":"https:\/\/www.svalbard.fr\/actualites\/wp-json\/wp\/v2\/users\/1"}],"replies":[{"embeddable":true,"href":"https:\/\/www.svalbard.fr\/actualites\/wp-json\/wp\/v2\/comments?post=4842"}],"version-history":[{"count":0,"href":"https:\/\/www.svalbard.fr\/actualites\/wp-json\/wp\/v2\/posts\/4842\/revisions"}],"wp:featuredmedia":[{"embeddable":true,"href":"https:\/\/www.svalbard.fr\/actualites\/wp-json\/wp\/v2\/media\/4843"}],"wp:attachment":[{"href":"https:\/\/www.svalbard.fr\/actualites\/wp-json\/wp\/v2\/media?parent=4842"}],"wp:term":[{"taxonomy":"category","embeddable":true,"href":"https:\/\/www.svalbard.fr\/actualites\/wp-json\/wp\/v2\/categories?post=4842"},{"taxonomy":"post_tag","embeddable":true,"href":"https:\/\/www.svalbard.fr\/actualites\/wp-json\/wp\/v2\/tags?post=4842"}],"curies":[{"name":"wp","href":"https:\/\/api.w.org\/{rel}","templated":true}]}}